{"id":1123,"date":"2012-09-17T13:07:10","date_gmt":"2012-09-17T11:07:10","guid":{"rendered":"http:\/\/patrimonioactual.com\/page\/?p=1123"},"modified":"2012-10-27T22:58:47","modified_gmt":"2012-10-27T20:58:47","slug":"desierto-del-tenere-el-lugar-de-la-tierra-que-experimenta-el-mayor-cambio-de-temperatura-entre-el-dia-y-la-noche","status":"publish","type":"post","link":"https:\/\/patrimonioactual.com\/page\/desierto-del-tenere-el-lugar-de-la-tierra-que-experimenta-el-mayor-cambio-de-temperatura-entre-el-dia-y-la-noche\/","title":{"rendered":"Desierto del Tener\u00e9: el lugar de la tierra que experimenta el mayor cambio de temperatura entre el d\u00eda y la noche"},"content":{"rendered":"<h2 style=\"text-align: justify;\"><strong><em>El desierto del Tener\u00e9 (N\u00edger) fue declarado Patrimonio de la Humanidad por la UNESCO en 1991 junto con los macizos monta\u00f1osos de A\u00efr. Un a\u00f1o m\u00e1s tarde, se le incluy\u00f3 en la Lista del Patrimonio de la Humanidad en peligro debido a la inestabilidad pol\u00edtica y disputas entre las poblaciones. Se encuentra en el fondo de lo que en tiempos fue un gran lago rico en pesca, situado en el sur central del Sahara. \u00a0Es uno de los desiertos m\u00e1s \u00e1ridos de la tierra. La palabra Tener\u00e9 en lenguas Tuareg significa desierto, y traducida al \u00e1rabe, S\u00e1hara.<\/em><\/strong><\/h2>\n<p>[flagallery gid=11 name=Gallery]<\/p>\n<p><strong><em><a href=\"http:\/\/patrimonioactual.com\/page\/wp-content\/uploads\/2012\/09\/Poblado-con-tormenta-de-are.jpg\"><img loading=\"lazy\" decoding=\"async\" class=\"aligncenter size-full wp-image-1149\" title=\"Poblado en el desierto\" src=\"http:\/\/patrimonioactual.com\/page\/wp-content\/uploads\/2012\/09\/Poblado-con-tormenta-de-are.jpg\" alt=\"Poblado en el desierto\" width=\"670\" height=\"327\" srcset=\"https:\/\/patrimonioactual.com\/page\/wp-content\/uploads\/2012\/09\/Poblado-con-tormenta-de-are.jpg 670w, https:\/\/patrimonioactual.com\/page\/wp-content\/uploads\/2012\/09\/Poblado-con-tormenta-de-are-300x146.jpg 300w\" sizes=\"auto, (max-width: 670px) 100vw, 670px\" \/><\/a><\/em><\/strong><\/p>\n<h3 style=\"text-align: justify;\"><strong>Reservas de Bi\u00f3sfera<\/strong><\/h3>\n<p style=\"text-align: justify;\">La Organizaci\u00f3n espec\u00edfica que Reservas de Biosfera son \u00abzonas de ecosistemas terrestres o costeros\/ marinos, o una combinaci\u00f3n de los mismos, reconocidas como tales en un plano internacional en el marco del <strong>Programa MAB (Programa sobre el Hombre y la Bi\u00f3sfera)<\/strong> de la <strong>UNESCO<\/strong>\u00ab. Sirven para impulsar arm\u00f3nicamente la integraci\u00f3n de las poblaciones y la naturaleza, a fin de promover un desarrollo sostenible mediante un di\u00e1logo participativo, el intercambio de conocimiento, la reducci\u00f3n de la pobreza, la mejora del bienestar, el respeto a los valores culturales y la capacidad de adaptaci\u00f3n de la sociedad ante los cambios.<\/p>\n<p style=\"text-align: justify;\">Las reservas de biosfera deben cumplir tres funciones de manera integrada:<\/p>\n<ul>\n<li>Conservaci\u00f3n de la biodiversidad y la diversidad cultural.<\/li>\n<li>Desarrollo econ\u00f3mico socio-cultural y ambientalmente sostenible.<\/li>\n<li>Apoyo log\u00edstico a la investigaci\u00f3n, la educaci\u00f3n ambiental y la formaci\u00f3n.<\/li>\n<\/ul>\n<p style=\"text-align: justify;\">Actualmente la <strong>UNESCO <\/strong>cuenta en la Red Mundial de Reservas de la Bi\u00f3sfera con 598 reservas en 117 pa\u00edses.<\/p>\n<h3 style=\"text-align: justify;\"><strong>Desierto del Tener\u00e9 <\/strong><\/h3>\n<p style=\"text-align: justify;\"><a href=\"http:\/\/patrimonioactual.com\/page\/wp-content\/uploads\/2012\/09\/Caravana-de-camellos.jpg\"><img loading=\"lazy\" decoding=\"async\" class=\"alignleft size-full wp-image-1126\" title=\"Caravana de camellos\" src=\"http:\/\/patrimonioactual.com\/page\/wp-content\/uploads\/2012\/09\/Caravana-de-camellos.jpg\" alt=\"Caravana de camellos\" width=\"447\" height=\"335\" srcset=\"https:\/\/patrimonioactual.com\/page\/wp-content\/uploads\/2012\/09\/Caravana-de-camellos.jpg 447w, https:\/\/patrimonioactual.com\/page\/wp-content\/uploads\/2012\/09\/Caravana-de-camellos-300x224.jpg 300w\" sizes=\"auto, (max-width: 447px) 100vw, 447px\" \/><\/a>Situado en N\u00edger (uno de los pa\u00edses m\u00e1s pobres del mundo), tiene 700 kil\u00f3metros de largo y 500 de ancho. Las altas temperaturas y el clima des\u00e9rtico ponen al territorio nigerino en permanente peligro a causa de las sequias peri\u00f3dicas. Con una media de 52 grados cent\u00edgrados por el d\u00eda y \u00a0llegando durante la noche a los 30 grados bajo cero, <strong>es el lugar de la tierra que experimenta mayor cambio de temperatura por el fen\u00f3meno de la insolaci\u00f3n,<\/strong> y son pocos los lugares en el que refugiarse. Uno de esos lugares era muy especial para las gentes que cruzan el desierto: el \u00c1rbol de <strong>Tener\u00e9<\/strong>, all\u00ed en medio de la nada, viv\u00eda hasta que en 1973 un conductor con un cami\u00f3n fue a chocar contra la encina, que era el \u00fanico ser vivo en 400 kil\u00f3metros a la redonda. Se le consideraba el \u00e1rbol m\u00e1s aislado del mundo, era el punto de referencia para las caravanas de camellos que cruzan la regi\u00f3n del <strong>Tener\u00e9<\/strong> en el desierto del Sahara. La encina arrancada, sobreviv\u00eda debido a que sus ra\u00edces llegaban al agua acumulada a 36 metros de profundidad. Hoy d\u00eda el \u00e1rbol se encuentra expuesto en el Museo Nacional de N\u00edger en, su capital Niamey.<\/p>\n<p style=\"text-align: justify;\"><a href=\"http:\/\/patrimonioactual.com\/page\/wp-content\/uploads\/2012\/09\/Cabana-para-dormir.jpg\"><img loading=\"lazy\" decoding=\"async\" class=\"alignright  wp-image-1125\" title=\"Caba\u00f1a para dormir\" src=\"http:\/\/patrimonioactual.com\/page\/wp-content\/uploads\/2012\/09\/Cabana-para-dormir.jpg\" alt=\"Caba\u00f1a para dormir\" width=\"425\" height=\"319\" srcset=\"https:\/\/patrimonioactual.com\/page\/wp-content\/uploads\/2012\/09\/Cabana-para-dormir.jpg 447w, https:\/\/patrimonioactual.com\/page\/wp-content\/uploads\/2012\/09\/Cabana-para-dormir-300x224.jpg 300w\" sizes=\"auto, (max-width: 425px) 100vw, 425px\" \/><\/a>La belleza abrumadora e impresionante de ese paisaje sin fin esconde un considerable infierno de fuego, arena y silencio. <strong>E<\/strong><strong>s una de las reservas naturales que se ubica en una de las \u00e1reas protegidas m\u00e1s grandes de \u00c1frica<\/strong> junto con los macizos monta\u00f1osos de origen volc\u00e1nico de A\u00efr, estando su pico m\u00e1s alto en el monte Bagzame con 2.022 metros de altitud. M\u00e1s de las tres cuartas partes de su territorio se encuentra en el desierto de S\u00e1hara.<\/p>\n<h3 style=\"text-align: justify;\"><strong>Culturas<\/strong><\/h3>\n<p style=\"text-align: justify;\">En el <strong>Tener\u00e9<\/strong> \u00a0vive un verdadero crisol de grupos \u00e9tnicos, costumbres y culturas muy distintas. En el centro y sureste habitan los Haussa con un alto \u00edndice de mestizaje. En las fronteras con Ben\u00edn y Mali viven los Songhay. Los Tuaregs ocupan el Macizo de A\u00efr. En las llanuras entre Tibesti y Chad residen los Tubu, mientras que los Peul se ubican en las regiones meridionales. <strong>Todas estas etnias sobreviven en uno de los territorios m\u00e1s pobres del continente africano y del mundo<\/strong>. La esperanza de vida de los nigerinos ronda los 48 a\u00f1os, la mortalidad infantil es muy elevada y \u00fanicamente 17 habitantes de cada 100 est\u00e1n alfabetizados. La <strong>UNESCO<\/strong> contin\u00faa haciendo importantes esfuerzos para que la poblaci\u00f3n infantil y adulta, obtengan un grado de instrucci\u00f3n m\u00ednima, aprendiendo a leer y escribir. Se trata de \u201c<strong>saber para poder<\/strong>\u201d.<\/p>\n<p style=\"text-align: justify;\"><a href=\"http:\/\/patrimonioactual.com\/page\/wp-content\/uploads\/2012\/09\/Crisol-de-culturas.jpg\"><img loading=\"lazy\" decoding=\"async\" class=\"alignleft size-full wp-image-1127\" title=\"Crisol de culturas\" src=\"http:\/\/patrimonioactual.com\/page\/wp-content\/uploads\/2012\/09\/Crisol-de-culturas.jpg\" alt=\"Crisol de culturas\" width=\"447\" height=\"335\" srcset=\"https:\/\/patrimonioactual.com\/page\/wp-content\/uploads\/2012\/09\/Crisol-de-culturas.jpg 447w, https:\/\/patrimonioactual.com\/page\/wp-content\/uploads\/2012\/09\/Crisol-de-culturas-300x224.jpg 300w\" sizes=\"auto, (max-width: 447px) 100vw, 447px\" \/><\/a>Esta sociedad multi\u00e9tnica se distribuye entre n\u00f3madas y sedentarios, estos \u00faltimos, se dedican fundamentalmente a la agricultura del mijo, el olivo silvestre y el sorgo constituyendo el alimento b\u00e1sico de la poblaci\u00f3n. El cacahuete se destina a la exportaci\u00f3n. Apenas quedan restos de bosques que hasta mediados del siglo pasado ocupaban la parte sur del territorio y que fueron talados para usarse como le\u00f1a.<\/p>\n<p style=\"text-align: justify;\">La escasa actividad agropecuaria est\u00e1 limitada por los apenas 700 km<sup>2<\/sup> de tierras con regad\u00edo y el apenas 4,1% de la superficie nacional que es apta para los cultivos. Adem\u00e1s de los cultivos mencionados, N\u00edger produce camote, ma\u00edz, arroz, pl\u00e1tanos y tomates. Est\u00e1 potentemente influenciada por el comercio como forma de vida. <strong>Los h\u00e1bitos no obedecen solo a la religi\u00f3n sino a una manera de vivir<\/strong> que les permite enfrentarse a condiciones adversas establecidas por el clima y la geograf\u00eda pero agravadas por las oscilaciones de su econom\u00eda y la pobreza extrema que padecen.<\/p>\n<p style=\"text-align: justify;\"><a href=\"http:\/\/patrimonioactual.com\/page\/wp-content\/uploads\/2012\/09\/Mercado-en-una-aldea.jpg\"><img loading=\"lazy\" decoding=\"async\" class=\"alignright  wp-image-1130\" title=\" Mercado en una aldea\" src=\"http:\/\/patrimonioactual.com\/page\/wp-content\/uploads\/2012\/09\/Mercado-en-una-aldea.jpg\" alt=\" Mercado en una aldea\" width=\"420\" height=\"560\" srcset=\"https:\/\/patrimonioactual.com\/page\/wp-content\/uploads\/2012\/09\/Mercado-en-una-aldea.jpg 447w, https:\/\/patrimonioactual.com\/page\/wp-content\/uploads\/2012\/09\/Mercado-en-una-aldea-225x300.jpg 225w\" sizes=\"auto, (max-width: 420px) 100vw, 420px\" \/><\/a>La alimentaci\u00f3n no es precisamente uno de los puntos fuertes de N\u00edger. Se caracteriza por la sencillez de sus comidas basadas en los vegetales, el pescado de agua dulce y la carne. La singularidad son los pescados del r\u00edo N\u00edger preparados simplemente a la plancha o con alguna salsa aderezada con s\u00e9samo o d\u00e1tiles. La carne es principalmente de vaca, cabra y oveja aunque se pueden degustar filetes de gacela o de camello. Los acompa\u00f1amientos suelen ser arroz, mijo, s\u00e9samo o mandioca. <strong>Entre los platos t\u00edpicos hay que mencionar el tof\u00fa, mandioca fermentada y machacada, las brochetas y \u00a0una agradable pasta de ma\u00edz.<\/strong> Tambi\u00e9n podemos encontrar fruta fresca o dulces preparados con exquisitos d\u00e1tiles de la zona. En cuanto a las bebidas es imprescindible beber el agua embotellada, tambi\u00e9n tomamos t\u00e9 y algo de caf\u00e9.<strong><em><br \/>\n<\/em><\/strong><\/p>\n<p style=\"text-align: justify;\"><a href=\"http:\/\/patrimonioactual.com\/page\/wp-content\/uploads\/2012\/09\/Alimento-tipico.jpg\"><img loading=\"lazy\" decoding=\"async\" class=\"alignleft  wp-image-1124\" title=\"Alimento t\u00edpico\" src=\"http:\/\/patrimonioactual.com\/page\/wp-content\/uploads\/2012\/09\/Alimento-tipico.jpg\" alt=\"Alimento t\u00edpico\" width=\"404\" height=\"304\" \/><\/a>Entre los l\u00edmites del S\u00e1hara con el Sah\u00e9l se mueven los Boruro, un pueblo de pastores n\u00f3madas que viajan durante todo el a\u00f1o en busca de los escasos pastos. Vagan libremente sin considerar las fronteras que les impusieron el siglo pasado. En el mes de septiembre cuando termina la estaci\u00f3n de lluvias, se desplazan hacia el norte para festejar el nacimiento de los nuevos pastos.<\/p>\n<p style=\"text-align: justify;\">Durante un par de semanas se organizan las fiestas de esta tribu, dispersa durante el resto del a\u00f1o. Es una gran ocasi\u00f3n para reforzar los lazos tribales y reafirmar su identidad, adem\u00e1s de favorecer los pactos entre los diferentes clanes y hacer cristalizar historias de amor.<br \/>\nEl Gerewol que es como se llama esta fiesta, consistente en un concurso de belleza masculino donde el jurado compuesto por mujeres elige a los varones m\u00e1s atractivos. Los hombres maquillados y situados unos junto a otros, bailan hasta el amanecer tras tomar un brebaje. <strong>Demuestran todas sus cualidades masculinas en un ligero baile donde es fundamental la m\u00edmica y el delirante movimiento de los ojos<\/strong>. En la oscuridad de la noche destacan las blancas dentaduras en las pintadas caras con colores ocres y amarillos. En plena danza donde ellos dan chasquidos con los dientes, ellas los examinan detenidamente y se los llevan de paseo tras las dunas, as\u00ed saben si realmente el elegido es un hombre con todos sus atributos.<\/p>\n<p style=\"text-align: justify;\"><a href=\"http:\/\/patrimonioactual.com\/page\/wp-content\/uploads\/2012\/09\/Tuareg-en-un-oasis.jpg\"><img loading=\"lazy\" decoding=\"async\" class=\"alignright  wp-image-1133\" title=\"Tuareg en un oasis\" src=\"http:\/\/patrimonioactual.com\/page\/wp-content\/uploads\/2012\/09\/Tuareg-en-un-oasis.jpg\" alt=\"Tuareg en un oasis\" width=\"415\" height=\"311\" srcset=\"https:\/\/patrimonioactual.com\/page\/wp-content\/uploads\/2012\/09\/Tuareg-en-un-oasis.jpg 447w, https:\/\/patrimonioactual.com\/page\/wp-content\/uploads\/2012\/09\/Tuareg-en-un-oasis-300x224.jpg 300w\" sizes=\"auto, (max-width: 415px) 100vw, 415px\" \/><\/a>Cada etnia tiene m\u00e1s o menos su espacio delimitado as\u00ed como la actividad econ\u00f3mica. Al norte una de las extensiones m\u00e1s grandes de desierto sin nada de vegetaci\u00f3n y con escasos pozos, el <strong>Tener\u00e9<\/strong>. El A\u00efr emerge del centro de este desierto, conformando una zona habitable dado su microclima propicia la existencia de un ecosistema. <strong>Los tuareg consideran el Macizo A\u00efr una zona exclusiva y cuna de su cultura.<\/strong><\/p>\n<p style=\"text-align: justify;\"><a href=\"http:\/\/patrimonioactual.com\/page\/wp-content\/uploads\/2012\/09\/Una-de-las-pocas-zonas-habi.jpg\"><img loading=\"lazy\" decoding=\"async\" class=\"alignleft size-full wp-image-1134\" title=\"Una de las pocas zonas habitables\" src=\"http:\/\/patrimonioactual.com\/page\/wp-content\/uploads\/2012\/09\/Una-de-las-pocas-zonas-habi.jpg\" alt=\"Una de las pocas zonas habitables\" width=\"447\" height=\"335\" srcset=\"https:\/\/patrimonioactual.com\/page\/wp-content\/uploads\/2012\/09\/Una-de-las-pocas-zonas-habi.jpg 447w, https:\/\/patrimonioactual.com\/page\/wp-content\/uploads\/2012\/09\/Una-de-las-pocas-zonas-habi-300x224.jpg 300w\" sizes=\"auto, (max-width: 447px) 100vw, 447px\" \/><\/a>Grabados y pinturas rupestres de una abundante vida silvestre, animales dom\u00e9sticos y carretas, as\u00ed como una compleja cultura que se remonta por lo menos al X milenio a. C., que se destac\u00f3 por sus obras en cer\u00e1mica as\u00ed como por su t\u00e9cnica en el desarrollo de arcos y flechas, quedaron impresos en la roca como muestra de un pasado mucho m\u00e1s h\u00famedo que el actual. De ese periodo quedan asimismo huellas de una activa hidrograf\u00eda, cuando durante el neol\u00edtico el clima se hizo compasivo, y el r\u00edo N\u00edger y el lago Chad registraron sus m\u00e1ximos niveles. <strong>Hoy circulan por sus valles algunas avestruces y gacelas resistiendo el despiadado avance del S\u00e1hara.<br \/>\n<\/strong>El desierto del <strong>Tener\u00e9<\/strong> es el escenario donde a\u00f1o tras a\u00f1o cientos de caravanas lo surcan entre Agadez y Bilma. Una econom\u00eda de trueque antigua, mantiene a los Tuareg como grandes transportistas de sal en este severo desierto con solo tres pozos de agua en la ruta.<\/p>\n<h3 style=\"text-align: justify;\"><strong>Flora y fauna<\/strong><\/h3>\n<p style=\"text-align: justify;\"><a href=\"http:\/\/patrimonioactual.com\/page\/wp-content\/uploads\/2012\/09\/Mercadillo-en-el-desierto.jpg\"><img loading=\"lazy\" decoding=\"async\" class=\"alignright  wp-image-1129\" title=\"Mercadillo en el desierto\" src=\"http:\/\/patrimonioactual.com\/page\/wp-content\/uploads\/2012\/09\/Mercadillo-en-el-desierto.jpg\" alt=\"Mercadillo en el desierto\" width=\"429\" height=\"572\" srcset=\"https:\/\/patrimonioactual.com\/page\/wp-content\/uploads\/2012\/09\/Mercadillo-en-el-desierto.jpg 447w, https:\/\/patrimonioactual.com\/page\/wp-content\/uploads\/2012\/09\/Mercadillo-en-el-desierto-225x300.jpg 225w\" sizes=\"auto, (max-width: 429px) 100vw, 429px\" \/><\/a>El macizo de la Air tambi\u00e9n constituye una zona de tr\u00e1nsito para un gran n\u00famero de afrotropical y pale\u00e1rticas aves migratorias. En total, se han identificado 40 especies de mam\u00edferos, 165 especies de aves, 18 especies de reptiles y uno de anfibios de la reserva. Hay poblaciones significativas de camellos, pero tambi\u00e9n encontramos especies amenazadas como la Gacela Dorcas, la Gacela Dama. Dentro de los carn\u00edvoros se localiza una resistente poblaci\u00f3n de Zorros y una cada vez menor poblaci\u00f3n de Guepardos. En cuanto a las aves migratorias podemos destacar la Pale\u00e1rtica migrante. Tambi\u00e9n es importante mencionar al Avestruz y la Avutarda Nubia. La representaci\u00f3n de reptiles la componen el Lagarto Monitor, el Viper de arena y varias especies de Boa de arena.<\/p>\n<p style=\"text-align: justify;\">En cuanto a la flora, la estepa contiene especies de Acacia ehrenbergiana, Acacia raddiana, Balanites aegyptiaca Maerua crassifolia y a menores altitudes especies de Panicum turgidum y Stipagrostis vulnerans. En los grandes valles donde abunda el agua de lluvia en los dep\u00f3sitos, ha desarrollado un h\u00e1bitat muy espec\u00edfico de asociar un denso estrato le\u00f1oso de Palmas de doum, datileras, Acacia nilotica, Acacia raddiana Boscia senegalensis, Salvadora persica y un estrato herb\u00e1ceo con, entre otros, Stipagrostis vulnerans.<\/p>\n<p style=\"text-align: justify;\"><a href=\"http:\/\/patrimonioactual.com\/page\/wp-content\/uploads\/2012\/09\/Gran-valle.jpg\"><img loading=\"lazy\" decoding=\"async\" class=\"alignleft size-full wp-image-1128\" title=\"Gran valle\" src=\"http:\/\/patrimonioactual.com\/page\/wp-content\/uploads\/2012\/09\/Gran-valle.jpg\" alt=\"Gran valle\" width=\"447\" height=\"335\" srcset=\"https:\/\/patrimonioactual.com\/page\/wp-content\/uploads\/2012\/09\/Gran-valle.jpg 447w, https:\/\/patrimonioactual.com\/page\/wp-content\/uploads\/2012\/09\/Gran-valle-300x224.jpg 300w\" sizes=\"auto, (max-width: 447px) 100vw, 447px\" \/><\/a>El poco riego artificial y la escasa superficie de tierras cultivables conllevan otros problemas, como el sobrepastoreo que se produce cuando las plantas est\u00e1n expuestas al pastoreo intensivo de ganado bovino y caprino durante largos per\u00edodos, o sin per\u00edodos de recuperaci\u00f3n suficiente. <strong>El sobrepastoreo reduce las zonas de hojas de plantas aceptables, lo que reduce la interceptaci\u00f3n de la luz solar y el crecimiento de la planta<\/strong>. Generalmente aumenta la erosi\u00f3n del suelo, reducci\u00f3n de la profundidad del suelo, materia org\u00e1nica del suelo y la fertilidad del suelo puede afectar la productividad futura de la tierra. La fertilidad del suelo a veces puede ser mitigada mediante la aplicaci\u00f3n de cal adecuada y fertilizantes. Sin embargo, la p\u00e9rdida de profundidad del suelo y la materia org\u00e1nica tarda siglos de corregirse. Su p\u00e9rdida es fundamental en la determinaci\u00f3n de agua del suelo y la capacidad de retenci\u00f3n.<\/p>\n<p style=\"text-align: justify;\"><a href=\"http:\/\/patrimonioactual.com\/page\/wp-content\/uploads\/2012\/09\/Prepardo-para-la-caza.jpg\"><img loading=\"lazy\" decoding=\"async\" class=\"alignright size-full wp-image-1132\" title=\"Preparado para la caza\" src=\"http:\/\/patrimonioactual.com\/page\/wp-content\/uploads\/2012\/09\/Prepardo-para-la-caza.jpg\" alt=\"Preparado para la caza\" width=\"447\" height=\"335\" srcset=\"https:\/\/patrimonioactual.com\/page\/wp-content\/uploads\/2012\/09\/Prepardo-para-la-caza.jpg 447w, https:\/\/patrimonioactual.com\/page\/wp-content\/uploads\/2012\/09\/Prepardo-para-la-caza-300x224.jpg 300w\" sizes=\"auto, (max-width: 447px) 100vw, 447px\" \/><\/a>Otros problemas ecol\u00f3gicos del pa\u00eds son la caza furtiva, la presi\u00f3n sobre las numerosas especies en peligro de extinci\u00f3n, la erosi\u00f3n, la deforestaci\u00f3n y la desertizaci\u00f3n que lo entendemos como el proceso por el que un territorio que no posee las condiciones clim\u00e1ticas de los desiertos, principalmente una zona \u00e1rida, semi\u00e1rida o subh\u00fameda seca, termina adquiriendo las caracter\u00edsticas de \u00e9stos. Esto sucede como resultado de la destrucci\u00f3n de su cubierta vegetal, de la erosi\u00f3n del suelo y de la falta de agua, si a este proceso natural le sumamos la acci\u00f3n del hombre, incrementando o favoreciendo este proceso como consecuencia de sus actividades.<\/p>\n<p style=\"text-align: justify;\">Seg\u00fan datos del Programa de las Naciones Unidas para el Medio Ambiente (PNUMA), el 35% de la superficie de los continentes puede considerarse como \u00e1reas des\u00e9rticas. Dentro de estos territorios sobreviven millones de personas en condiciones de persistente sequ\u00eda y escasez de alimentos. Se considera que la expansi\u00f3n de estos desiertos se debe a acciones humanas. Cuando el proceso es sin intervenci\u00f3n humana, es decir, por causas naturales se llama desertizaci\u00f3n. La <strong>UNESCO<\/strong> est\u00e1 trabajando para poder corregir todas estas deficiencias y proporcionar una vida mejor a todos sus habitantes.<\/p>\n","protected":false},"excerpt":{"rendered":"<p>El desierto del Tener\u00e9 (N\u00edger) fue declarado Patrimonio de la Humanidad por la UNESCO en 1991 junto con los macizos monta\u00f1osos de A\u00efr. Un a\u00f1o m\u00e1s tarde, se le incluy\u00f3 en la Lista del Patrimonio de la Humanidad en peligro debido a la inestabilidad pol\u00edtica y disputas entre las poblaciones. Se encuentra en el fondo [&hellip;]<\/p>\n","protected":false},"author":7,"featured_media":1149,"comment_status":"open","ping_status":"open","sticky":false,"template":"","format":"standard","meta":{"footnotes":""},"categories":[6,1,24],"tags":[291,296,297,292,295,294,293],"class_list":["post-1123","post","type-post","status-publish","format-standard","has-post-thumbnail","category-patrimonio-actual","category-patrimonio-cultural","category-reserva-de-la-biosfera","tag-desierto-del-tenere","tag-macizo-air","tag-naciones-unidas","tag-niger","tag-red-mundial-de-reservas-de-la-biosfera","tag-reservas-de-biosfera","tag-sahara"],"yoast_head":"<!-- This site is optimized with the Yoast SEO plugin v27.4 - https:\/\/yoast.com\/product\/yoast-seo-wordpress\/ -->\n<title>Desierto del Tener\u00e9<\/title>\n<meta name=\"robots\" content=\"index, follow, max-snippet:-1, max-image-preview:large, max-video-preview:-1\" \/>\n<link rel=\"canonical\" href=\"https:\/\/patrimonioactual.com\/page\/desierto-del-tenere-el-lugar-de-la-tierra-que-experimenta-el-mayor-cambio-de-temperatura-entre-el-dia-y-la-noche\/\" \/>\n<meta property=\"og:locale\" content=\"es_ES\" \/>\n<meta property=\"og:type\" content=\"article\" \/>\n<meta property=\"og:title\" content=\"Desierto del Tener\u00e9\" \/>\n<meta property=\"og:description\" content=\"El desierto del Tener\u00e9 (N\u00edger) fue declarado Patrimonio de la Humanidad por la UNESCO en 1991 junto con los macizos monta\u00f1osos de A\u00efr. Un a\u00f1o m\u00e1s tarde, se le incluy\u00f3 en la Lista del Patrimonio de la Humanidad en peligro debido a la inestabilidad pol\u00edtica y disputas entre las poblaciones. Se encuentra en el fondo [&hellip;]\" \/>\n<meta property=\"og:url\" content=\"https:\/\/patrimonioactual.com\/page\/desierto-del-tenere-el-lugar-de-la-tierra-que-experimenta-el-mayor-cambio-de-temperatura-entre-el-dia-y-la-noche\/\" \/>\n<meta property=\"og:site_name\" content=\"Patrimonio Actual, ciudades, sitios y espacios naturales declarados Patrimonio de la Humanidad por la UNESCO\" \/>\n<meta property=\"article:publisher\" content=\"https:\/\/www.facebook.com\/P.actual\" \/>\n<meta property=\"article:published_time\" content=\"2012-09-17T11:07:10+00:00\" \/>\n<meta property=\"article:modified_time\" content=\"2012-10-27T20:58:47+00:00\" \/>\n<meta property=\"og:image\" content=\"https:\/\/patrimonioactual.com\/page\/wp-content\/uploads\/2012\/09\/Poblado-con-tormenta-de-are.jpg\" \/>\n\t<meta property=\"og:image:width\" content=\"670\" \/>\n\t<meta property=\"og:image:height\" content=\"327\" \/>\n\t<meta property=\"og:image:type\" content=\"image\/jpeg\" \/>\n<meta name=\"author\" content=\"Joaquin Dacarrette\" \/>\n<meta name=\"twitter:card\" content=\"summary_large_image\" \/>\n<meta name=\"twitter:creator\" content=\"@P_actual\" \/>\n<meta name=\"twitter:site\" content=\"@P_actual\" \/>\n<meta name=\"twitter:label1\" content=\"Escrito por\" \/>\n\t<meta name=\"twitter:data1\" content=\"Joaquin Dacarrette\" \/>\n\t<meta name=\"twitter:label2\" content=\"Tiempo de lectura\" \/>\n\t<meta name=\"twitter:data2\" content=\"11 minutos\" \/>\n<script type=\"application\/ld+json\" class=\"yoast-schema-graph\">{\"@context\":\"https:\\\/\\\/schema.org\",\"@graph\":[{\"@type\":\"Article\",\"@id\":\"https:\\\/\\\/patrimonioactual.com\\\/page\\\/desierto-del-tenere-el-lugar-de-la-tierra-que-experimenta-el-mayor-cambio-de-temperatura-entre-el-dia-y-la-noche\\\/#article\",\"isPartOf\":{\"@id\":\"https:\\\/\\\/patrimonioactual.com\\\/page\\\/desierto-del-tenere-el-lugar-de-la-tierra-que-experimenta-el-mayor-cambio-de-temperatura-entre-el-dia-y-la-noche\\\/\"},\"author\":{\"name\":\"Joaquin Dacarrette\",\"@id\":\"https:\\\/\\\/patrimonioactual.com\\\/page\\\/#\\\/schema\\\/person\\\/d105c0622b22ea4b34d243531401979a\"},\"headline\":\"Desierto del Tener\u00e9: el lugar de la tierra que experimenta el mayor cambio de temperatura entre el d\u00eda y la noche\",\"datePublished\":\"2012-09-17T11:07:10+00:00\",\"dateModified\":\"2012-10-27T20:58:47+00:00\",\"mainEntityOfPage\":{\"@id\":\"https:\\\/\\\/patrimonioactual.com\\\/page\\\/desierto-del-tenere-el-lugar-de-la-tierra-que-experimenta-el-mayor-cambio-de-temperatura-entre-el-dia-y-la-noche\\\/\"},\"wordCount\":2147,\"commentCount\":0,\"image\":{\"@id\":\"https:\\\/\\\/patrimonioactual.com\\\/page\\\/desierto-del-tenere-el-lugar-de-la-tierra-que-experimenta-el-mayor-cambio-de-temperatura-entre-el-dia-y-la-noche\\\/#primaryimage\"},\"thumbnailUrl\":\"https:\\\/\\\/patrimonioactual.com\\\/page\\\/wp-content\\\/uploads\\\/2012\\\/09\\\/Poblado-con-tormenta-de-are.jpg\",\"keywords\":[\"Desierto del Tener\u00e9\",\"Macizo A\u00efr\",\"Naciones Unidas\",\"N\u00edger\",\"Red Mundial de Reservas de la Bi\u00f3sfera\",\"Reservas de Bi\u00f3sfera\",\"S\u00e1hara\"],\"articleSection\":[\"Patrimonio Actual\",\"Patrimonio Cultural\",\"Reserva de la Biosfera\"],\"inLanguage\":\"es\",\"potentialAction\":[{\"@type\":\"CommentAction\",\"name\":\"Comment\",\"target\":[\"https:\\\/\\\/patrimonioactual.com\\\/page\\\/desierto-del-tenere-el-lugar-de-la-tierra-que-experimenta-el-mayor-cambio-de-temperatura-entre-el-dia-y-la-noche\\\/#respond\"]}]},{\"@type\":\"WebPage\",\"@id\":\"https:\\\/\\\/patrimonioactual.com\\\/page\\\/desierto-del-tenere-el-lugar-de-la-tierra-que-experimenta-el-mayor-cambio-de-temperatura-entre-el-dia-y-la-noche\\\/\",\"url\":\"https:\\\/\\\/patrimonioactual.com\\\/page\\\/desierto-del-tenere-el-lugar-de-la-tierra-que-experimenta-el-mayor-cambio-de-temperatura-entre-el-dia-y-la-noche\\\/\",\"name\":\"Desierto del Tener\u00e9\",\"isPartOf\":{\"@id\":\"https:\\\/\\\/patrimonioactual.com\\\/page\\\/#website\"},\"primaryImageOfPage\":{\"@id\":\"https:\\\/\\\/patrimonioactual.com\\\/page\\\/desierto-del-tenere-el-lugar-de-la-tierra-que-experimenta-el-mayor-cambio-de-temperatura-entre-el-dia-y-la-noche\\\/#primaryimage\"},\"image\":{\"@id\":\"https:\\\/\\\/patrimonioactual.com\\\/page\\\/desierto-del-tenere-el-lugar-de-la-tierra-que-experimenta-el-mayor-cambio-de-temperatura-entre-el-dia-y-la-noche\\\/#primaryimage\"},\"thumbnailUrl\":\"https:\\\/\\\/patrimonioactual.com\\\/page\\\/wp-content\\\/uploads\\\/2012\\\/09\\\/Poblado-con-tormenta-de-are.jpg\",\"datePublished\":\"2012-09-17T11:07:10+00:00\",\"dateModified\":\"2012-10-27T20:58:47+00:00\",\"author\":{\"@id\":\"https:\\\/\\\/patrimonioactual.com\\\/page\\\/#\\\/schema\\\/person\\\/d105c0622b22ea4b34d243531401979a\"},\"breadcrumb\":{\"@id\":\"https:\\\/\\\/patrimonioactual.com\\\/page\\\/desierto-del-tenere-el-lugar-de-la-tierra-que-experimenta-el-mayor-cambio-de-temperatura-entre-el-dia-y-la-noche\\\/#breadcrumb\"},\"inLanguage\":\"es\",\"potentialAction\":[{\"@type\":\"ReadAction\",\"target\":[\"https:\\\/\\\/patrimonioactual.com\\\/page\\\/desierto-del-tenere-el-lugar-de-la-tierra-que-experimenta-el-mayor-cambio-de-temperatura-entre-el-dia-y-la-noche\\\/\"]}]},{\"@type\":\"ImageObject\",\"inLanguage\":\"es\",\"@id\":\"https:\\\/\\\/patrimonioactual.com\\\/page\\\/desierto-del-tenere-el-lugar-de-la-tierra-que-experimenta-el-mayor-cambio-de-temperatura-entre-el-dia-y-la-noche\\\/#primaryimage\",\"url\":\"https:\\\/\\\/patrimonioactual.com\\\/page\\\/wp-content\\\/uploads\\\/2012\\\/09\\\/Poblado-con-tormenta-de-are.jpg\",\"contentUrl\":\"https:\\\/\\\/patrimonioactual.com\\\/page\\\/wp-content\\\/uploads\\\/2012\\\/09\\\/Poblado-con-tormenta-de-are.jpg\",\"width\":\"670\",\"height\":\"327\",\"caption\":\"Poblado en el desierto\"},{\"@type\":\"BreadcrumbList\",\"@id\":\"https:\\\/\\\/patrimonioactual.com\\\/page\\\/desierto-del-tenere-el-lugar-de-la-tierra-que-experimenta-el-mayor-cambio-de-temperatura-entre-el-dia-y-la-noche\\\/#breadcrumb\",\"itemListElement\":[{\"@type\":\"ListItem\",\"position\":1,\"name\":\"Portada\",\"item\":\"https:\\\/\\\/patrimonioactual.com\\\/page\\\/\"},{\"@type\":\"ListItem\",\"position\":2,\"name\":\"Desierto del Tener\u00e9: el lugar de la tierra que experimenta el mayor cambio de temperatura entre el d\u00eda y la noche\"}]},{\"@type\":\"WebSite\",\"@id\":\"https:\\\/\\\/patrimonioactual.com\\\/page\\\/#website\",\"url\":\"https:\\\/\\\/patrimonioactual.com\\\/page\\\/\",\"name\":\"Patrimonio Actual, ciudades, sitios y espacios naturales declarados Patrimonio de la Humanidad por la UNESCO\",\"description\":\"Revista digital que busca informar a un p\u00fablico objetivo amplio, de los acontecimientos mundiales que se producen en torno a la informaci\u00f3n del patrimonio cultural, natural, inmaterial y tur\u00edstico-cultural de ciudades y espacios naturales, Patrimonio de la Humanidad declarados por la UNESCO.\",\"potentialAction\":[{\"@type\":\"SearchAction\",\"target\":{\"@type\":\"EntryPoint\",\"urlTemplate\":\"https:\\\/\\\/patrimonioactual.com\\\/page\\\/?s={search_term_string}\"},\"query-input\":{\"@type\":\"PropertyValueSpecification\",\"valueRequired\":true,\"valueName\":\"search_term_string\"}}],\"inLanguage\":\"es\"},{\"@type\":\"Person\",\"@id\":\"https:\\\/\\\/patrimonioactual.com\\\/page\\\/#\\\/schema\\\/person\\\/d105c0622b22ea4b34d243531401979a\",\"name\":\"Joaquin Dacarrette\",\"image\":{\"@type\":\"ImageObject\",\"inLanguage\":\"es\",\"@id\":\"https:\\\/\\\/secure.gravatar.com\\\/avatar\\\/91207fd01d4662bc094c5892b15b7411d87a1541a2d58cbef5c010628e6739e2?s=96&d=mm&r=g\",\"url\":\"https:\\\/\\\/secure.gravatar.com\\\/avatar\\\/91207fd01d4662bc094c5892b15b7411d87a1541a2d58cbef5c010628e6739e2?s=96&d=mm&r=g\",\"contentUrl\":\"https:\\\/\\\/secure.gravatar.com\\\/avatar\\\/91207fd01d4662bc094c5892b15b7411d87a1541a2d58cbef5c010628e6739e2?s=96&d=mm&r=g\",\"caption\":\"Joaquin Dacarrette\"},\"url\":\"https:\\\/\\\/patrimonioactual.com\\\/page\\\/author\\\/joaquin-dacarrette\\\/\"}]}<\/script>\n<!-- \/ Yoast SEO plugin. -->","yoast_head_json":{"title":"Desierto del Tener\u00e9","robots":{"index":"index","follow":"follow","max-snippet":"max-snippet:-1","max-image-preview":"max-image-preview:large","max-video-preview":"max-video-preview:-1"},"canonical":"https:\/\/patrimonioactual.com\/page\/desierto-del-tenere-el-lugar-de-la-tierra-que-experimenta-el-mayor-cambio-de-temperatura-entre-el-dia-y-la-noche\/","og_locale":"es_ES","og_type":"article","og_title":"Desierto del Tener\u00e9","og_description":"El desierto del Tener\u00e9 (N\u00edger) fue declarado Patrimonio de la Humanidad por la UNESCO en 1991 junto con los macizos monta\u00f1osos de A\u00efr. Un a\u00f1o m\u00e1s tarde, se le incluy\u00f3 en la Lista del Patrimonio de la Humanidad en peligro debido a la inestabilidad pol\u00edtica y disputas entre las poblaciones. Se encuentra en el fondo [&hellip;]","og_url":"https:\/\/patrimonioactual.com\/page\/desierto-del-tenere-el-lugar-de-la-tierra-que-experimenta-el-mayor-cambio-de-temperatura-entre-el-dia-y-la-noche\/","og_site_name":"Patrimonio Actual, ciudades, sitios y espacios naturales declarados Patrimonio de la Humanidad por la UNESCO","article_publisher":"https:\/\/www.facebook.com\/P.actual","article_published_time":"2012-09-17T11:07:10+00:00","article_modified_time":"2012-10-27T20:58:47+00:00","og_image":[{"width":670,"height":327,"url":"https:\/\/patrimonioactual.com\/page\/wp-content\/uploads\/2012\/09\/Poblado-con-tormenta-de-are.jpg","type":"image\/jpeg"}],"author":"Joaquin Dacarrette","twitter_card":"summary_large_image","twitter_creator":"@P_actual","twitter_site":"@P_actual","twitter_misc":{"Escrito por":"Joaquin Dacarrette","Tiempo de lectura":"11 minutos"},"schema":{"@context":"https:\/\/schema.org","@graph":[{"@type":"Article","@id":"https:\/\/patrimonioactual.com\/page\/desierto-del-tenere-el-lugar-de-la-tierra-que-experimenta-el-mayor-cambio-de-temperatura-entre-el-dia-y-la-noche\/#article","isPartOf":{"@id":"https:\/\/patrimonioactual.com\/page\/desierto-del-tenere-el-lugar-de-la-tierra-que-experimenta-el-mayor-cambio-de-temperatura-entre-el-dia-y-la-noche\/"},"author":{"name":"Joaquin Dacarrette","@id":"https:\/\/patrimonioactual.com\/page\/#\/schema\/person\/d105c0622b22ea4b34d243531401979a"},"headline":"Desierto del Tener\u00e9: el lugar de la tierra que experimenta el mayor cambio de temperatura entre el d\u00eda y la noche","datePublished":"2012-09-17T11:07:10+00:00","dateModified":"2012-10-27T20:58:47+00:00","mainEntityOfPage":{"@id":"https:\/\/patrimonioactual.com\/page\/desierto-del-tenere-el-lugar-de-la-tierra-que-experimenta-el-mayor-cambio-de-temperatura-entre-el-dia-y-la-noche\/"},"wordCount":2147,"commentCount":0,"image":{"@id":"https:\/\/patrimonioactual.com\/page\/desierto-del-tenere-el-lugar-de-la-tierra-que-experimenta-el-mayor-cambio-de-temperatura-entre-el-dia-y-la-noche\/#primaryimage"},"thumbnailUrl":"https:\/\/patrimonioactual.com\/page\/wp-content\/uploads\/2012\/09\/Poblado-con-tormenta-de-are.jpg","keywords":["Desierto del Tener\u00e9","Macizo A\u00efr","Naciones Unidas","N\u00edger","Red Mundial de Reservas de la Bi\u00f3sfera","Reservas de Bi\u00f3sfera","S\u00e1hara"],"articleSection":["Patrimonio Actual","Patrimonio Cultural","Reserva de la Biosfera"],"inLanguage":"es","potentialAction":[{"@type":"CommentAction","name":"Comment","target":["https:\/\/patrimonioactual.com\/page\/desierto-del-tenere-el-lugar-de-la-tierra-que-experimenta-el-mayor-cambio-de-temperatura-entre-el-dia-y-la-noche\/#respond"]}]},{"@type":"WebPage","@id":"https:\/\/patrimonioactual.com\/page\/desierto-del-tenere-el-lugar-de-la-tierra-que-experimenta-el-mayor-cambio-de-temperatura-entre-el-dia-y-la-noche\/","url":"https:\/\/patrimonioactual.com\/page\/desierto-del-tenere-el-lugar-de-la-tierra-que-experimenta-el-mayor-cambio-de-temperatura-entre-el-dia-y-la-noche\/","name":"Desierto del Tener\u00e9","isPartOf":{"@id":"https:\/\/patrimonioactual.com\/page\/#website"},"primaryImageOfPage":{"@id":"https:\/\/patrimonioactual.com\/page\/desierto-del-tenere-el-lugar-de-la-tierra-que-experimenta-el-mayor-cambio-de-temperatura-entre-el-dia-y-la-noche\/#primaryimage"},"image":{"@id":"https:\/\/patrimonioactual.com\/page\/desierto-del-tenere-el-lugar-de-la-tierra-que-experimenta-el-mayor-cambio-de-temperatura-entre-el-dia-y-la-noche\/#primaryimage"},"thumbnailUrl":"https:\/\/patrimonioactual.com\/page\/wp-content\/uploads\/2012\/09\/Poblado-con-tormenta-de-are.jpg","datePublished":"2012-09-17T11:07:10+00:00","dateModified":"2012-10-27T20:58:47+00:00","author":{"@id":"https:\/\/patrimonioactual.com\/page\/#\/schema\/person\/d105c0622b22ea4b34d243531401979a"},"breadcrumb":{"@id":"https:\/\/patrimonioactual.com\/page\/desierto-del-tenere-el-lugar-de-la-tierra-que-experimenta-el-mayor-cambio-de-temperatura-entre-el-dia-y-la-noche\/#breadcrumb"},"inLanguage":"es","potentialAction":[{"@type":"ReadAction","target":["https:\/\/patrimonioactual.com\/page\/desierto-del-tenere-el-lugar-de-la-tierra-que-experimenta-el-mayor-cambio-de-temperatura-entre-el-dia-y-la-noche\/"]}]},{"@type":"ImageObject","inLanguage":"es","@id":"https:\/\/patrimonioactual.com\/page\/desierto-del-tenere-el-lugar-de-la-tierra-que-experimenta-el-mayor-cambio-de-temperatura-entre-el-dia-y-la-noche\/#primaryimage","url":"https:\/\/patrimonioactual.com\/page\/wp-content\/uploads\/2012\/09\/Poblado-con-tormenta-de-are.jpg","contentUrl":"https:\/\/patrimonioactual.com\/page\/wp-content\/uploads\/2012\/09\/Poblado-con-tormenta-de-are.jpg","width":"670","height":"327","caption":"Poblado en el desierto"},{"@type":"BreadcrumbList","@id":"https:\/\/patrimonioactual.com\/page\/desierto-del-tenere-el-lugar-de-la-tierra-que-experimenta-el-mayor-cambio-de-temperatura-entre-el-dia-y-la-noche\/#breadcrumb","itemListElement":[{"@type":"ListItem","position":1,"name":"Portada","item":"https:\/\/patrimonioactual.com\/page\/"},{"@type":"ListItem","position":2,"name":"Desierto del Tener\u00e9: el lugar de la tierra que experimenta el mayor cambio de temperatura entre el d\u00eda y la noche"}]},{"@type":"WebSite","@id":"https:\/\/patrimonioactual.com\/page\/#website","url":"https:\/\/patrimonioactual.com\/page\/","name":"Patrimonio Actual, ciudades, sitios y espacios naturales declarados Patrimonio de la Humanidad por la UNESCO","description":"Revista digital que busca informar a un p\u00fablico objetivo amplio, de los acontecimientos mundiales que se producen en torno a la informaci\u00f3n del patrimonio cultural, natural, inmaterial y tur\u00edstico-cultural de ciudades y espacios naturales, Patrimonio de la Humanidad declarados por la UNESCO.","potentialAction":[{"@type":"SearchAction","target":{"@type":"EntryPoint","urlTemplate":"https:\/\/patrimonioactual.com\/page\/?s={search_term_string}"},"query-input":{"@type":"PropertyValueSpecification","valueRequired":true,"valueName":"search_term_string"}}],"inLanguage":"es"},{"@type":"Person","@id":"https:\/\/patrimonioactual.com\/page\/#\/schema\/person\/d105c0622b22ea4b34d243531401979a","name":"Joaquin Dacarrette","image":{"@type":"ImageObject","inLanguage":"es","@id":"https:\/\/secure.gravatar.com\/avatar\/91207fd01d4662bc094c5892b15b7411d87a1541a2d58cbef5c010628e6739e2?s=96&d=mm&r=g","url":"https:\/\/secure.gravatar.com\/avatar\/91207fd01d4662bc094c5892b15b7411d87a1541a2d58cbef5c010628e6739e2?s=96&d=mm&r=g","contentUrl":"https:\/\/secure.gravatar.com\/avatar\/91207fd01d4662bc094c5892b15b7411d87a1541a2d58cbef5c010628e6739e2?s=96&d=mm&r=g","caption":"Joaquin Dacarrette"},"url":"https:\/\/patrimonioactual.com\/page\/author\/joaquin-dacarrette\/"}]}},"_links":{"self":[{"href":"https:\/\/patrimonioactual.com\/page\/wp-json\/wp\/v2\/posts\/1123","targetHints":{"allow":["GET"]}}],"collection":[{"href":"https:\/\/patrimonioactual.com\/page\/wp-json\/wp\/v2\/posts"}],"about":[{"href":"https:\/\/patrimonioactual.com\/page\/wp-json\/wp\/v2\/types\/post"}],"author":[{"embeddable":true,"href":"https:\/\/patrimonioactual.com\/page\/wp-json\/wp\/v2\/users\/7"}],"replies":[{"embeddable":true,"href":"https:\/\/patrimonioactual.com\/page\/wp-json\/wp\/v2\/comments?post=1123"}],"version-history":[{"count":23,"href":"https:\/\/patrimonioactual.com\/page\/wp-json\/wp\/v2\/posts\/1123\/revisions"}],"predecessor-version":[{"id":1908,"href":"https:\/\/patrimonioactual.com\/page\/wp-json\/wp\/v2\/posts\/1123\/revisions\/1908"}],"wp:featuredmedia":[{"embeddable":true,"href":"https:\/\/patrimonioactual.com\/page\/wp-json\/wp\/v2\/media\/1149"}],"wp:attachment":[{"href":"https:\/\/patrimonioactual.com\/page\/wp-json\/wp\/v2\/media?parent=1123"}],"wp:term":[{"taxonomy":"category","embeddable":true,"href":"https:\/\/patrimonioactual.com\/page\/wp-json\/wp\/v2\/categories?post=1123"},{"taxonomy":"post_tag","embeddable":true,"href":"https:\/\/patrimonioactual.com\/page\/wp-json\/wp\/v2\/tags?post=1123"}],"curies":[{"name":"wp","href":"https:\/\/api.w.org\/{rel}","templated":true}]}}