{"id":11595,"date":"2017-07-17T09:53:31","date_gmt":"2017-07-17T07:53:31","guid":{"rendered":"http:\/\/patrimonioactual.com\/page\/?p=11595"},"modified":"2017-07-17T09:53:31","modified_gmt":"2017-07-17T07:53:31","slug":"10o-aniversario-casa-africa","status":"publish","type":"post","link":"https:\/\/patrimonioactual.com\/page\/10o-aniversario-casa-africa\/","title":{"rendered":"10\u00ba aniversario de Casa \u00c1frica"},"content":{"rendered":"<h2 style=\"text-align: justify;\"><a href=\"http:\/\/patrimonioactual.com\/page\/10o-aniversario-casa-africa\/alfonso-dastis-y-luis-padro\/\" rel=\"attachment wp-att-11596\"><img loading=\"lazy\" decoding=\"async\" class=\"Alfonso Dastis, ministro de Asuntos Exteriores y Cooperaci\u00f3n de Espa\u00f1a y Luis Padr\u00f3n, director general de Casa \u00c1frica aligncenter wp-image-11596 size-full\" title=\"Alfonso Dastis, ministro de Asuntos Exteriores y Cooperaci\u00f3n de Espa\u00f1a y Luis Padr\u00f3n, director general de Casa \u00c1frica\" src=\"http:\/\/patrimonioactual.com\/page\/wp-content\/uploads\/2017\/07\/Alfonso-dastis-y-Luis-Padr\u00f3.png\" alt=\"Alfonso Dastis, ministro de Asuntos Exteriores y Cooperaci\u00f3n de Espa\u00f1a y Luis Padr\u00f3n, director general de Casa \u00c1frica\" width=\"615\" height=\"461\" srcset=\"https:\/\/patrimonioactual.com\/page\/wp-content\/uploads\/2017\/07\/Alfonso-dastis-y-Luis-Padr\u00f3.png 615w, https:\/\/patrimonioactual.com\/page\/wp-content\/uploads\/2017\/07\/Alfonso-dastis-y-Luis-Padr\u00f3-300x225.png 300w\" sizes=\"auto, (max-width: 615px) 100vw, 615px\" \/><\/a><\/h2>\n<h2 style=\"text-align: justify;\"><strong>En estos 10 a\u00f1os desde su creaci\u00f3n, Casa \u00c1frica ha demostrado ser un eficaz instrumento de diplomacia p\u00fablica como punto de encuentro entre personas, instituciones, movimientos y sensibilidades que permite una relaci\u00f3n cercana entre Espa\u00f1a y \u00c1frica y entre sus respectivas sociedades<\/strong><\/h2>\n<p><a href=\"http:\/\/patrimonioactual.com\/page\/?s=Casa+%C3%81frica+\">Casa \u00c1frica<\/a> celebr\u00f3 una intensa jornada, que sirvi\u00f3 como celebraci\u00f3n del 10\u00ba aniversario de existencia de la instituci\u00f3n y que incluy\u00f3 \u2013entre otras cosas\u2013 un acto institucional en el Teatro P\u00e9rez Gald\u00f3s, una reuni\u00f3n\u00a0<em>Plan \u00c1frica<\/em>\u00a0con todos los embajadores espa\u00f1oles acreditados en el continente africano y el Consejo Diplom\u00e1tico de Casa \u00c1frica, que congrega a la pr\u00e1ctica totalidad de los embajadores africanos acreditados en Espa\u00f1a.<\/p>\n<p>Esta celebraci\u00f3n marca las relaciones diplom\u00e1ticas hispanoafricanas como el mayor encuentro de estas caracter\u00edsticas que jam\u00e1s se ha organizado. El acto en el Teatro estuvo presidido por el ministro de Asuntos Exteriores y de Cooperaci\u00f3n (MAEC), <a href=\"http:\/\/patrimonioactual.com\/page\/?s=Alfonso+Dastis\">Alfonso Dastis<\/a>; el presidente del Gobierno de Canarias, Fernando Clavijo, y el alcalde de Las Palmas de Gran Canaria, Augusto Hidalgo, entre otras autoridades. En las reuniones tambi\u00e9n tomaron parte un equipo del MAEC en el que figur\u00f3 el secretario de Estado de Asuntos Exteriores, Ildefonso Castro.<\/p>\n<p>El director general de Casa \u00c1frica, <a href=\"http:\/\/patrimonioactual.com\/page\/?s=Luis+Padr%C3%B3n\">Luis Padr\u00f3n<\/a>, acompa\u00f1ado de los dos principales patrocinadores de este aniversario, la compa\u00f1\u00eda a\u00e9rea Binter y el Hospital Perpetuo Socorro, present\u00f3 en rueda de prensa en la sede de Casa \u00c1frica los eventos con que la instituci\u00f3n de diplomacia p\u00fablica se visti\u00f3 de largo para celebrar este decenio de trabajo en las relaciones hispano-africanas.<\/p>\n<p><strong>Diplomacia<\/strong><br \/>\nCasa \u00c1frica amaneci\u00f3 convertida en el escenario de una serie de reuniones encabezadas por el ministro Alfonso Dastis y el presidente Fernando Clavijo, en las que participaron los 29 embajadores espa\u00f1oles desplegados en \u00c1frica y dos embajadores salientes, adem\u00e1s de 19 de los 24 embajadores africanos acreditados en Espa\u00f1a.<\/p>\n<p>Los embajadores espa\u00f1oles mantuvieron una reuni\u00f3n denominada\u00a0<em>Plan \u00c1frica<\/em>, cuyo objetivo ha sido definir la estrategia de pol\u00edtica exterior de Espa\u00f1a con el continente africano. El Consejo Diplom\u00e1tico, por su parte, sirvi\u00f3 para ahondar en la cooperaci\u00f3n con los pa\u00edses africanos y escuchar las propuestas de sus representaciones diplom\u00e1ticas.<\/p>\n<p>Adem\u00e1s, y antes del acto institucional del Teatro P\u00e9rez Gald\u00f3s, Casa \u00c1frica inaugur\u00f3 para el ministro, el presidente del Ejecutivo canario y los medios de comunicaci\u00f3n su \u00faltima exposici\u00f3n,\u00a0<em>Creando redes. 10 a\u00f1os m\u00e1s cerca<\/em>, una muestra fotogr\u00e1fica que resume el trabajo que la instituci\u00f3n ha llevado a cabo durante su d\u00e9cada de historia.<\/p>\n<p><strong>Celebraci\u00f3n<\/strong><br \/>\nEl acto institucional comenz\u00f3 en el Teatro P\u00e9rez Gald\u00f3s y es una cita especial por muchos motivos. Uno de ellos es que se refunda y reactiva un organismo consultor que ayuda a la Casa a mantener una l\u00ednea de trabajo sostenible, meditado y \u00fatil: el Consejo Asesor. Forman parte de este \u00f3rgano acad\u00e9micos como los profesores Mbuyi Kabunda, Germ\u00e1n Santana, Albert Roca, Landry Wilfrid Miampika y Jean-Ars\u00e8ne Yao; miembros del mundo humanitario, como Pablo Yuste (Programa Mundial de Alimentos); representantes de la sociedad civil, como Nicole Ndongala, Andr\u00e9s Rodr\u00edguez Amayuelas y Antoni P\u00e9rez-Portabella; representantes de instituciones como la Organizaci\u00f3n Mundial de Turismo (OMT) o la Fundaci\u00f3n Mujeres por \u00c1frica y de organismos empresariales como la Confederaci\u00f3n Espa\u00f1ola de Organizaciones Empresariales (CEOE) y la C\u00e1mara de Comercio de Espa\u00f1a; expertos como Grace Obado y Basilio Valladares; los escritores Boubacar Boris Diop y Antonio Lozano; la comisaria art\u00edstica y experta Elvira Dyangani; el periodista Jos\u00e9 Naranjo, y la directora del Festival de Cine Africano de Tarifa, Mane Cisneros. En nombre de todos ellos habl\u00f3 el profesor Kabunda.<\/p>\n<p>Otra raz\u00f3n es que la Casa expres\u00f3 su reconocimiento a personas e instituciones cuyo compromiso ha contribuido a la proyecci\u00f3n de \u00c1frica en Espa\u00f1a y apoyando al mismo tiempo a Casa \u00c1frica. Los premios se otorgan en cinco categor\u00edas: diplomacia p\u00fablica, diplomacia econ\u00f3mica, diplomacia digital, diplomacia cultural y labor destacada. Los premiados son Mar\u00eda Teresa Fern\u00e1ndez de la Vega y la Fundaci\u00f3n Mujeres por \u00c1frica, Binter, la revista\u00a0<em>Mundo Negro<\/em>, el Festival de Cine Africano de Tarifa (FCAT) y la Federaci\u00f3n de Asociaciones Africanas en Canarias (FAAC). La exvicepresidenta del Gobierno de Espa\u00f1a, Fern\u00e1ndez de la Vega, fue la responsable de hablar por todos los premiados.<\/p>\n<p>El acto cont\u00f3 con la periodista y escritora Luc\u00eda Mbom\u00edo como maestra de ceremonias y finaliz\u00f3 con una actuaci\u00f3n del timplista Germ\u00e1n L\u00f3pez, el guitarrista y vocalista Khaly Thioune y el korista Malle Sarr, en un proyecto novedoso que funde las m\u00fasicas canaria y senegalesa.<\/p>\n<p>Los patrocinadores principales de este 10\u00ba Aniversario son Binter y el Hospital Perpetuo Socorro, y tambi\u00e9n han colaborado Ken Tech, Tao Garden Catering, el Hotel Santa Catalina y Horizont Bus.<\/p>\n<p>La celebraci\u00f3n del acto institucional es el culmen de una serie de actividades con vocaci\u00f3n de celebraci\u00f3n, entre las que figuran el especial de\u00a0<em>Hora 25<\/em>\u00a0de la semana pasada en Casa \u00c1frica, conducido por \u00c0ngels Barcel\u00f3 y que tuvo un contenido netamente africano, y la\u00a0<em>Noche \u00c1frica<\/em>\u00a0del pasado viernes, con los grupos angole\u00f1os Tot\u00f3 St., Elenco da Paz y los senegaleses Sou\u00f1ou Yon.<\/p>\n<p>Casa \u00c1frica abri\u00f3 oficialmente sus puertas el 12 de junio de 2007, de la mano de los entonces reyes de Espa\u00f1a, don Juan Carlos y do\u00f1a Sof\u00eda, y el presidente de Senegal en aquel momento, Abdoulaye Wade. En el listado de autoridades de aquel d\u00eda figuraba el ministro de Asuntos Exteriores y de Cooperaci\u00f3n Miguel \u00c1ngel Moratinos y Ad\u00e1n Mart\u00edn, presidente del Gobierno de Canarias entonces. Casa \u00c1frica surg\u00eda como un consorcio original y novedoso, conformado por el Ministerio de Asuntos Exteriores y de Cooperaci\u00f3n, el Gobierno de Canarias y el Ayuntamiento de Las Palmas de Gran Canaria. Se trata de un instrumento de la pol\u00edtica exterior espa\u00f1ola y forma parte de la Red de Casas, con sus hermanas: Casa de Am\u00e9rica, Casa \u00c1rabe, Casa Asia, Casa Mediterr\u00e1neo y Centro Sefarad-Israel.<\/p>\n","protected":false},"excerpt":{"rendered":"<p>En estos 10 a\u00f1os desde su creaci\u00f3n, Casa \u00c1frica ha demostrado ser un eficaz instrumento de diplomacia p\u00fablica como punto de encuentro entre personas, instituciones, movimientos y sensibilidades que permite una relaci\u00f3n cercana entre Espa\u00f1a y \u00c1frica y entre sus respectivas sociedades Casa \u00c1frica celebr\u00f3 una intensa jornada, que sirvi\u00f3 como celebraci\u00f3n del 10\u00ba aniversario [&hellip;]<\/p>\n","protected":false},"author":1,"featured_media":0,"comment_status":"open","ping_status":"open","sticky":false,"template":"","format":"standard","meta":{"footnotes":""},"categories":[1,13,39],"tags":[619,2429,2560,4772,2765],"class_list":["post-11595","post","type-post","status-publish","format-standard","category-patrimonio-cultural","category-punto-de-encuentro","category-ultimas-noticias","tag-africa","tag-aniversario","tag-casa","tag-embajadores","tag-ministro"],"yoast_head":"<!-- This site is optimized with the Yoast SEO plugin v27.4 - https:\/\/yoast.com\/product\/yoast-seo-wordpress\/ -->\n<title>10\u00ba aniversario de Casa \u00c1frica - Patrimonio Actual, ciudades, sitios y espacios naturales declarados Patrimonio de la Humanidad por la UNESCO<\/title>\n<meta name=\"robots\" content=\"index, follow, max-snippet:-1, max-image-preview:large, max-video-preview:-1\" \/>\n<link rel=\"canonical\" href=\"https:\/\/patrimonioactual.com\/page\/10o-aniversario-casa-africa\/\" \/>\n<meta property=\"og:locale\" content=\"es_ES\" \/>\n<meta property=\"og:type\" content=\"article\" \/>\n<meta property=\"og:title\" content=\"10\u00ba aniversario de Casa \u00c1frica - Patrimonio Actual, ciudades, sitios y espacios naturales declarados Patrimonio de la Humanidad por la UNESCO\" \/>\n<meta property=\"og:description\" content=\"En estos 10 a\u00f1os desde su creaci\u00f3n, Casa \u00c1frica ha demostrado ser un eficaz instrumento de diplomacia p\u00fablica como punto de encuentro entre personas, instituciones, movimientos y sensibilidades que permite una relaci\u00f3n cercana entre Espa\u00f1a y \u00c1frica y entre sus respectivas sociedades Casa \u00c1frica celebr\u00f3 una intensa jornada, que sirvi\u00f3 como celebraci\u00f3n del 10\u00ba aniversario [&hellip;]\" \/>\n<meta property=\"og:url\" content=\"https:\/\/patrimonioactual.com\/page\/10o-aniversario-casa-africa\/\" \/>\n<meta property=\"og:site_name\" content=\"Patrimonio Actual, ciudades, sitios y espacios naturales declarados Patrimonio de la Humanidad por la UNESCO\" \/>\n<meta property=\"article:publisher\" content=\"https:\/\/www.facebook.com\/P.actual\" \/>\n<meta property=\"article:author\" content=\"http:\/\/facebook.com\/patrimonio.actual\" \/>\n<meta property=\"article:published_time\" content=\"2017-07-17T07:53:31+00:00\" \/>\n<meta property=\"og:image\" content=\"http:\/\/patrimonioactual.com\/page\/wp-content\/uploads\/2017\/07\/Alfonso-dastis-y-Luis-Padr\u00f3.png\" \/>\n<meta name=\"author\" content=\"admin\" \/>\n<meta name=\"twitter:card\" content=\"summary_large_image\" \/>\n<meta name=\"twitter:creator\" content=\"@P_actual\" \/>\n<meta name=\"twitter:site\" content=\"@P_actual\" \/>\n<meta name=\"twitter:label1\" content=\"Escrito por\" \/>\n\t<meta name=\"twitter:data1\" content=\"admin\" \/>\n\t<meta name=\"twitter:label2\" content=\"Tiempo de lectura\" \/>\n\t<meta name=\"twitter:data2\" content=\"5 minutos\" \/>\n<script type=\"application\/ld+json\" class=\"yoast-schema-graph\">{\"@context\":\"https:\\\/\\\/schema.org\",\"@graph\":[{\"@type\":\"Article\",\"@id\":\"https:\\\/\\\/patrimonioactual.com\\\/page\\\/10o-aniversario-casa-africa\\\/#article\",\"isPartOf\":{\"@id\":\"https:\\\/\\\/patrimonioactual.com\\\/page\\\/10o-aniversario-casa-africa\\\/\"},\"author\":{\"name\":\"admin\",\"@id\":\"https:\\\/\\\/patrimonioactual.com\\\/page\\\/#\\\/schema\\\/person\\\/76850d24a9bd508e8e44db1faeab630e\"},\"headline\":\"10\u00ba aniversario de Casa \u00c1frica\",\"datePublished\":\"2017-07-17T07:53:31+00:00\",\"mainEntityOfPage\":{\"@id\":\"https:\\\/\\\/patrimonioactual.com\\\/page\\\/10o-aniversario-casa-africa\\\/\"},\"wordCount\":1052,\"commentCount\":0,\"keywords\":[\"\u00c1frica\",\"aniversario\",\"casa\",\"embajadores\",\"ministro\"],\"articleSection\":[\"Patrimonio Cultural\",\"Punto de Encuentro\",\"\u00daltimas Noticias\"],\"inLanguage\":\"es\",\"potentialAction\":[{\"@type\":\"CommentAction\",\"name\":\"Comment\",\"target\":[\"https:\\\/\\\/patrimonioactual.com\\\/page\\\/10o-aniversario-casa-africa\\\/#respond\"]}]},{\"@type\":\"WebPage\",\"@id\":\"https:\\\/\\\/patrimonioactual.com\\\/page\\\/10o-aniversario-casa-africa\\\/\",\"url\":\"https:\\\/\\\/patrimonioactual.com\\\/page\\\/10o-aniversario-casa-africa\\\/\",\"name\":\"10\u00ba aniversario de Casa \u00c1frica - Patrimonio Actual, ciudades, sitios y espacios naturales declarados Patrimonio de la Humanidad por la UNESCO\",\"isPartOf\":{\"@id\":\"https:\\\/\\\/patrimonioactual.com\\\/page\\\/#website\"},\"datePublished\":\"2017-07-17T07:53:31+00:00\",\"author\":{\"@id\":\"https:\\\/\\\/patrimonioactual.com\\\/page\\\/#\\\/schema\\\/person\\\/76850d24a9bd508e8e44db1faeab630e\"},\"breadcrumb\":{\"@id\":\"https:\\\/\\\/patrimonioactual.com\\\/page\\\/10o-aniversario-casa-africa\\\/#breadcrumb\"},\"inLanguage\":\"es\",\"potentialAction\":[{\"@type\":\"ReadAction\",\"target\":[\"https:\\\/\\\/patrimonioactual.com\\\/page\\\/10o-aniversario-casa-africa\\\/\"]}]},{\"@type\":\"BreadcrumbList\",\"@id\":\"https:\\\/\\\/patrimonioactual.com\\\/page\\\/10o-aniversario-casa-africa\\\/#breadcrumb\",\"itemListElement\":[{\"@type\":\"ListItem\",\"position\":1,\"name\":\"Portada\",\"item\":\"https:\\\/\\\/patrimonioactual.com\\\/page\\\/\"},{\"@type\":\"ListItem\",\"position\":2,\"name\":\"10\u00ba aniversario de Casa \u00c1frica\"}]},{\"@type\":\"WebSite\",\"@id\":\"https:\\\/\\\/patrimonioactual.com\\\/page\\\/#website\",\"url\":\"https:\\\/\\\/patrimonioactual.com\\\/page\\\/\",\"name\":\"Patrimonio Actual, ciudades, sitios y espacios naturales declarados Patrimonio de la Humanidad por la UNESCO\",\"description\":\"Revista digital que busca informar a un p\u00fablico objetivo amplio, de los acontecimientos mundiales que se producen en torno a la informaci\u00f3n del patrimonio cultural, natural, inmaterial y tur\u00edstico-cultural de ciudades y espacios naturales, Patrimonio de la Humanidad declarados por la UNESCO.\",\"potentialAction\":[{\"@type\":\"SearchAction\",\"target\":{\"@type\":\"EntryPoint\",\"urlTemplate\":\"https:\\\/\\\/patrimonioactual.com\\\/page\\\/?s={search_term_string}\"},\"query-input\":{\"@type\":\"PropertyValueSpecification\",\"valueRequired\":true,\"valueName\":\"search_term_string\"}}],\"inLanguage\":\"es\"},{\"@type\":\"Person\",\"@id\":\"https:\\\/\\\/patrimonioactual.com\\\/page\\\/#\\\/schema\\\/person\\\/76850d24a9bd508e8e44db1faeab630e\",\"name\":\"admin\",\"image\":{\"@type\":\"ImageObject\",\"inLanguage\":\"es\",\"@id\":\"https:\\\/\\\/secure.gravatar.com\\\/avatar\\\/48168d7e7932867b9131639a989484f6c50ddc0e7a6d380e506072a10e5df39d?s=96&d=mm&r=g\",\"url\":\"https:\\\/\\\/secure.gravatar.com\\\/avatar\\\/48168d7e7932867b9131639a989484f6c50ddc0e7a6d380e506072a10e5df39d?s=96&d=mm&r=g\",\"contentUrl\":\"https:\\\/\\\/secure.gravatar.com\\\/avatar\\\/48168d7e7932867b9131639a989484f6c50ddc0e7a6d380e506072a10e5df39d?s=96&d=mm&r=g\",\"caption\":\"admin\"},\"sameAs\":[\"http:\\\/\\\/facebook.com\\\/patrimonio.actual\",\"https:\\\/\\\/x.com\\\/P_actual\"],\"url\":\"https:\\\/\\\/patrimonioactual.com\\\/page\\\/author\\\/juan\\\/\"}]}<\/script>\n<!-- \/ Yoast SEO plugin. -->","yoast_head_json":{"title":"10\u00ba aniversario de Casa \u00c1frica - Patrimonio Actual, ciudades, sitios y espacios naturales declarados Patrimonio de la Humanidad por la UNESCO","robots":{"index":"index","follow":"follow","max-snippet":"max-snippet:-1","max-image-preview":"max-image-preview:large","max-video-preview":"max-video-preview:-1"},"canonical":"https:\/\/patrimonioactual.com\/page\/10o-aniversario-casa-africa\/","og_locale":"es_ES","og_type":"article","og_title":"10\u00ba aniversario de Casa \u00c1frica - Patrimonio Actual, ciudades, sitios y espacios naturales declarados Patrimonio de la Humanidad por la UNESCO","og_description":"En estos 10 a\u00f1os desde su creaci\u00f3n, Casa \u00c1frica ha demostrado ser un eficaz instrumento de diplomacia p\u00fablica como punto de encuentro entre personas, instituciones, movimientos y sensibilidades que permite una relaci\u00f3n cercana entre Espa\u00f1a y \u00c1frica y entre sus respectivas sociedades Casa \u00c1frica celebr\u00f3 una intensa jornada, que sirvi\u00f3 como celebraci\u00f3n del 10\u00ba aniversario [&hellip;]","og_url":"https:\/\/patrimonioactual.com\/page\/10o-aniversario-casa-africa\/","og_site_name":"Patrimonio Actual, ciudades, sitios y espacios naturales declarados Patrimonio de la Humanidad por la UNESCO","article_publisher":"https:\/\/www.facebook.com\/P.actual","article_author":"http:\/\/facebook.com\/patrimonio.actual","article_published_time":"2017-07-17T07:53:31+00:00","og_image":[{"url":"http:\/\/patrimonioactual.com\/page\/wp-content\/uploads\/2017\/07\/Alfonso-dastis-y-Luis-Padr\u00f3.png","type":"","width":"","height":""}],"author":"admin","twitter_card":"summary_large_image","twitter_creator":"@P_actual","twitter_site":"@P_actual","twitter_misc":{"Escrito por":"admin","Tiempo de lectura":"5 minutos"},"schema":{"@context":"https:\/\/schema.org","@graph":[{"@type":"Article","@id":"https:\/\/patrimonioactual.com\/page\/10o-aniversario-casa-africa\/#article","isPartOf":{"@id":"https:\/\/patrimonioactual.com\/page\/10o-aniversario-casa-africa\/"},"author":{"name":"admin","@id":"https:\/\/patrimonioactual.com\/page\/#\/schema\/person\/76850d24a9bd508e8e44db1faeab630e"},"headline":"10\u00ba aniversario de Casa \u00c1frica","datePublished":"2017-07-17T07:53:31+00:00","mainEntityOfPage":{"@id":"https:\/\/patrimonioactual.com\/page\/10o-aniversario-casa-africa\/"},"wordCount":1052,"commentCount":0,"keywords":["\u00c1frica","aniversario","casa","embajadores","ministro"],"articleSection":["Patrimonio Cultural","Punto de Encuentro","\u00daltimas Noticias"],"inLanguage":"es","potentialAction":[{"@type":"CommentAction","name":"Comment","target":["https:\/\/patrimonioactual.com\/page\/10o-aniversario-casa-africa\/#respond"]}]},{"@type":"WebPage","@id":"https:\/\/patrimonioactual.com\/page\/10o-aniversario-casa-africa\/","url":"https:\/\/patrimonioactual.com\/page\/10o-aniversario-casa-africa\/","name":"10\u00ba aniversario de Casa \u00c1frica - Patrimonio Actual, ciudades, sitios y espacios naturales declarados Patrimonio de la Humanidad por la UNESCO","isPartOf":{"@id":"https:\/\/patrimonioactual.com\/page\/#website"},"datePublished":"2017-07-17T07:53:31+00:00","author":{"@id":"https:\/\/patrimonioactual.com\/page\/#\/schema\/person\/76850d24a9bd508e8e44db1faeab630e"},"breadcrumb":{"@id":"https:\/\/patrimonioactual.com\/page\/10o-aniversario-casa-africa\/#breadcrumb"},"inLanguage":"es","potentialAction":[{"@type":"ReadAction","target":["https:\/\/patrimonioactual.com\/page\/10o-aniversario-casa-africa\/"]}]},{"@type":"BreadcrumbList","@id":"https:\/\/patrimonioactual.com\/page\/10o-aniversario-casa-africa\/#breadcrumb","itemListElement":[{"@type":"ListItem","position":1,"name":"Portada","item":"https:\/\/patrimonioactual.com\/page\/"},{"@type":"ListItem","position":2,"name":"10\u00ba aniversario de Casa \u00c1frica"}]},{"@type":"WebSite","@id":"https:\/\/patrimonioactual.com\/page\/#website","url":"https:\/\/patrimonioactual.com\/page\/","name":"Patrimonio Actual, ciudades, sitios y espacios naturales declarados Patrimonio de la Humanidad por la UNESCO","description":"Revista digital que busca informar a un p\u00fablico objetivo amplio, de los acontecimientos mundiales que se producen en torno a la informaci\u00f3n del patrimonio cultural, natural, inmaterial y tur\u00edstico-cultural de ciudades y espacios naturales, Patrimonio de la Humanidad declarados por la UNESCO.","potentialAction":[{"@type":"SearchAction","target":{"@type":"EntryPoint","urlTemplate":"https:\/\/patrimonioactual.com\/page\/?s={search_term_string}"},"query-input":{"@type":"PropertyValueSpecification","valueRequired":true,"valueName":"search_term_string"}}],"inLanguage":"es"},{"@type":"Person","@id":"https:\/\/patrimonioactual.com\/page\/#\/schema\/person\/76850d24a9bd508e8e44db1faeab630e","name":"admin","image":{"@type":"ImageObject","inLanguage":"es","@id":"https:\/\/secure.gravatar.com\/avatar\/48168d7e7932867b9131639a989484f6c50ddc0e7a6d380e506072a10e5df39d?s=96&d=mm&r=g","url":"https:\/\/secure.gravatar.com\/avatar\/48168d7e7932867b9131639a989484f6c50ddc0e7a6d380e506072a10e5df39d?s=96&d=mm&r=g","contentUrl":"https:\/\/secure.gravatar.com\/avatar\/48168d7e7932867b9131639a989484f6c50ddc0e7a6d380e506072a10e5df39d?s=96&d=mm&r=g","caption":"admin"},"sameAs":["http:\/\/facebook.com\/patrimonio.actual","https:\/\/x.com\/P_actual"],"url":"https:\/\/patrimonioactual.com\/page\/author\/juan\/"}]}},"_links":{"self":[{"href":"https:\/\/patrimonioactual.com\/page\/wp-json\/wp\/v2\/posts\/11595","targetHints":{"allow":["GET"]}}],"collection":[{"href":"https:\/\/patrimonioactual.com\/page\/wp-json\/wp\/v2\/posts"}],"about":[{"href":"https:\/\/patrimonioactual.com\/page\/wp-json\/wp\/v2\/types\/post"}],"author":[{"embeddable":true,"href":"https:\/\/patrimonioactual.com\/page\/wp-json\/wp\/v2\/users\/1"}],"replies":[{"embeddable":true,"href":"https:\/\/patrimonioactual.com\/page\/wp-json\/wp\/v2\/comments?post=11595"}],"version-history":[{"count":2,"href":"https:\/\/patrimonioactual.com\/page\/wp-json\/wp\/v2\/posts\/11595\/revisions"}],"predecessor-version":[{"id":11598,"href":"https:\/\/patrimonioactual.com\/page\/wp-json\/wp\/v2\/posts\/11595\/revisions\/11598"}],"wp:attachment":[{"href":"https:\/\/patrimonioactual.com\/page\/wp-json\/wp\/v2\/media?parent=11595"}],"wp:term":[{"taxonomy":"category","embeddable":true,"href":"https:\/\/patrimonioactual.com\/page\/wp-json\/wp\/v2\/categories?post=11595"},{"taxonomy":"post_tag","embeddable":true,"href":"https:\/\/patrimonioactual.com\/page\/wp-json\/wp\/v2\/tags?post=11595"}],"curies":[{"name":"wp","href":"https:\/\/api.w.org\/{rel}","templated":true}]}}