{"id":11603,"date":"2017-07-17T10:15:50","date_gmt":"2017-07-17T08:15:50","guid":{"rendered":"http:\/\/patrimonioactual.com\/page\/?p=11603"},"modified":"2017-07-17T10:15:51","modified_gmt":"2017-07-17T08:15:51","slug":"se-presenta-madrid-iv-festival-opera-medinaceli-ofrecera-nabucco-giuseppe-verdi","status":"publish","type":"post","link":"https:\/\/patrimonioactual.com\/page\/se-presenta-madrid-iv-festival-opera-medinaceli-ofrecera-nabucco-giuseppe-verdi\/","title":{"rendered":"Se presenta en Madrid el IV Festival de \u00d3pera de Medinaceli que ofrecer\u00e1 Nabucco de Giuseppe Verdi"},"content":{"rendered":"<p><a href=\"http:\/\/patrimonioactual.com\/page\/se-presenta-madrid-iv-festival-opera-medinaceli-ofrecera-nabucco-giuseppe-verdi\/maria-ruiz-paco-mejorada\/\" rel=\"attachment wp-att-11605\"><img loading=\"lazy\" decoding=\"async\" class=\"Mar\u00eda Ruiz, Paco Mejorada, Miguel Tugores, Luis Cansino e Ignacio Garc\u00eda. Foto: \u00a9 patrimonioactual.com aligncenter wp-image-11605 size-full\" title=\"Mar\u00eda Ruiz, Paco Mejorada, Miguel Tugores, Luis Cansino e Ignacio Garc\u00eda. Foto: \u00a9 patrimonioactual.com\" src=\"http:\/\/patrimonioactual.com\/page\/wp-content\/uploads\/2017\/07\/Mar\u00eda-Ruiz-Paco-Mejorada-.png\" alt=\"Mar\u00eda Ruiz, Paco Mejorada, Miguel Tugores, Luis Cansino e Ignacio Garc\u00eda. Foto: \u00a9 patrimonioactual.com\" width=\"615\" height=\"461\" srcset=\"https:\/\/patrimonioactual.com\/page\/wp-content\/uploads\/2017\/07\/Mar\u00eda-Ruiz-Paco-Mejorada-.png 615w, https:\/\/patrimonioactual.com\/page\/wp-content\/uploads\/2017\/07\/Mar\u00eda-Ruiz-Paco-Mejorada--300x225.png 300w\" sizes=\"auto, (max-width: 615px) 100vw, 615px\" \/><\/a><\/p>\n<h2 style=\"text-align: justify;\"><strong>Otra vez, el Palacio Ducal de Medinaceli <\/strong><strong>(Soria [Espa\u00f1a]),<\/strong> <strong>es el lugar elegido para representar el pr\u00f3ximo 5 de agosto, un nuevo Nabucco que produce la compa\u00f1\u00eda El Tel\u00f3n bajo la direcci\u00f3n de escena de Ignacio Garc\u00eda, y Paco Mejorada en la direcci\u00f3n art\u00edstica<\/strong><\/h2>\n<p>En la presentaci\u00f3n a los medios de comunicaci\u00f3n estuvieron presentes Miguel Tugores (Presidente de la Fundaci\u00f3n Dearte), Francisco Mejorada (Director art\u00edstico del Festival \u00d3pera Medinaceli), \u00a0Virginia Gardyn (producciones Tel\u00f3n), Ignacio Garc\u00eda (director de escena), Luis Cansino (bar\u00edtono), y Mar\u00eda Ru\u00edz (soprano).<\/p>\n<p>En un excelente dialogo con los representantes de los distintos medios de comunicaci\u00f3n, se hablo de las dificultades que representan el realizar obras de esta envergadura sin ning\u00fan tipo de apoyo, y la voluntad del equipo directivo de llevar a cabo este tipo de festivales. Los artistas citados hablaron del montaje que se va a realizar, una mezcla de moderno y cl\u00e1sico y las dificultades de los papeles que interpretan.<\/p>\n<p>Pero lo que est\u00e1 claro es que para poder asistir a una buena \u00f3pera, ya no nos tenemos que desplazar a los grandes teatros l\u00edricos del mundo. El trabajo, esfuerzo, la magn\u00edfica elecci\u00f3n de los directores, cantantes y, el buen criterio a la hora de elegir buenos t\u00edtulos, hacen que este Festival de \u00d3pera de Medinaceli sea uno de los m\u00e1s interesantes de los que se celebran en Espa\u00f1a y, adem\u00e1s, en un marco incomparable, donde el espectador asiste a un lugar tan emblem\u00e1tico como es el Palacio Ducal de Medinaceli, para poder disfrutar de una excelente velada oper\u00edstica.<\/p>\n<p>El tel\u00f3n del Festival de \u00d3pera de Medinaceli se abri\u00f3 en su primera edici\u00f3n con Don Pascuale, de Gaetano Donizetti, en la segunda pudimos ver La Traviata, de Giuseppe Verdi y, el a\u00f1o pasado se puso en escena Madama Butterfly, de Giacomo Puccini, todas ellas con excelentes interpretaciones.<\/p>\n<p>Miguel Tugores coment\u00f3 que una de las razones para poner en marcha el Festival de \u00d3pera de Medinaceli, es la de llevar la cultura a una zona con gran potencial para la realizaci\u00f3n de eventos culturales. Nadie pensaba que el Festival pod\u00eda sobrevivir y, cuatro a\u00f1os despu\u00e9s, estamos cada d\u00eda m\u00e1s valorados y contamos con m\u00e1s apoyos y, no precisamente econ\u00f3micos, sino por la voluntad y empe\u00f1o de personas como <a href=\"http:\/\/patrimonioactual.com\/page\/?s=Paco+Mejorada\">Paco Mejorada<\/a>, Yolanda y, muchos cantantes y profesionales del mundo de la \u00f3pera que han colaborado, incluso, sin cobrar. El p\u00fablico que asista a Medinaceli, se encontrar\u00e1 en un palacio renacentista que dise\u00f1\u00f3 Juan G\u00f3mez de Mora, el mismo que proyect\u00f3 la Plaza Mayor de Madrid. Los Duques de Medinaceli mandaron construir hace cuatrocientos a\u00f1os tan magn\u00edfico palacio, un lugar m\u00e1gico para cualquier espectador y, sobre todo, para los artistas.<\/p>\n<p>La puesta en escena del prestigioso director <a href=\"http:\/\/patrimonioactual.com\/page\/llega-la-ultima-produccion-la-presente-temporada-teatro-la-zarzuela-marina\/\">Ignacio Garc\u00eda<\/a>, con gran fidelidad al texto original, \u00a0sit\u00faa la trama en la Siria actual, en las ruinas de Palmira, poniendo de relieve el conflicto pol\u00edtico y religioso que esta guerra de culturas y civilizaciones arrastra desde hace siglos, lo fundamental de esta \u00f3pera es para Ignacio Garc\u00eda la manipulaci\u00f3n de los medios de comunicaci\u00f3n y la fanatizaci\u00f3n de la sociedad. \u00a0Se puede decir que Nabucco est\u00e1 de plena actualidad, en la que el director de escena ha querido trasladar los acontecimientos a la \u00e9poca actual, como si el tiempo desde su estreno, el 9 de marzo de 1842 en la Scala de Mil\u00e1n, no hubiera pasado. Ignacio Garc\u00eda presenta una puesta en escena espectacular que no dejar\u00e1 indiferente a nadie, apostando por un est\u00e1ndar de calidad muy alto sin quitar nada a la obra de Verdi, que expliqu\u00e9 lo que somos hoy d\u00eda y mostrar la terrible realidad en la que nos encontramos. \u00a0Pero Ignacio Garc\u00eda quiere que la \u00f3pera se pueda ver en lugares que por motivos de poblaci\u00f3n y presupuestos no es posible. En Alemania, Italia, Austria o el Reino Unido, la \u00f3pera se puede disfrutar a lo largo y ancho de los distintos pa\u00edses, sin necesidad de centrarlo en cinco o seis ciudades como ocurre en Espa\u00f1a.<\/p>\n<p><a href=\"http:\/\/patrimonioactual.com\/page\/?s=Luis+Cansino+\">Luis Cansino<\/a> (bar\u00edtono) Nabucco, que ha actuado en los mejores teatros del mundo, nos coment\u00f3 que tienen la obligaci\u00f3n de poner el talento a disposici\u00f3n de todos los espectadores y, no solo, circunscribirse a los grandes escenarios, por tal motivo, est\u00e1 encantado de poder hacer Nabucco en el Festival de \u00d3pera de Medinaceli. Los elementos fundamentales para llevar a buen t\u00e9rmino una \u00f3pera como Nabucco, continua Cansino, estriba en una buena producci\u00f3n y realizaci\u00f3n, la buena elecci\u00f3n de los artistas y la colaboraci\u00f3n de los medios de comunicaci\u00f3n para dar una buena cobertura informativa de la \u00f3pera.<\/p>\n<p>Mar\u00eda Ru\u00edz (soprano) Abigaille, afirma que el personaje que ella interpreta tiene una gran dificultad t\u00e9cnica, no solo vocalmente por los grandes contrastes y su tesitura a veces muy complicada, adem\u00e1s, el personaje de Abigaille es muy complejo porque es como una especie de dualidad que se mantiene durante toda la \u00f3pera.<\/p>\n<p><strong>FUNDACI\u00d3N DEARTE<\/strong><\/p>\n<p>La <a href=\"http:\/\/www.dearte.info\/_dearte\/index.php\">Fundaci\u00f3n DEARTE<\/a>, fomenta el Arte y la Cultura de Espa\u00f1a y en este caso resaltamos la presentaci\u00f3n del IV Festival \u00d3pera Medinaceli, que tiene lugar en su sede del Palacio Ducal de Medinaceli (Soria).<\/p>\n<p><strong>PRODUCCI\u00d3NES TEL\u00d3N\u00a0<\/strong><\/p>\n<p>La \u00f3pera NABUCCO, bajo la direcci\u00f3n de escena de Ignacio Garc\u00eda, hace que <a href=\"https:\/\/www.produccionestelon.com\/\">PRODUCCIONES TELON<\/a> lleve a cabo su mejor y mayor producci\u00f3n de \u00d3pera hasta ahora.<\/p>\n<p>Con la brillante escenograf\u00eda de Alejandro Contreras y el vestuario de Ana Ramos, la magistral direcci\u00f3n de Ignacio Garc\u00eda sit\u00faa la trama en la actual guerra de Siria, en las ruinas de Palmira, y pone de relieve el conflicto pol\u00edtico y religioso que esta guerra de culturas y civilizaciones arrastra desde hace siglos. Con una coherencia art\u00edstica innegable se presenta una versi\u00f3n respetuosa con la concepci\u00f3n dram\u00e1tica del texto original, un verdadero acierto.<\/p>\n<p>La intensidad y brillantez de los momentos musicales m\u00e1s famosos de esta \u00f3pera, como el coro de esclavos <em>Va pensiero<\/em> o el concertante <em>S\u00b4apresa l\u00b4istante<\/em> adquieren una especial emoci\u00f3n en esta versi\u00f3n de Ignacio Garc\u00eda, que desarrolla toda su labor con una especial sensibilidad y promueve lo que denominamos CULTURA con may\u00fasculas.<\/p>\n<p><strong>Ficha art\u00edstica<\/strong><\/p>\n<p>Nabucco (bar\u00edtono) Luis Cansino<\/p>\n<p>Abigaille (soprano) Mar\u00eda Ru\u00edz<\/p>\n<p>Fenena (mezzosoprano) Pilar Belaval<\/p>\n<p>Ismaele (tenor) Javier Agull\u00f3<\/p>\n<p>Anna (soprano) Estefan\u00eda Ariza<\/p>\n<p>Coro y Orquesta Filarmon\u00eda<\/p>\n<p>Director\u00a0 de escena: Ignacio Garc\u00eda\/ David Martel<\/p>\n<p>Director musical: Pascual Osa<\/p>\n<p>Escenograf\u00eda: Alejandro Contreras<\/p>\n<p>Vestuario: Ana Ram\u00edrez<\/p>\n<p><strong>Datos de inter\u00e9s<\/strong><\/p>\n<p>S\u00e1bado 5 de agosto de 2017.- 22 horas<\/p>\n<p>Lugar: Plaza Mayor, 4.- \u00a0Palacio Ducal de Medinaceli (Soria-Espa\u00f1a).<\/p>\n<p>M\u00e1s informaci\u00f3n: 975326498<\/p>\n<p><strong>Aforo: 200 espectadores.<\/strong><\/p>\n<p><a href=\"mailto:dearte@dearte.info\">dearte@dearte.info<\/a><\/p>\n<p><a href=\"http:\/\/www.dearte.info\">www.dearte.info<\/a><\/p>\n<p>A 151 km. desde Madrid. 80 Km. desde Soria. 50 Km. desde Guadalajara<\/p>\n","protected":false},"excerpt":{"rendered":"<p>Otra vez, el Palacio Ducal de Medinaceli (Soria [Espa\u00f1a]), es el lugar elegido para representar el pr\u00f3ximo 5 de agosto, un nuevo Nabucco que produce la compa\u00f1\u00eda El Tel\u00f3n bajo la direcci\u00f3n de escena de Ignacio Garc\u00eda, y Paco Mejorada en la direcci\u00f3n art\u00edstica En la presentaci\u00f3n a los medios de comunicaci\u00f3n estuvieron presentes Miguel [&hellip;]<\/p>\n","protected":false},"author":1,"featured_media":0,"comment_status":"open","ping_status":"open","sticky":false,"template":"","format":"standard","meta":{"footnotes":""},"categories":[20,4,39],"tags":[2483,4968,4969,1355],"class_list":["post-11603","post","type-post","status-publish","format-standard","category-edificios-con-encanto","category-patrimonio-turistico-cultural","category-ultimas-noticias","tag-festival","tag-medinaceli","tag-nabucco","tag-opera"],"yoast_head":"<!-- This site is optimized with the Yoast SEO plugin v27.4 - https:\/\/yoast.com\/product\/yoast-seo-wordpress\/ -->\n<title>Se presenta en Madrid el IV Festival de \u00d3pera de Medinaceli que ofrecer\u00e1 Nabucco de Giuseppe Verdi - Patrimonio Actual, ciudades, sitios y espacios naturales declarados Patrimonio de la Humanidad por la UNESCO<\/title>\n<meta name=\"robots\" content=\"index, follow, max-snippet:-1, max-image-preview:large, max-video-preview:-1\" \/>\n<link rel=\"canonical\" href=\"https:\/\/patrimonioactual.com\/page\/se-presenta-madrid-iv-festival-opera-medinaceli-ofrecera-nabucco-giuseppe-verdi\/\" \/>\n<meta property=\"og:locale\" content=\"es_ES\" \/>\n<meta property=\"og:type\" content=\"article\" \/>\n<meta property=\"og:title\" content=\"Se presenta en Madrid el IV Festival de \u00d3pera de Medinaceli que ofrecer\u00e1 Nabucco de Giuseppe Verdi - Patrimonio Actual, ciudades, sitios y espacios naturales declarados Patrimonio de la Humanidad por la UNESCO\" \/>\n<meta property=\"og:description\" content=\"Otra vez, el Palacio Ducal de Medinaceli (Soria [Espa\u00f1a]), es el lugar elegido para representar el pr\u00f3ximo 5 de agosto, un nuevo Nabucco que produce la compa\u00f1\u00eda El Tel\u00f3n bajo la direcci\u00f3n de escena de Ignacio Garc\u00eda, y Paco Mejorada en la direcci\u00f3n art\u00edstica En la presentaci\u00f3n a los medios de comunicaci\u00f3n estuvieron presentes Miguel [&hellip;]\" \/>\n<meta property=\"og:url\" content=\"https:\/\/patrimonioactual.com\/page\/se-presenta-madrid-iv-festival-opera-medinaceli-ofrecera-nabucco-giuseppe-verdi\/\" \/>\n<meta property=\"og:site_name\" content=\"Patrimonio Actual, ciudades, sitios y espacios naturales declarados Patrimonio de la Humanidad por la UNESCO\" \/>\n<meta property=\"article:publisher\" content=\"https:\/\/www.facebook.com\/P.actual\" \/>\n<meta property=\"article:author\" content=\"http:\/\/facebook.com\/patrimonio.actual\" \/>\n<meta property=\"article:published_time\" content=\"2017-07-17T08:15:50+00:00\" \/>\n<meta property=\"article:modified_time\" content=\"2017-07-17T08:15:51+00:00\" \/>\n<meta property=\"og:image\" content=\"http:\/\/patrimonioactual.com\/page\/wp-content\/uploads\/2017\/07\/Mar\u00eda-Ruiz-Paco-Mejorada-.png\" \/>\n<meta name=\"author\" content=\"admin\" \/>\n<meta name=\"twitter:card\" content=\"summary_large_image\" \/>\n<meta name=\"twitter:creator\" content=\"@P_actual\" \/>\n<meta name=\"twitter:site\" content=\"@P_actual\" \/>\n<meta name=\"twitter:label1\" content=\"Escrito por\" \/>\n\t<meta name=\"twitter:data1\" content=\"admin\" \/>\n\t<meta name=\"twitter:label2\" content=\"Tiempo de lectura\" \/>\n\t<meta name=\"twitter:data2\" content=\"6 minutos\" \/>\n<script type=\"application\/ld+json\" class=\"yoast-schema-graph\">{\"@context\":\"https:\\\/\\\/schema.org\",\"@graph\":[{\"@type\":\"Article\",\"@id\":\"https:\\\/\\\/patrimonioactual.com\\\/page\\\/se-presenta-madrid-iv-festival-opera-medinaceli-ofrecera-nabucco-giuseppe-verdi\\\/#article\",\"isPartOf\":{\"@id\":\"https:\\\/\\\/patrimonioactual.com\\\/page\\\/se-presenta-madrid-iv-festival-opera-medinaceli-ofrecera-nabucco-giuseppe-verdi\\\/\"},\"author\":{\"name\":\"admin\",\"@id\":\"https:\\\/\\\/patrimonioactual.com\\\/page\\\/#\\\/schema\\\/person\\\/76850d24a9bd508e8e44db1faeab630e\"},\"headline\":\"Se presenta en Madrid el IV Festival de \u00d3pera de Medinaceli que ofrecer\u00e1 Nabucco de Giuseppe Verdi\",\"datePublished\":\"2017-07-17T08:15:50+00:00\",\"dateModified\":\"2017-07-17T08:15:51+00:00\",\"mainEntityOfPage\":{\"@id\":\"https:\\\/\\\/patrimonioactual.com\\\/page\\\/se-presenta-madrid-iv-festival-opera-medinaceli-ofrecera-nabucco-giuseppe-verdi\\\/\"},\"wordCount\":1208,\"commentCount\":0,\"keywords\":[\"Festival\",\"Medinaceli\",\"Nabucco\",\"\u00f3pera\"],\"articleSection\":[\"Edificios con Encanto\",\"Patrimonio Turistico Cultural\",\"\u00daltimas Noticias\"],\"inLanguage\":\"es\",\"potentialAction\":[{\"@type\":\"CommentAction\",\"name\":\"Comment\",\"target\":[\"https:\\\/\\\/patrimonioactual.com\\\/page\\\/se-presenta-madrid-iv-festival-opera-medinaceli-ofrecera-nabucco-giuseppe-verdi\\\/#respond\"]}]},{\"@type\":\"WebPage\",\"@id\":\"https:\\\/\\\/patrimonioactual.com\\\/page\\\/se-presenta-madrid-iv-festival-opera-medinaceli-ofrecera-nabucco-giuseppe-verdi\\\/\",\"url\":\"https:\\\/\\\/patrimonioactual.com\\\/page\\\/se-presenta-madrid-iv-festival-opera-medinaceli-ofrecera-nabucco-giuseppe-verdi\\\/\",\"name\":\"Se presenta en Madrid el IV Festival de \u00d3pera de Medinaceli que ofrecer\u00e1 Nabucco de Giuseppe Verdi - Patrimonio Actual, ciudades, sitios y espacios naturales declarados Patrimonio de la Humanidad por la UNESCO\",\"isPartOf\":{\"@id\":\"https:\\\/\\\/patrimonioactual.com\\\/page\\\/#website\"},\"datePublished\":\"2017-07-17T08:15:50+00:00\",\"dateModified\":\"2017-07-17T08:15:51+00:00\",\"author\":{\"@id\":\"https:\\\/\\\/patrimonioactual.com\\\/page\\\/#\\\/schema\\\/person\\\/76850d24a9bd508e8e44db1faeab630e\"},\"breadcrumb\":{\"@id\":\"https:\\\/\\\/patrimonioactual.com\\\/page\\\/se-presenta-madrid-iv-festival-opera-medinaceli-ofrecera-nabucco-giuseppe-verdi\\\/#breadcrumb\"},\"inLanguage\":\"es\",\"potentialAction\":[{\"@type\":\"ReadAction\",\"target\":[\"https:\\\/\\\/patrimonioactual.com\\\/page\\\/se-presenta-madrid-iv-festival-opera-medinaceli-ofrecera-nabucco-giuseppe-verdi\\\/\"]}]},{\"@type\":\"BreadcrumbList\",\"@id\":\"https:\\\/\\\/patrimonioactual.com\\\/page\\\/se-presenta-madrid-iv-festival-opera-medinaceli-ofrecera-nabucco-giuseppe-verdi\\\/#breadcrumb\",\"itemListElement\":[{\"@type\":\"ListItem\",\"position\":1,\"name\":\"Portada\",\"item\":\"https:\\\/\\\/patrimonioactual.com\\\/page\\\/\"},{\"@type\":\"ListItem\",\"position\":2,\"name\":\"Se presenta en Madrid el IV Festival de \u00d3pera de Medinaceli que ofrecer\u00e1 Nabucco de Giuseppe Verdi\"}]},{\"@type\":\"WebSite\",\"@id\":\"https:\\\/\\\/patrimonioactual.com\\\/page\\\/#website\",\"url\":\"https:\\\/\\\/patrimonioactual.com\\\/page\\\/\",\"name\":\"Patrimonio Actual, ciudades, sitios y espacios naturales declarados Patrimonio de la Humanidad por la UNESCO\",\"description\":\"Revista digital que busca informar a un p\u00fablico objetivo amplio, de los acontecimientos mundiales que se producen en torno a la informaci\u00f3n del patrimonio cultural, natural, inmaterial y tur\u00edstico-cultural de ciudades y espacios naturales, Patrimonio de la Humanidad declarados por la UNESCO.\",\"potentialAction\":[{\"@type\":\"SearchAction\",\"target\":{\"@type\":\"EntryPoint\",\"urlTemplate\":\"https:\\\/\\\/patrimonioactual.com\\\/page\\\/?s={search_term_string}\"},\"query-input\":{\"@type\":\"PropertyValueSpecification\",\"valueRequired\":true,\"valueName\":\"search_term_string\"}}],\"inLanguage\":\"es\"},{\"@type\":\"Person\",\"@id\":\"https:\\\/\\\/patrimonioactual.com\\\/page\\\/#\\\/schema\\\/person\\\/76850d24a9bd508e8e44db1faeab630e\",\"name\":\"admin\",\"image\":{\"@type\":\"ImageObject\",\"inLanguage\":\"es\",\"@id\":\"https:\\\/\\\/secure.gravatar.com\\\/avatar\\\/48168d7e7932867b9131639a989484f6c50ddc0e7a6d380e506072a10e5df39d?s=96&d=mm&r=g\",\"url\":\"https:\\\/\\\/secure.gravatar.com\\\/avatar\\\/48168d7e7932867b9131639a989484f6c50ddc0e7a6d380e506072a10e5df39d?s=96&d=mm&r=g\",\"contentUrl\":\"https:\\\/\\\/secure.gravatar.com\\\/avatar\\\/48168d7e7932867b9131639a989484f6c50ddc0e7a6d380e506072a10e5df39d?s=96&d=mm&r=g\",\"caption\":\"admin\"},\"sameAs\":[\"http:\\\/\\\/facebook.com\\\/patrimonio.actual\",\"https:\\\/\\\/x.com\\\/P_actual\"],\"url\":\"https:\\\/\\\/patrimonioactual.com\\\/page\\\/author\\\/juan\\\/\"}]}<\/script>\n<!-- \/ Yoast SEO plugin. -->","yoast_head_json":{"title":"Se presenta en Madrid el IV Festival de \u00d3pera de Medinaceli que ofrecer\u00e1 Nabucco de Giuseppe Verdi - Patrimonio Actual, ciudades, sitios y espacios naturales declarados Patrimonio de la Humanidad por la UNESCO","robots":{"index":"index","follow":"follow","max-snippet":"max-snippet:-1","max-image-preview":"max-image-preview:large","max-video-preview":"max-video-preview:-1"},"canonical":"https:\/\/patrimonioactual.com\/page\/se-presenta-madrid-iv-festival-opera-medinaceli-ofrecera-nabucco-giuseppe-verdi\/","og_locale":"es_ES","og_type":"article","og_title":"Se presenta en Madrid el IV Festival de \u00d3pera de Medinaceli que ofrecer\u00e1 Nabucco de Giuseppe Verdi - Patrimonio Actual, ciudades, sitios y espacios naturales declarados Patrimonio de la Humanidad por la UNESCO","og_description":"Otra vez, el Palacio Ducal de Medinaceli (Soria [Espa\u00f1a]), es el lugar elegido para representar el pr\u00f3ximo 5 de agosto, un nuevo Nabucco que produce la compa\u00f1\u00eda El Tel\u00f3n bajo la direcci\u00f3n de escena de Ignacio Garc\u00eda, y Paco Mejorada en la direcci\u00f3n art\u00edstica En la presentaci\u00f3n a los medios de comunicaci\u00f3n estuvieron presentes Miguel [&hellip;]","og_url":"https:\/\/patrimonioactual.com\/page\/se-presenta-madrid-iv-festival-opera-medinaceli-ofrecera-nabucco-giuseppe-verdi\/","og_site_name":"Patrimonio Actual, ciudades, sitios y espacios naturales declarados Patrimonio de la Humanidad por la UNESCO","article_publisher":"https:\/\/www.facebook.com\/P.actual","article_author":"http:\/\/facebook.com\/patrimonio.actual","article_published_time":"2017-07-17T08:15:50+00:00","article_modified_time":"2017-07-17T08:15:51+00:00","og_image":[{"url":"http:\/\/patrimonioactual.com\/page\/wp-content\/uploads\/2017\/07\/Mar\u00eda-Ruiz-Paco-Mejorada-.png","type":"","width":"","height":""}],"author":"admin","twitter_card":"summary_large_image","twitter_creator":"@P_actual","twitter_site":"@P_actual","twitter_misc":{"Escrito por":"admin","Tiempo de lectura":"6 minutos"},"schema":{"@context":"https:\/\/schema.org","@graph":[{"@type":"Article","@id":"https:\/\/patrimonioactual.com\/page\/se-presenta-madrid-iv-festival-opera-medinaceli-ofrecera-nabucco-giuseppe-verdi\/#article","isPartOf":{"@id":"https:\/\/patrimonioactual.com\/page\/se-presenta-madrid-iv-festival-opera-medinaceli-ofrecera-nabucco-giuseppe-verdi\/"},"author":{"name":"admin","@id":"https:\/\/patrimonioactual.com\/page\/#\/schema\/person\/76850d24a9bd508e8e44db1faeab630e"},"headline":"Se presenta en Madrid el IV Festival de \u00d3pera de Medinaceli que ofrecer\u00e1 Nabucco de Giuseppe Verdi","datePublished":"2017-07-17T08:15:50+00:00","dateModified":"2017-07-17T08:15:51+00:00","mainEntityOfPage":{"@id":"https:\/\/patrimonioactual.com\/page\/se-presenta-madrid-iv-festival-opera-medinaceli-ofrecera-nabucco-giuseppe-verdi\/"},"wordCount":1208,"commentCount":0,"keywords":["Festival","Medinaceli","Nabucco","\u00f3pera"],"articleSection":["Edificios con Encanto","Patrimonio Turistico Cultural","\u00daltimas Noticias"],"inLanguage":"es","potentialAction":[{"@type":"CommentAction","name":"Comment","target":["https:\/\/patrimonioactual.com\/page\/se-presenta-madrid-iv-festival-opera-medinaceli-ofrecera-nabucco-giuseppe-verdi\/#respond"]}]},{"@type":"WebPage","@id":"https:\/\/patrimonioactual.com\/page\/se-presenta-madrid-iv-festival-opera-medinaceli-ofrecera-nabucco-giuseppe-verdi\/","url":"https:\/\/patrimonioactual.com\/page\/se-presenta-madrid-iv-festival-opera-medinaceli-ofrecera-nabucco-giuseppe-verdi\/","name":"Se presenta en Madrid el IV Festival de \u00d3pera de Medinaceli que ofrecer\u00e1 Nabucco de Giuseppe Verdi - Patrimonio Actual, ciudades, sitios y espacios naturales declarados Patrimonio de la Humanidad por la UNESCO","isPartOf":{"@id":"https:\/\/patrimonioactual.com\/page\/#website"},"datePublished":"2017-07-17T08:15:50+00:00","dateModified":"2017-07-17T08:15:51+00:00","author":{"@id":"https:\/\/patrimonioactual.com\/page\/#\/schema\/person\/76850d24a9bd508e8e44db1faeab630e"},"breadcrumb":{"@id":"https:\/\/patrimonioactual.com\/page\/se-presenta-madrid-iv-festival-opera-medinaceli-ofrecera-nabucco-giuseppe-verdi\/#breadcrumb"},"inLanguage":"es","potentialAction":[{"@type":"ReadAction","target":["https:\/\/patrimonioactual.com\/page\/se-presenta-madrid-iv-festival-opera-medinaceli-ofrecera-nabucco-giuseppe-verdi\/"]}]},{"@type":"BreadcrumbList","@id":"https:\/\/patrimonioactual.com\/page\/se-presenta-madrid-iv-festival-opera-medinaceli-ofrecera-nabucco-giuseppe-verdi\/#breadcrumb","itemListElement":[{"@type":"ListItem","position":1,"name":"Portada","item":"https:\/\/patrimonioactual.com\/page\/"},{"@type":"ListItem","position":2,"name":"Se presenta en Madrid el IV Festival de \u00d3pera de Medinaceli que ofrecer\u00e1 Nabucco de Giuseppe Verdi"}]},{"@type":"WebSite","@id":"https:\/\/patrimonioactual.com\/page\/#website","url":"https:\/\/patrimonioactual.com\/page\/","name":"Patrimonio Actual, ciudades, sitios y espacios naturales declarados Patrimonio de la Humanidad por la UNESCO","description":"Revista digital que busca informar a un p\u00fablico objetivo amplio, de los acontecimientos mundiales que se producen en torno a la informaci\u00f3n del patrimonio cultural, natural, inmaterial y tur\u00edstico-cultural de ciudades y espacios naturales, Patrimonio de la Humanidad declarados por la UNESCO.","potentialAction":[{"@type":"SearchAction","target":{"@type":"EntryPoint","urlTemplate":"https:\/\/patrimonioactual.com\/page\/?s={search_term_string}"},"query-input":{"@type":"PropertyValueSpecification","valueRequired":true,"valueName":"search_term_string"}}],"inLanguage":"es"},{"@type":"Person","@id":"https:\/\/patrimonioactual.com\/page\/#\/schema\/person\/76850d24a9bd508e8e44db1faeab630e","name":"admin","image":{"@type":"ImageObject","inLanguage":"es","@id":"https:\/\/secure.gravatar.com\/avatar\/48168d7e7932867b9131639a989484f6c50ddc0e7a6d380e506072a10e5df39d?s=96&d=mm&r=g","url":"https:\/\/secure.gravatar.com\/avatar\/48168d7e7932867b9131639a989484f6c50ddc0e7a6d380e506072a10e5df39d?s=96&d=mm&r=g","contentUrl":"https:\/\/secure.gravatar.com\/avatar\/48168d7e7932867b9131639a989484f6c50ddc0e7a6d380e506072a10e5df39d?s=96&d=mm&r=g","caption":"admin"},"sameAs":["http:\/\/facebook.com\/patrimonio.actual","https:\/\/x.com\/P_actual"],"url":"https:\/\/patrimonioactual.com\/page\/author\/juan\/"}]}},"_links":{"self":[{"href":"https:\/\/patrimonioactual.com\/page\/wp-json\/wp\/v2\/posts\/11603","targetHints":{"allow":["GET"]}}],"collection":[{"href":"https:\/\/patrimonioactual.com\/page\/wp-json\/wp\/v2\/posts"}],"about":[{"href":"https:\/\/patrimonioactual.com\/page\/wp-json\/wp\/v2\/types\/post"}],"author":[{"embeddable":true,"href":"https:\/\/patrimonioactual.com\/page\/wp-json\/wp\/v2\/users\/1"}],"replies":[{"embeddable":true,"href":"https:\/\/patrimonioactual.com\/page\/wp-json\/wp\/v2\/comments?post=11603"}],"version-history":[{"count":4,"href":"https:\/\/patrimonioactual.com\/page\/wp-json\/wp\/v2\/posts\/11603\/revisions"}],"predecessor-version":[{"id":11609,"href":"https:\/\/patrimonioactual.com\/page\/wp-json\/wp\/v2\/posts\/11603\/revisions\/11609"}],"wp:attachment":[{"href":"https:\/\/patrimonioactual.com\/page\/wp-json\/wp\/v2\/media?parent=11603"}],"wp:term":[{"taxonomy":"category","embeddable":true,"href":"https:\/\/patrimonioactual.com\/page\/wp-json\/wp\/v2\/categories?post=11603"},{"taxonomy":"post_tag","embeddable":true,"href":"https:\/\/patrimonioactual.com\/page\/wp-json\/wp\/v2\/tags?post=11603"}],"curies":[{"name":"wp","href":"https:\/\/api.w.org\/{rel}","templated":true}]}}