{"id":13537,"date":"2018-08-08T12:53:54","date_gmt":"2018-08-08T10:53:54","guid":{"rendered":"http:\/\/patrimonioactual.com\/page\/?p=13537"},"modified":"2018-08-08T12:53:54","modified_gmt":"2018-08-08T10:53:54","slug":"rigoletto-verdi-protagonista-del-v-festival-lirico-medinaceli","status":"publish","type":"post","link":"https:\/\/patrimonioactual.com\/page\/rigoletto-verdi-protagonista-del-v-festival-lirico-medinaceli\/","title":{"rendered":"Rigoletto de Verdi protagonista del V Festival L\u00edrico de Medinaceli"},"content":{"rendered":"<h2><a href=\"http:\/\/patrimonioactual.com\/page\/rigoletto-verdi-protagonista-del-v-festival-lirico-medinaceli\/medinaceli-plaza-festival1\/\" rel=\"attachment wp-att-13538\"><img loading=\"lazy\" decoding=\"async\" class=\"Palacio Ducal de Medinaceli, Soria (Espa\u00f1a). Foto: \u00a9 patrimonioactual.com aligncenter wp-image-13538 size-full\" title=\"Palacio Ducal de Medinaceli, Soria (Espa\u00f1a). Foto: \u00a9 patrimonioactual.com\" src=\"http:\/\/patrimonioactual.com\/page\/wp-content\/uploads\/2018\/08\/MEDINACELI-PLAZA-FESTIVAL1.jpg\" alt=\"\" width=\"615\" height=\"461\" srcset=\"https:\/\/patrimonioactual.com\/page\/wp-content\/uploads\/2018\/08\/MEDINACELI-PLAZA-FESTIVAL1.jpg 615w, https:\/\/patrimonioactual.com\/page\/wp-content\/uploads\/2018\/08\/MEDINACELI-PLAZA-FESTIVAL1-300x225.jpg 300w, https:\/\/patrimonioactual.com\/page\/wp-content\/uploads\/2018\/08\/MEDINACELI-PLAZA-FESTIVAL1-45x35.jpg 45w\" sizes=\"auto, (max-width: 615px) 100vw, 615px\" \/><\/a><\/h2>\n<h2><strong>Un a\u00f1o m\u00e1s, el Palacio Ducal de Medinaceli (Soria) sera el escenario de la V edici\u00f3n del Festival L\u00edrico con la representanci\u00f3n de la \u00f3pera de Verdi Rigoletto a la que s\u00f3lo podr\u00e1n asistir 300 espectadores<\/strong><\/h2>\n<p>La Fundaci\u00f3n DEARTE Contempor\u00e1neo, en colaboraci\u00f3n con el Ayuntamiento de (<em>Medinaceli-Soria [Espa\u00f1a])<\/em>, impulsa desde el a\u00f1o 2008 un ambicioso proyecto cultural en la Villa organizando conciertos, exposiciones de arte y diversos eventos sociales. Desde 2014, con Don Pasquale comenz\u00f3 la andadura l\u00edrica medinense y ha continuado, a\u00f1o tras a\u00f1o, con La Traviata, Madama Butterflay, Nabucco y, el pr\u00f3ximo s\u00e1bado d\u00eda 11 de agosto, el V aniversario con Rigoletto.<\/p>\n<p>En paralelo, el <a href=\"http:\/\/patrimonioactual.com\/page\/se-presenta-madrid-iv-festival-opera-medinaceli-ofrecera-nabucco-giuseppe-verdi\/\">Festival L\u00edrico Medinaceli<\/a>, organiza desde su nacimiento el \u00abConcurso de canto\u00bb. Compuesto por un prestigioso jurado, que\u00a0selecciona y premia a relevantes j\u00f3venes cuyas carreras avanzan con \u00e9xito en los m\u00e1s selectos\u00a0escenarios de la l\u00edrica internacional.<\/p>\n<p>La \u00f3pera Rigoletto de Giuseppe Verdi es una \u00f3pera en tres actos con libreto de Francisco Mar\u00eda Piave basado en la obra \u201cLe roi s\u00b4amuse\u201d de Victor Hugo.<\/p>\n<p>Es un drama de pasi\u00f3n y enga\u00f1o que tiene como protagonista a Rigoletto, el buf\u00f3n jorobado de la corte del Ducado de Mantua al que Verdi convertir\u00e1 en un ser dividido entre su odio hacia un poder corrupto y su enfermizo amor por una hija que caer\u00e1 victima de todas las conspiraciones que \u00e9l mismo ha fomentado. Su estreno en 1851 en el teatro La Fenice de Venecia fue un triunfo completo, especialmente el aria c\u00ednica del Duque. \u201c<a href=\"https:\/\/www.youtube.com\/watch?v=8A3zetSuYRg\">La donna \u00e8 mobile<\/a>\u201d que se cantaba por las calles de Venecia al d\u00eda siguiente.<\/p>\n<p>Un equipo art\u00edstico de primer nivel ser\u00e1 el encargado de realizar la puesta en escena encabezado por <a href=\"http:\/\/patrimonioactual.com\/page\/?s=Ignacio+Garc%C3%ADa\">Ignacio Garc\u00eda<\/a>, actual director del Festival Internacional de Teatro Cl\u00e1sico de Almagro.<\/p>\n<p>El elenco protagonista se compone de Manuel Mas, Rigoletto; Fabian Lara, Duque de Mantu; Olena Stroia, Gilda; Cristian D\u00edaz, Sparafucile; Sandra Fern\u00e1ndez, Maddalena; Daniel Ba\u00f1ez, Monterone; Alicia Hervas, Condesa de Ceprano; Gonzalo Hortal, Conde de Ceprano; M\u00aa Carmen Ruiz, Paje; y Jos\u00e9 Mar\u00eda Garc\u00eda Bonillo, Usciere.<\/p>\n<p>La Orquesta Filarm\u00f3nica de La Mancha ser\u00e1 la encargada de dirigir la \u00f3pera con la direcci\u00f3n musical de Francisco Antonio Moya.<\/p>\n<p>El Coro Amao estar\u00e1 dirigido por Javier Benito Funes.<\/p>\n<h3><strong>Datos de inter\u00e9s<\/strong><\/h3>\n<p><strong>D\u00eda y hora del espect\u00e1culo:<\/strong> 11 agosto a las 22:00<\/p>\n<p><strong>Lugar:<\/strong> Plaza Mayor, Medinaceli, Espa\u00f1a, a 150 kil\u00f3metros de Madrid.<\/p>\n<p><strong>Precios de las entradas:<\/strong> Las tres primeras filas: 110 euros. Las tres intermedias 95 euros. Resto, 4 filas, 80 euros.<\/p>\n<p><strong>Otros datos<\/strong><\/p>\n<p><strong>Viernes 10 Entrega de Premios:<\/strong> V Concurso De Canto Un Futuro DEARTE <strong>Domingo 12 \u00d3pera para ni\u00f1os<\/strong>: Aforo limitado a 150 personas.<\/p>\n<h3><strong>CLUB DE AMIGOS FESTIVAL L\u00cdRICO MEDINACELI<\/strong><\/h3>\n<p>El <a href=\"https:\/\/www.festivalliricomedinaceli.com\/\">Festival L\u00edrico Medinaceli<\/a> y la Fundaci\u00f3n DEARTE Contempor\u00e1neo, promueven el arte y la cultura mediante acuerdo de colaboraci\u00f3n con el Ayuntamiento de Medinaceli, en el Palacio Ducal de la villa hist\u00f3rica de Medinaceli, con el objetivo de contribuir a dinamizar la Villa con un<\/p>\n<p>ambicioso programa de producciones l\u00edricas y exposiciones de arte moderno de primer orden.<\/p>\n<p>El Club de Amigos del Festival L\u00edrico, tiene como objetivo apoyar el festival de Medinaceli y el Concurso de Canto Un Futuro DEARTE, que organiza la Fundaci\u00f3n DEARTE Contempor\u00e1neo.<\/p>\n<p><strong>Objetivos<\/strong><\/p>\n<p>Conseguir la difusi\u00f3n de la \u00f3pera y la zarzuela, mediante la colaboraci\u00f3n con la Fundaci\u00f3n DEARTE, en los objetivos de promoci\u00f3n y apoyo a nuevos cantantes y, adem\u00e1s, colaborar con entidades de fines an\u00e1logos dedicados a la promoci\u00f3n social y cultural de las artes.<\/p>\n<p><strong>De los socios y sus ventajas<\/strong><\/p>\n<p>TODOS LOS ASOCIADOS PARTICIPARAN EN EL SORTEO ANUAL DE NAVIDAD DE UNA OBRA DE ARTE (valorada entre 600 y 2000 \u20ac) Y DE UN LOTE DE DOS ENTRADAS PARA LA \u00d3PERA DEL PR\u00d3XIMO FESTIVAL DE VERANO.<\/p>\n<p><strong>Socio Patrocinador<\/strong>\u00a0{entidad p\u00fablica o privada)<\/p>\n<p>Cuota anual desde 500\u20ac<\/p>\n<p>Ventajas:<\/p>\n<p>1) Entrada gratuita visita al Centro de Arte (Palacio Ducal).<\/p>\n<p>2) Descuento 20% en los Conciertos de Palacio<\/p>\n<p>3) Tres entradas gratuitas (a partir de m\u00e1s de 500\u20ac, el n\u00famero de entradas ser\u00e1 proporcional<\/p>\n<p>al aumento de la cuota)<\/p>\n<p>4) Descuento 20 % en la adquisici\u00f3n de obras de arte de la Fundaci\u00f3n DEARTE.<\/p>\n<p><strong>Socio Benefactor<\/strong>\u00a0{cuota superior a la m\u00ednima)<\/p>\n<p>M\u00ednimo 90\u20ac<\/p>\n<p>Ventajas:<\/p>\n<p>1) Entrada gratuita visita al Centro de Arte (Palacio Ducal).<\/p>\n<p>2) Descuento 10% en los Conciertos de Palacio y Festival L\u00edrico.<\/p>\n<p>3) Descuento 15% en la adquisici\u00f3n de obras de arte de la Fundaci\u00f3n DEARTE.<\/p>\n<p><strong>Socio Club<\/strong><\/p>\n<p>La cuota anual m\u00ednima es de 50\u20ac<\/p>\n<p>Ventajas<\/p>\n<p>1) Descuento 5 % en El Festival Lirico. Entrega de premios + \u00d3pera + \u00d3para para ni\u00f1os<\/p>\n<p>2) Descuento 1 O % en los Conciertos de Palacio y Festival L\u00edrico.<\/p>\n<p>3) Descuento 15 % en la adquisici\u00f3n de obras de arte de la Fundaci\u00f3n DEARTE<\/p>\n<p><strong>Socio Patrocinador VIP<\/strong><\/p>\n<p>1) (Definir aportaci\u00f3n. Para las ventajas contactar la organizaci\u00f3n)<\/p>\n<h3><strong>Sobre el Palacio Ducal de Medinaceli<\/strong><\/h3>\n<p>El <a href=\"http:\/\/patrimonioactual.com\/page\/?s=palacio+ducal+de+Medinaceli\">palacio ducal de Medinaceli<\/a> (Provincia de Soria, Espa\u00f1a) ocupa todo un lateral de la Plaza Mayor. Obra del siglo XVII, empez\u00f3 a construirse en 1625 por encargo del Duque de Medinaceli. Su arquitecto fue Juan G\u00f3mez de Mora sobrino de Francisco de Mora, con el que hab\u00eda trabajado en el Palacio Ducal de Lerma y con el que tiene un gran parecido.<\/p>\n<p><strong>Historia<\/strong><\/p>\n<p>El palacio es renacentista y fue construido a lo largo del siglo XVII como digna sede de la Casa de Medinaceli, cuyos escudos est\u00e1n dispuestos en la fachada. Cay\u00f3 en desuso ya durante el siglo XIX y se deterior\u00f3 hasta la ruina casi total, estado en el que estuvo durante d\u00e9cadas hasta que concluyeron parcialmente los trabajos de restauraci\u00f3n iniciados a finales de los a\u00f1os noventa. En diciembre de 2008 se inaugur\u00f3 un museo dedicado a exposiciones culturales, con diez salas que ocupan la pr\u00e1ctica totalidad de la planta baja del antiguo palacio. Declarado Bien de Inter\u00e9s Cultural en la categor\u00eda de Monumento el 1 de junio de 1979.<\/p>\n<p><strong>Descripci\u00f3n<\/strong><br \/>\nSe trata de un edificio renacentista estructurado en torno a un patio interior de dos pisos, y del que resalta su elegante y sim\u00e9trica sobriedad Su fachada de dos pisos flanqueada por dos torres se compone por una serie de balcones con frontones curvos que ordenan el conjunto y la puerta principal con el escudo de los Duques de Medinaceli, protegido por una cornisa. Las cubiertas fueron pensadas como en el palacio de Lerma, la Plaza Mayor y la Casa de la Villa de Madrid para ser realizadas en pizarra. Las torres, eliminadas en el siglo XIX y recuperadas en una restauraci\u00f3n posterior, estar\u00edan rematadas con chapiteles, adquiriendo mayor altura. En su interior puede visitarse diversos mosaicos romanos, como el encontrado en la Plaza Mayor, del siglo IV, con la Diosa Ceres como tema central y temas geom\u00e9tricos y animales enfrentados, o el encontrado en la calle San Gil, del siglo II, de teselas m\u00e1s peque\u00f1as y con motivos geom\u00e9tricos y animales fant\u00e1sticos.<\/p>\n<p><strong>S\u00edguenos en <a href=\"https:\/\/www.facebook.com\/P.actual\">Facebook<\/a> y <a href=\"https:\/\/twitter.com\/p_actual\">Twitter<\/a><\/strong><\/p>\n","protected":false},"excerpt":{"rendered":"<p>Un a\u00f1o m\u00e1s, el Palacio Ducal de Medinaceli (Soria) sera el escenario de la V edici\u00f3n del Festival L\u00edrico con la representanci\u00f3n de la \u00f3pera de Verdi Rigoletto a la que s\u00f3lo podr\u00e1n asistir 300 espectadores La Fundaci\u00f3n DEARTE Contempor\u00e1neo, en colaboraci\u00f3n con el Ayuntamiento de (Medinaceli-Soria [Espa\u00f1a]), impulsa desde el a\u00f1o 2008 un ambicioso [&hellip;]<\/p>\n","protected":false},"author":1,"featured_media":13538,"comment_status":"open","ping_status":"open","sticky":false,"template":"","format":"standard","meta":{"footnotes":""},"categories":[20,4,39],"tags":[2483,4813,4968,1355,4174,5084,3723],"class_list":["post-13537","post","type-post","status-publish","format-standard","has-post-thumbnail","category-edificios-con-encanto","category-patrimonio-turistico-cultural","category-ultimas-noticias","tag-festival","tag-lirico","tag-medinaceli","tag-opera","tag-rigoletto","tag-soria","tag-verdi"],"yoast_head":"<!-- This site is optimized with the Yoast SEO plugin v27.4 - https:\/\/yoast.com\/product\/yoast-seo-wordpress\/ -->\n<title>Rigoletto de Verdi protagonista del V Festival L\u00edrico de Medinaceli<\/title>\n<meta name=\"description\" content=\"Un a\u00f1o m\u00e1s, el Palacio Ducal de Medinaceli (Soria) sera el excenario de la V edici\u00f3n del Festival L\u00edrico con la representanci\u00f3n de la \u00f3pera de Verdi Rigoletto a la que s\u00f3lo podr\u00e1n asistir 300 espectadores\" \/>\n<meta name=\"robots\" content=\"index, follow, max-snippet:-1, max-image-preview:large, max-video-preview:-1\" \/>\n<link rel=\"canonical\" href=\"https:\/\/patrimonioactual.com\/page\/rigoletto-verdi-protagonista-del-v-festival-lirico-medinaceli\/\" \/>\n<meta property=\"og:locale\" content=\"es_ES\" \/>\n<meta property=\"og:type\" content=\"article\" \/>\n<meta property=\"og:title\" content=\"Rigoletto de Verdi protagonista del V Festival L\u00edrico de Medinaceli\" \/>\n<meta property=\"og:description\" content=\"Un a\u00f1o m\u00e1s, el Palacio Ducal de Medinaceli (Soria) sera el excenario de la V edici\u00f3n del Festival L\u00edrico con la representanci\u00f3n de la \u00f3pera de Verdi Rigoletto a la que s\u00f3lo podr\u00e1n asistir 300 espectadores\" \/>\n<meta property=\"og:url\" content=\"https:\/\/patrimonioactual.com\/page\/rigoletto-verdi-protagonista-del-v-festival-lirico-medinaceli\/\" \/>\n<meta property=\"og:site_name\" content=\"Patrimonio Actual, ciudades, sitios y espacios naturales declarados Patrimonio de la Humanidad por la UNESCO\" \/>\n<meta property=\"article:publisher\" content=\"https:\/\/www.facebook.com\/P.actual\" \/>\n<meta property=\"article:author\" content=\"http:\/\/facebook.com\/patrimonio.actual\" \/>\n<meta property=\"article:published_time\" content=\"2018-08-08T10:53:54+00:00\" \/>\n<meta property=\"og:image\" content=\"https:\/\/patrimonioactual.com\/page\/wp-content\/uploads\/2018\/08\/MEDINACELI-PLAZA-FESTIVAL1.jpg\" \/>\n\t<meta property=\"og:image:width\" content=\"615\" \/>\n\t<meta property=\"og:image:height\" content=\"461\" \/>\n\t<meta property=\"og:image:type\" content=\"image\/jpeg\" \/>\n<meta name=\"author\" content=\"admin\" \/>\n<meta name=\"twitter:card\" content=\"summary_large_image\" \/>\n<meta name=\"twitter:creator\" content=\"@P_actual\" \/>\n<meta name=\"twitter:site\" content=\"@P_actual\" \/>\n<meta name=\"twitter:label1\" content=\"Escrito por\" \/>\n\t<meta name=\"twitter:data1\" content=\"admin\" \/>\n\t<meta name=\"twitter:label2\" content=\"Tiempo de lectura\" \/>\n\t<meta name=\"twitter:data2\" content=\"6 minutos\" \/>\n<script type=\"application\/ld+json\" class=\"yoast-schema-graph\">{\"@context\":\"https:\\\/\\\/schema.org\",\"@graph\":[{\"@type\":\"Article\",\"@id\":\"https:\\\/\\\/patrimonioactual.com\\\/page\\\/rigoletto-verdi-protagonista-del-v-festival-lirico-medinaceli\\\/#article\",\"isPartOf\":{\"@id\":\"https:\\\/\\\/patrimonioactual.com\\\/page\\\/rigoletto-verdi-protagonista-del-v-festival-lirico-medinaceli\\\/\"},\"author\":{\"name\":\"admin\",\"@id\":\"https:\\\/\\\/patrimonioactual.com\\\/page\\\/#\\\/schema\\\/person\\\/76850d24a9bd508e8e44db1faeab630e\"},\"headline\":\"Rigoletto de Verdi protagonista del V Festival L\u00edrico de Medinaceli\",\"datePublished\":\"2018-08-08T10:53:54+00:00\",\"mainEntityOfPage\":{\"@id\":\"https:\\\/\\\/patrimonioactual.com\\\/page\\\/rigoletto-verdi-protagonista-del-v-festival-lirico-medinaceli\\\/\"},\"wordCount\":1202,\"commentCount\":0,\"image\":{\"@id\":\"https:\\\/\\\/patrimonioactual.com\\\/page\\\/rigoletto-verdi-protagonista-del-v-festival-lirico-medinaceli\\\/#primaryimage\"},\"thumbnailUrl\":\"https:\\\/\\\/patrimonioactual.com\\\/page\\\/wp-content\\\/uploads\\\/2018\\\/08\\\/MEDINACELI-PLAZA-FESTIVAL1.jpg\",\"keywords\":[\"Festival\",\"l\u00edrico\",\"Medinaceli\",\"\u00f3pera\",\"Rigoletto\",\"Soria\",\"Verdi\"],\"articleSection\":[\"Edificios con Encanto\",\"Patrimonio Turistico Cultural\",\"\u00daltimas Noticias\"],\"inLanguage\":\"es\",\"potentialAction\":[{\"@type\":\"CommentAction\",\"name\":\"Comment\",\"target\":[\"https:\\\/\\\/patrimonioactual.com\\\/page\\\/rigoletto-verdi-protagonista-del-v-festival-lirico-medinaceli\\\/#respond\"]}]},{\"@type\":\"WebPage\",\"@id\":\"https:\\\/\\\/patrimonioactual.com\\\/page\\\/rigoletto-verdi-protagonista-del-v-festival-lirico-medinaceli\\\/\",\"url\":\"https:\\\/\\\/patrimonioactual.com\\\/page\\\/rigoletto-verdi-protagonista-del-v-festival-lirico-medinaceli\\\/\",\"name\":\"Rigoletto de Verdi protagonista del V Festival L\u00edrico de Medinaceli\",\"isPartOf\":{\"@id\":\"https:\\\/\\\/patrimonioactual.com\\\/page\\\/#website\"},\"primaryImageOfPage\":{\"@id\":\"https:\\\/\\\/patrimonioactual.com\\\/page\\\/rigoletto-verdi-protagonista-del-v-festival-lirico-medinaceli\\\/#primaryimage\"},\"image\":{\"@id\":\"https:\\\/\\\/patrimonioactual.com\\\/page\\\/rigoletto-verdi-protagonista-del-v-festival-lirico-medinaceli\\\/#primaryimage\"},\"thumbnailUrl\":\"https:\\\/\\\/patrimonioactual.com\\\/page\\\/wp-content\\\/uploads\\\/2018\\\/08\\\/MEDINACELI-PLAZA-FESTIVAL1.jpg\",\"datePublished\":\"2018-08-08T10:53:54+00:00\",\"author\":{\"@id\":\"https:\\\/\\\/patrimonioactual.com\\\/page\\\/#\\\/schema\\\/person\\\/76850d24a9bd508e8e44db1faeab630e\"},\"description\":\"Un a\u00f1o m\u00e1s, el Palacio Ducal de Medinaceli (Soria) sera el excenario de la V edici\u00f3n del Festival L\u00edrico con la representanci\u00f3n de la \u00f3pera de Verdi Rigoletto a la que s\u00f3lo podr\u00e1n asistir 300 espectadores\",\"breadcrumb\":{\"@id\":\"https:\\\/\\\/patrimonioactual.com\\\/page\\\/rigoletto-verdi-protagonista-del-v-festival-lirico-medinaceli\\\/#breadcrumb\"},\"inLanguage\":\"es\",\"potentialAction\":[{\"@type\":\"ReadAction\",\"target\":[\"https:\\\/\\\/patrimonioactual.com\\\/page\\\/rigoletto-verdi-protagonista-del-v-festival-lirico-medinaceli\\\/\"]}]},{\"@type\":\"ImageObject\",\"inLanguage\":\"es\",\"@id\":\"https:\\\/\\\/patrimonioactual.com\\\/page\\\/rigoletto-verdi-protagonista-del-v-festival-lirico-medinaceli\\\/#primaryimage\",\"url\":\"https:\\\/\\\/patrimonioactual.com\\\/page\\\/wp-content\\\/uploads\\\/2018\\\/08\\\/MEDINACELI-PLAZA-FESTIVAL1.jpg\",\"contentUrl\":\"https:\\\/\\\/patrimonioactual.com\\\/page\\\/wp-content\\\/uploads\\\/2018\\\/08\\\/MEDINACELI-PLAZA-FESTIVAL1.jpg\",\"width\":615,\"height\":461},{\"@type\":\"BreadcrumbList\",\"@id\":\"https:\\\/\\\/patrimonioactual.com\\\/page\\\/rigoletto-verdi-protagonista-del-v-festival-lirico-medinaceli\\\/#breadcrumb\",\"itemListElement\":[{\"@type\":\"ListItem\",\"position\":1,\"name\":\"Portada\",\"item\":\"https:\\\/\\\/patrimonioactual.com\\\/page\\\/\"},{\"@type\":\"ListItem\",\"position\":2,\"name\":\"Rigoletto de Verdi protagonista del V Festival L\u00edrico de Medinaceli\"}]},{\"@type\":\"WebSite\",\"@id\":\"https:\\\/\\\/patrimonioactual.com\\\/page\\\/#website\",\"url\":\"https:\\\/\\\/patrimonioactual.com\\\/page\\\/\",\"name\":\"Patrimonio Actual, ciudades, sitios y espacios naturales declarados Patrimonio de la Humanidad por la UNESCO\",\"description\":\"Revista digital que busca informar a un p\u00fablico objetivo amplio, de los acontecimientos mundiales que se producen en torno a la informaci\u00f3n del patrimonio cultural, natural, inmaterial y tur\u00edstico-cultural de ciudades y espacios naturales, Patrimonio de la Humanidad declarados por la UNESCO.\",\"potentialAction\":[{\"@type\":\"SearchAction\",\"target\":{\"@type\":\"EntryPoint\",\"urlTemplate\":\"https:\\\/\\\/patrimonioactual.com\\\/page\\\/?s={search_term_string}\"},\"query-input\":{\"@type\":\"PropertyValueSpecification\",\"valueRequired\":true,\"valueName\":\"search_term_string\"}}],\"inLanguage\":\"es\"},{\"@type\":\"Person\",\"@id\":\"https:\\\/\\\/patrimonioactual.com\\\/page\\\/#\\\/schema\\\/person\\\/76850d24a9bd508e8e44db1faeab630e\",\"name\":\"admin\",\"image\":{\"@type\":\"ImageObject\",\"inLanguage\":\"es\",\"@id\":\"https:\\\/\\\/secure.gravatar.com\\\/avatar\\\/48168d7e7932867b9131639a989484f6c50ddc0e7a6d380e506072a10e5df39d?s=96&d=mm&r=g\",\"url\":\"https:\\\/\\\/secure.gravatar.com\\\/avatar\\\/48168d7e7932867b9131639a989484f6c50ddc0e7a6d380e506072a10e5df39d?s=96&d=mm&r=g\",\"contentUrl\":\"https:\\\/\\\/secure.gravatar.com\\\/avatar\\\/48168d7e7932867b9131639a989484f6c50ddc0e7a6d380e506072a10e5df39d?s=96&d=mm&r=g\",\"caption\":\"admin\"},\"sameAs\":[\"http:\\\/\\\/facebook.com\\\/patrimonio.actual\",\"https:\\\/\\\/x.com\\\/P_actual\"],\"url\":\"https:\\\/\\\/patrimonioactual.com\\\/page\\\/author\\\/juan\\\/\"}]}<\/script>\n<!-- \/ Yoast SEO plugin. -->","yoast_head_json":{"title":"Rigoletto de Verdi protagonista del V Festival L\u00edrico de Medinaceli","description":"Un a\u00f1o m\u00e1s, el Palacio Ducal de Medinaceli (Soria) sera el excenario de la V edici\u00f3n del Festival L\u00edrico con la representanci\u00f3n de la \u00f3pera de Verdi Rigoletto a la que s\u00f3lo podr\u00e1n asistir 300 espectadores","robots":{"index":"index","follow":"follow","max-snippet":"max-snippet:-1","max-image-preview":"max-image-preview:large","max-video-preview":"max-video-preview:-1"},"canonical":"https:\/\/patrimonioactual.com\/page\/rigoletto-verdi-protagonista-del-v-festival-lirico-medinaceli\/","og_locale":"es_ES","og_type":"article","og_title":"Rigoletto de Verdi protagonista del V Festival L\u00edrico de Medinaceli","og_description":"Un a\u00f1o m\u00e1s, el Palacio Ducal de Medinaceli (Soria) sera el excenario de la V edici\u00f3n del Festival L\u00edrico con la representanci\u00f3n de la \u00f3pera de Verdi Rigoletto a la que s\u00f3lo podr\u00e1n asistir 300 espectadores","og_url":"https:\/\/patrimonioactual.com\/page\/rigoletto-verdi-protagonista-del-v-festival-lirico-medinaceli\/","og_site_name":"Patrimonio Actual, ciudades, sitios y espacios naturales declarados Patrimonio de la Humanidad por la UNESCO","article_publisher":"https:\/\/www.facebook.com\/P.actual","article_author":"http:\/\/facebook.com\/patrimonio.actual","article_published_time":"2018-08-08T10:53:54+00:00","og_image":[{"width":615,"height":461,"url":"https:\/\/patrimonioactual.com\/page\/wp-content\/uploads\/2018\/08\/MEDINACELI-PLAZA-FESTIVAL1.jpg","type":"image\/jpeg"}],"author":"admin","twitter_card":"summary_large_image","twitter_creator":"@P_actual","twitter_site":"@P_actual","twitter_misc":{"Escrito por":"admin","Tiempo de lectura":"6 minutos"},"schema":{"@context":"https:\/\/schema.org","@graph":[{"@type":"Article","@id":"https:\/\/patrimonioactual.com\/page\/rigoletto-verdi-protagonista-del-v-festival-lirico-medinaceli\/#article","isPartOf":{"@id":"https:\/\/patrimonioactual.com\/page\/rigoletto-verdi-protagonista-del-v-festival-lirico-medinaceli\/"},"author":{"name":"admin","@id":"https:\/\/patrimonioactual.com\/page\/#\/schema\/person\/76850d24a9bd508e8e44db1faeab630e"},"headline":"Rigoletto de Verdi protagonista del V Festival L\u00edrico de Medinaceli","datePublished":"2018-08-08T10:53:54+00:00","mainEntityOfPage":{"@id":"https:\/\/patrimonioactual.com\/page\/rigoletto-verdi-protagonista-del-v-festival-lirico-medinaceli\/"},"wordCount":1202,"commentCount":0,"image":{"@id":"https:\/\/patrimonioactual.com\/page\/rigoletto-verdi-protagonista-del-v-festival-lirico-medinaceli\/#primaryimage"},"thumbnailUrl":"https:\/\/patrimonioactual.com\/page\/wp-content\/uploads\/2018\/08\/MEDINACELI-PLAZA-FESTIVAL1.jpg","keywords":["Festival","l\u00edrico","Medinaceli","\u00f3pera","Rigoletto","Soria","Verdi"],"articleSection":["Edificios con Encanto","Patrimonio Turistico Cultural","\u00daltimas Noticias"],"inLanguage":"es","potentialAction":[{"@type":"CommentAction","name":"Comment","target":["https:\/\/patrimonioactual.com\/page\/rigoletto-verdi-protagonista-del-v-festival-lirico-medinaceli\/#respond"]}]},{"@type":"WebPage","@id":"https:\/\/patrimonioactual.com\/page\/rigoletto-verdi-protagonista-del-v-festival-lirico-medinaceli\/","url":"https:\/\/patrimonioactual.com\/page\/rigoletto-verdi-protagonista-del-v-festival-lirico-medinaceli\/","name":"Rigoletto de Verdi protagonista del V Festival L\u00edrico de Medinaceli","isPartOf":{"@id":"https:\/\/patrimonioactual.com\/page\/#website"},"primaryImageOfPage":{"@id":"https:\/\/patrimonioactual.com\/page\/rigoletto-verdi-protagonista-del-v-festival-lirico-medinaceli\/#primaryimage"},"image":{"@id":"https:\/\/patrimonioactual.com\/page\/rigoletto-verdi-protagonista-del-v-festival-lirico-medinaceli\/#primaryimage"},"thumbnailUrl":"https:\/\/patrimonioactual.com\/page\/wp-content\/uploads\/2018\/08\/MEDINACELI-PLAZA-FESTIVAL1.jpg","datePublished":"2018-08-08T10:53:54+00:00","author":{"@id":"https:\/\/patrimonioactual.com\/page\/#\/schema\/person\/76850d24a9bd508e8e44db1faeab630e"},"description":"Un a\u00f1o m\u00e1s, el Palacio Ducal de Medinaceli (Soria) sera el excenario de la V edici\u00f3n del Festival L\u00edrico con la representanci\u00f3n de la \u00f3pera de Verdi Rigoletto a la que s\u00f3lo podr\u00e1n asistir 300 espectadores","breadcrumb":{"@id":"https:\/\/patrimonioactual.com\/page\/rigoletto-verdi-protagonista-del-v-festival-lirico-medinaceli\/#breadcrumb"},"inLanguage":"es","potentialAction":[{"@type":"ReadAction","target":["https:\/\/patrimonioactual.com\/page\/rigoletto-verdi-protagonista-del-v-festival-lirico-medinaceli\/"]}]},{"@type":"ImageObject","inLanguage":"es","@id":"https:\/\/patrimonioactual.com\/page\/rigoletto-verdi-protagonista-del-v-festival-lirico-medinaceli\/#primaryimage","url":"https:\/\/patrimonioactual.com\/page\/wp-content\/uploads\/2018\/08\/MEDINACELI-PLAZA-FESTIVAL1.jpg","contentUrl":"https:\/\/patrimonioactual.com\/page\/wp-content\/uploads\/2018\/08\/MEDINACELI-PLAZA-FESTIVAL1.jpg","width":615,"height":461},{"@type":"BreadcrumbList","@id":"https:\/\/patrimonioactual.com\/page\/rigoletto-verdi-protagonista-del-v-festival-lirico-medinaceli\/#breadcrumb","itemListElement":[{"@type":"ListItem","position":1,"name":"Portada","item":"https:\/\/patrimonioactual.com\/page\/"},{"@type":"ListItem","position":2,"name":"Rigoletto de Verdi protagonista del V Festival L\u00edrico de Medinaceli"}]},{"@type":"WebSite","@id":"https:\/\/patrimonioactual.com\/page\/#website","url":"https:\/\/patrimonioactual.com\/page\/","name":"Patrimonio Actual, ciudades, sitios y espacios naturales declarados Patrimonio de la Humanidad por la UNESCO","description":"Revista digital que busca informar a un p\u00fablico objetivo amplio, de los acontecimientos mundiales que se producen en torno a la informaci\u00f3n del patrimonio cultural, natural, inmaterial y tur\u00edstico-cultural de ciudades y espacios naturales, Patrimonio de la Humanidad declarados por la UNESCO.","potentialAction":[{"@type":"SearchAction","target":{"@type":"EntryPoint","urlTemplate":"https:\/\/patrimonioactual.com\/page\/?s={search_term_string}"},"query-input":{"@type":"PropertyValueSpecification","valueRequired":true,"valueName":"search_term_string"}}],"inLanguage":"es"},{"@type":"Person","@id":"https:\/\/patrimonioactual.com\/page\/#\/schema\/person\/76850d24a9bd508e8e44db1faeab630e","name":"admin","image":{"@type":"ImageObject","inLanguage":"es","@id":"https:\/\/secure.gravatar.com\/avatar\/48168d7e7932867b9131639a989484f6c50ddc0e7a6d380e506072a10e5df39d?s=96&d=mm&r=g","url":"https:\/\/secure.gravatar.com\/avatar\/48168d7e7932867b9131639a989484f6c50ddc0e7a6d380e506072a10e5df39d?s=96&d=mm&r=g","contentUrl":"https:\/\/secure.gravatar.com\/avatar\/48168d7e7932867b9131639a989484f6c50ddc0e7a6d380e506072a10e5df39d?s=96&d=mm&r=g","caption":"admin"},"sameAs":["http:\/\/facebook.com\/patrimonio.actual","https:\/\/x.com\/P_actual"],"url":"https:\/\/patrimonioactual.com\/page\/author\/juan\/"}]}},"_links":{"self":[{"href":"https:\/\/patrimonioactual.com\/page\/wp-json\/wp\/v2\/posts\/13537","targetHints":{"allow":["GET"]}}],"collection":[{"href":"https:\/\/patrimonioactual.com\/page\/wp-json\/wp\/v2\/posts"}],"about":[{"href":"https:\/\/patrimonioactual.com\/page\/wp-json\/wp\/v2\/types\/post"}],"author":[{"embeddable":true,"href":"https:\/\/patrimonioactual.com\/page\/wp-json\/wp\/v2\/users\/1"}],"replies":[{"embeddable":true,"href":"https:\/\/patrimonioactual.com\/page\/wp-json\/wp\/v2\/comments?post=13537"}],"version-history":[{"count":2,"href":"https:\/\/patrimonioactual.com\/page\/wp-json\/wp\/v2\/posts\/13537\/revisions"}],"predecessor-version":[{"id":13540,"href":"https:\/\/patrimonioactual.com\/page\/wp-json\/wp\/v2\/posts\/13537\/revisions\/13540"}],"wp:featuredmedia":[{"embeddable":true,"href":"https:\/\/patrimonioactual.com\/page\/wp-json\/wp\/v2\/media\/13538"}],"wp:attachment":[{"href":"https:\/\/patrimonioactual.com\/page\/wp-json\/wp\/v2\/media?parent=13537"}],"wp:term":[{"taxonomy":"category","embeddable":true,"href":"https:\/\/patrimonioactual.com\/page\/wp-json\/wp\/v2\/categories?post=13537"},{"taxonomy":"post_tag","embeddable":true,"href":"https:\/\/patrimonioactual.com\/page\/wp-json\/wp\/v2\/tags?post=13537"}],"curies":[{"name":"wp","href":"https:\/\/api.w.org\/{rel}","templated":true}]}}