{"id":15085,"date":"2019-08-01T13:29:32","date_gmt":"2019-08-01T11:29:32","guid":{"rendered":"https:\/\/patrimonioactual.com\/page\/?p=15085"},"modified":"2019-08-01T13:29:36","modified_gmt":"2019-08-01T11:29:36","slug":"el-festival-lirico-de-medinaceli-celebrara-su-vi-edicion-con-aida","status":"publish","type":"post","link":"https:\/\/patrimonioactual.com\/page\/el-festival-lirico-de-medinaceli-celebrara-su-vi-edicion-con-aida\/","title":{"rendered":"El Festival L\u00edrico de Medinaceli celebrar\u00e1 su VI edici\u00f3n con AIDA"},"content":{"rendered":"\n<div class=\"wp-block-image\"><figure class=\"aligncenter\"><img loading=\"lazy\" decoding=\"async\" width=\"615\" height=\"461\" src=\"https:\/\/patrimonioactual.com\/page\/wp-content\/uploads\/2019\/08\/Ignacio-Garc\u00eda-Francisco-Mejorada-y-Miguel-Tugores00.jpg\" alt=\"\" class=\"wp-image-15087\" srcset=\"https:\/\/patrimonioactual.com\/page\/wp-content\/uploads\/2019\/08\/Ignacio-Garc\u00eda-Francisco-Mejorada-y-Miguel-Tugores00.jpg 615w, https:\/\/patrimonioactual.com\/page\/wp-content\/uploads\/2019\/08\/Ignacio-Garc\u00eda-Francisco-Mejorada-y-Miguel-Tugores00-300x225.jpg 300w, https:\/\/patrimonioactual.com\/page\/wp-content\/uploads\/2019\/08\/Ignacio-Garc\u00eda-Francisco-Mejorada-y-Miguel-Tugores00-45x35.jpg 45w\" sizes=\"auto, (max-width: 615px) 100vw, 615px\" \/><figcaption>De izq. a dcha. Ignacio Garc\u00eda, Francisco Mejorada y Miguel Tugores. Foto: \u00a9 patrimonioactual.com<\/figcaption><\/figure><\/div>\n\n\n\n<p class=\"has-medium-font-size wp-block-paragraph\"><strong>La Fundaci\u00f3n DEARTE, pionero en dinamizar la \u201cEspa\u00f1a\nvaciada\u201d desde el a\u00f1o 2008 realizando actividades culturales en todos los\n\u00e1mbitos, presenta en Madrid la nueva edici\u00f3n del Festival que incluye la \u00f3pera\nAIDA de Verdi<\/strong><\/p>\n\n\n\n<p class=\"wp-block-paragraph\">En\nla presentaci\u00f3n a los medios de comunicaci\u00f3n han estado presentes Miguel\nTugores, presidente de la Fundaci\u00f3n DEARTE; Francisco Mejorada, Director\nArt\u00edstico del Festival de \u00d3pera de Medinaceli; Ignacio Garc\u00eda, Director\nArt\u00edstico; y \u00c1ngel Walter, responsable de DIVERLIRICA.<\/p>\n\n\n\n<p class=\"wp-block-paragraph\">El\n<a href=\"https:\/\/patrimonioactual.com\/page\/?s=Festival+Lirico+de+Medinaceli+\">Festival L\u00edrico de Medinaceli<\/a> <em>(Soria [Espa\u00f1a]), se consolida como uno de los m\u00e1s\nimportantes que se celebran durante el verano en Espa\u00f1a. Los t\u00edtulos elegidos\nen ediciones anteriores fueron Don Pasquale, <\/em>La Traviata, Madama Butterflay, <a href=\"https:\/\/patrimonioactual.com\/page\/se-presenta-madrid-iv-festival-opera-medinaceli-ofrecera-nabucco-giuseppe-verdi\/\">Nabucco<\/a>, y <a href=\"https:\/\/patrimonioactual.com\/page\/rigoletto-verdi-protagonista-del-v-festival-lirico-medinaceli\/\">Rigoletto<\/a>.<\/p>\n\n\n\n<p class=\"wp-block-paragraph\">Pero, el Festival L\u00edrico\nde Medinaceli que podremos disfrutar los pr\u00f3ximos d\u00edas 9, 10 y 11 de agosto, no\nes solo un espect\u00e1culo de \u00f3pera, tambi\u00e9n, es formaci\u00f3n de nuevos talentos y\nespect\u00e1culos para ni\u00f1os, poniendo un \u00e9nfasis y especial cuidado en fomentar el\ncanto l\u00edrico organizando un concurso internacional de canto que, ya en su\nt\u00edtulo, indica su apuesta por potenciar las carreras art\u00edsticas de los j\u00f3venes.<\/p>\n\n\n\n<p class=\"wp-block-paragraph\">La representaci\u00f3n de\nAIDA de Giuseppe Verdi el pr\u00f3ximo d\u00eda 10 de agosto a cargo de <a href=\"https:\/\/patrimonioactual.com\/page\/?s=Producciones+TEL%C3%93N+\">Producciones TEL\u00d3N<\/a> y puesta en escena de <a href=\"https:\/\/patrimonioactual.com\/page\/ignacio-garcia-nuevo-director-del-festival-internacional-teatro-clasico-almagro\/\">Ignacio Garc\u00eda<\/a> y de La Serva Padrona, de Pergolesi el d\u00eda 11 de agosto versionada\npor <a href=\"https:\/\/docs.wixstatic.com\/ugd\/c7fb86_e3d2312c80c44fe2a59e2d93071f19b4.pdf\">\u00c1ngel Walter<\/a> de <a href=\"https:\/\/acdiverlirica.wixsite.com\/diverlirica\">DIVERLIRICA<\/a>, en la secci\u00f3n de \u00d3pera para ni\u00f1os del festival, marcan el\ncenit de seis a\u00f1os de empe\u00f1o en la realizaci\u00f3n de un festival de primer nivel\nen un lugar impresionante.<\/p>\n\n\n\n<p class=\"has-medium-font-size wp-block-paragraph\"><strong>Sobre AIDA<\/strong><strong><\/strong><\/p>\n\n\n\n<p class=\"wp-block-paragraph\">Es\nuna \u00f3pera en cuatro actos con m\u00fasica de Giuseppe Verdi y libreto en italiano de\nAntonio Ghislanzoni estrenada en el Teatro de la \u00d3pera del Jedive en El Cairo\nel 24 de diciembre de 1871.<\/p>\n\n\n\n<p class=\"wp-block-paragraph\">Es\nun drama pol\u00edtico y humano con pensamiento humanista que nos hace reflexionar\nsobre los asuntos raciales.<\/p>\n\n\n\n<p class=\"wp-block-paragraph\">En\ncontra de la creencia popular, la \u00f3pera no se escribi\u00f3 para conmemorar la\ninauguraci\u00f3n del Canal de Suez en 1869.<\/p>\n\n\n\n<p class=\"wp-block-paragraph\">El\nlibreto trata de Aida, una princesa et\u00edope, capturada y llevada a Egipto como\nesclava.<\/p>\n\n\n\n<p class=\"wp-block-paragraph\">Durante\nla esclavitud, ella se enamora del comandante de las topas egipcias, Radames,\nqui\u00e9n le devuelve su amor.<\/p>\n\n\n\n<p class=\"wp-block-paragraph\">El\nproblema para ambos es que Radames es tambi\u00e9n el futuro heredero del trono\negipcio, siendo \u201cprometido\u201d a la hija del fara\u00f3n Amneris.<\/p>\n\n\n\n<p class=\"wp-block-paragraph\">Cuando\ndurante una segunda guerra, el rey de Etiop\u00eda (el padre de Aida) es\nesclavizado, la convence para que use a su ascendiente en Radames para que le\ncuenten cu\u00e1l ser\u00e1 el pr\u00f3ximo movimiento de Egipto contra Etiop\u00eda.<\/p>\n\n\n\n<p class=\"wp-block-paragraph\">Radames\ncae en la trampa y, una vez que se da cuenta de que ha traicionado a su tierra\nnatal, es condenado a ser enterrado vivo, a pesar de las s\u00faplicas que Amneris\ndirige a su padre y a los sacerdotes que tienen la terea de condenar (o no) a\nRadames.<\/p>\n\n\n\n<p class=\"wp-block-paragraph\">Aida,\na\u00fan enamorada de \u00e9l, no lo abandonar\u00e1 ni siquiera en la muerte, de hecho, ser\u00e1\nenterrada viva con \u00e9l.<\/p>\n\n\n\n<p class=\"has-medium-font-size wp-block-paragraph\"><strong>Elenco\nAIDA Medinaceli<\/strong><\/p>\n\n\n\n<p class=\"wp-block-paragraph\">Director\nmusical: Francisco Antonio Moya<\/p>\n\n\n\n<p class=\"wp-block-paragraph\">Director\nart\u00edstico: Ignacio Garc\u00eda \/ Aurora Cano<\/p>\n\n\n\n<p class=\"wp-block-paragraph\">Interpretes:<\/p>\n\n\n\n<p class=\"wp-block-paragraph\">Aida:\nLuc\u00eda Tavira<\/p>\n\n\n\n<p class=\"wp-block-paragraph\">Radames:\nAlejandro Roy<\/p>\n\n\n\n<p class=\"wp-block-paragraph\">Amneris:\nMali Corbacho<\/p>\n\n\n\n<p class=\"wp-block-paragraph\">Amonasro:\nLuis Cansino<\/p>\n\n\n\n<p class=\"wp-block-paragraph\">Ranfis:\nAntonio Alonso<\/p>\n\n\n\n<p class=\"wp-block-paragraph\">Rey\nde Egipto: Cristian D\u00edaz<\/p>\n\n\n\n<p class=\"has-medium-font-size wp-block-paragraph\"><strong>Informaci\u00f3n\ncomplementaria<\/strong><\/p>\n\n\n\n<p class=\"wp-block-paragraph\">Lugar:\nPalacio Ducal de Medinaceli, Plaza Mayor, 4. <\/p>\n\n\n\n<p class=\"wp-block-paragraph\">Soria\n(Espa\u00f1a) a 150 km de Madrid.<\/p>\n\n\n\n<p class=\"wp-block-paragraph\">Tel\u00e9fono:\n+34 975 326 498<\/p>\n\n\n\n<p class=\"wp-block-paragraph\">Viernes\n9 de agosto 22.00 h. Entrega de Premios. Recital Premios Un Futuro DEARTE.<\/p>\n\n\n\n<p class=\"wp-block-paragraph\">S\u00e1bado\n10 de agosto 22.00 h. AIDA de Guiseppe Verdi.<\/p>\n\n\n\n<p class=\"wp-block-paragraph\">Domingo\n11 de agosto 18.30 h. La Seva Padrosa \u00d3pera para ni\u00f1os.<\/p>\n\n\n\n<p class=\"wp-block-paragraph\"><a href=\"http:\/\/www.festivalliricomedinaceli.com\/club\">www.festivalliricomedinaceli.com\/club<\/a>&nbsp;<\/p>\n\n\n\n<p class=\"wp-block-paragraph\"><a href=\"http:\/\/www.festivalliricomedinaceli.com\/festival-lirico\">www.festivalliricomedinaceli.com\/festival-lirico<\/a><\/p>\n\n\n\n<p class=\"wp-block-paragraph\"><a href=\"http:\/\/www.festivalliricomedinaceli.com\/un-futuro-dearte\">www.festivalliricomedinaceli.com\/un-futuro-dearte<\/a><\/p>\n\n\n\n<p class=\"wp-block-paragraph\"><strong>S\u00edguenos\nen <\/strong><a href=\"https:\/\/www.facebook.com\/P.actual\"><strong>Facebook<\/strong><\/a><strong> y <\/strong><a href=\"https:\/\/twitter.com\/p_actual\"><strong>Twitter<\/strong><\/a><\/p>\n","protected":false},"excerpt":{"rendered":"<p>La Fundaci\u00f3n DEARTE, pionero en dinamizar la \u201cEspa\u00f1a vaciada\u201d desde el a\u00f1o 2008 realizando actividades culturales en todos los \u00e1mbitos, presenta en Madrid la nueva edici\u00f3n del Festival que incluye la \u00f3pera AIDA de Verdi En la presentaci\u00f3n a los medios de comunicaci\u00f3n han estado presentes Miguel Tugores, presidente de la Fundaci\u00f3n DEARTE; Francisco Mejorada, [&hellip;]<\/p>\n","protected":false},"author":4,"featured_media":15087,"comment_status":"open","ping_status":"open","sticky":false,"template":"","format":"standard","meta":{"footnotes":""},"categories":[20,4,39],"tags":[5184],"class_list":["post-15085","post","type-post","status-publish","format-standard","has-post-thumbnail","category-edificios-con-encanto","category-patrimonio-turistico-cultural","category-ultimas-noticias","tag-aida"],"yoast_head":"<!-- This site is optimized with the Yoast SEO plugin v27.4 - https:\/\/yoast.com\/product\/yoast-seo-wordpress\/ -->\n<title>El Festival L\u00edrico de Medinaceli celebrar\u00e1 su VI edici\u00f3n con AIDA - Patrimonio Actual, ciudades, sitios y espacios naturales declarados Patrimonio de la Humanidad por la UNESCO<\/title>\n<meta name=\"description\" content=\"DEARTE, pionero en dinamizar la \u201cEspa\u00f1a vaciada\u201d realizando actividades culturales, presenta la nueva edici\u00f3n del Festival con la \u00f3pera AIDA de Verdi\" \/>\n<meta name=\"robots\" content=\"index, follow, max-snippet:-1, max-image-preview:large, max-video-preview:-1\" \/>\n<link rel=\"canonical\" href=\"https:\/\/patrimonioactual.com\/page\/el-festival-lirico-de-medinaceli-celebrara-su-vi-edicion-con-aida\/\" \/>\n<meta property=\"og:locale\" content=\"es_ES\" \/>\n<meta property=\"og:type\" content=\"article\" \/>\n<meta property=\"og:title\" content=\"El Festival L\u00edrico de Medinaceli celebrar\u00e1 su VI edici\u00f3n con AIDA - Patrimonio Actual, ciudades, sitios y espacios naturales declarados Patrimonio de la Humanidad por la UNESCO\" \/>\n<meta property=\"og:description\" content=\"DEARTE, pionero en dinamizar la \u201cEspa\u00f1a vaciada\u201d realizando actividades culturales, presenta la nueva edici\u00f3n del Festival con la \u00f3pera AIDA de Verdi\" \/>\n<meta property=\"og:url\" content=\"https:\/\/patrimonioactual.com\/page\/el-festival-lirico-de-medinaceli-celebrara-su-vi-edicion-con-aida\/\" \/>\n<meta property=\"og:site_name\" content=\"Patrimonio Actual, ciudades, sitios y espacios naturales declarados Patrimonio de la Humanidad por la UNESCO\" \/>\n<meta property=\"article:publisher\" content=\"https:\/\/www.facebook.com\/P.actual\" \/>\n<meta property=\"article:published_time\" content=\"2019-08-01T11:29:32+00:00\" \/>\n<meta property=\"article:modified_time\" content=\"2019-08-01T11:29:36+00:00\" \/>\n<meta property=\"og:image\" content=\"https:\/\/patrimonioactual.com\/page\/wp-content\/uploads\/2019\/08\/Ignacio-Garc\u00eda-Francisco-Mejorada-y-Miguel-Tugores00.jpg\" \/>\n\t<meta property=\"og:image:width\" content=\"615\" \/>\n\t<meta property=\"og:image:height\" content=\"461\" \/>\n\t<meta property=\"og:image:type\" content=\"image\/jpeg\" \/>\n<meta name=\"author\" content=\"Administrador\" \/>\n<meta name=\"twitter:card\" content=\"summary_large_image\" \/>\n<meta name=\"twitter:creator\" content=\"@P_actual\" \/>\n<meta name=\"twitter:site\" content=\"@P_actual\" \/>\n<meta name=\"twitter:label1\" content=\"Escrito por\" \/>\n\t<meta name=\"twitter:data1\" content=\"Administrador\" \/>\n\t<meta name=\"twitter:label2\" content=\"Tiempo de lectura\" \/>\n\t<meta name=\"twitter:data2\" content=\"3 minutos\" \/>\n<script type=\"application\/ld+json\" class=\"yoast-schema-graph\">{\"@context\":\"https:\\\/\\\/schema.org\",\"@graph\":[{\"@type\":\"Article\",\"@id\":\"https:\\\/\\\/patrimonioactual.com\\\/page\\\/el-festival-lirico-de-medinaceli-celebrara-su-vi-edicion-con-aida\\\/#article\",\"isPartOf\":{\"@id\":\"https:\\\/\\\/patrimonioactual.com\\\/page\\\/el-festival-lirico-de-medinaceli-celebrara-su-vi-edicion-con-aida\\\/\"},\"author\":{\"name\":\"Administrador\",\"@id\":\"https:\\\/\\\/patrimonioactual.com\\\/page\\\/#\\\/schema\\\/person\\\/5c9e47aa8197a9f701f1eb7f39b0bec0\"},\"headline\":\"El Festival L\u00edrico de Medinaceli celebrar\u00e1 su VI edici\u00f3n con AIDA\",\"datePublished\":\"2019-08-01T11:29:32+00:00\",\"dateModified\":\"2019-08-01T11:29:36+00:00\",\"mainEntityOfPage\":{\"@id\":\"https:\\\/\\\/patrimonioactual.com\\\/page\\\/el-festival-lirico-de-medinaceli-celebrara-su-vi-edicion-con-aida\\\/\"},\"wordCount\":673,\"commentCount\":0,\"image\":{\"@id\":\"https:\\\/\\\/patrimonioactual.com\\\/page\\\/el-festival-lirico-de-medinaceli-celebrara-su-vi-edicion-con-aida\\\/#primaryimage\"},\"thumbnailUrl\":\"https:\\\/\\\/patrimonioactual.com\\\/page\\\/wp-content\\\/uploads\\\/2019\\\/08\\\/Ignacio-Garc\u00eda-Francisco-Mejorada-y-Miguel-Tugores00.jpg\",\"keywords\":[\"Aida\"],\"articleSection\":[\"Edificios con Encanto\",\"Patrimonio Turistico Cultural\",\"\u00daltimas Noticias\"],\"inLanguage\":\"es\",\"potentialAction\":[{\"@type\":\"CommentAction\",\"name\":\"Comment\",\"target\":[\"https:\\\/\\\/patrimonioactual.com\\\/page\\\/el-festival-lirico-de-medinaceli-celebrara-su-vi-edicion-con-aida\\\/#respond\"]}]},{\"@type\":\"WebPage\",\"@id\":\"https:\\\/\\\/patrimonioactual.com\\\/page\\\/el-festival-lirico-de-medinaceli-celebrara-su-vi-edicion-con-aida\\\/\",\"url\":\"https:\\\/\\\/patrimonioactual.com\\\/page\\\/el-festival-lirico-de-medinaceli-celebrara-su-vi-edicion-con-aida\\\/\",\"name\":\"El Festival L\u00edrico de Medinaceli celebrar\u00e1 su VI edici\u00f3n con AIDA - Patrimonio Actual, ciudades, sitios y espacios naturales declarados Patrimonio de la Humanidad por la UNESCO\",\"isPartOf\":{\"@id\":\"https:\\\/\\\/patrimonioactual.com\\\/page\\\/#website\"},\"primaryImageOfPage\":{\"@id\":\"https:\\\/\\\/patrimonioactual.com\\\/page\\\/el-festival-lirico-de-medinaceli-celebrara-su-vi-edicion-con-aida\\\/#primaryimage\"},\"image\":{\"@id\":\"https:\\\/\\\/patrimonioactual.com\\\/page\\\/el-festival-lirico-de-medinaceli-celebrara-su-vi-edicion-con-aida\\\/#primaryimage\"},\"thumbnailUrl\":\"https:\\\/\\\/patrimonioactual.com\\\/page\\\/wp-content\\\/uploads\\\/2019\\\/08\\\/Ignacio-Garc\u00eda-Francisco-Mejorada-y-Miguel-Tugores00.jpg\",\"datePublished\":\"2019-08-01T11:29:32+00:00\",\"dateModified\":\"2019-08-01T11:29:36+00:00\",\"author\":{\"@id\":\"https:\\\/\\\/patrimonioactual.com\\\/page\\\/#\\\/schema\\\/person\\\/5c9e47aa8197a9f701f1eb7f39b0bec0\"},\"description\":\"DEARTE, pionero en dinamizar la \u201cEspa\u00f1a vaciada\u201d realizando actividades culturales, presenta la nueva edici\u00f3n del Festival con la \u00f3pera AIDA de Verdi\",\"breadcrumb\":{\"@id\":\"https:\\\/\\\/patrimonioactual.com\\\/page\\\/el-festival-lirico-de-medinaceli-celebrara-su-vi-edicion-con-aida\\\/#breadcrumb\"},\"inLanguage\":\"es\",\"potentialAction\":[{\"@type\":\"ReadAction\",\"target\":[\"https:\\\/\\\/patrimonioactual.com\\\/page\\\/el-festival-lirico-de-medinaceli-celebrara-su-vi-edicion-con-aida\\\/\"]}]},{\"@type\":\"ImageObject\",\"inLanguage\":\"es\",\"@id\":\"https:\\\/\\\/patrimonioactual.com\\\/page\\\/el-festival-lirico-de-medinaceli-celebrara-su-vi-edicion-con-aida\\\/#primaryimage\",\"url\":\"https:\\\/\\\/patrimonioactual.com\\\/page\\\/wp-content\\\/uploads\\\/2019\\\/08\\\/Ignacio-Garc\u00eda-Francisco-Mejorada-y-Miguel-Tugores00.jpg\",\"contentUrl\":\"https:\\\/\\\/patrimonioactual.com\\\/page\\\/wp-content\\\/uploads\\\/2019\\\/08\\\/Ignacio-Garc\u00eda-Francisco-Mejorada-y-Miguel-Tugores00.jpg\",\"width\":615,\"height\":461,\"caption\":\"De izq. a dcha. Ignacio Garc\u00eda, Francisco Mejorada y Miguel Tugores. Foto: \u00a9 patrimonioactual.com\"},{\"@type\":\"BreadcrumbList\",\"@id\":\"https:\\\/\\\/patrimonioactual.com\\\/page\\\/el-festival-lirico-de-medinaceli-celebrara-su-vi-edicion-con-aida\\\/#breadcrumb\",\"itemListElement\":[{\"@type\":\"ListItem\",\"position\":1,\"name\":\"Portada\",\"item\":\"https:\\\/\\\/patrimonioactual.com\\\/page\\\/\"},{\"@type\":\"ListItem\",\"position\":2,\"name\":\"El Festival L\u00edrico de Medinaceli celebrar\u00e1 su VI edici\u00f3n con AIDA\"}]},{\"@type\":\"WebSite\",\"@id\":\"https:\\\/\\\/patrimonioactual.com\\\/page\\\/#website\",\"url\":\"https:\\\/\\\/patrimonioactual.com\\\/page\\\/\",\"name\":\"Patrimonio Actual, ciudades, sitios y espacios naturales declarados Patrimonio de la Humanidad por la UNESCO\",\"description\":\"Revista digital que busca informar a un p\u00fablico objetivo amplio, de los acontecimientos mundiales que se producen en torno a la informaci\u00f3n del patrimonio cultural, natural, inmaterial y tur\u00edstico-cultural de ciudades y espacios naturales, Patrimonio de la Humanidad declarados por la UNESCO.\",\"potentialAction\":[{\"@type\":\"SearchAction\",\"target\":{\"@type\":\"EntryPoint\",\"urlTemplate\":\"https:\\\/\\\/patrimonioactual.com\\\/page\\\/?s={search_term_string}\"},\"query-input\":{\"@type\":\"PropertyValueSpecification\",\"valueRequired\":true,\"valueName\":\"search_term_string\"}}],\"inLanguage\":\"es\"},{\"@type\":\"Person\",\"@id\":\"https:\\\/\\\/patrimonioactual.com\\\/page\\\/#\\\/schema\\\/person\\\/5c9e47aa8197a9f701f1eb7f39b0bec0\",\"name\":\"Administrador\",\"image\":{\"@type\":\"ImageObject\",\"inLanguage\":\"es\",\"@id\":\"https:\\\/\\\/secure.gravatar.com\\\/avatar\\\/b9799fdd4dcfd314441ef602feb8b96b998b6668bb248caa326a14662b17db94?s=96&d=mm&r=g\",\"url\":\"https:\\\/\\\/secure.gravatar.com\\\/avatar\\\/b9799fdd4dcfd314441ef602feb8b96b998b6668bb248caa326a14662b17db94?s=96&d=mm&r=g\",\"contentUrl\":\"https:\\\/\\\/secure.gravatar.com\\\/avatar\\\/b9799fdd4dcfd314441ef602feb8b96b998b6668bb248caa326a14662b17db94?s=96&d=mm&r=g\",\"caption\":\"Administrador\"},\"url\":\"https:\\\/\\\/patrimonioactual.com\\\/page\\\/author\\\/juan-ignacio-vecino\\\/\"}]}<\/script>\n<!-- \/ Yoast SEO plugin. -->","yoast_head_json":{"title":"El Festival L\u00edrico de Medinaceli celebrar\u00e1 su VI edici\u00f3n con AIDA - Patrimonio Actual, ciudades, sitios y espacios naturales declarados Patrimonio de la Humanidad por la UNESCO","description":"DEARTE, pionero en dinamizar la \u201cEspa\u00f1a vaciada\u201d realizando actividades culturales, presenta la nueva edici\u00f3n del Festival con la \u00f3pera AIDA de Verdi","robots":{"index":"index","follow":"follow","max-snippet":"max-snippet:-1","max-image-preview":"max-image-preview:large","max-video-preview":"max-video-preview:-1"},"canonical":"https:\/\/patrimonioactual.com\/page\/el-festival-lirico-de-medinaceli-celebrara-su-vi-edicion-con-aida\/","og_locale":"es_ES","og_type":"article","og_title":"El Festival L\u00edrico de Medinaceli celebrar\u00e1 su VI edici\u00f3n con AIDA - Patrimonio Actual, ciudades, sitios y espacios naturales declarados Patrimonio de la Humanidad por la UNESCO","og_description":"DEARTE, pionero en dinamizar la \u201cEspa\u00f1a vaciada\u201d realizando actividades culturales, presenta la nueva edici\u00f3n del Festival con la \u00f3pera AIDA de Verdi","og_url":"https:\/\/patrimonioactual.com\/page\/el-festival-lirico-de-medinaceli-celebrara-su-vi-edicion-con-aida\/","og_site_name":"Patrimonio Actual, ciudades, sitios y espacios naturales declarados Patrimonio de la Humanidad por la UNESCO","article_publisher":"https:\/\/www.facebook.com\/P.actual","article_published_time":"2019-08-01T11:29:32+00:00","article_modified_time":"2019-08-01T11:29:36+00:00","og_image":[{"width":615,"height":461,"url":"https:\/\/patrimonioactual.com\/page\/wp-content\/uploads\/2019\/08\/Ignacio-Garc\u00eda-Francisco-Mejorada-y-Miguel-Tugores00.jpg","type":"image\/jpeg"}],"author":"Administrador","twitter_card":"summary_large_image","twitter_creator":"@P_actual","twitter_site":"@P_actual","twitter_misc":{"Escrito por":"Administrador","Tiempo de lectura":"3 minutos"},"schema":{"@context":"https:\/\/schema.org","@graph":[{"@type":"Article","@id":"https:\/\/patrimonioactual.com\/page\/el-festival-lirico-de-medinaceli-celebrara-su-vi-edicion-con-aida\/#article","isPartOf":{"@id":"https:\/\/patrimonioactual.com\/page\/el-festival-lirico-de-medinaceli-celebrara-su-vi-edicion-con-aida\/"},"author":{"name":"Administrador","@id":"https:\/\/patrimonioactual.com\/page\/#\/schema\/person\/5c9e47aa8197a9f701f1eb7f39b0bec0"},"headline":"El Festival L\u00edrico de Medinaceli celebrar\u00e1 su VI edici\u00f3n con AIDA","datePublished":"2019-08-01T11:29:32+00:00","dateModified":"2019-08-01T11:29:36+00:00","mainEntityOfPage":{"@id":"https:\/\/patrimonioactual.com\/page\/el-festival-lirico-de-medinaceli-celebrara-su-vi-edicion-con-aida\/"},"wordCount":673,"commentCount":0,"image":{"@id":"https:\/\/patrimonioactual.com\/page\/el-festival-lirico-de-medinaceli-celebrara-su-vi-edicion-con-aida\/#primaryimage"},"thumbnailUrl":"https:\/\/patrimonioactual.com\/page\/wp-content\/uploads\/2019\/08\/Ignacio-Garc\u00eda-Francisco-Mejorada-y-Miguel-Tugores00.jpg","keywords":["Aida"],"articleSection":["Edificios con Encanto","Patrimonio Turistico Cultural","\u00daltimas Noticias"],"inLanguage":"es","potentialAction":[{"@type":"CommentAction","name":"Comment","target":["https:\/\/patrimonioactual.com\/page\/el-festival-lirico-de-medinaceli-celebrara-su-vi-edicion-con-aida\/#respond"]}]},{"@type":"WebPage","@id":"https:\/\/patrimonioactual.com\/page\/el-festival-lirico-de-medinaceli-celebrara-su-vi-edicion-con-aida\/","url":"https:\/\/patrimonioactual.com\/page\/el-festival-lirico-de-medinaceli-celebrara-su-vi-edicion-con-aida\/","name":"El Festival L\u00edrico de Medinaceli celebrar\u00e1 su VI edici\u00f3n con AIDA - Patrimonio Actual, ciudades, sitios y espacios naturales declarados Patrimonio de la Humanidad por la UNESCO","isPartOf":{"@id":"https:\/\/patrimonioactual.com\/page\/#website"},"primaryImageOfPage":{"@id":"https:\/\/patrimonioactual.com\/page\/el-festival-lirico-de-medinaceli-celebrara-su-vi-edicion-con-aida\/#primaryimage"},"image":{"@id":"https:\/\/patrimonioactual.com\/page\/el-festival-lirico-de-medinaceli-celebrara-su-vi-edicion-con-aida\/#primaryimage"},"thumbnailUrl":"https:\/\/patrimonioactual.com\/page\/wp-content\/uploads\/2019\/08\/Ignacio-Garc\u00eda-Francisco-Mejorada-y-Miguel-Tugores00.jpg","datePublished":"2019-08-01T11:29:32+00:00","dateModified":"2019-08-01T11:29:36+00:00","author":{"@id":"https:\/\/patrimonioactual.com\/page\/#\/schema\/person\/5c9e47aa8197a9f701f1eb7f39b0bec0"},"description":"DEARTE, pionero en dinamizar la \u201cEspa\u00f1a vaciada\u201d realizando actividades culturales, presenta la nueva edici\u00f3n del Festival con la \u00f3pera AIDA de Verdi","breadcrumb":{"@id":"https:\/\/patrimonioactual.com\/page\/el-festival-lirico-de-medinaceli-celebrara-su-vi-edicion-con-aida\/#breadcrumb"},"inLanguage":"es","potentialAction":[{"@type":"ReadAction","target":["https:\/\/patrimonioactual.com\/page\/el-festival-lirico-de-medinaceli-celebrara-su-vi-edicion-con-aida\/"]}]},{"@type":"ImageObject","inLanguage":"es","@id":"https:\/\/patrimonioactual.com\/page\/el-festival-lirico-de-medinaceli-celebrara-su-vi-edicion-con-aida\/#primaryimage","url":"https:\/\/patrimonioactual.com\/page\/wp-content\/uploads\/2019\/08\/Ignacio-Garc\u00eda-Francisco-Mejorada-y-Miguel-Tugores00.jpg","contentUrl":"https:\/\/patrimonioactual.com\/page\/wp-content\/uploads\/2019\/08\/Ignacio-Garc\u00eda-Francisco-Mejorada-y-Miguel-Tugores00.jpg","width":615,"height":461,"caption":"De izq. a dcha. Ignacio Garc\u00eda, Francisco Mejorada y Miguel Tugores. Foto: \u00a9 patrimonioactual.com"},{"@type":"BreadcrumbList","@id":"https:\/\/patrimonioactual.com\/page\/el-festival-lirico-de-medinaceli-celebrara-su-vi-edicion-con-aida\/#breadcrumb","itemListElement":[{"@type":"ListItem","position":1,"name":"Portada","item":"https:\/\/patrimonioactual.com\/page\/"},{"@type":"ListItem","position":2,"name":"El Festival L\u00edrico de Medinaceli celebrar\u00e1 su VI edici\u00f3n con AIDA"}]},{"@type":"WebSite","@id":"https:\/\/patrimonioactual.com\/page\/#website","url":"https:\/\/patrimonioactual.com\/page\/","name":"Patrimonio Actual, ciudades, sitios y espacios naturales declarados Patrimonio de la Humanidad por la UNESCO","description":"Revista digital que busca informar a un p\u00fablico objetivo amplio, de los acontecimientos mundiales que se producen en torno a la informaci\u00f3n del patrimonio cultural, natural, inmaterial y tur\u00edstico-cultural de ciudades y espacios naturales, Patrimonio de la Humanidad declarados por la UNESCO.","potentialAction":[{"@type":"SearchAction","target":{"@type":"EntryPoint","urlTemplate":"https:\/\/patrimonioactual.com\/page\/?s={search_term_string}"},"query-input":{"@type":"PropertyValueSpecification","valueRequired":true,"valueName":"search_term_string"}}],"inLanguage":"es"},{"@type":"Person","@id":"https:\/\/patrimonioactual.com\/page\/#\/schema\/person\/5c9e47aa8197a9f701f1eb7f39b0bec0","name":"Administrador","image":{"@type":"ImageObject","inLanguage":"es","@id":"https:\/\/secure.gravatar.com\/avatar\/b9799fdd4dcfd314441ef602feb8b96b998b6668bb248caa326a14662b17db94?s=96&d=mm&r=g","url":"https:\/\/secure.gravatar.com\/avatar\/b9799fdd4dcfd314441ef602feb8b96b998b6668bb248caa326a14662b17db94?s=96&d=mm&r=g","contentUrl":"https:\/\/secure.gravatar.com\/avatar\/b9799fdd4dcfd314441ef602feb8b96b998b6668bb248caa326a14662b17db94?s=96&d=mm&r=g","caption":"Administrador"},"url":"https:\/\/patrimonioactual.com\/page\/author\/juan-ignacio-vecino\/"}]}},"_links":{"self":[{"href":"https:\/\/patrimonioactual.com\/page\/wp-json\/wp\/v2\/posts\/15085","targetHints":{"allow":["GET"]}}],"collection":[{"href":"https:\/\/patrimonioactual.com\/page\/wp-json\/wp\/v2\/posts"}],"about":[{"href":"https:\/\/patrimonioactual.com\/page\/wp-json\/wp\/v2\/types\/post"}],"author":[{"embeddable":true,"href":"https:\/\/patrimonioactual.com\/page\/wp-json\/wp\/v2\/users\/4"}],"replies":[{"embeddable":true,"href":"https:\/\/patrimonioactual.com\/page\/wp-json\/wp\/v2\/comments?post=15085"}],"version-history":[{"count":2,"href":"https:\/\/patrimonioactual.com\/page\/wp-json\/wp\/v2\/posts\/15085\/revisions"}],"predecessor-version":[{"id":15089,"href":"https:\/\/patrimonioactual.com\/page\/wp-json\/wp\/v2\/posts\/15085\/revisions\/15089"}],"wp:featuredmedia":[{"embeddable":true,"href":"https:\/\/patrimonioactual.com\/page\/wp-json\/wp\/v2\/media\/15087"}],"wp:attachment":[{"href":"https:\/\/patrimonioactual.com\/page\/wp-json\/wp\/v2\/media?parent=15085"}],"wp:term":[{"taxonomy":"category","embeddable":true,"href":"https:\/\/patrimonioactual.com\/page\/wp-json\/wp\/v2\/categories?post=15085"},{"taxonomy":"post_tag","embeddable":true,"href":"https:\/\/patrimonioactual.com\/page\/wp-json\/wp\/v2\/tags?post=15085"}],"curies":[{"name":"wp","href":"https:\/\/api.w.org\/{rel}","templated":true}]}}