{"id":16135,"date":"2020-05-18T09:46:11","date_gmt":"2020-05-18T07:46:11","guid":{"rendered":"https:\/\/patrimonioactual.com\/page\/?p=16135"},"modified":"2020-05-18T09:46:16","modified_gmt":"2020-05-18T07:46:16","slug":"la-fundacion-ceim-y-la-fundacion-max-mazin-becan-a-treinta-alumnos-del-programa-de-altas-capacidades-de-la-comunidad-de-madrid-espanaborrador-automatico","status":"publish","type":"post","link":"https:\/\/patrimonioactual.com\/page\/la-fundacion-ceim-y-la-fundacion-max-mazin-becan-a-treinta-alumnos-del-programa-de-altas-capacidades-de-la-comunidad-de-madrid-espanaborrador-automatico\/","title":{"rendered":"La Fundaci\u00f3n CEIM y la Fundaci\u00f3n Max Mazin becan a treinta alumnos del Programa de Altas Capacidades de la Comunidad de Madrid, Espa\u00f1a"},"content":{"rendered":"\n<figure class=\"wp-block-image size-large\"><img loading=\"lazy\" decoding=\"async\" width=\"615\" height=\"461\" src=\"https:\/\/patrimonioactual.com\/page\/wp-content\/uploads\/2020\/05\/MAX-MAZIN-2-2-00-00.gif\" alt=\"\" class=\"wp-image-16136\"\/><figcaption>Max Mazin<\/figcaption><\/figure>\n\n\n\n<p class=\"has-medium-font-size wp-block-paragraph\"><strong>El Jurado, reunido de forma telem\u00e1tica, ha elegido a los premiados de esta VII Edici\u00f3n de los Premios Max Mazin<\/strong><\/p>\n\n\n\n<p class=\"wp-block-paragraph\">El objetivo de estas becas es ayudar a los alumnos con altas capacidades del PEAC a afrontar sus estudios universitarios.<\/p>\n\n\n\n<p class=\"wp-block-paragraph\">Como consecuencia de la dif\u00edcil coyuntura econ\u00f3mica causada por la pandemia del <a href=\"https:\/\/patrimonioactual.com\/page\/?s=COVID-19+\">COVID-19<\/a>, la Fundaci\u00f3n Max Mazin aumenta de manera extraordinaria en m\u00e1s de un tercio la cuant\u00eda de las becas hasta los 60.000 euros, que se repartir\u00e1n entre los treinta alumnos seleccionados.<\/p>\n\n\n\n<p class=\"wp-block-paragraph\">La Fundaci\u00f3n CEIM y la Fundaci\u00f3n Max Mazin han premiado, por s\u00e9ptimo a\u00f1o consecutivo, a los estudiantes del Programa de Altas Capacidades de la Comunidad de Madrid (PEAC) con los Premios Max Mazin.<\/p>\n\n\n\n<p class=\"wp-block-paragraph\">El objetivo de estos premios, impulsados por la Fundaci\u00f3n Max Mazin, es ayudar a los alumnos del programa PEAC a afrontar sus estudios universitarios de grado y postgrado.<\/p>\n\n\n\n<p class=\"wp-block-paragraph\">Este a\u00f1o, debido a la situaci\u00f3n excepcional provocada por la <a href=\"https:\/\/patrimonioactual.com\/page\/?s=pandemia\">pandemia<\/a>, la cuant\u00eda de dichas becas se ha multiplicado hasta los 60.000 euros, que se repartir\u00e1n entre los treinta alumnos seleccionados, diez m\u00e1s que en ediciones anteriores.<\/p>\n\n\n\n<p class=\"wp-block-paragraph\">Los Premios Max Mazin, que tambi\u00e9n reconocen la labor de una instituci\u00f3n u organismo que se ocupe de atender las necesidades especiales de estos j\u00f3venes, no se ha concedido en esta edici\u00f3n a causa de las circunstancias que ha generado el COVID-19.<\/p>\n\n\n\n<p class=\"wp-block-paragraph\">Desde la Fundaci\u00f3n CEIM, se\u00f1alan la importancia de estos premios, que \u201cgracias a la Fundaci\u00f3n Max Mazin son posibles y adem\u00e1s suponen un homenaje a la figura del primer presidente del Patronato de nuestra fundaci\u00f3n, art\u00edfice y principal impulsor de la atenci\u00f3n a alumnos con altas capacidades\u201d.<\/p>\n\n\n\n<p class=\"wp-block-paragraph\">Desde la Fundaci\u00f3n Max Maxin subrayan \u201cel especial esfuerzo solidario dadas las circunstancias sobrevenidas por el COVID-19, lo que nos permite pasar de veinte a treinta premiados\u201d.<\/p>\n\n\n\n<p class=\"wp-block-paragraph\">Sensibilizada por el COVID-19, la Fundaci\u00f3n Max Mazin no solamente ha decidido aumentar la cuant\u00eda de las becas, sino que, adem\u00e1s, se ha sumado a otras iniciativas solidarias para combatir la pandemia donando a la Comunidad Aut\u00f3noma de Madrid (Espa\u00f1a) 900.000 euros para apoyar a los que est\u00e1n sufriendo sus consecuencias.<\/p>\n\n\n\n<p class=\"has-medium-font-size wp-block-paragraph\"><strong>Los Premios Max Mazin y el Programa de Altas Capacidades de la Comunidad de Madrid<\/strong><\/p>\n\n\n\n<p class=\"wp-block-paragraph\">Los Premios Max Mazin se enmarcan dentro del Programa de Altas Capacidades de la Comunidad de Madrid. Una iniciativa pionera en Espa\u00f1a \u2014comenz\u00f3 su andadura en 1999 con 157 alumnos y han alcanzado en la actualidad la cifra de 2000\u2014, de car\u00e1cter voluntario y gratuito, tiene como objetivo estimular el potencial y la creatividad de alumnos con altas capacidades.<\/p>\n\n\n\n<p class=\"wp-block-paragraph\">Este Programa, fruto del convenio de colaboraci\u00f3n entre la Consejer\u00eda de Educaci\u00f3n e Investigaci\u00f3n de la Comunidad de Madrid y la Fundaci\u00f3n CEIM, est\u00e1 coordinado por la Direcci\u00f3n General de Educaci\u00f3n Infantil, Primaria y Secundaria.<\/p>\n\n\n\n<p class=\"wp-block-paragraph\">La Fundaci\u00f3n CEIM present\u00f3 este proyecto al Consejo Econ\u00f3mico y Social Europeo, que aprob\u00f3 un dictamen de iniciativa en el que se recomienda a los 27 Estados miembros a realizar actividades encaminadas a impulsar el potencial de los ni\u00f1os y j\u00f3venes con altas capacidades, tales como la formaci\u00f3n inicial y permanente del profesorado; el dise\u00f1o y puesta en marcha de medidas educativas destinadas a estos alumnos; integrar en la formaci\u00f3n del profesorado el uso de las tecnolog\u00edas de la informaci\u00f3n y la comunicaci\u00f3n y, por \u00faltimo, el est\u00edmulo de la creatividad, la innovaci\u00f3n y la capacidad de iniciativa.<\/p>\n\n\n\n<p class=\"has-medium-font-size wp-block-paragraph\"><strong>Sobre la Fundaci\u00f3n Max Mazin<\/strong><\/p>\n\n\n\n<p class=\"wp-block-paragraph\">La Fundaci\u00f3n Max Mazin tiene como fin el estudio y la memoria de la trayectoria vital, profesional e institucional de Max Mazin Brodovka, as\u00ed como la promoci\u00f3n de sus valores.<\/p>\n\n\n\n<p class=\"wp-block-paragraph\">La Fundaci\u00f3n promociona actividades culturales, econ\u00f3micas, cient\u00edficas, educativas y sociales, y presta especial atenci\u00f3n a las relacionadas con la cultura jud\u00eda, as\u00ed como a la estimulaci\u00f3n y consolidaci\u00f3n de las relaciones entre Espa\u00f1a, Israel y las comunidades jud\u00edas del resto del mundo, a trav\u00e9s de programas de formaci\u00f3n, cursos, seminarios, conferencias, exposiciones, etc.<\/p>\n\n\n\n<p class=\"wp-block-paragraph\">La Fundaci\u00f3n tiene especial inter\u00e9s en dedicar sus esfuerzos a proyectos en el \u00e1mbito de la educaci\u00f3n, con programas de tipo acad\u00e9mico-cient\u00edfico y cultural incluidas becas y ayudas. La promoci\u00f3n de nuevos programas educativos e iniciativas en estas \u00e1reas es otra prioridad.<\/p>\n\n\n\n<p class=\"wp-block-paragraph\">La Fundaci\u00f3n, as\u00ed mismo, pone el acento en apoyar iniciativas encaminadas a luchar contra el antisemitismo, el racismo, la xenofobia y otras formas de intolerancia, adem\u00e1s de promover, apoyar y difundir el estudio, investigaci\u00f3n y ense\u00f1anza del <a href=\"https:\/\/patrimonioactual.com\/page\/?s=Holocausto\">Holocausto<\/a>.<\/p>\n\n\n\n<p class=\"wp-block-paragraph\">La Fundaci\u00f3n Max Mazin es estrictamente familiar. Su patronato est\u00e1 compuesto&nbsp;por sus cuatro hijos, Dafna, Daniel, Ariel y Miguel Mazin Mor y presidida por su viuda, Atara Mor Zilberstein.<\/p>\n\n\n\n<p class=\"has-medium-font-size wp-block-paragraph\"><strong>Becas Max Mazin para las Altas Capacidades y Premio Max Mazin<\/strong><\/p>\n\n\n\n<p class=\"wp-block-paragraph\">La Fundaci\u00f3n Max Mazin prosigue la labor iniciada por Max Mazin como Presidente de la Fundaci\u00f3n CEIM en el campo de las altas capacidades.<\/p>\n\n\n\n<p class=\"wp-block-paragraph\">Desde 2014, La Fundaci\u00f3n junto con la Fundaci\u00f3n CEIM otorga 20 becas a alumnos de altas capacidades de la Comunidad de Madrid para ayudarles a costear su educaci\u00f3n universitaria.<\/p>\n\n\n\n<p class=\"wp-block-paragraph\">Los premiados son seleccionados por un jurado entre los alumnos del PEAC (Programa de Altas Capacidades de la Comunidad de Madrid) mediante solicitudes en las que se eval\u00faa su excelencia en los estudios, su trayectoria y aspiraciones vitales, m\u00e1s sus circunstancias econ\u00f3micas.<\/p>\n\n\n\n<p class=\"wp-block-paragraph\">Por otra parte, y con el mismo jurado, la Fundaci\u00f3n Max Mazin junto con la Fundaci\u00f3n CEIM reconoce y premia en cada convocatoria&nbsp;la labor de profesionales, de organismos o de instituciones que se ocupan de los ni\u00f1os o j\u00f3venes de altas capacidades.<\/p>\n\n\n\n<p class=\"wp-block-paragraph\">El jurado de las Becas Max Mazin est\u00e1 presidido por el Presidente de la Fundaci\u00f3n CEIM y est\u00e1 integrado por un representante de la Fundaci\u00f3n CEIM, dos patronos de la Fundaci\u00f3n Max Mazin, el Director General de Centros de Educaci\u00f3n&nbsp; Primaria de la Comunidad de Madrid, el Subdirector General Centros de Educaci\u00f3n infantil, Primaria y Especial a cargo del PEAC, la Directora del Gabinete t\u00e9cnico de la Fundaci\u00f3n Universidad-Empresa (FUE) y una personalidad de reconocido prestigio en el campo de la educaci\u00f3n, elegida por la Fundaci\u00f3n CEIM y la Fundaci\u00f3n Max Mazin.<\/p>\n\n\n\n<p class=\"wp-block-paragraph\">Estas becas y premio, que en la actualidad van por su s\u00e9ptima edici\u00f3n, se suelen entregar en el mes de abril con un acto institucional en la sede de la Fundaci\u00f3n CEIM presidido por el Presidente de CEIM, en el que&nbsp; el Presidente de la Fundaci\u00f3n CEIM, la Presidenta de la Fundaci\u00f3n Max Mazin, el Consejero de Educaci\u00f3n y Juventud de la Comunidad de Madrid y el Vicepresidente ejecutivo de la FUE ocupan la mesa presidencial ante un numeroso p\u00fablico formado por miembros de la CEIM, padres de alumnos, la comunidad educativa relacionada con el mundo de las altas capacidades, los premiados y la prensa.<\/p>\n\n\n\n<p class=\"wp-block-paragraph\">La Fundaci\u00f3n Max Mazin quiere dejar constancia que estos premios son un homenaje especial a la figura de Max Mazin, art\u00edfice y principal impulsor de la atenci\u00f3n por primera vez en la comunidad de Madrid a alumnos de&nbsp;altas capacidades.<\/p>\n\n\n\n<p class=\"wp-block-paragraph\">Asimismo, en 1977, tras siete largos a\u00f1os hasta obtener el permiso de Gobernaci\u00f3n para acoger la Organizaci\u00f3n B\u00b4nei Brith a la Ley de Asociaciones, se convierte en su Presidente en Espa\u00f1a.<\/p>\n\n\n\n<p class=\"wp-block-paragraph\">Es la mayor entidad jud\u00eda internacional de defensa de los Derechos Humanos en general y relativos al mundo jud\u00edo en particular. Se trata de la organizaci\u00f3n jud\u00eda m\u00e1s importante y m\u00e1s activa en el mundo con varios centenares de miles de socios en 58 pa\u00edses, con sede en la Uni\u00f3n Europea, con estatuto no-gubernamental en las <a href=\"https:\/\/patrimonioactual.com\/page\/?s=Naciones+Unidas\">Naciones Unidas<\/a> y representaci\u00f3n en la <a href=\"https:\/\/patrimonioactual.com\/page\/?s=UNESCO\">UNESCO<\/a>.<\/p>\n\n\n\n<p class=\"has-medium-font-size wp-block-paragraph\"><strong>Max Mazin Brodovka<\/strong><\/p>\n\n\n\n<p class=\"wp-block-paragraph\">Nace el 7 de junio de 1923 en Horodzeij, una peque\u00f1a aldea de unos 900 habitantes, en su gran mayor\u00eda jud\u00edos, lo que se llamaba en esas tierras, un shtetl, en un territorio reci\u00e9n incorporado a Polonia y que en la actualidad pertenece a Bielorussia.<\/p>\n\n\n\n<p class=\"wp-block-paragraph\">Su idioma materno es el ruso pues su madre Zofia Brodovka es letona.<\/p>\n\n\n\n<p class=\"wp-block-paragraph\">Su padre Wolf Mazin con el que habla en yiddish es propietario de una peque\u00f1a empresa familiar de exportaci\u00f3n de lino.<\/p>\n\n\n\n<p class=\"wp-block-paragraph\">Estudia la secundaria en Vilna, hoy capital de Lituania.<\/p>\n\n\n\n<p class=\"wp-block-paragraph\">Como resultado del Pacto Ribbentrop-Molotov, en 1939, el ej\u00e9rcito sovi\u00e9tico invade una parte del este de Polonia y Max Mazin que tiene 16 a\u00f1os se pone a trabajar en una f\u00e1brica de zapatos, al igual que su hermano mayor, en la ciudad m\u00e1s cercana a su pueblo, con el fin de que su familia no sea deportada a la URSS por ser considerada \u201ccapitalista.\u201d<\/p>\n\n\n\n<p class=\"wp-block-paragraph\">En 1941, cuando el ej\u00e9rcito nazi invade toda Polonia como consecuencia de la Operaci\u00f3n Barbaroja, desde Baranovich donde trabaja, consigue huir con su hermano, hacia el interior de la URSS y en su huida atraviesa los Urales para recalar en Siberia.<\/p>\n\n\n\n<p class=\"wp-block-paragraph\">El 17 de Julio de 1942, todos los habitantes de su peque\u00f1o pueblo, Horodzeij, son obligados a cavar una fosa y son asesinados por los alemanes. Entre ellos, sus padres y su hermana peque\u00f1a.<\/p>\n\n\n\n<p class=\"wp-block-paragraph\">Pasa toda la guerra en Siberia, en Tcheliabinsk, donde Stalin concentra el esfuerzo armament\u00edstico para la Guerra contra Alemania y trabaja en una gran f\u00e1brica de armamento donde muy pronto se convierte en contable jefe.<\/p>\n\n\n\n<p class=\"wp-block-paragraph\">Hacia el final de la Guerra, decide volver a Polonia y en poco tiempo y con apenas 22 a\u00f1os, el gobierno polaco lo nombra m\u00e1ximo responsable econ\u00f3mico de la regi\u00f3n de Cracovia.<\/p>\n\n\n\n<p class=\"wp-block-paragraph\">Entra en Cracovia el 14 de enero de 1945 con las fuerzas de liberaci\u00f3n para hacerse cargo de la gesti\u00f3n econ\u00f3mica de la ciudad.<\/p>\n\n\n\n<p class=\"wp-block-paragraph\">El 27 de enero de 1945 el ej\u00e9rcito sovi\u00e9tico libera Auschwitz. Max Mazin entra en el campo al d\u00eda siguiente para ver con sus propios ojos el horror.<\/p>\n\n\n\n<p class=\"wp-block-paragraph\">Un a\u00f1o m\u00e1s tarde, al comprobar que el comunismo resulta cada vez m\u00e1s duro y m\u00e1s hostil hacia los jud\u00edos, a pesar de encontrarse en una posici\u00f3n de considerable poder, decide escapar ilegalmente de Polonia para pasar a Occidente. Su huida causa un esc\u00e1ndalo nacional.<\/p>\n\n\n\n<p class=\"wp-block-paragraph\">Recala en un campo de refugiados en Alemania desde el que consigue poder evadirse y cruzar la frontera con B\u00e9lgica donde reside el \u00fanico superviviente de toda su familia, un t\u00edo materno.<\/p>\n\n\n\n<p class=\"wp-block-paragraph\">Es detenido sin papeles cruzando la frontera y metido en la c\u00e1rcel en B\u00e9lgica.<\/p>\n\n\n\n<p class=\"wp-block-paragraph\">All\u00ed destruye el diario que llevaba escrito desde el comienzo de la guerra para que no le puedan identificar y enviarlo de vuelta tras el tel\u00f3n de acero.<\/p>\n\n\n\n<p class=\"wp-block-paragraph\">Su t\u00edo materno, escondido por la Resistencia durante la guerra, lo saca de la c\u00e1rcel y lo acoge en Gante.<\/p>\n\n\n\n<p class=\"wp-block-paragraph\">Empieza su vida en el mundo libre, de vendedor ambulante de ropa de se\u00f1ora, y pronto idea negocios de mayor envergadura con los que prospera econ\u00f3micamente en B\u00e9lgica.<\/p>\n\n\n\n<p class=\"has-medium-font-size wp-block-paragraph\"><strong>La educaci\u00f3n como eje del factor humano<\/strong><\/p>\n\n\n\n<p class=\"wp-block-paragraph\">En 1985 Max Mazin es nombrado miembro del Consejo Social de la <a href=\"https:\/\/patrimonioactual.com\/page\/?s=Universidad+Complutense+\">Universidad Complutense de Madrid<\/a> desde su constituci\u00f3n hasta que dimite en 2010 por enfermedad. Representa a CEIM en este \u00f3rgano de participaci\u00f3n de la sociedad en la Universidad con el fin de conseguir mayor calidad en sus ense\u00f1anzas, potenciar su capacidad investigadora e impulsar el progreso social, econ\u00f3mico y cultural, supervisando sus actividades y el rendimiento de sus servicios.<\/p>\n\n\n\n<p class=\"wp-block-paragraph\">En 1988 es nombrado vicepresidente de la Fundaci\u00f3n Marc Rich cuyo Presidente es <a href=\"https:\/\/patrimonioactual.com\/page\/?s=Camilo+Jos%C3%A9+Cela\">Camilo Jos\u00e9 Cela<\/a>, dedicada al fomento de las Artes y de las Letras. Esta Fundaci\u00f3n colabor\u00f3 adem\u00e1s en la restauraci\u00f3n de monumentos simb\u00f3licos de Madrid como la fuente de Neptuno y la estatua ecuestre de Felipe IV.<\/p>\n\n\n\n<p class=\"wp-block-paragraph\">En 1991 se convierte en Presidente de la Fundaci\u00f3n CEIM hasta su renuncia por enfermedad poco antes de fallecer.<\/p>\n\n\n\n<p class=\"wp-block-paragraph\">Desde ese cargo, concibe y crea en Espa\u00f1a el primer programa para ni\u00f1os de altas capacidades, asesorado por expertos israel\u00edes en la materia.<\/p>\n\n\n\n<p class=\"wp-block-paragraph\">En 1996, La Fundaci\u00f3n CEIM firma un convenio con la Consejer\u00eda de Educaci\u00f3n y Cultura de la Comunidad de Madrid que facilit\u00f3 el comienzo de una investigaci\u00f3n para la identificaci\u00f3n de alumnos con altas capacidades en la regi\u00f3n. La Fundaci\u00f3n CEIM firma unos meses despu\u00e9s un a\u00f1adido al Convenio con el Ministerio de Educaci\u00f3n y Cultura para incorporarlo en el programa.<\/p>\n\n\n\n<p class=\"wp-block-paragraph\">El Programa de Enriquecimiento Extracurricular para alumnos con altas capacidades (PEAC) comenz\u00f3 durante el curso 1999-2000 con la participaci\u00f3n de 157 alumnos. Esta cifra ha ido creciendo, a\u00f1o tras a\u00f1o, hasta llegar a la actual de 2000 alumnos.<\/p>\n\n\n\n<p class=\"wp-block-paragraph\">Los alumnos de altas capacidades identificados en la Comunidad de Madrid tienen a su disposici\u00f3n, en 6 centros distintos, dos s\u00e1bados al mes desde octubre a mayo, actividades concebidas espec\u00edficamente para ellos con el objetivo de estimular su conocimiento y sus capacidades. Los escolares participan en esta iniciativa de car\u00e1cter voluntario y gratuito a trav\u00e9s de proyectos de investigaci\u00f3n y talleres en los que desarrollan diferentes actividades relacionadas con el \u00e1mbito de las habilidades sociales, ling\u00fc\u00edstico-literarias, cient\u00edfico-tecnol\u00f3gicas y art\u00edsticas. Estas actividades se complementan con visitas a diferentes museos y centros e instituciones culturales y cient\u00edficas.<\/p>\n\n\n\n<p class=\"wp-block-paragraph\">Asimismo, el programa incluye formaci\u00f3n, asesoramiento y orientaci\u00f3n al profesorado y a las familias.<\/p>\n\n\n\n<p class=\"wp-block-paragraph\">El desarrollo de estas actuaciones est\u00e1 a cargo de un equipo de especialistas y docentes que incluye coordinadores, especialistas y profesores de Educaci\u00f3n Primaria y Secundaria.<\/p>\n\n\n\n<p class=\"wp-block-paragraph\">A ra\u00edz de esta iniciativa de la Fundaci\u00f3n CEIM y basada en su experiencia pionera en Espa\u00f1a, la <a href=\"https:\/\/patrimonioactual.com\/page\/?s=Uni%C3%B3n+Europea+\">Uni\u00f3n Europea<\/a> aprob\u00f3 en 2013 una resoluci\u00f3n para que en sus 27 pa\u00edses se detecte y se d\u00e9 atenci\u00f3n especial a los ni\u00f1os de altas capacidades siguiendo el ejemplo espa\u00f1ol.<\/p>\n\n\n\n<p class=\"wp-block-paragraph\">En 1991 hasta 2002 es Patrono de la <a href=\"https:\/\/patrimonioactual.com\/page\/?s=Fundaci%C3%B3n+Camilo+Jos%C3%A9+Cela+\">Fundaci\u00f3n Camilo Jos\u00e9 Cela<\/a> en Iria Flavia, Galicia, dedicada a conservar el legado de Camilo Jos\u00e9 Cela.<\/p>\n\n\n\n<p class=\"wp-block-paragraph\">De 2000 a 2010 es miembro del patronato de la <a href=\"https:\/\/patrimonioactual.com\/page\/?s=Universidad+Camilo-Jos%C3%A9+Cela+\">Universidad Camilo-Jos\u00e9 Cela<\/a> en Villanueva de la Ca\u00f1ada, Madrid.<\/p>\n\n\n\n<p class=\"wp-block-paragraph\"><strong>S\u00edguenos en <\/strong><a href=\"https:\/\/www.facebook.com\/P.actual\"><strong>Facebook<\/strong><\/a><strong> y <\/strong><a href=\"https:\/\/twitter.com\/p_actual\"><strong>Twitter<\/strong><\/a><strong><\/strong><\/p>\n","protected":false},"excerpt":{"rendered":"<p>El Jurado, reunido de forma telem\u00e1tica, ha elegido a los premiados de esta VII Edici\u00f3n de los Premios Max Mazin El objetivo de estas becas es ayudar a los alumnos con altas capacidades del PEAC a afrontar sus estudios universitarios. Como consecuencia de la dif\u00edcil coyuntura econ\u00f3mica causada por la pandemia del COVID-19, la Fundaci\u00f3n [&hellip;]<\/p>\n","protected":false},"author":1,"featured_media":16136,"comment_status":"open","ping_status":"open","sticky":false,"template":"","format":"standard","meta":{"footnotes":""},"categories":[14,1,39],"tags":[5643,5642],"class_list":["post-16135","post","type-post","status-publish","format-standard","has-post-thumbnail","category-fundacion-cultural","category-patrimonio-cultural","category-ultimas-noticias","tag-ceim","tag-max-mazin"],"yoast_head":"<!-- This site is optimized with the Yoast SEO plugin v27.4 - https:\/\/yoast.com\/product\/yoast-seo-wordpress\/ -->\n<title>La Fundaci\u00f3n CEIM y la Fundaci\u00f3n Max Mazin becan a treinta alumnos del Programa de Altas Capacidades de la Comunidad de Madrid, Espa\u00f1a - Patrimonio Actual, ciudades, sitios y espacios naturales declarados Patrimonio de la Humanidad por la UNESCO<\/title>\n<meta name=\"description\" content=\"Como consecuencia de la coyuntura econ\u00f3mica causada por la pandemia del COVID-19, la Fundaci\u00f3n Max Mazin aumenta en m\u00e1s de un tercio la cuant\u00eda de las becas\" \/>\n<meta name=\"robots\" content=\"index, follow, max-snippet:-1, max-image-preview:large, max-video-preview:-1\" \/>\n<link rel=\"canonical\" href=\"https:\/\/patrimonioactual.com\/page\/la-fundacion-ceim-y-la-fundacion-max-mazin-becan-a-treinta-alumnos-del-programa-de-altas-capacidades-de-la-comunidad-de-madrid-espanaborrador-automatico\/\" \/>\n<meta property=\"og:locale\" content=\"es_ES\" \/>\n<meta property=\"og:type\" content=\"article\" \/>\n<meta property=\"og:title\" content=\"La Fundaci\u00f3n CEIM y la Fundaci\u00f3n Max Mazin becan a treinta alumnos del Programa de Altas Capacidades de la Comunidad de Madrid, Espa\u00f1a - Patrimonio Actual, ciudades, sitios y espacios naturales declarados Patrimonio de la Humanidad por la UNESCO\" \/>\n<meta property=\"og:description\" content=\"Como consecuencia de la coyuntura econ\u00f3mica causada por la pandemia del COVID-19, la Fundaci\u00f3n Max Mazin aumenta en m\u00e1s de un tercio la cuant\u00eda de las becas\" \/>\n<meta property=\"og:url\" content=\"https:\/\/patrimonioactual.com\/page\/la-fundacion-ceim-y-la-fundacion-max-mazin-becan-a-treinta-alumnos-del-programa-de-altas-capacidades-de-la-comunidad-de-madrid-espanaborrador-automatico\/\" \/>\n<meta property=\"og:site_name\" content=\"Patrimonio Actual, ciudades, sitios y espacios naturales declarados Patrimonio de la Humanidad por la UNESCO\" \/>\n<meta property=\"article:publisher\" content=\"https:\/\/www.facebook.com\/P.actual\" \/>\n<meta property=\"article:author\" content=\"http:\/\/facebook.com\/patrimonio.actual\" \/>\n<meta property=\"article:published_time\" content=\"2020-05-18T07:46:11+00:00\" \/>\n<meta property=\"article:modified_time\" content=\"2020-05-18T07:46:16+00:00\" \/>\n<meta property=\"og:image\" content=\"https:\/\/patrimonioactual.com\/page\/wp-content\/uploads\/2020\/05\/MAX-MAZIN-2-2-00-00.gif\" \/>\n\t<meta property=\"og:image:width\" content=\"615\" \/>\n\t<meta property=\"og:image:height\" content=\"461\" \/>\n\t<meta property=\"og:image:type\" content=\"image\/gif\" \/>\n<meta name=\"author\" content=\"admin\" \/>\n<meta name=\"twitter:card\" content=\"summary_large_image\" \/>\n<meta name=\"twitter:creator\" content=\"@P_actual\" \/>\n<meta name=\"twitter:site\" content=\"@P_actual\" \/>\n<meta name=\"twitter:label1\" content=\"Escrito por\" \/>\n\t<meta name=\"twitter:data1\" content=\"admin\" \/>\n\t<meta name=\"twitter:label2\" content=\"Tiempo de lectura\" \/>\n\t<meta name=\"twitter:data2\" content=\"12 minutos\" \/>\n<script type=\"application\/ld+json\" class=\"yoast-schema-graph\">{\"@context\":\"https:\\\/\\\/schema.org\",\"@graph\":[{\"@type\":\"Article\",\"@id\":\"https:\\\/\\\/patrimonioactual.com\\\/page\\\/la-fundacion-ceim-y-la-fundacion-max-mazin-becan-a-treinta-alumnos-del-programa-de-altas-capacidades-de-la-comunidad-de-madrid-espanaborrador-automatico\\\/#article\",\"isPartOf\":{\"@id\":\"https:\\\/\\\/patrimonioactual.com\\\/page\\\/la-fundacion-ceim-y-la-fundacion-max-mazin-becan-a-treinta-alumnos-del-programa-de-altas-capacidades-de-la-comunidad-de-madrid-espanaborrador-automatico\\\/\"},\"author\":{\"name\":\"admin\",\"@id\":\"https:\\\/\\\/patrimonioactual.com\\\/page\\\/#\\\/schema\\\/person\\\/76850d24a9bd508e8e44db1faeab630e\"},\"headline\":\"La Fundaci\u00f3n CEIM y la Fundaci\u00f3n Max Mazin becan a treinta alumnos del Programa de Altas Capacidades de la Comunidad de Madrid, Espa\u00f1a\",\"datePublished\":\"2020-05-18T07:46:11+00:00\",\"dateModified\":\"2020-05-18T07:46:16+00:00\",\"mainEntityOfPage\":{\"@id\":\"https:\\\/\\\/patrimonioactual.com\\\/page\\\/la-fundacion-ceim-y-la-fundacion-max-mazin-becan-a-treinta-alumnos-del-programa-de-altas-capacidades-de-la-comunidad-de-madrid-espanaborrador-automatico\\\/\"},\"wordCount\":2470,\"commentCount\":0,\"image\":{\"@id\":\"https:\\\/\\\/patrimonioactual.com\\\/page\\\/la-fundacion-ceim-y-la-fundacion-max-mazin-becan-a-treinta-alumnos-del-programa-de-altas-capacidades-de-la-comunidad-de-madrid-espanaborrador-automatico\\\/#primaryimage\"},\"thumbnailUrl\":\"https:\\\/\\\/patrimonioactual.com\\\/page\\\/wp-content\\\/uploads\\\/2020\\\/05\\\/MAX-MAZIN-2-2-00-00.gif\",\"keywords\":[\"CEIM\",\"Max Mazin\"],\"articleSection\":[\"Fundaci\u00f3n Cultural\",\"Patrimonio Cultural\",\"\u00daltimas Noticias\"],\"inLanguage\":\"es\",\"potentialAction\":[{\"@type\":\"CommentAction\",\"name\":\"Comment\",\"target\":[\"https:\\\/\\\/patrimonioactual.com\\\/page\\\/la-fundacion-ceim-y-la-fundacion-max-mazin-becan-a-treinta-alumnos-del-programa-de-altas-capacidades-de-la-comunidad-de-madrid-espanaborrador-automatico\\\/#respond\"]}]},{\"@type\":\"WebPage\",\"@id\":\"https:\\\/\\\/patrimonioactual.com\\\/page\\\/la-fundacion-ceim-y-la-fundacion-max-mazin-becan-a-treinta-alumnos-del-programa-de-altas-capacidades-de-la-comunidad-de-madrid-espanaborrador-automatico\\\/\",\"url\":\"https:\\\/\\\/patrimonioactual.com\\\/page\\\/la-fundacion-ceim-y-la-fundacion-max-mazin-becan-a-treinta-alumnos-del-programa-de-altas-capacidades-de-la-comunidad-de-madrid-espanaborrador-automatico\\\/\",\"name\":\"La Fundaci\u00f3n CEIM y la Fundaci\u00f3n Max Mazin becan a treinta alumnos del Programa de Altas Capacidades de la Comunidad de Madrid, Espa\u00f1a - Patrimonio Actual, ciudades, sitios y espacios naturales declarados Patrimonio de la Humanidad por la UNESCO\",\"isPartOf\":{\"@id\":\"https:\\\/\\\/patrimonioactual.com\\\/page\\\/#website\"},\"primaryImageOfPage\":{\"@id\":\"https:\\\/\\\/patrimonioactual.com\\\/page\\\/la-fundacion-ceim-y-la-fundacion-max-mazin-becan-a-treinta-alumnos-del-programa-de-altas-capacidades-de-la-comunidad-de-madrid-espanaborrador-automatico\\\/#primaryimage\"},\"image\":{\"@id\":\"https:\\\/\\\/patrimonioactual.com\\\/page\\\/la-fundacion-ceim-y-la-fundacion-max-mazin-becan-a-treinta-alumnos-del-programa-de-altas-capacidades-de-la-comunidad-de-madrid-espanaborrador-automatico\\\/#primaryimage\"},\"thumbnailUrl\":\"https:\\\/\\\/patrimonioactual.com\\\/page\\\/wp-content\\\/uploads\\\/2020\\\/05\\\/MAX-MAZIN-2-2-00-00.gif\",\"datePublished\":\"2020-05-18T07:46:11+00:00\",\"dateModified\":\"2020-05-18T07:46:16+00:00\",\"author\":{\"@id\":\"https:\\\/\\\/patrimonioactual.com\\\/page\\\/#\\\/schema\\\/person\\\/76850d24a9bd508e8e44db1faeab630e\"},\"description\":\"Como consecuencia de la coyuntura econ\u00f3mica causada por la pandemia del COVID-19, la Fundaci\u00f3n Max Mazin aumenta en m\u00e1s de un tercio la cuant\u00eda de las becas\",\"breadcrumb\":{\"@id\":\"https:\\\/\\\/patrimonioactual.com\\\/page\\\/la-fundacion-ceim-y-la-fundacion-max-mazin-becan-a-treinta-alumnos-del-programa-de-altas-capacidades-de-la-comunidad-de-madrid-espanaborrador-automatico\\\/#breadcrumb\"},\"inLanguage\":\"es\",\"potentialAction\":[{\"@type\":\"ReadAction\",\"target\":[\"https:\\\/\\\/patrimonioactual.com\\\/page\\\/la-fundacion-ceim-y-la-fundacion-max-mazin-becan-a-treinta-alumnos-del-programa-de-altas-capacidades-de-la-comunidad-de-madrid-espanaborrador-automatico\\\/\"]}]},{\"@type\":\"ImageObject\",\"inLanguage\":\"es\",\"@id\":\"https:\\\/\\\/patrimonioactual.com\\\/page\\\/la-fundacion-ceim-y-la-fundacion-max-mazin-becan-a-treinta-alumnos-del-programa-de-altas-capacidades-de-la-comunidad-de-madrid-espanaborrador-automatico\\\/#primaryimage\",\"url\":\"https:\\\/\\\/patrimonioactual.com\\\/page\\\/wp-content\\\/uploads\\\/2020\\\/05\\\/MAX-MAZIN-2-2-00-00.gif\",\"contentUrl\":\"https:\\\/\\\/patrimonioactual.com\\\/page\\\/wp-content\\\/uploads\\\/2020\\\/05\\\/MAX-MAZIN-2-2-00-00.gif\",\"width\":615,\"height\":461,\"caption\":\"Max Mazin\"},{\"@type\":\"BreadcrumbList\",\"@id\":\"https:\\\/\\\/patrimonioactual.com\\\/page\\\/la-fundacion-ceim-y-la-fundacion-max-mazin-becan-a-treinta-alumnos-del-programa-de-altas-capacidades-de-la-comunidad-de-madrid-espanaborrador-automatico\\\/#breadcrumb\",\"itemListElement\":[{\"@type\":\"ListItem\",\"position\":1,\"name\":\"Portada\",\"item\":\"https:\\\/\\\/patrimonioactual.com\\\/page\\\/\"},{\"@type\":\"ListItem\",\"position\":2,\"name\":\"La Fundaci\u00f3n CEIM y la Fundaci\u00f3n Max Mazin becan a treinta alumnos del Programa de Altas Capacidades de la Comunidad de Madrid, Espa\u00f1a\"}]},{\"@type\":\"WebSite\",\"@id\":\"https:\\\/\\\/patrimonioactual.com\\\/page\\\/#website\",\"url\":\"https:\\\/\\\/patrimonioactual.com\\\/page\\\/\",\"name\":\"Patrimonio Actual, ciudades, sitios y espacios naturales declarados Patrimonio de la Humanidad por la UNESCO\",\"description\":\"Revista digital que busca informar a un p\u00fablico objetivo amplio, de los acontecimientos mundiales que se producen en torno a la informaci\u00f3n del patrimonio cultural, natural, inmaterial y tur\u00edstico-cultural de ciudades y espacios naturales, Patrimonio de la Humanidad declarados por la UNESCO.\",\"potentialAction\":[{\"@type\":\"SearchAction\",\"target\":{\"@type\":\"EntryPoint\",\"urlTemplate\":\"https:\\\/\\\/patrimonioactual.com\\\/page\\\/?s={search_term_string}\"},\"query-input\":{\"@type\":\"PropertyValueSpecification\",\"valueRequired\":true,\"valueName\":\"search_term_string\"}}],\"inLanguage\":\"es\"},{\"@type\":\"Person\",\"@id\":\"https:\\\/\\\/patrimonioactual.com\\\/page\\\/#\\\/schema\\\/person\\\/76850d24a9bd508e8e44db1faeab630e\",\"name\":\"admin\",\"image\":{\"@type\":\"ImageObject\",\"inLanguage\":\"es\",\"@id\":\"https:\\\/\\\/secure.gravatar.com\\\/avatar\\\/48168d7e7932867b9131639a989484f6c50ddc0e7a6d380e506072a10e5df39d?s=96&d=mm&r=g\",\"url\":\"https:\\\/\\\/secure.gravatar.com\\\/avatar\\\/48168d7e7932867b9131639a989484f6c50ddc0e7a6d380e506072a10e5df39d?s=96&d=mm&r=g\",\"contentUrl\":\"https:\\\/\\\/secure.gravatar.com\\\/avatar\\\/48168d7e7932867b9131639a989484f6c50ddc0e7a6d380e506072a10e5df39d?s=96&d=mm&r=g\",\"caption\":\"admin\"},\"sameAs\":[\"http:\\\/\\\/facebook.com\\\/patrimonio.actual\",\"https:\\\/\\\/x.com\\\/P_actual\"],\"url\":\"https:\\\/\\\/patrimonioactual.com\\\/page\\\/author\\\/juan\\\/\"}]}<\/script>\n<!-- \/ Yoast SEO plugin. -->","yoast_head_json":{"title":"La Fundaci\u00f3n CEIM y la Fundaci\u00f3n Max Mazin becan a treinta alumnos del Programa de Altas Capacidades de la Comunidad de Madrid, Espa\u00f1a - Patrimonio Actual, ciudades, sitios y espacios naturales declarados Patrimonio de la Humanidad por la UNESCO","description":"Como consecuencia de la coyuntura econ\u00f3mica causada por la pandemia del COVID-19, la Fundaci\u00f3n Max Mazin aumenta en m\u00e1s de un tercio la cuant\u00eda de las becas","robots":{"index":"index","follow":"follow","max-snippet":"max-snippet:-1","max-image-preview":"max-image-preview:large","max-video-preview":"max-video-preview:-1"},"canonical":"https:\/\/patrimonioactual.com\/page\/la-fundacion-ceim-y-la-fundacion-max-mazin-becan-a-treinta-alumnos-del-programa-de-altas-capacidades-de-la-comunidad-de-madrid-espanaborrador-automatico\/","og_locale":"es_ES","og_type":"article","og_title":"La Fundaci\u00f3n CEIM y la Fundaci\u00f3n Max Mazin becan a treinta alumnos del Programa de Altas Capacidades de la Comunidad de Madrid, Espa\u00f1a - Patrimonio Actual, ciudades, sitios y espacios naturales declarados Patrimonio de la Humanidad por la UNESCO","og_description":"Como consecuencia de la coyuntura econ\u00f3mica causada por la pandemia del COVID-19, la Fundaci\u00f3n Max Mazin aumenta en m\u00e1s de un tercio la cuant\u00eda de las becas","og_url":"https:\/\/patrimonioactual.com\/page\/la-fundacion-ceim-y-la-fundacion-max-mazin-becan-a-treinta-alumnos-del-programa-de-altas-capacidades-de-la-comunidad-de-madrid-espanaborrador-automatico\/","og_site_name":"Patrimonio Actual, ciudades, sitios y espacios naturales declarados Patrimonio de la Humanidad por la UNESCO","article_publisher":"https:\/\/www.facebook.com\/P.actual","article_author":"http:\/\/facebook.com\/patrimonio.actual","article_published_time":"2020-05-18T07:46:11+00:00","article_modified_time":"2020-05-18T07:46:16+00:00","og_image":[{"width":615,"height":461,"url":"https:\/\/patrimonioactual.com\/page\/wp-content\/uploads\/2020\/05\/MAX-MAZIN-2-2-00-00.gif","type":"image\/gif"}],"author":"admin","twitter_card":"summary_large_image","twitter_creator":"@P_actual","twitter_site":"@P_actual","twitter_misc":{"Escrito por":"admin","Tiempo de lectura":"12 minutos"},"schema":{"@context":"https:\/\/schema.org","@graph":[{"@type":"Article","@id":"https:\/\/patrimonioactual.com\/page\/la-fundacion-ceim-y-la-fundacion-max-mazin-becan-a-treinta-alumnos-del-programa-de-altas-capacidades-de-la-comunidad-de-madrid-espanaborrador-automatico\/#article","isPartOf":{"@id":"https:\/\/patrimonioactual.com\/page\/la-fundacion-ceim-y-la-fundacion-max-mazin-becan-a-treinta-alumnos-del-programa-de-altas-capacidades-de-la-comunidad-de-madrid-espanaborrador-automatico\/"},"author":{"name":"admin","@id":"https:\/\/patrimonioactual.com\/page\/#\/schema\/person\/76850d24a9bd508e8e44db1faeab630e"},"headline":"La Fundaci\u00f3n CEIM y la Fundaci\u00f3n Max Mazin becan a treinta alumnos del Programa de Altas Capacidades de la Comunidad de Madrid, Espa\u00f1a","datePublished":"2020-05-18T07:46:11+00:00","dateModified":"2020-05-18T07:46:16+00:00","mainEntityOfPage":{"@id":"https:\/\/patrimonioactual.com\/page\/la-fundacion-ceim-y-la-fundacion-max-mazin-becan-a-treinta-alumnos-del-programa-de-altas-capacidades-de-la-comunidad-de-madrid-espanaborrador-automatico\/"},"wordCount":2470,"commentCount":0,"image":{"@id":"https:\/\/patrimonioactual.com\/page\/la-fundacion-ceim-y-la-fundacion-max-mazin-becan-a-treinta-alumnos-del-programa-de-altas-capacidades-de-la-comunidad-de-madrid-espanaborrador-automatico\/#primaryimage"},"thumbnailUrl":"https:\/\/patrimonioactual.com\/page\/wp-content\/uploads\/2020\/05\/MAX-MAZIN-2-2-00-00.gif","keywords":["CEIM","Max Mazin"],"articleSection":["Fundaci\u00f3n Cultural","Patrimonio Cultural","\u00daltimas Noticias"],"inLanguage":"es","potentialAction":[{"@type":"CommentAction","name":"Comment","target":["https:\/\/patrimonioactual.com\/page\/la-fundacion-ceim-y-la-fundacion-max-mazin-becan-a-treinta-alumnos-del-programa-de-altas-capacidades-de-la-comunidad-de-madrid-espanaborrador-automatico\/#respond"]}]},{"@type":"WebPage","@id":"https:\/\/patrimonioactual.com\/page\/la-fundacion-ceim-y-la-fundacion-max-mazin-becan-a-treinta-alumnos-del-programa-de-altas-capacidades-de-la-comunidad-de-madrid-espanaborrador-automatico\/","url":"https:\/\/patrimonioactual.com\/page\/la-fundacion-ceim-y-la-fundacion-max-mazin-becan-a-treinta-alumnos-del-programa-de-altas-capacidades-de-la-comunidad-de-madrid-espanaborrador-automatico\/","name":"La Fundaci\u00f3n CEIM y la Fundaci\u00f3n Max Mazin becan a treinta alumnos del Programa de Altas Capacidades de la Comunidad de Madrid, Espa\u00f1a - Patrimonio Actual, ciudades, sitios y espacios naturales declarados Patrimonio de la Humanidad por la UNESCO","isPartOf":{"@id":"https:\/\/patrimonioactual.com\/page\/#website"},"primaryImageOfPage":{"@id":"https:\/\/patrimonioactual.com\/page\/la-fundacion-ceim-y-la-fundacion-max-mazin-becan-a-treinta-alumnos-del-programa-de-altas-capacidades-de-la-comunidad-de-madrid-espanaborrador-automatico\/#primaryimage"},"image":{"@id":"https:\/\/patrimonioactual.com\/page\/la-fundacion-ceim-y-la-fundacion-max-mazin-becan-a-treinta-alumnos-del-programa-de-altas-capacidades-de-la-comunidad-de-madrid-espanaborrador-automatico\/#primaryimage"},"thumbnailUrl":"https:\/\/patrimonioactual.com\/page\/wp-content\/uploads\/2020\/05\/MAX-MAZIN-2-2-00-00.gif","datePublished":"2020-05-18T07:46:11+00:00","dateModified":"2020-05-18T07:46:16+00:00","author":{"@id":"https:\/\/patrimonioactual.com\/page\/#\/schema\/person\/76850d24a9bd508e8e44db1faeab630e"},"description":"Como consecuencia de la coyuntura econ\u00f3mica causada por la pandemia del COVID-19, la Fundaci\u00f3n Max Mazin aumenta en m\u00e1s de un tercio la cuant\u00eda de las becas","breadcrumb":{"@id":"https:\/\/patrimonioactual.com\/page\/la-fundacion-ceim-y-la-fundacion-max-mazin-becan-a-treinta-alumnos-del-programa-de-altas-capacidades-de-la-comunidad-de-madrid-espanaborrador-automatico\/#breadcrumb"},"inLanguage":"es","potentialAction":[{"@type":"ReadAction","target":["https:\/\/patrimonioactual.com\/page\/la-fundacion-ceim-y-la-fundacion-max-mazin-becan-a-treinta-alumnos-del-programa-de-altas-capacidades-de-la-comunidad-de-madrid-espanaborrador-automatico\/"]}]},{"@type":"ImageObject","inLanguage":"es","@id":"https:\/\/patrimonioactual.com\/page\/la-fundacion-ceim-y-la-fundacion-max-mazin-becan-a-treinta-alumnos-del-programa-de-altas-capacidades-de-la-comunidad-de-madrid-espanaborrador-automatico\/#primaryimage","url":"https:\/\/patrimonioactual.com\/page\/wp-content\/uploads\/2020\/05\/MAX-MAZIN-2-2-00-00.gif","contentUrl":"https:\/\/patrimonioactual.com\/page\/wp-content\/uploads\/2020\/05\/MAX-MAZIN-2-2-00-00.gif","width":615,"height":461,"caption":"Max Mazin"},{"@type":"BreadcrumbList","@id":"https:\/\/patrimonioactual.com\/page\/la-fundacion-ceim-y-la-fundacion-max-mazin-becan-a-treinta-alumnos-del-programa-de-altas-capacidades-de-la-comunidad-de-madrid-espanaborrador-automatico\/#breadcrumb","itemListElement":[{"@type":"ListItem","position":1,"name":"Portada","item":"https:\/\/patrimonioactual.com\/page\/"},{"@type":"ListItem","position":2,"name":"La Fundaci\u00f3n CEIM y la Fundaci\u00f3n Max Mazin becan a treinta alumnos del Programa de Altas Capacidades de la Comunidad de Madrid, Espa\u00f1a"}]},{"@type":"WebSite","@id":"https:\/\/patrimonioactual.com\/page\/#website","url":"https:\/\/patrimonioactual.com\/page\/","name":"Patrimonio Actual, ciudades, sitios y espacios naturales declarados Patrimonio de la Humanidad por la UNESCO","description":"Revista digital que busca informar a un p\u00fablico objetivo amplio, de los acontecimientos mundiales que se producen en torno a la informaci\u00f3n del patrimonio cultural, natural, inmaterial y tur\u00edstico-cultural de ciudades y espacios naturales, Patrimonio de la Humanidad declarados por la UNESCO.","potentialAction":[{"@type":"SearchAction","target":{"@type":"EntryPoint","urlTemplate":"https:\/\/patrimonioactual.com\/page\/?s={search_term_string}"},"query-input":{"@type":"PropertyValueSpecification","valueRequired":true,"valueName":"search_term_string"}}],"inLanguage":"es"},{"@type":"Person","@id":"https:\/\/patrimonioactual.com\/page\/#\/schema\/person\/76850d24a9bd508e8e44db1faeab630e","name":"admin","image":{"@type":"ImageObject","inLanguage":"es","@id":"https:\/\/secure.gravatar.com\/avatar\/48168d7e7932867b9131639a989484f6c50ddc0e7a6d380e506072a10e5df39d?s=96&d=mm&r=g","url":"https:\/\/secure.gravatar.com\/avatar\/48168d7e7932867b9131639a989484f6c50ddc0e7a6d380e506072a10e5df39d?s=96&d=mm&r=g","contentUrl":"https:\/\/secure.gravatar.com\/avatar\/48168d7e7932867b9131639a989484f6c50ddc0e7a6d380e506072a10e5df39d?s=96&d=mm&r=g","caption":"admin"},"sameAs":["http:\/\/facebook.com\/patrimonio.actual","https:\/\/x.com\/P_actual"],"url":"https:\/\/patrimonioactual.com\/page\/author\/juan\/"}]}},"_links":{"self":[{"href":"https:\/\/patrimonioactual.com\/page\/wp-json\/wp\/v2\/posts\/16135","targetHints":{"allow":["GET"]}}],"collection":[{"href":"https:\/\/patrimonioactual.com\/page\/wp-json\/wp\/v2\/posts"}],"about":[{"href":"https:\/\/patrimonioactual.com\/page\/wp-json\/wp\/v2\/types\/post"}],"author":[{"embeddable":true,"href":"https:\/\/patrimonioactual.com\/page\/wp-json\/wp\/v2\/users\/1"}],"replies":[{"embeddable":true,"href":"https:\/\/patrimonioactual.com\/page\/wp-json\/wp\/v2\/comments?post=16135"}],"version-history":[{"count":2,"href":"https:\/\/patrimonioactual.com\/page\/wp-json\/wp\/v2\/posts\/16135\/revisions"}],"predecessor-version":[{"id":16138,"href":"https:\/\/patrimonioactual.com\/page\/wp-json\/wp\/v2\/posts\/16135\/revisions\/16138"}],"wp:featuredmedia":[{"embeddable":true,"href":"https:\/\/patrimonioactual.com\/page\/wp-json\/wp\/v2\/media\/16136"}],"wp:attachment":[{"href":"https:\/\/patrimonioactual.com\/page\/wp-json\/wp\/v2\/media?parent=16135"}],"wp:term":[{"taxonomy":"category","embeddable":true,"href":"https:\/\/patrimonioactual.com\/page\/wp-json\/wp\/v2\/categories?post=16135"},{"taxonomy":"post_tag","embeddable":true,"href":"https:\/\/patrimonioactual.com\/page\/wp-json\/wp\/v2\/tags?post=16135"}],"curies":[{"name":"wp","href":"https:\/\/api.w.org\/{rel}","templated":true}]}}