{"id":16139,"date":"2020-05-18T09:57:05","date_gmt":"2020-05-18T07:57:05","guid":{"rendered":"https:\/\/patrimonioactual.com\/page\/?p=16139"},"modified":"2020-05-18T09:57:11","modified_gmt":"2020-05-18T07:57:11","slug":"azerbaiyan-protagonista-con-la-ciudad-de-shusha-centro-historico-cultural-y-el-acto-de-conmemoracion-del-97o-aniversario-del-lider-nacional-heydar-aliyev","status":"publish","type":"post","link":"https:\/\/patrimonioactual.com\/page\/azerbaiyan-protagonista-con-la-ciudad-de-shusha-centro-historico-cultural-y-el-acto-de-conmemoracion-del-97o-aniversario-del-lider-nacional-heydar-aliyev\/","title":{"rendered":"Azerbaiy\u00e1n protagonista con la ciudad de Shush\u00e1 centro hist\u00f3rico-cultural y, el Acto de Conmemoraci\u00f3n del 97\u00ba Aniversario del L\u00edder Nacional Heydar Aliyev"},"content":{"rendered":"\n<div class=\"wp-block-image\"><figure class=\"aligncenter size-large\"><img loading=\"lazy\" decoding=\"async\" width=\"615\" height=\"461\" src=\"https:\/\/patrimonioactual.com\/page\/wp-content\/uploads\/2020\/05\/AZERBAIYAN-Ciudad-de-Shusha\u0301-00.gif\" alt=\"\" class=\"wp-image-16140\"\/><figcaption>Pertenencia hist\u00f3rica de Shush\u00e1 centro hist\u00f3rico y cultura a Azrebaiy\u00e1n<\/figcaption><\/figure><\/div>\n\n\n\n<p class=\"has-medium-font-size wp-block-paragraph\"><strong>Se comprueba incuestionablemente la pertenencia hist\u00f3rica de Shush\u00e1 a Azerbaiy\u00e1n a trav\u00e9s de los mausoleos, monumentos y necr\u00f3polis medievales construidos por arquitectos, escultores y cal\u00edgrafos azerbaiyanos<\/strong><\/p>\n\n\n\n<p class=\"wp-block-paragraph\">La&nbsp;gloriosa ciudad de Shush\u00e1,&nbsp;antes una de las ciudades m\u00e1s ricas y suntuosas, denominada \u201ccuna de la m\u00fasica azerbaiyana\u201d, \u201cConservatorio&nbsp;del Oriente\u201d, \u201cTemplo del Arte Cauc\u00e1sico\u201d, la patria de eminentes personalidades de <a href=\"https:\/\/patrimonioactual.com\/page\/?s=Azerbaiy%C3%A1n\">Azerbaiy\u00e1n<\/a>,&nbsp;el centro hist\u00f3rico-cultural de Azerbaiy\u00e1n y durante un largo periodo de tiempo la capital del Khanato de&nbsp;Karabaj est\u00e1 desde hace 28 a\u00f1os ocupada por las fuerzas armadas de Armenia.<\/p>\n\n\n\n<p class=\"wp-block-paragraph\">Como parte&nbsp;de la pol\u00edtica de agresi\u00f3n, sistem\u00e1ticamente aplicada por la Rep\u00fablica de Armenia contra la Rep\u00fablica de Azerbaiy\u00e1n, el 8 de mayo de 1992, la hist\u00f3rica ciudad azerbaiyana de Shush\u00e1 fue ocupada por las fuerzas armadas armenias.&nbsp;Como resultado de la ocupaci\u00f3n, la ciudad de Shush\u00e1 y 30 aldeas de la Regi\u00f3n fueron destruidas, 195 personas civiles fueron asesinadas; 165 &#8211; resultaron heridas, 58 \u2013 desaparecidas; m\u00e1s de 24 mil personas fueron sometidas a la limpieza \u00e9tnica.<\/p>\n\n\n\n<p class=\"wp-block-paragraph\">La ocupaci\u00f3n de Shush\u00e1 &#8211; la ciudad con un significativo valor hist\u00f3rico-cultural, espiritual y simb\u00f3lico para el pueblo azerbaiyano, por ser considerada como \u201cla cuna de la m\u00fasica azerbaiyana\u201d y \u201cel Conservatorio del Oriente\u201d-&nbsp;hizo un impacto negativo sobre la herencia material, cultural y espiritual del pueblo azerbaiyano.&nbsp;<\/p>\n\n\n\n<p class=\"wp-block-paragraph\">En Shush\u00e1 fueron destruidos m\u00e1s de 170 monumentos arquitect\u00f3nicos y 160 monumentos&nbsp;hist\u00f3rico-culturales; los templos y mezquitas fueron profanados y&nbsp;sometidos a los actos de vandalismo;&nbsp;muchos manuscritos de valor excepcional fueron exterminados.&nbsp;Entre ellos, se encuentran el Palacio de Panah Khan y su biblioteca, el Palacio del&nbsp;Khan&nbsp;con su Caravasar, las Mezquitas Ashah\u00ed Govharag\u00e1 y Saatl\u00ed, el Mausoleo de Vagu\u00edf, la Casa de Natav\u00e1n, la casa-museo del fundador de la \u00f3pera nacional, Uzeir&nbsp;Hajibeyov y los dem\u00e1s monumentos de valor hist\u00f3rico-cultural.<\/p>\n\n\n\n<p class=\"wp-block-paragraph\">Cabe destacar que el&nbsp;Consejo de Seguridad de la ONU, en 1993,&nbsp;aprob\u00f3 las Resoluciones N\u00ba 822, 853, 874, 884 que&nbsp;reafirman que Nagorno Karabaj es una parte integrante de Azerbaiy\u00e1n y exigen la retirada inmediata, completa e incondicional de las fuerzas de ocupaci\u00f3n de todos los territorios ocupados de Azerbaiy\u00e1n.<\/p>\n\n\n\n<p class=\"wp-block-paragraph\">El Presidente de la Rep\u00fablica de Azerbaiy\u00e1n, <a href=\"https:\/\/patrimonioactual.com\/page\/?s=Ilham+Aliyev\">Ilham Aliyev<\/a>,&nbsp;en sus declaraciones, hechas desde las plataformas internacionales, reitera la&nbsp;firme postura de Azerbaiy\u00e1n sobre el conflicto de Nagorno Karabaj entre Armenia y Azerbaiy\u00e1n&nbsp;y el hecho de que Karabaj es&nbsp;la parte integrante de la Rep\u00fablica de Azerbaiy\u00e1n.<\/p>\n\n\n\n<p class=\"has-medium-font-size wp-block-paragraph\"><strong>Madrid celebr\u00f3 el Acto de Conmemoraci\u00f3n del 97<\/strong><strong>\u00ba<\/strong><strong> Aniversario del L\u00edder Nacional Heydar Aliyev<\/strong><\/p>\n\n\n\n<p class=\"wp-block-paragraph\">Asimismo, la Embajada de la Rep\u00fablica de Azerbaiy\u00e1n en el Reino de Espa\u00f1a en Madrid&nbsp;celebr\u00f3 el Acto de Conmemoraci\u00f3n del 97<sup>o<\/sup> Aniversario del L\u00edder Nacional Heydar Aliyev.<\/p>\n\n\n\n<p class=\"wp-block-paragraph\">Al inicio del Acto, en homenaje del L\u00edder Nacional&nbsp;de Azerbaiy\u00e1n se ha guardado un minuto de silencio.<\/p>\n\n\n\n<p class=\"wp-block-paragraph\">En su discurso, el Embajador de la Rep\u00fablica de Azerbaiy\u00e1n, <a href=\"https:\/\/patrimonioactual.com\/page\/?s=Anar+Maharramov\">Anar Maharramov<\/a>,&nbsp;informando detalladamente&nbsp;a los participantes del evento sobre la vida y la actividad del L\u00edder Nacional Heydar Aliyev, ha destacado sus&nbsp;&nbsp;valiosos m\u00e9ritos, misi\u00f3n de salvaci\u00f3n, constante apoyo al pueblo en tiempos dif\u00edciles y sus&nbsp;&nbsp;incomparables servicios.<\/p>\n\n\n\n<p class=\"wp-block-paragraph\">Fue enfatizado que durante el gobierno de Heydar Aliyev en la RSS de Azerbaiy\u00e1n, se hizo progreso significativo en la econom\u00eda, la industria, la ciencia, la cultura y otras \u00e1reas y, como su consecuencia l\u00f3gica, Azerbaiy\u00e1n se convirti\u00f3 en una de las m\u00e1s avanzadas Rep\u00fablicas de la Uni\u00f3n Sovi\u00e9tica. Actualmente la soberan\u00eda y la independencia econ\u00f3mica de Azerbaiy\u00e1n&nbsp;&nbsp;&nbsp;son el&nbsp;resultado evidente&nbsp;de los cimientos, puestos&nbsp;en aquel entonces por el&nbsp;L\u00edder Nacional.<\/p>\n\n\n\n<p class=\"wp-block-paragraph\">Fue destacado que,&nbsp;debido a la sabia pol\u00edtica y los constantes esfuerzos del L\u00edder Nacional, Azerbaiy\u00e1n se convirti\u00f3 en un pa\u00eds l\u00edder regional y un socio fiable en el \u00e1mbito internacional.<\/p>\n\n\n\n<p class=\"wp-block-paragraph\">Se destac\u00f3 que el Presidente Ilham Aliyev est\u00e1 aplicando con \u00e9xito la pol\u00edtica interior y exterior, definida por el L\u00edder Nacional Heydar Aliyev.&nbsp;El pa\u00eds ha logrado un avance integral y el creciente prestigio en el \u00e1mbito internacional.<\/p>\n\n\n\n<p class=\"wp-block-paragraph\">Se&nbsp;ha hecho hincapi\u00e9 en que, como resultado de la iniciativa y las&nbsp;prudentes directrices del presidente Ilham Aliyev, han sido tomadas todas las medidas necesarias para evitar&nbsp;la propagaci\u00f3n de la <a href=\"https:\/\/patrimonioactual.com\/page\/?s=pandemia\">pandemia<\/a> de la <a href=\"https:\/\/patrimonioactual.com\/page\/?s=COVID-19+\">COVID-19<\/a> en el pa\u00eds y proteger la salud de la poblaci\u00f3n.&nbsp;Por esta raz\u00f3n,&nbsp;en comparaci\u00f3n de los dem\u00e1s pa\u00edses,&nbsp;Azerbaiy\u00e1n est\u00e1 saliendo de la crisis socio-econ\u00f3mica&nbsp;con menores p\u00e9rdidas.<\/p>\n\n\n\n<p class=\"wp-block-paragraph\">En su intervenci\u00f3n, el Embajador de la <a href=\"https:\/\/patrimonioactual.com\/page\/?s=Turqu%C3%ADa\">Rep\u00fablica de Turqu\u00eda<\/a> en Espa\u00f1a, <a href=\"https:\/\/patrimonioactual.com\/page\/?s=Cihad+Erginay\">Cihad Erginay<\/a>, destac\u00f3 que los avances de Azerbaiy\u00e1n en los \u00e1mbitos de pol\u00edtica, econom\u00eda, cultura, social&nbsp;&nbsp;fueron&nbsp;&nbsp;hechos debido a la determinaci\u00f3n y previsi\u00f3n de Heydar Aliyev y fueron resultado de sus servicios incomparables.&nbsp;El hecho de que&nbsp;actualmente Azerbaiy\u00e1n ocupa el lugar que le corresponde en el mundo es m\u00e9rito de Heydar Aliyev. Fue destacado que las palabras del L\u00edder Nacional \u00abUna naci\u00f3n &#8211; dos Estados\u00bb demostraron la fuerza inquebrantable de las relaciones&nbsp;entre Azerbaiy\u00e1n&nbsp;&nbsp;&nbsp;y Turqu\u00eda.<\/p>\n\n\n\n<p class=\"wp-block-paragraph\">Para finalizar, se&nbsp;proyect\u00f3 un documental dedicado a la vida y&nbsp;la actividad del L\u00edder Nacional Heydar Aliyev.<\/p>\n\n\n\n<p class=\"wp-block-paragraph\"><strong>S\u00edguenos en <\/strong><a href=\"https:\/\/www.facebook.com\/P.actual\"><strong>Facebook<\/strong><\/a><strong> y <\/strong><a href=\"https:\/\/twitter.com\/p_actual\"><strong>Twitter<\/strong><\/a><strong><\/strong><\/p>\n","protected":false},"excerpt":{"rendered":"<p>Se comprueba incuestionablemente la pertenencia hist\u00f3rica de Shush\u00e1 a Azerbaiy\u00e1n a trav\u00e9s de los mausoleos, monumentos y necr\u00f3polis medievales construidos por arquitectos, escultores y cal\u00edgrafos azerbaiyanos La&nbsp;gloriosa ciudad de Shush\u00e1,&nbsp;antes una de las ciudades m\u00e1s ricas y suntuosas, denominada \u201ccuna de la m\u00fasica azerbaiyana\u201d, \u201cConservatorio&nbsp;del Oriente\u201d, \u201cTemplo del Arte Cauc\u00e1sico\u201d, la patria de eminentes personalidades [&hellip;]<\/p>\n","protected":false},"author":1,"featured_media":16140,"comment_status":"open","ping_status":"open","sticky":false,"template":"","format":"standard","meta":{"footnotes":""},"categories":[29,6,39],"tags":[2519],"class_list":["post-16139","post","type-post","status-publish","format-standard","has-post-thumbnail","category-el-mundo-al-dia","category-patrimonio-actual","category-ultimas-noticias","tag-azerbaiyan"],"yoast_head":"<!-- This site is optimized with the Yoast SEO plugin v27.4 - https:\/\/yoast.com\/product\/yoast-seo-wordpress\/ -->\n<title>Azerbaiy\u00e1n protagonista con la ciudad de Shush\u00e1 centro hist\u00f3rico-cultural y, el Acto de Conmemoraci\u00f3n del 97\u00ba Aniversario del L\u00edder Nacional Heydar Aliyev - Patrimonio Actual, ciudades, sitios y espacios naturales declarados Patrimonio de la Humanidad por la UNESCO<\/title>\n<meta name=\"description\" content=\"Se comprueba incuestionablemente la pertenencia hist\u00f3rica de Shush\u00e1 a Azerbaiy\u00e1n a trav\u00e9s de los mausoleos, monumentos y necr\u00f3polis medievales\" \/>\n<meta name=\"robots\" content=\"index, follow, max-snippet:-1, max-image-preview:large, max-video-preview:-1\" \/>\n<link rel=\"canonical\" href=\"https:\/\/patrimonioactual.com\/page\/azerbaiyan-protagonista-con-la-ciudad-de-shusha-centro-historico-cultural-y-el-acto-de-conmemoracion-del-97o-aniversario-del-lider-nacional-heydar-aliyev\/\" \/>\n<meta property=\"og:locale\" content=\"es_ES\" \/>\n<meta property=\"og:type\" content=\"article\" \/>\n<meta property=\"og:title\" content=\"Azerbaiy\u00e1n protagonista con la ciudad de Shush\u00e1 centro hist\u00f3rico-cultural y, el Acto de Conmemoraci\u00f3n del 97\u00ba Aniversario del L\u00edder Nacional Heydar Aliyev - Patrimonio Actual, ciudades, sitios y espacios naturales declarados Patrimonio de la Humanidad por la UNESCO\" \/>\n<meta property=\"og:description\" content=\"Se comprueba incuestionablemente la pertenencia hist\u00f3rica de Shush\u00e1 a Azerbaiy\u00e1n a trav\u00e9s de los mausoleos, monumentos y necr\u00f3polis medievales\" \/>\n<meta property=\"og:url\" content=\"https:\/\/patrimonioactual.com\/page\/azerbaiyan-protagonista-con-la-ciudad-de-shusha-centro-historico-cultural-y-el-acto-de-conmemoracion-del-97o-aniversario-del-lider-nacional-heydar-aliyev\/\" \/>\n<meta property=\"og:site_name\" content=\"Patrimonio Actual, ciudades, sitios y espacios naturales declarados Patrimonio de la Humanidad por la UNESCO\" \/>\n<meta property=\"article:publisher\" content=\"https:\/\/www.facebook.com\/P.actual\" \/>\n<meta property=\"article:author\" content=\"http:\/\/facebook.com\/patrimonio.actual\" \/>\n<meta property=\"article:published_time\" content=\"2020-05-18T07:57:05+00:00\" \/>\n<meta property=\"article:modified_time\" content=\"2020-05-18T07:57:11+00:00\" \/>\n<meta property=\"og:image\" content=\"https:\/\/patrimonioactual.com\/page\/wp-content\/uploads\/2020\/05\/AZERBAIYAN-Ciudad-de-Shusha\u0301-00.gif\" \/>\n\t<meta property=\"og:image:width\" content=\"615\" \/>\n\t<meta property=\"og:image:height\" content=\"461\" \/>\n\t<meta property=\"og:image:type\" content=\"image\/gif\" \/>\n<meta name=\"author\" content=\"admin\" \/>\n<meta name=\"twitter:card\" content=\"summary_large_image\" \/>\n<meta name=\"twitter:creator\" content=\"@P_actual\" \/>\n<meta name=\"twitter:site\" content=\"@P_actual\" \/>\n<meta name=\"twitter:label1\" content=\"Escrito por\" \/>\n\t<meta name=\"twitter:data1\" content=\"admin\" \/>\n\t<meta name=\"twitter:label2\" content=\"Tiempo de lectura\" \/>\n\t<meta name=\"twitter:data2\" content=\"5 minutos\" \/>\n<script type=\"application\/ld+json\" class=\"yoast-schema-graph\">{\"@context\":\"https:\\\/\\\/schema.org\",\"@graph\":[{\"@type\":\"Article\",\"@id\":\"https:\\\/\\\/patrimonioactual.com\\\/page\\\/azerbaiyan-protagonista-con-la-ciudad-de-shusha-centro-historico-cultural-y-el-acto-de-conmemoracion-del-97o-aniversario-del-lider-nacional-heydar-aliyev\\\/#article\",\"isPartOf\":{\"@id\":\"https:\\\/\\\/patrimonioactual.com\\\/page\\\/azerbaiyan-protagonista-con-la-ciudad-de-shusha-centro-historico-cultural-y-el-acto-de-conmemoracion-del-97o-aniversario-del-lider-nacional-heydar-aliyev\\\/\"},\"author\":{\"name\":\"admin\",\"@id\":\"https:\\\/\\\/patrimonioactual.com\\\/page\\\/#\\\/schema\\\/person\\\/76850d24a9bd508e8e44db1faeab630e\"},\"headline\":\"Azerbaiy\u00e1n protagonista con la ciudad de Shush\u00e1 centro hist\u00f3rico-cultural y, el Acto de Conmemoraci\u00f3n del 97\u00ba Aniversario del L\u00edder Nacional Heydar Aliyev\",\"datePublished\":\"2020-05-18T07:57:05+00:00\",\"dateModified\":\"2020-05-18T07:57:11+00:00\",\"mainEntityOfPage\":{\"@id\":\"https:\\\/\\\/patrimonioactual.com\\\/page\\\/azerbaiyan-protagonista-con-la-ciudad-de-shusha-centro-historico-cultural-y-el-acto-de-conmemoracion-del-97o-aniversario-del-lider-nacional-heydar-aliyev\\\/\"},\"wordCount\":1013,\"commentCount\":0,\"image\":{\"@id\":\"https:\\\/\\\/patrimonioactual.com\\\/page\\\/azerbaiyan-protagonista-con-la-ciudad-de-shusha-centro-historico-cultural-y-el-acto-de-conmemoracion-del-97o-aniversario-del-lider-nacional-heydar-aliyev\\\/#primaryimage\"},\"thumbnailUrl\":\"https:\\\/\\\/patrimonioactual.com\\\/page\\\/wp-content\\\/uploads\\\/2020\\\/05\\\/AZERBAIYAN-Ciudad-de-Shusha\u0301-00.gif\",\"keywords\":[\"Azerbaiy\u00e1n\"],\"articleSection\":[\"El Mundo al D\u00eda\",\"Patrimonio Actual\",\"\u00daltimas Noticias\"],\"inLanguage\":\"es\",\"potentialAction\":[{\"@type\":\"CommentAction\",\"name\":\"Comment\",\"target\":[\"https:\\\/\\\/patrimonioactual.com\\\/page\\\/azerbaiyan-protagonista-con-la-ciudad-de-shusha-centro-historico-cultural-y-el-acto-de-conmemoracion-del-97o-aniversario-del-lider-nacional-heydar-aliyev\\\/#respond\"]}]},{\"@type\":\"WebPage\",\"@id\":\"https:\\\/\\\/patrimonioactual.com\\\/page\\\/azerbaiyan-protagonista-con-la-ciudad-de-shusha-centro-historico-cultural-y-el-acto-de-conmemoracion-del-97o-aniversario-del-lider-nacional-heydar-aliyev\\\/\",\"url\":\"https:\\\/\\\/patrimonioactual.com\\\/page\\\/azerbaiyan-protagonista-con-la-ciudad-de-shusha-centro-historico-cultural-y-el-acto-de-conmemoracion-del-97o-aniversario-del-lider-nacional-heydar-aliyev\\\/\",\"name\":\"Azerbaiy\u00e1n protagonista con la ciudad de Shush\u00e1 centro hist\u00f3rico-cultural y, el Acto de Conmemoraci\u00f3n del 97\u00ba Aniversario del L\u00edder Nacional Heydar Aliyev - Patrimonio Actual, ciudades, sitios y espacios naturales declarados Patrimonio de la Humanidad por la UNESCO\",\"isPartOf\":{\"@id\":\"https:\\\/\\\/patrimonioactual.com\\\/page\\\/#website\"},\"primaryImageOfPage\":{\"@id\":\"https:\\\/\\\/patrimonioactual.com\\\/page\\\/azerbaiyan-protagonista-con-la-ciudad-de-shusha-centro-historico-cultural-y-el-acto-de-conmemoracion-del-97o-aniversario-del-lider-nacional-heydar-aliyev\\\/#primaryimage\"},\"image\":{\"@id\":\"https:\\\/\\\/patrimonioactual.com\\\/page\\\/azerbaiyan-protagonista-con-la-ciudad-de-shusha-centro-historico-cultural-y-el-acto-de-conmemoracion-del-97o-aniversario-del-lider-nacional-heydar-aliyev\\\/#primaryimage\"},\"thumbnailUrl\":\"https:\\\/\\\/patrimonioactual.com\\\/page\\\/wp-content\\\/uploads\\\/2020\\\/05\\\/AZERBAIYAN-Ciudad-de-Shusha\u0301-00.gif\",\"datePublished\":\"2020-05-18T07:57:05+00:00\",\"dateModified\":\"2020-05-18T07:57:11+00:00\",\"author\":{\"@id\":\"https:\\\/\\\/patrimonioactual.com\\\/page\\\/#\\\/schema\\\/person\\\/76850d24a9bd508e8e44db1faeab630e\"},\"description\":\"Se comprueba incuestionablemente la pertenencia hist\u00f3rica de Shush\u00e1 a Azerbaiy\u00e1n a trav\u00e9s de los mausoleos, monumentos y necr\u00f3polis medievales\",\"breadcrumb\":{\"@id\":\"https:\\\/\\\/patrimonioactual.com\\\/page\\\/azerbaiyan-protagonista-con-la-ciudad-de-shusha-centro-historico-cultural-y-el-acto-de-conmemoracion-del-97o-aniversario-del-lider-nacional-heydar-aliyev\\\/#breadcrumb\"},\"inLanguage\":\"es\",\"potentialAction\":[{\"@type\":\"ReadAction\",\"target\":[\"https:\\\/\\\/patrimonioactual.com\\\/page\\\/azerbaiyan-protagonista-con-la-ciudad-de-shusha-centro-historico-cultural-y-el-acto-de-conmemoracion-del-97o-aniversario-del-lider-nacional-heydar-aliyev\\\/\"]}]},{\"@type\":\"ImageObject\",\"inLanguage\":\"es\",\"@id\":\"https:\\\/\\\/patrimonioactual.com\\\/page\\\/azerbaiyan-protagonista-con-la-ciudad-de-shusha-centro-historico-cultural-y-el-acto-de-conmemoracion-del-97o-aniversario-del-lider-nacional-heydar-aliyev\\\/#primaryimage\",\"url\":\"https:\\\/\\\/patrimonioactual.com\\\/page\\\/wp-content\\\/uploads\\\/2020\\\/05\\\/AZERBAIYAN-Ciudad-de-Shusha\u0301-00.gif\",\"contentUrl\":\"https:\\\/\\\/patrimonioactual.com\\\/page\\\/wp-content\\\/uploads\\\/2020\\\/05\\\/AZERBAIYAN-Ciudad-de-Shusha\u0301-00.gif\",\"width\":615,\"height\":461,\"caption\":\"Pertenencia hist\u00f3rica de Shush\u00e1 centro hist\u00f3rico y cultura a Azrebaiy\u00e1n\"},{\"@type\":\"BreadcrumbList\",\"@id\":\"https:\\\/\\\/patrimonioactual.com\\\/page\\\/azerbaiyan-protagonista-con-la-ciudad-de-shusha-centro-historico-cultural-y-el-acto-de-conmemoracion-del-97o-aniversario-del-lider-nacional-heydar-aliyev\\\/#breadcrumb\",\"itemListElement\":[{\"@type\":\"ListItem\",\"position\":1,\"name\":\"Portada\",\"item\":\"https:\\\/\\\/patrimonioactual.com\\\/page\\\/\"},{\"@type\":\"ListItem\",\"position\":2,\"name\":\"Azerbaiy\u00e1n protagonista con la ciudad de Shush\u00e1 centro hist\u00f3rico-cultural y, el Acto de Conmemoraci\u00f3n del 97\u00ba Aniversario del L\u00edder Nacional Heydar Aliyev\"}]},{\"@type\":\"WebSite\",\"@id\":\"https:\\\/\\\/patrimonioactual.com\\\/page\\\/#website\",\"url\":\"https:\\\/\\\/patrimonioactual.com\\\/page\\\/\",\"name\":\"Patrimonio Actual, ciudades, sitios y espacios naturales declarados Patrimonio de la Humanidad por la UNESCO\",\"description\":\"Revista digital que busca informar a un p\u00fablico objetivo amplio, de los acontecimientos mundiales que se producen en torno a la informaci\u00f3n del patrimonio cultural, natural, inmaterial y tur\u00edstico-cultural de ciudades y espacios naturales, Patrimonio de la Humanidad declarados por la UNESCO.\",\"potentialAction\":[{\"@type\":\"SearchAction\",\"target\":{\"@type\":\"EntryPoint\",\"urlTemplate\":\"https:\\\/\\\/patrimonioactual.com\\\/page\\\/?s={search_term_string}\"},\"query-input\":{\"@type\":\"PropertyValueSpecification\",\"valueRequired\":true,\"valueName\":\"search_term_string\"}}],\"inLanguage\":\"es\"},{\"@type\":\"Person\",\"@id\":\"https:\\\/\\\/patrimonioactual.com\\\/page\\\/#\\\/schema\\\/person\\\/76850d24a9bd508e8e44db1faeab630e\",\"name\":\"admin\",\"image\":{\"@type\":\"ImageObject\",\"inLanguage\":\"es\",\"@id\":\"https:\\\/\\\/secure.gravatar.com\\\/avatar\\\/48168d7e7932867b9131639a989484f6c50ddc0e7a6d380e506072a10e5df39d?s=96&d=mm&r=g\",\"url\":\"https:\\\/\\\/secure.gravatar.com\\\/avatar\\\/48168d7e7932867b9131639a989484f6c50ddc0e7a6d380e506072a10e5df39d?s=96&d=mm&r=g\",\"contentUrl\":\"https:\\\/\\\/secure.gravatar.com\\\/avatar\\\/48168d7e7932867b9131639a989484f6c50ddc0e7a6d380e506072a10e5df39d?s=96&d=mm&r=g\",\"caption\":\"admin\"},\"sameAs\":[\"http:\\\/\\\/facebook.com\\\/patrimonio.actual\",\"https:\\\/\\\/x.com\\\/P_actual\"],\"url\":\"https:\\\/\\\/patrimonioactual.com\\\/page\\\/author\\\/juan\\\/\"}]}<\/script>\n<!-- \/ Yoast SEO plugin. -->","yoast_head_json":{"title":"Azerbaiy\u00e1n protagonista con la ciudad de Shush\u00e1 centro hist\u00f3rico-cultural y, el Acto de Conmemoraci\u00f3n del 97\u00ba Aniversario del L\u00edder Nacional Heydar Aliyev - Patrimonio Actual, ciudades, sitios y espacios naturales declarados Patrimonio de la Humanidad por la UNESCO","description":"Se comprueba incuestionablemente la pertenencia hist\u00f3rica de Shush\u00e1 a Azerbaiy\u00e1n a trav\u00e9s de los mausoleos, monumentos y necr\u00f3polis medievales","robots":{"index":"index","follow":"follow","max-snippet":"max-snippet:-1","max-image-preview":"max-image-preview:large","max-video-preview":"max-video-preview:-1"},"canonical":"https:\/\/patrimonioactual.com\/page\/azerbaiyan-protagonista-con-la-ciudad-de-shusha-centro-historico-cultural-y-el-acto-de-conmemoracion-del-97o-aniversario-del-lider-nacional-heydar-aliyev\/","og_locale":"es_ES","og_type":"article","og_title":"Azerbaiy\u00e1n protagonista con la ciudad de Shush\u00e1 centro hist\u00f3rico-cultural y, el Acto de Conmemoraci\u00f3n del 97\u00ba Aniversario del L\u00edder Nacional Heydar Aliyev - Patrimonio Actual, ciudades, sitios y espacios naturales declarados Patrimonio de la Humanidad por la UNESCO","og_description":"Se comprueba incuestionablemente la pertenencia hist\u00f3rica de Shush\u00e1 a Azerbaiy\u00e1n a trav\u00e9s de los mausoleos, monumentos y necr\u00f3polis medievales","og_url":"https:\/\/patrimonioactual.com\/page\/azerbaiyan-protagonista-con-la-ciudad-de-shusha-centro-historico-cultural-y-el-acto-de-conmemoracion-del-97o-aniversario-del-lider-nacional-heydar-aliyev\/","og_site_name":"Patrimonio Actual, ciudades, sitios y espacios naturales declarados Patrimonio de la Humanidad por la UNESCO","article_publisher":"https:\/\/www.facebook.com\/P.actual","article_author":"http:\/\/facebook.com\/patrimonio.actual","article_published_time":"2020-05-18T07:57:05+00:00","article_modified_time":"2020-05-18T07:57:11+00:00","og_image":[{"width":615,"height":461,"url":"https:\/\/patrimonioactual.com\/page\/wp-content\/uploads\/2020\/05\/AZERBAIYAN-Ciudad-de-Shusha\u0301-00.gif","type":"image\/gif"}],"author":"admin","twitter_card":"summary_large_image","twitter_creator":"@P_actual","twitter_site":"@P_actual","twitter_misc":{"Escrito por":"admin","Tiempo de lectura":"5 minutos"},"schema":{"@context":"https:\/\/schema.org","@graph":[{"@type":"Article","@id":"https:\/\/patrimonioactual.com\/page\/azerbaiyan-protagonista-con-la-ciudad-de-shusha-centro-historico-cultural-y-el-acto-de-conmemoracion-del-97o-aniversario-del-lider-nacional-heydar-aliyev\/#article","isPartOf":{"@id":"https:\/\/patrimonioactual.com\/page\/azerbaiyan-protagonista-con-la-ciudad-de-shusha-centro-historico-cultural-y-el-acto-de-conmemoracion-del-97o-aniversario-del-lider-nacional-heydar-aliyev\/"},"author":{"name":"admin","@id":"https:\/\/patrimonioactual.com\/page\/#\/schema\/person\/76850d24a9bd508e8e44db1faeab630e"},"headline":"Azerbaiy\u00e1n protagonista con la ciudad de Shush\u00e1 centro hist\u00f3rico-cultural y, el Acto de Conmemoraci\u00f3n del 97\u00ba Aniversario del L\u00edder Nacional Heydar Aliyev","datePublished":"2020-05-18T07:57:05+00:00","dateModified":"2020-05-18T07:57:11+00:00","mainEntityOfPage":{"@id":"https:\/\/patrimonioactual.com\/page\/azerbaiyan-protagonista-con-la-ciudad-de-shusha-centro-historico-cultural-y-el-acto-de-conmemoracion-del-97o-aniversario-del-lider-nacional-heydar-aliyev\/"},"wordCount":1013,"commentCount":0,"image":{"@id":"https:\/\/patrimonioactual.com\/page\/azerbaiyan-protagonista-con-la-ciudad-de-shusha-centro-historico-cultural-y-el-acto-de-conmemoracion-del-97o-aniversario-del-lider-nacional-heydar-aliyev\/#primaryimage"},"thumbnailUrl":"https:\/\/patrimonioactual.com\/page\/wp-content\/uploads\/2020\/05\/AZERBAIYAN-Ciudad-de-Shusha\u0301-00.gif","keywords":["Azerbaiy\u00e1n"],"articleSection":["El Mundo al D\u00eda","Patrimonio Actual","\u00daltimas Noticias"],"inLanguage":"es","potentialAction":[{"@type":"CommentAction","name":"Comment","target":["https:\/\/patrimonioactual.com\/page\/azerbaiyan-protagonista-con-la-ciudad-de-shusha-centro-historico-cultural-y-el-acto-de-conmemoracion-del-97o-aniversario-del-lider-nacional-heydar-aliyev\/#respond"]}]},{"@type":"WebPage","@id":"https:\/\/patrimonioactual.com\/page\/azerbaiyan-protagonista-con-la-ciudad-de-shusha-centro-historico-cultural-y-el-acto-de-conmemoracion-del-97o-aniversario-del-lider-nacional-heydar-aliyev\/","url":"https:\/\/patrimonioactual.com\/page\/azerbaiyan-protagonista-con-la-ciudad-de-shusha-centro-historico-cultural-y-el-acto-de-conmemoracion-del-97o-aniversario-del-lider-nacional-heydar-aliyev\/","name":"Azerbaiy\u00e1n protagonista con la ciudad de Shush\u00e1 centro hist\u00f3rico-cultural y, el Acto de Conmemoraci\u00f3n del 97\u00ba Aniversario del L\u00edder Nacional Heydar Aliyev - Patrimonio Actual, ciudades, sitios y espacios naturales declarados Patrimonio de la Humanidad por la UNESCO","isPartOf":{"@id":"https:\/\/patrimonioactual.com\/page\/#website"},"primaryImageOfPage":{"@id":"https:\/\/patrimonioactual.com\/page\/azerbaiyan-protagonista-con-la-ciudad-de-shusha-centro-historico-cultural-y-el-acto-de-conmemoracion-del-97o-aniversario-del-lider-nacional-heydar-aliyev\/#primaryimage"},"image":{"@id":"https:\/\/patrimonioactual.com\/page\/azerbaiyan-protagonista-con-la-ciudad-de-shusha-centro-historico-cultural-y-el-acto-de-conmemoracion-del-97o-aniversario-del-lider-nacional-heydar-aliyev\/#primaryimage"},"thumbnailUrl":"https:\/\/patrimonioactual.com\/page\/wp-content\/uploads\/2020\/05\/AZERBAIYAN-Ciudad-de-Shusha\u0301-00.gif","datePublished":"2020-05-18T07:57:05+00:00","dateModified":"2020-05-18T07:57:11+00:00","author":{"@id":"https:\/\/patrimonioactual.com\/page\/#\/schema\/person\/76850d24a9bd508e8e44db1faeab630e"},"description":"Se comprueba incuestionablemente la pertenencia hist\u00f3rica de Shush\u00e1 a Azerbaiy\u00e1n a trav\u00e9s de los mausoleos, monumentos y necr\u00f3polis medievales","breadcrumb":{"@id":"https:\/\/patrimonioactual.com\/page\/azerbaiyan-protagonista-con-la-ciudad-de-shusha-centro-historico-cultural-y-el-acto-de-conmemoracion-del-97o-aniversario-del-lider-nacional-heydar-aliyev\/#breadcrumb"},"inLanguage":"es","potentialAction":[{"@type":"ReadAction","target":["https:\/\/patrimonioactual.com\/page\/azerbaiyan-protagonista-con-la-ciudad-de-shusha-centro-historico-cultural-y-el-acto-de-conmemoracion-del-97o-aniversario-del-lider-nacional-heydar-aliyev\/"]}]},{"@type":"ImageObject","inLanguage":"es","@id":"https:\/\/patrimonioactual.com\/page\/azerbaiyan-protagonista-con-la-ciudad-de-shusha-centro-historico-cultural-y-el-acto-de-conmemoracion-del-97o-aniversario-del-lider-nacional-heydar-aliyev\/#primaryimage","url":"https:\/\/patrimonioactual.com\/page\/wp-content\/uploads\/2020\/05\/AZERBAIYAN-Ciudad-de-Shusha\u0301-00.gif","contentUrl":"https:\/\/patrimonioactual.com\/page\/wp-content\/uploads\/2020\/05\/AZERBAIYAN-Ciudad-de-Shusha\u0301-00.gif","width":615,"height":461,"caption":"Pertenencia hist\u00f3rica de Shush\u00e1 centro hist\u00f3rico y cultura a Azrebaiy\u00e1n"},{"@type":"BreadcrumbList","@id":"https:\/\/patrimonioactual.com\/page\/azerbaiyan-protagonista-con-la-ciudad-de-shusha-centro-historico-cultural-y-el-acto-de-conmemoracion-del-97o-aniversario-del-lider-nacional-heydar-aliyev\/#breadcrumb","itemListElement":[{"@type":"ListItem","position":1,"name":"Portada","item":"https:\/\/patrimonioactual.com\/page\/"},{"@type":"ListItem","position":2,"name":"Azerbaiy\u00e1n protagonista con la ciudad de Shush\u00e1 centro hist\u00f3rico-cultural y, el Acto de Conmemoraci\u00f3n del 97\u00ba Aniversario del L\u00edder Nacional Heydar Aliyev"}]},{"@type":"WebSite","@id":"https:\/\/patrimonioactual.com\/page\/#website","url":"https:\/\/patrimonioactual.com\/page\/","name":"Patrimonio Actual, ciudades, sitios y espacios naturales declarados Patrimonio de la Humanidad por la UNESCO","description":"Revista digital que busca informar a un p\u00fablico objetivo amplio, de los acontecimientos mundiales que se producen en torno a la informaci\u00f3n del patrimonio cultural, natural, inmaterial y tur\u00edstico-cultural de ciudades y espacios naturales, Patrimonio de la Humanidad declarados por la UNESCO.","potentialAction":[{"@type":"SearchAction","target":{"@type":"EntryPoint","urlTemplate":"https:\/\/patrimonioactual.com\/page\/?s={search_term_string}"},"query-input":{"@type":"PropertyValueSpecification","valueRequired":true,"valueName":"search_term_string"}}],"inLanguage":"es"},{"@type":"Person","@id":"https:\/\/patrimonioactual.com\/page\/#\/schema\/person\/76850d24a9bd508e8e44db1faeab630e","name":"admin","image":{"@type":"ImageObject","inLanguage":"es","@id":"https:\/\/secure.gravatar.com\/avatar\/48168d7e7932867b9131639a989484f6c50ddc0e7a6d380e506072a10e5df39d?s=96&d=mm&r=g","url":"https:\/\/secure.gravatar.com\/avatar\/48168d7e7932867b9131639a989484f6c50ddc0e7a6d380e506072a10e5df39d?s=96&d=mm&r=g","contentUrl":"https:\/\/secure.gravatar.com\/avatar\/48168d7e7932867b9131639a989484f6c50ddc0e7a6d380e506072a10e5df39d?s=96&d=mm&r=g","caption":"admin"},"sameAs":["http:\/\/facebook.com\/patrimonio.actual","https:\/\/x.com\/P_actual"],"url":"https:\/\/patrimonioactual.com\/page\/author\/juan\/"}]}},"_links":{"self":[{"href":"https:\/\/patrimonioactual.com\/page\/wp-json\/wp\/v2\/posts\/16139","targetHints":{"allow":["GET"]}}],"collection":[{"href":"https:\/\/patrimonioactual.com\/page\/wp-json\/wp\/v2\/posts"}],"about":[{"href":"https:\/\/patrimonioactual.com\/page\/wp-json\/wp\/v2\/types\/post"}],"author":[{"embeddable":true,"href":"https:\/\/patrimonioactual.com\/page\/wp-json\/wp\/v2\/users\/1"}],"replies":[{"embeddable":true,"href":"https:\/\/patrimonioactual.com\/page\/wp-json\/wp\/v2\/comments?post=16139"}],"version-history":[{"count":2,"href":"https:\/\/patrimonioactual.com\/page\/wp-json\/wp\/v2\/posts\/16139\/revisions"}],"predecessor-version":[{"id":16143,"href":"https:\/\/patrimonioactual.com\/page\/wp-json\/wp\/v2\/posts\/16139\/revisions\/16143"}],"wp:featuredmedia":[{"embeddable":true,"href":"https:\/\/patrimonioactual.com\/page\/wp-json\/wp\/v2\/media\/16140"}],"wp:attachment":[{"href":"https:\/\/patrimonioactual.com\/page\/wp-json\/wp\/v2\/media?parent=16139"}],"wp:term":[{"taxonomy":"category","embeddable":true,"href":"https:\/\/patrimonioactual.com\/page\/wp-json\/wp\/v2\/categories?post=16139"},{"taxonomy":"post_tag","embeddable":true,"href":"https:\/\/patrimonioactual.com\/page\/wp-json\/wp\/v2\/tags?post=16139"}],"curies":[{"name":"wp","href":"https:\/\/api.w.org\/{rel}","templated":true}]}}