{"id":16144,"date":"2020-05-18T10:05:29","date_gmt":"2020-05-18T08:05:29","guid":{"rendered":"https:\/\/patrimonioactual.com\/page\/?p=16144"},"modified":"2020-05-18T10:05:34","modified_gmt":"2020-05-18T08:05:34","slug":"los-paises-mediterraneos-comparten-planes-de-emergencia-y-recuperacion-de-agua-para-hacer-frente-a-las-secuelas-de-covid-19","status":"publish","type":"post","link":"https:\/\/patrimonioactual.com\/page\/los-paises-mediterraneos-comparten-planes-de-emergencia-y-recuperacion-de-agua-para-hacer-frente-a-las-secuelas-de-covid-19\/","title":{"rendered":"Los pa\u00edses mediterr\u00e1neos comparten planes de emergencia y recuperaci\u00f3n de agua para hacer frente a las secuelas de COVID-19"},"content":{"rendered":"\n<figure class=\"wp-block-image size-large\"><img loading=\"lazy\" decoding=\"async\" width=\"615\" height=\"461\" src=\"https:\/\/patrimonioactual.com\/page\/wp-content\/uploads\/2020\/05\/PAISES-MEDITERRANEOS00.gif\" alt=\"\" class=\"wp-image-16145\"\/><figcaption>Los pa\u00edses mediterr\u00e1neos comparten planes de emergencia y recuperaci\u00f3n de agua. <br \/>Foto: \u00a9 patrimonioactual.com<\/figcaption><\/figure>\n\n\n\n<p class=\"has-medium-font-size wp-block-paragraph\"><strong>Se espera que m\u00e1s de 250 millones de personas sean \u00abpobres en agua\u00bb en los pr\u00f3ximos 20 a\u00f1os en la regi\u00f3n euromediterr\u00e1nea, con cifras potencialmente exacerbadas por la pandemia COVID-19<\/strong><\/p>\n\n\n\n<p class=\"wp-block-paragraph\">La <a href=\"https:\/\/patrimonioactual.com\/page\/?s=pandemia\">pandemia<\/a> de COVID-19 est\u00e1 generando preguntas para el sector de abastecimiento de agua y saneamiento a nivel mundial y especialmente en algunas \u00e1reas de la regi\u00f3n euromediterr\u00e1nea, ya bajo estr\u00e9s debido a la escasez de agua causada por la crisis clim\u00e1tica.&nbsp;<\/p>\n\n\n\n<p class=\"wp-block-paragraph\">Junto con el&nbsp;&nbsp;<a href=\"https:\/\/ime-eau.org\/en\/\">Instituto Mediterr\u00e1neo del Agua (IME)<\/a>, la UpM celebr\u00f3 una serie de sesiones de trabajo virtuales sobre los efectos de COVID-19 en el <a href=\"https:\/\/patrimonioactual.com\/page\/?s=agua+y+el+saneamiento\">agua y el saneamiento<\/a>.&nbsp;Expertos de Argelia, Chipre, Egipto, Francia, Jordania, L\u00edbano, Malta, Marruecos, Palestina, Espa\u00f1a, T\u00fanez y Turqu\u00eda participaron en la reuni\u00f3n e intercambiaron mejores pr\u00e1cticas, lecciones aprendidas y los planes de emergencia que los operadores de agua y servicios p\u00fablicos han preparado en sus pa\u00edses para hacer frente a la crisis.<\/p>\n\n\n\n<p class=\"has-medium-font-size wp-block-paragraph\"><strong>Primero, la fase de respuesta de emergencia&nbsp;<\/strong>&nbsp;<\/p>\n\n\n\n<p class=\"wp-block-paragraph\"><a href=\"https:\/\/patrimonioactual.com\/page\/?s=COVID-19+\">COVID-19<\/a> est\u00e1 presionando a\u00fan m\u00e1s el suministro de agua.&nbsp;Desde el principio, Jordania y Turqu\u00eda se han visto afectadas por la escasez de agua, mientras que otros pa\u00edses han redirigido el agua de riego al <a href=\"https:\/\/patrimonioactual.com\/page\/?s=agua+potable+\">agua potable dom\u00e9stica<\/a>.&nbsp;El acceso al agua es crucial en la lucha contra esta pandemia, por lo que todos los participantes intercambiaron sus soluciones para abordar eficazmente la escasez de agua.<\/p>\n\n\n\n<p class=\"wp-block-paragraph\">Tras el descubrimiento alarmante de que se encontraron rastros de COVID-19 en las plantas de tratamiento de aguas residuales y las preocupaciones planteadas por los participantes, la UfM est\u00e1 trabajando con el Centro Com\u00fan de Investigaci\u00f3n (JRC), el servicio de ciencia y conocimiento de la <a href=\"https:\/\/patrimonioactual.com\/page\/?s=Comisi%C3%B3n+Europea+\">Comisi\u00f3n Europea<\/a>, para garantizar una respuesta cient\u00edfica.&nbsp;Juntos, la UfM y el CCI organizar\u00e1n un seminario web en el que se mostrar\u00e1n pautas y herramientas para mantener segura y segura dicha infraestructura y sus servicios, especialmente para los pa\u00edses que utilizan efluentes tratados para sus actividades agr\u00edcolas.<\/p>\n\n\n\n<p class=\"has-medium-font-size wp-block-paragraph\"><strong>En segundo lugar, la fase de recuperaci\u00f3n<\/strong><\/p>\n\n\n\n<p class=\"wp-block-paragraph\">El agua, incluida el agua costera, es un componente clave de los sistemas productivos, desde la agricultura, la producci\u00f3n de energ\u00eda y la producci\u00f3n industrial hasta el transporte y el turismo.&nbsp;<\/p>\n\n\n\n<p class=\"wp-block-paragraph\">Hoy, 3 de cada 4 trabajos dependen del agua.&nbsp;Para enfrentar esto, la UpM est\u00e1 lanzando un estudio sobre el impacto de COVID-19 en el sector del agua, y apoyar\u00e1 la implementaci\u00f3n de la estrategia de recuperaci\u00f3n al proporcionar una plataforma para el di\u00e1logo sobre pol\u00edticas y la ampliaci\u00f3n de proyectos ejemplares.&nbsp;La UpM, junto con sus socios, apoyar\u00e1 pol\u00edticas y planes de acci\u00f3n nacionales, comenzando con dos o tres pa\u00edses piloto de las regiones del Magreb, Mashrek y los Balcanes.<\/p>\n\n\n\n<p class=\"wp-block-paragraph\">El Secretario General de la UpM, Nasser Kamel,\u00a0destac\u00f3 que\u00a0<em>\u201cEl\u00a0agua ser\u00e1 el centro de cualquier plan de recuperaci\u00f3n y desarrollo que aborde las consecuencias de la pandemia de COVID-19 en la regi\u00f3n, ya que la crisis es otro recordatorio de que este sector vital siempre debe ser mantenido financieramente sostenible y t\u00e9cnicamente capaz.\u00a0Al mismo tiempo<\/em>,\u00a0<em>las consecuencias de COVID-19 requerir\u00e1n que la regi\u00f3n euromediterr\u00e1nea cambie su enfoque hacia patrones de producci\u00f3n y consumo m\u00e1s sostenibles.\u00a0<\/em>\u00ab<\/p>\n\n\n\n<p class=\"wp-block-paragraph\">La respuesta de recuperaci\u00f3n se incluir\u00e1 en la Agenda de Agua regional de la UpM, desarrollada e implementada desde 2017 para ayudar a alcanzar el <a href=\"https:\/\/patrimonioactual.com\/page\/?s=Objetivo+de+Desarrollo+Sostenible+2030+\">Objetivo de Desarrollo Sostenible 2030<\/a> de&nbsp;<em>\u00abGarantizar el acceso al agua y al saneamiento para todos\u00bb<\/em>&nbsp;en el \u00e1rea euromediterr\u00e1nea, destac\u00f3 Almotaz Abadi, UfM Water Director general.&nbsp;La Agenda del Agua de la UpM tiene como objetivo garantizar que todos y cada uno de los pa\u00edses euromediterr\u00e1neos reciban las recomendaciones t\u00e9cnicas, administrativas y financieras necesarias para ayudar a lograr la seguridad del agua para su poblaci\u00f3n y sus actividades econ\u00f3micas, teniendo en cuenta su impacto en la agricultura, el empleo, la higiene y la salud. cambio clim\u00e1tico.<\/p>\n\n\n\n<p class=\"wp-block-paragraph\"><strong>S\u00edguenos en <\/strong><a href=\"https:\/\/www.facebook.com\/P.actual\"><strong>Facebook<\/strong><\/a><strong> y <\/strong><a href=\"https:\/\/twitter.com\/p_actual\"><strong>Twitter<\/strong><\/a><strong><\/strong><\/p>\n","protected":false},"excerpt":{"rendered":"<p>Se espera que m\u00e1s de 250 millones de personas sean \u00abpobres en agua\u00bb en los pr\u00f3ximos 20 a\u00f1os en la regi\u00f3n euromediterr\u00e1nea, con cifras potencialmente exacerbadas por la pandemia COVID-19 La pandemia de COVID-19 est\u00e1 generando preguntas para el sector de abastecimiento de agua y saneamiento a nivel mundial y especialmente en algunas \u00e1reas de [&hellip;]<\/p>\n","protected":false},"author":1,"featured_media":16145,"comment_status":"open","ping_status":"open","sticky":false,"template":"","format":"standard","meta":{"footnotes":""},"categories":[5,24,39],"tags":[573,5596],"class_list":["post-16144","post","type-post","status-publish","format-standard","has-post-thumbnail","category-patrimonio-natural-e-inmaterial","category-reserva-de-la-biosfera","category-ultimas-noticias","tag-mediterraneo","tag-pobres"],"yoast_head":"<!-- This site is optimized with the Yoast SEO plugin v27.4 - https:\/\/yoast.com\/product\/yoast-seo-wordpress\/ -->\n<title>Los pa\u00edses mediterr\u00e1neos comparten planes de emergencia y recuperaci\u00f3n de agua para hacer frente a las secuelas de COVID-19 - Patrimonio Actual, ciudades, sitios y espacios naturales declarados Patrimonio de la Humanidad por la UNESCO<\/title>\n<meta name=\"description\" content=\"Se espera que m\u00e1s de 250 millones de personas sean &quot;pobres en agua&quot; en los pr\u00f3ximos 20 a\u00f1os en la regi\u00f3n euromediterr\u00e1nea, cifras por la pandemia COVID-19\" \/>\n<meta name=\"robots\" content=\"index, follow, max-snippet:-1, max-image-preview:large, max-video-preview:-1\" \/>\n<link rel=\"canonical\" href=\"https:\/\/patrimonioactual.com\/page\/los-paises-mediterraneos-comparten-planes-de-emergencia-y-recuperacion-de-agua-para-hacer-frente-a-las-secuelas-de-covid-19\/\" \/>\n<meta property=\"og:locale\" content=\"es_ES\" \/>\n<meta property=\"og:type\" content=\"article\" \/>\n<meta property=\"og:title\" content=\"Los pa\u00edses mediterr\u00e1neos comparten planes de emergencia y recuperaci\u00f3n de agua para hacer frente a las secuelas de COVID-19 - Patrimonio Actual, ciudades, sitios y espacios naturales declarados Patrimonio de la Humanidad por la UNESCO\" \/>\n<meta property=\"og:description\" content=\"Se espera que m\u00e1s de 250 millones de personas sean &quot;pobres en agua&quot; en los pr\u00f3ximos 20 a\u00f1os en la regi\u00f3n euromediterr\u00e1nea, cifras por la pandemia COVID-19\" \/>\n<meta property=\"og:url\" content=\"https:\/\/patrimonioactual.com\/page\/los-paises-mediterraneos-comparten-planes-de-emergencia-y-recuperacion-de-agua-para-hacer-frente-a-las-secuelas-de-covid-19\/\" \/>\n<meta property=\"og:site_name\" content=\"Patrimonio Actual, ciudades, sitios y espacios naturales declarados Patrimonio de la Humanidad por la UNESCO\" \/>\n<meta property=\"article:publisher\" content=\"https:\/\/www.facebook.com\/P.actual\" \/>\n<meta property=\"article:author\" content=\"http:\/\/facebook.com\/patrimonio.actual\" \/>\n<meta property=\"article:published_time\" content=\"2020-05-18T08:05:29+00:00\" \/>\n<meta property=\"article:modified_time\" content=\"2020-05-18T08:05:34+00:00\" \/>\n<meta property=\"og:image\" content=\"https:\/\/patrimonioactual.com\/page\/wp-content\/uploads\/2020\/05\/PAISES-MEDITERRANEOS00.gif\" \/>\n\t<meta property=\"og:image:width\" content=\"615\" \/>\n\t<meta property=\"og:image:height\" content=\"461\" \/>\n\t<meta property=\"og:image:type\" content=\"image\/gif\" \/>\n<meta name=\"author\" content=\"admin\" \/>\n<meta name=\"twitter:card\" content=\"summary_large_image\" \/>\n<meta name=\"twitter:creator\" content=\"@P_actual\" \/>\n<meta name=\"twitter:site\" content=\"@P_actual\" \/>\n<meta name=\"twitter:label1\" content=\"Escrito por\" \/>\n\t<meta name=\"twitter:data1\" content=\"admin\" \/>\n\t<meta name=\"twitter:label2\" content=\"Tiempo de lectura\" \/>\n\t<meta name=\"twitter:data2\" content=\"4 minutos\" \/>\n<script type=\"application\/ld+json\" class=\"yoast-schema-graph\">{\"@context\":\"https:\\\/\\\/schema.org\",\"@graph\":[{\"@type\":\"Article\",\"@id\":\"https:\\\/\\\/patrimonioactual.com\\\/page\\\/los-paises-mediterraneos-comparten-planes-de-emergencia-y-recuperacion-de-agua-para-hacer-frente-a-las-secuelas-de-covid-19\\\/#article\",\"isPartOf\":{\"@id\":\"https:\\\/\\\/patrimonioactual.com\\\/page\\\/los-paises-mediterraneos-comparten-planes-de-emergencia-y-recuperacion-de-agua-para-hacer-frente-a-las-secuelas-de-covid-19\\\/\"},\"author\":{\"name\":\"admin\",\"@id\":\"https:\\\/\\\/patrimonioactual.com\\\/page\\\/#\\\/schema\\\/person\\\/76850d24a9bd508e8e44db1faeab630e\"},\"headline\":\"Los pa\u00edses mediterr\u00e1neos comparten planes de emergencia y recuperaci\u00f3n de agua para hacer frente a las secuelas de COVID-19\",\"datePublished\":\"2020-05-18T08:05:29+00:00\",\"dateModified\":\"2020-05-18T08:05:34+00:00\",\"mainEntityOfPage\":{\"@id\":\"https:\\\/\\\/patrimonioactual.com\\\/page\\\/los-paises-mediterraneos-comparten-planes-de-emergencia-y-recuperacion-de-agua-para-hacer-frente-a-las-secuelas-de-covid-19\\\/\"},\"wordCount\":737,\"commentCount\":0,\"image\":{\"@id\":\"https:\\\/\\\/patrimonioactual.com\\\/page\\\/los-paises-mediterraneos-comparten-planes-de-emergencia-y-recuperacion-de-agua-para-hacer-frente-a-las-secuelas-de-covid-19\\\/#primaryimage\"},\"thumbnailUrl\":\"https:\\\/\\\/patrimonioactual.com\\\/page\\\/wp-content\\\/uploads\\\/2020\\\/05\\\/PAISES-MEDITERRANEOS00.gif\",\"keywords\":[\"Mediterr\u00e1neo\",\"pobres\"],\"articleSection\":[\"Patrimonio Natural\",\"Reserva de la Biosfera\",\"\u00daltimas Noticias\"],\"inLanguage\":\"es\",\"potentialAction\":[{\"@type\":\"CommentAction\",\"name\":\"Comment\",\"target\":[\"https:\\\/\\\/patrimonioactual.com\\\/page\\\/los-paises-mediterraneos-comparten-planes-de-emergencia-y-recuperacion-de-agua-para-hacer-frente-a-las-secuelas-de-covid-19\\\/#respond\"]}]},{\"@type\":\"WebPage\",\"@id\":\"https:\\\/\\\/patrimonioactual.com\\\/page\\\/los-paises-mediterraneos-comparten-planes-de-emergencia-y-recuperacion-de-agua-para-hacer-frente-a-las-secuelas-de-covid-19\\\/\",\"url\":\"https:\\\/\\\/patrimonioactual.com\\\/page\\\/los-paises-mediterraneos-comparten-planes-de-emergencia-y-recuperacion-de-agua-para-hacer-frente-a-las-secuelas-de-covid-19\\\/\",\"name\":\"Los pa\u00edses mediterr\u00e1neos comparten planes de emergencia y recuperaci\u00f3n de agua para hacer frente a las secuelas de COVID-19 - Patrimonio Actual, ciudades, sitios y espacios naturales declarados Patrimonio de la Humanidad por la UNESCO\",\"isPartOf\":{\"@id\":\"https:\\\/\\\/patrimonioactual.com\\\/page\\\/#website\"},\"primaryImageOfPage\":{\"@id\":\"https:\\\/\\\/patrimonioactual.com\\\/page\\\/los-paises-mediterraneos-comparten-planes-de-emergencia-y-recuperacion-de-agua-para-hacer-frente-a-las-secuelas-de-covid-19\\\/#primaryimage\"},\"image\":{\"@id\":\"https:\\\/\\\/patrimonioactual.com\\\/page\\\/los-paises-mediterraneos-comparten-planes-de-emergencia-y-recuperacion-de-agua-para-hacer-frente-a-las-secuelas-de-covid-19\\\/#primaryimage\"},\"thumbnailUrl\":\"https:\\\/\\\/patrimonioactual.com\\\/page\\\/wp-content\\\/uploads\\\/2020\\\/05\\\/PAISES-MEDITERRANEOS00.gif\",\"datePublished\":\"2020-05-18T08:05:29+00:00\",\"dateModified\":\"2020-05-18T08:05:34+00:00\",\"author\":{\"@id\":\"https:\\\/\\\/patrimonioactual.com\\\/page\\\/#\\\/schema\\\/person\\\/76850d24a9bd508e8e44db1faeab630e\"},\"description\":\"Se espera que m\u00e1s de 250 millones de personas sean \\\"pobres en agua\\\" en los pr\u00f3ximos 20 a\u00f1os en la regi\u00f3n euromediterr\u00e1nea, cifras por la pandemia COVID-19\",\"breadcrumb\":{\"@id\":\"https:\\\/\\\/patrimonioactual.com\\\/page\\\/los-paises-mediterraneos-comparten-planes-de-emergencia-y-recuperacion-de-agua-para-hacer-frente-a-las-secuelas-de-covid-19\\\/#breadcrumb\"},\"inLanguage\":\"es\",\"potentialAction\":[{\"@type\":\"ReadAction\",\"target\":[\"https:\\\/\\\/patrimonioactual.com\\\/page\\\/los-paises-mediterraneos-comparten-planes-de-emergencia-y-recuperacion-de-agua-para-hacer-frente-a-las-secuelas-de-covid-19\\\/\"]}]},{\"@type\":\"ImageObject\",\"inLanguage\":\"es\",\"@id\":\"https:\\\/\\\/patrimonioactual.com\\\/page\\\/los-paises-mediterraneos-comparten-planes-de-emergencia-y-recuperacion-de-agua-para-hacer-frente-a-las-secuelas-de-covid-19\\\/#primaryimage\",\"url\":\"https:\\\/\\\/patrimonioactual.com\\\/page\\\/wp-content\\\/uploads\\\/2020\\\/05\\\/PAISES-MEDITERRANEOS00.gif\",\"contentUrl\":\"https:\\\/\\\/patrimonioactual.com\\\/page\\\/wp-content\\\/uploads\\\/2020\\\/05\\\/PAISES-MEDITERRANEOS00.gif\",\"width\":615,\"height\":461,\"caption\":\"Los pa\u00edses mediterr\u00e1neos comparten planes de emergencia y recuperaci\u00f3n de agua. Foto: \u00a9 patrimonioactual.com\"},{\"@type\":\"BreadcrumbList\",\"@id\":\"https:\\\/\\\/patrimonioactual.com\\\/page\\\/los-paises-mediterraneos-comparten-planes-de-emergencia-y-recuperacion-de-agua-para-hacer-frente-a-las-secuelas-de-covid-19\\\/#breadcrumb\",\"itemListElement\":[{\"@type\":\"ListItem\",\"position\":1,\"name\":\"Portada\",\"item\":\"https:\\\/\\\/patrimonioactual.com\\\/page\\\/\"},{\"@type\":\"ListItem\",\"position\":2,\"name\":\"Los pa\u00edses mediterr\u00e1neos comparten planes de emergencia y recuperaci\u00f3n de agua para hacer frente a las secuelas de COVID-19\"}]},{\"@type\":\"WebSite\",\"@id\":\"https:\\\/\\\/patrimonioactual.com\\\/page\\\/#website\",\"url\":\"https:\\\/\\\/patrimonioactual.com\\\/page\\\/\",\"name\":\"Patrimonio Actual, ciudades, sitios y espacios naturales declarados Patrimonio de la Humanidad por la UNESCO\",\"description\":\"Revista digital que busca informar a un p\u00fablico objetivo amplio, de los acontecimientos mundiales que se producen en torno a la informaci\u00f3n del patrimonio cultural, natural, inmaterial y tur\u00edstico-cultural de ciudades y espacios naturales, Patrimonio de la Humanidad declarados por la UNESCO.\",\"potentialAction\":[{\"@type\":\"SearchAction\",\"target\":{\"@type\":\"EntryPoint\",\"urlTemplate\":\"https:\\\/\\\/patrimonioactual.com\\\/page\\\/?s={search_term_string}\"},\"query-input\":{\"@type\":\"PropertyValueSpecification\",\"valueRequired\":true,\"valueName\":\"search_term_string\"}}],\"inLanguage\":\"es\"},{\"@type\":\"Person\",\"@id\":\"https:\\\/\\\/patrimonioactual.com\\\/page\\\/#\\\/schema\\\/person\\\/76850d24a9bd508e8e44db1faeab630e\",\"name\":\"admin\",\"image\":{\"@type\":\"ImageObject\",\"inLanguage\":\"es\",\"@id\":\"https:\\\/\\\/secure.gravatar.com\\\/avatar\\\/48168d7e7932867b9131639a989484f6c50ddc0e7a6d380e506072a10e5df39d?s=96&d=mm&r=g\",\"url\":\"https:\\\/\\\/secure.gravatar.com\\\/avatar\\\/48168d7e7932867b9131639a989484f6c50ddc0e7a6d380e506072a10e5df39d?s=96&d=mm&r=g\",\"contentUrl\":\"https:\\\/\\\/secure.gravatar.com\\\/avatar\\\/48168d7e7932867b9131639a989484f6c50ddc0e7a6d380e506072a10e5df39d?s=96&d=mm&r=g\",\"caption\":\"admin\"},\"sameAs\":[\"http:\\\/\\\/facebook.com\\\/patrimonio.actual\",\"https:\\\/\\\/x.com\\\/P_actual\"],\"url\":\"https:\\\/\\\/patrimonioactual.com\\\/page\\\/author\\\/juan\\\/\"}]}<\/script>\n<!-- \/ Yoast SEO plugin. -->","yoast_head_json":{"title":"Los pa\u00edses mediterr\u00e1neos comparten planes de emergencia y recuperaci\u00f3n de agua para hacer frente a las secuelas de COVID-19 - Patrimonio Actual, ciudades, sitios y espacios naturales declarados Patrimonio de la Humanidad por la UNESCO","description":"Se espera que m\u00e1s de 250 millones de personas sean \"pobres en agua\" en los pr\u00f3ximos 20 a\u00f1os en la regi\u00f3n euromediterr\u00e1nea, cifras por la pandemia COVID-19","robots":{"index":"index","follow":"follow","max-snippet":"max-snippet:-1","max-image-preview":"max-image-preview:large","max-video-preview":"max-video-preview:-1"},"canonical":"https:\/\/patrimonioactual.com\/page\/los-paises-mediterraneos-comparten-planes-de-emergencia-y-recuperacion-de-agua-para-hacer-frente-a-las-secuelas-de-covid-19\/","og_locale":"es_ES","og_type":"article","og_title":"Los pa\u00edses mediterr\u00e1neos comparten planes de emergencia y recuperaci\u00f3n de agua para hacer frente a las secuelas de COVID-19 - Patrimonio Actual, ciudades, sitios y espacios naturales declarados Patrimonio de la Humanidad por la UNESCO","og_description":"Se espera que m\u00e1s de 250 millones de personas sean \"pobres en agua\" en los pr\u00f3ximos 20 a\u00f1os en la regi\u00f3n euromediterr\u00e1nea, cifras por la pandemia COVID-19","og_url":"https:\/\/patrimonioactual.com\/page\/los-paises-mediterraneos-comparten-planes-de-emergencia-y-recuperacion-de-agua-para-hacer-frente-a-las-secuelas-de-covid-19\/","og_site_name":"Patrimonio Actual, ciudades, sitios y espacios naturales declarados Patrimonio de la Humanidad por la UNESCO","article_publisher":"https:\/\/www.facebook.com\/P.actual","article_author":"http:\/\/facebook.com\/patrimonio.actual","article_published_time":"2020-05-18T08:05:29+00:00","article_modified_time":"2020-05-18T08:05:34+00:00","og_image":[{"width":615,"height":461,"url":"https:\/\/patrimonioactual.com\/page\/wp-content\/uploads\/2020\/05\/PAISES-MEDITERRANEOS00.gif","type":"image\/gif"}],"author":"admin","twitter_card":"summary_large_image","twitter_creator":"@P_actual","twitter_site":"@P_actual","twitter_misc":{"Escrito por":"admin","Tiempo de lectura":"4 minutos"},"schema":{"@context":"https:\/\/schema.org","@graph":[{"@type":"Article","@id":"https:\/\/patrimonioactual.com\/page\/los-paises-mediterraneos-comparten-planes-de-emergencia-y-recuperacion-de-agua-para-hacer-frente-a-las-secuelas-de-covid-19\/#article","isPartOf":{"@id":"https:\/\/patrimonioactual.com\/page\/los-paises-mediterraneos-comparten-planes-de-emergencia-y-recuperacion-de-agua-para-hacer-frente-a-las-secuelas-de-covid-19\/"},"author":{"name":"admin","@id":"https:\/\/patrimonioactual.com\/page\/#\/schema\/person\/76850d24a9bd508e8e44db1faeab630e"},"headline":"Los pa\u00edses mediterr\u00e1neos comparten planes de emergencia y recuperaci\u00f3n de agua para hacer frente a las secuelas de COVID-19","datePublished":"2020-05-18T08:05:29+00:00","dateModified":"2020-05-18T08:05:34+00:00","mainEntityOfPage":{"@id":"https:\/\/patrimonioactual.com\/page\/los-paises-mediterraneos-comparten-planes-de-emergencia-y-recuperacion-de-agua-para-hacer-frente-a-las-secuelas-de-covid-19\/"},"wordCount":737,"commentCount":0,"image":{"@id":"https:\/\/patrimonioactual.com\/page\/los-paises-mediterraneos-comparten-planes-de-emergencia-y-recuperacion-de-agua-para-hacer-frente-a-las-secuelas-de-covid-19\/#primaryimage"},"thumbnailUrl":"https:\/\/patrimonioactual.com\/page\/wp-content\/uploads\/2020\/05\/PAISES-MEDITERRANEOS00.gif","keywords":["Mediterr\u00e1neo","pobres"],"articleSection":["Patrimonio Natural","Reserva de la Biosfera","\u00daltimas Noticias"],"inLanguage":"es","potentialAction":[{"@type":"CommentAction","name":"Comment","target":["https:\/\/patrimonioactual.com\/page\/los-paises-mediterraneos-comparten-planes-de-emergencia-y-recuperacion-de-agua-para-hacer-frente-a-las-secuelas-de-covid-19\/#respond"]}]},{"@type":"WebPage","@id":"https:\/\/patrimonioactual.com\/page\/los-paises-mediterraneos-comparten-planes-de-emergencia-y-recuperacion-de-agua-para-hacer-frente-a-las-secuelas-de-covid-19\/","url":"https:\/\/patrimonioactual.com\/page\/los-paises-mediterraneos-comparten-planes-de-emergencia-y-recuperacion-de-agua-para-hacer-frente-a-las-secuelas-de-covid-19\/","name":"Los pa\u00edses mediterr\u00e1neos comparten planes de emergencia y recuperaci\u00f3n de agua para hacer frente a las secuelas de COVID-19 - Patrimonio Actual, ciudades, sitios y espacios naturales declarados Patrimonio de la Humanidad por la UNESCO","isPartOf":{"@id":"https:\/\/patrimonioactual.com\/page\/#website"},"primaryImageOfPage":{"@id":"https:\/\/patrimonioactual.com\/page\/los-paises-mediterraneos-comparten-planes-de-emergencia-y-recuperacion-de-agua-para-hacer-frente-a-las-secuelas-de-covid-19\/#primaryimage"},"image":{"@id":"https:\/\/patrimonioactual.com\/page\/los-paises-mediterraneos-comparten-planes-de-emergencia-y-recuperacion-de-agua-para-hacer-frente-a-las-secuelas-de-covid-19\/#primaryimage"},"thumbnailUrl":"https:\/\/patrimonioactual.com\/page\/wp-content\/uploads\/2020\/05\/PAISES-MEDITERRANEOS00.gif","datePublished":"2020-05-18T08:05:29+00:00","dateModified":"2020-05-18T08:05:34+00:00","author":{"@id":"https:\/\/patrimonioactual.com\/page\/#\/schema\/person\/76850d24a9bd508e8e44db1faeab630e"},"description":"Se espera que m\u00e1s de 250 millones de personas sean \"pobres en agua\" en los pr\u00f3ximos 20 a\u00f1os en la regi\u00f3n euromediterr\u00e1nea, cifras por la pandemia COVID-19","breadcrumb":{"@id":"https:\/\/patrimonioactual.com\/page\/los-paises-mediterraneos-comparten-planes-de-emergencia-y-recuperacion-de-agua-para-hacer-frente-a-las-secuelas-de-covid-19\/#breadcrumb"},"inLanguage":"es","potentialAction":[{"@type":"ReadAction","target":["https:\/\/patrimonioactual.com\/page\/los-paises-mediterraneos-comparten-planes-de-emergencia-y-recuperacion-de-agua-para-hacer-frente-a-las-secuelas-de-covid-19\/"]}]},{"@type":"ImageObject","inLanguage":"es","@id":"https:\/\/patrimonioactual.com\/page\/los-paises-mediterraneos-comparten-planes-de-emergencia-y-recuperacion-de-agua-para-hacer-frente-a-las-secuelas-de-covid-19\/#primaryimage","url":"https:\/\/patrimonioactual.com\/page\/wp-content\/uploads\/2020\/05\/PAISES-MEDITERRANEOS00.gif","contentUrl":"https:\/\/patrimonioactual.com\/page\/wp-content\/uploads\/2020\/05\/PAISES-MEDITERRANEOS00.gif","width":615,"height":461,"caption":"Los pa\u00edses mediterr\u00e1neos comparten planes de emergencia y recuperaci\u00f3n de agua. Foto: \u00a9 patrimonioactual.com"},{"@type":"BreadcrumbList","@id":"https:\/\/patrimonioactual.com\/page\/los-paises-mediterraneos-comparten-planes-de-emergencia-y-recuperacion-de-agua-para-hacer-frente-a-las-secuelas-de-covid-19\/#breadcrumb","itemListElement":[{"@type":"ListItem","position":1,"name":"Portada","item":"https:\/\/patrimonioactual.com\/page\/"},{"@type":"ListItem","position":2,"name":"Los pa\u00edses mediterr\u00e1neos comparten planes de emergencia y recuperaci\u00f3n de agua para hacer frente a las secuelas de COVID-19"}]},{"@type":"WebSite","@id":"https:\/\/patrimonioactual.com\/page\/#website","url":"https:\/\/patrimonioactual.com\/page\/","name":"Patrimonio Actual, ciudades, sitios y espacios naturales declarados Patrimonio de la Humanidad por la UNESCO","description":"Revista digital que busca informar a un p\u00fablico objetivo amplio, de los acontecimientos mundiales que se producen en torno a la informaci\u00f3n del patrimonio cultural, natural, inmaterial y tur\u00edstico-cultural de ciudades y espacios naturales, Patrimonio de la Humanidad declarados por la UNESCO.","potentialAction":[{"@type":"SearchAction","target":{"@type":"EntryPoint","urlTemplate":"https:\/\/patrimonioactual.com\/page\/?s={search_term_string}"},"query-input":{"@type":"PropertyValueSpecification","valueRequired":true,"valueName":"search_term_string"}}],"inLanguage":"es"},{"@type":"Person","@id":"https:\/\/patrimonioactual.com\/page\/#\/schema\/person\/76850d24a9bd508e8e44db1faeab630e","name":"admin","image":{"@type":"ImageObject","inLanguage":"es","@id":"https:\/\/secure.gravatar.com\/avatar\/48168d7e7932867b9131639a989484f6c50ddc0e7a6d380e506072a10e5df39d?s=96&d=mm&r=g","url":"https:\/\/secure.gravatar.com\/avatar\/48168d7e7932867b9131639a989484f6c50ddc0e7a6d380e506072a10e5df39d?s=96&d=mm&r=g","contentUrl":"https:\/\/secure.gravatar.com\/avatar\/48168d7e7932867b9131639a989484f6c50ddc0e7a6d380e506072a10e5df39d?s=96&d=mm&r=g","caption":"admin"},"sameAs":["http:\/\/facebook.com\/patrimonio.actual","https:\/\/x.com\/P_actual"],"url":"https:\/\/patrimonioactual.com\/page\/author\/juan\/"}]}},"_links":{"self":[{"href":"https:\/\/patrimonioactual.com\/page\/wp-json\/wp\/v2\/posts\/16144","targetHints":{"allow":["GET"]}}],"collection":[{"href":"https:\/\/patrimonioactual.com\/page\/wp-json\/wp\/v2\/posts"}],"about":[{"href":"https:\/\/patrimonioactual.com\/page\/wp-json\/wp\/v2\/types\/post"}],"author":[{"embeddable":true,"href":"https:\/\/patrimonioactual.com\/page\/wp-json\/wp\/v2\/users\/1"}],"replies":[{"embeddable":true,"href":"https:\/\/patrimonioactual.com\/page\/wp-json\/wp\/v2\/comments?post=16144"}],"version-history":[{"count":2,"href":"https:\/\/patrimonioactual.com\/page\/wp-json\/wp\/v2\/posts\/16144\/revisions"}],"predecessor-version":[{"id":16147,"href":"https:\/\/patrimonioactual.com\/page\/wp-json\/wp\/v2\/posts\/16144\/revisions\/16147"}],"wp:featuredmedia":[{"embeddable":true,"href":"https:\/\/patrimonioactual.com\/page\/wp-json\/wp\/v2\/media\/16145"}],"wp:attachment":[{"href":"https:\/\/patrimonioactual.com\/page\/wp-json\/wp\/v2\/media?parent=16144"}],"wp:term":[{"taxonomy":"category","embeddable":true,"href":"https:\/\/patrimonioactual.com\/page\/wp-json\/wp\/v2\/categories?post=16144"},{"taxonomy":"post_tag","embeddable":true,"href":"https:\/\/patrimonioactual.com\/page\/wp-json\/wp\/v2\/tags?post=16144"}],"curies":[{"name":"wp","href":"https:\/\/api.w.org\/{rel}","templated":true}]}}