{"id":23583,"date":"2025-01-10T12:06:01","date_gmt":"2025-01-10T10:06:01","guid":{"rendered":"https:\/\/patrimonioactual.com\/page\/?p=23583"},"modified":"2025-01-10T12:06:03","modified_gmt":"2025-01-10T10:06:03","slug":"obras-de-emergencia-en-el-monasterio-de-suso","status":"publish","type":"post","link":"https:\/\/patrimonioactual.com\/page\/obras-de-emergencia-en-el-monasterio-de-suso\/","title":{"rendered":"Obras de emergencia en el Monasterio de Suso, en San Mill\u00e1n de la Cogolla (La Rioja), por valor de 4,5 millones de euros"},"content":{"rendered":"<div class=\"wp-block-image\">\n<figure class=\"aligncenter size-full\"><a href=\"https:\/\/patrimonioactual.com\/page\/wp-content\/uploads\/2025\/01\/MONASTERIO-DE-SUSO-LA-RIOJA1100.png\"><img loading=\"lazy\" decoding=\"async\" width=\"615\" height=\"461\" src=\"https:\/\/patrimonioactual.com\/page\/wp-content\/uploads\/2025\/01\/MONASTERIO-DE-SUSO-LA-RIOJA1100.png\" alt=\"Monasterio de Suso, en San Mill\u00e1n de la Cogolla (La Rioja)\" class=\"wp-image-23584\" srcset=\"https:\/\/patrimonioactual.com\/page\/wp-content\/uploads\/2025\/01\/MONASTERIO-DE-SUSO-LA-RIOJA1100.png 615w, https:\/\/patrimonioactual.com\/page\/wp-content\/uploads\/2025\/01\/MONASTERIO-DE-SUSO-LA-RIOJA1100-300x225.png 300w, https:\/\/patrimonioactual.com\/page\/wp-content\/uploads\/2025\/01\/MONASTERIO-DE-SUSO-LA-RIOJA1100-45x35.png 45w\" sizes=\"auto, (max-width: 615px) 100vw, 615px\" \/><\/a><figcaption class=\"wp-element-caption\">Monasterio de Suso, en San Mill\u00e1n de la Cogolla (La Rioja)<\/figcaption><\/figure>\n<\/div>\n\n\n<p class=\"has-medium-font-size wp-block-paragraph\"><strong>Para llevar a cabo el proyecto en el conjunto mon\u00e1stico, declarado Patrimonio Mundial por la UNESCO, se instalar\u00e1 una sobrecubierta provisional que ser\u00e1 retirada una vez se garantice la estanqueidad del conjunto<\/strong><\/p>\n\n\n\n<p class=\"wp-block-paragraph\">Recientemente el Consejo de Ministros, a propuesta del ministro de Cultura, <a href=\"https:\/\/patrimonioactual.com\/page\/?s=Ernest+Urtasun\">Ernest Urtasun<\/a>, ha aprobado la ejecuci\u00f3n de las obras de emergencia en el <a href=\"https:\/\/patrimonioactual.com\/page\/?s=Monasterio+de+Suso\">Monasterio de Suso<\/a>, en <a href=\"https:\/\/patrimonioactual.com\/page\/?s=San+Mill%C3%A1n+de+la+Cogolla+\">San Mill\u00e1n de la Cogolla<\/a> (La Rioja, Espa\u00f1a). El proyecto, dotado por el <a href=\"https:\/\/patrimonioactual.com\/page\/?s=Ministerio+de+Cultura+\">Ministerio de Cultura de Espa\u00f1a<\/a> con una inversi\u00f3n de 4.515.954 euros, prev\u00e9 un plazo de ejecuci\u00f3n de 24 meses y ser\u00e1 llevado a cabo por el Instituto del Patrimonio Cultural de Espa\u00f1a (<a href=\"https:\/\/patrimonioactual.com\/page\/?s=IPCE\">IPCE<\/a>).<\/p>\n\n\n\n<p class=\"wp-block-paragraph\">La propuesta de intervenci\u00f3n ha sido declarada de emergencia debido a la actual inestabilidad estructural del edificio que, sumado a las persistentes filtraciones de agua, incrementadas por recientes lluvias torrenciales acaecidas en <a href=\"https:\/\/patrimonioactual.com\/page\/?s=La+Rioja\">La Rioja<\/a>, comprometen la integridad estructural del conjunto mon\u00e1stico, declarado <a href=\"https:\/\/patrimonioactual.com\/page\/?s=Patrimonio+Mundial+\">Patrimonio Mundial<\/a> por la <a href=\"https:\/\/patrimonioactual.com\/page\/?s=UNESCO\">UNESCO<\/a> en 1997, y considerado como la cuna de la lengua castellana.<\/p>\n\n\n\n<p class=\"wp-block-paragraph\">Las obras se centrar\u00e1n en un doble objetivo: por un lado, en la eliminaci\u00f3n de los focos de humedad del edificio y la desviaci\u00f3n de las aguas superficiales del entorno para conseguir unas condiciones ambientales interiores adecuadas; y por otro, en la consolidaci\u00f3n estructural del edificio y del terreno sobre el que se asienta y adosa.<\/p>\n\n\n\n<p class=\"wp-block-paragraph\">Con el prop\u00f3sito de proteger el edificio de las filtraciones de agua durante el transcurso de la obra, se instalar\u00e1 una sobrecubierta provisional que ser\u00e1 retirada una vez quede garantizada la estanqueidad del conjunto. Las obras implicar\u00e1n la actuaci\u00f3n sobre las cubiertas del conjunto y resto de elementos constructivos afectados por procesos patol\u00f3gicos, con especial atenci\u00f3n a los movimientos estructurales activos presentes en las estructuras murarias, arcadas y soleras.<\/p>\n\n\n\n<p class=\"wp-block-paragraph\">Dada la naturaleza del bien afectado, las actuaciones estar\u00e1n fundamentadas en un profundo conocimiento del edificio, incluy\u00e9ndose el desarrollo de ensayos diagn\u00f3sticos no invasivos, monitorizaci\u00f3n de movimientos estructurales, investigaciones y seguimiento arqueol\u00f3gico, y caracterizaci\u00f3n de materiales, entre otros. Estos estudios se sumar\u00e1n a los realizados por el IPCE hasta el momento: un levantamiento fotogram\u00e9trico del edificio y un estudio geof\u00edsico y geol\u00f3gico del entorno.<\/p>\n\n\n\n<p class=\"has-medium-font-size wp-block-paragraph\"><strong>Monasterios de Suso y Yuso<\/strong><\/p>\n\n\n\n<p class=\"wp-block-paragraph\">El Monasterio de Suso conserva el templo y las cuevas originales.<\/p>\n\n\n\n<p class=\"wp-block-paragraph\">Documentado desde el siglo VIII, aunque construido posiblemente en la segunda mitad del siglo VI como capilla rupestre en vida de San Mill\u00e1n (473- 574), el monasterio sobrevivi\u00f3 a la dominaci\u00f3n isl\u00e1mica y recibi\u00f3 importantes donaciones, especialmente de los reyes navarros. En 1067, Sancho el Noble consagr\u00f3 la nueva iglesia del <a href=\"https:\/\/patrimonioactual.com\/page\/?s=Monasterio+de+Yuso\">Monasterio de Yuso<\/a>, dejando Suso como lugar de devoci\u00f3n.<\/p>\n\n\n\n<p class=\"wp-block-paragraph\">El conjunto mon\u00e1stico de San Mill\u00e1n de la Cogolla, formado por los Monasterios de Suso y Yuso, fue declarado Patrimonio de la Humanidad por la UNESCO en 1997, y destaca por su impacto religioso y cultural en La Rioja y Navarra, y su vinculaci\u00f3n con el origen de la vida mon\u00e1stica en Espa\u00f1a y la lengua castellana.<\/p>\n\n\n\n<p class=\"wp-block-paragraph\">Las glosas en castellano primitivo del siglo X son uno de los primeros testimonios del idioma.<\/p>\n\n\n\n<p class=\"wp-block-paragraph\"><strong>S\u00edguenos en <\/strong><a href=\"https:\/\/www.facebook.com\/P.actual\"><strong>Facebook<\/strong><\/a><strong> y <\/strong><a href=\"https:\/\/twitter.com\/p_actual\"><strong>Twitter<\/strong><\/a><\/p>\n","protected":false},"excerpt":{"rendered":"<p>Para llevar a cabo el proyecto en el conjunto mon\u00e1stico, declarado Patrimonio Mundial por la UNESCO, se instalar\u00e1 una sobrecubierta provisional que ser\u00e1 retirada una vez se garantice la estanqueidad del conjunto Recientemente el Consejo de Ministros, a propuesta del ministro de Cultura, Ernest Urtasun, ha aprobado la ejecuci\u00f3n de las obras de emergencia en [&hellip;]<\/p>\n","protected":false},"author":1,"featured_media":23584,"comment_status":"open","ping_status":"open","sticky":false,"template":"","format":"standard","meta":{"footnotes":""},"categories":[1,10,39],"tags":[6839,4534],"class_list":["post-23583","post","type-post","status-publish","format-standard","has-post-thumbnail","category-patrimonio-cultural","category-restauracion-y-cooperacion","category-ultimas-noticias","tag-monasterio-de-suso","tag-unesco"],"yoast_head":"<!-- This site is optimized with the Yoast SEO plugin v27.4 - https:\/\/yoast.com\/product\/yoast-seo-wordpress\/ -->\n<title>Obras de emergencia en el Monasterio de Suso, en San Mill\u00e1n de la Cogolla (La Rioja), por valor de 4,5 millones de euros - Patrimonio Actual, ciudades, sitios y espacios naturales declarados Patrimonio de la Humanidad por la UNESCO<\/title>\n<meta name=\"description\" content=\"Para llevar a cabo el proyecto en el conjunto mon\u00e1stico, declarado Patrimonio por la UNESCO, se instalar\u00e1 una sobrecubierta provisional\" \/>\n<meta name=\"robots\" content=\"index, follow, max-snippet:-1, max-image-preview:large, max-video-preview:-1\" \/>\n<link rel=\"canonical\" href=\"https:\/\/patrimonioactual.com\/page\/obras-de-emergencia-en-el-monasterio-de-suso\/\" \/>\n<meta property=\"og:locale\" content=\"es_ES\" \/>\n<meta property=\"og:type\" content=\"article\" \/>\n<meta property=\"og:title\" content=\"Obras de emergencia en el Monasterio de Suso, en San Mill\u00e1n de la Cogolla (La Rioja), por valor de 4,5 millones de euros - Patrimonio Actual, ciudades, sitios y espacios naturales declarados Patrimonio de la Humanidad por la UNESCO\" \/>\n<meta property=\"og:description\" content=\"Para llevar a cabo el proyecto en el conjunto mon\u00e1stico, declarado Patrimonio por la UNESCO, se instalar\u00e1 una sobrecubierta provisional\" \/>\n<meta property=\"og:url\" content=\"https:\/\/patrimonioactual.com\/page\/obras-de-emergencia-en-el-monasterio-de-suso\/\" \/>\n<meta property=\"og:site_name\" content=\"Patrimonio Actual, ciudades, sitios y espacios naturales declarados Patrimonio de la Humanidad por la UNESCO\" \/>\n<meta property=\"article:publisher\" content=\"https:\/\/www.facebook.com\/P.actual\" \/>\n<meta property=\"article:author\" content=\"http:\/\/facebook.com\/patrimonio.actual\" \/>\n<meta property=\"article:published_time\" content=\"2025-01-10T10:06:01+00:00\" \/>\n<meta property=\"article:modified_time\" content=\"2025-01-10T10:06:03+00:00\" \/>\n<meta property=\"og:image\" content=\"https:\/\/patrimonioactual.com\/page\/wp-content\/uploads\/2025\/01\/MONASTERIO-DE-SUSO-LA-RIOJA1100.png\" \/>\n\t<meta property=\"og:image:width\" content=\"615\" \/>\n\t<meta property=\"og:image:height\" content=\"461\" \/>\n\t<meta property=\"og:image:type\" content=\"image\/png\" \/>\n<meta name=\"author\" content=\"admin\" \/>\n<meta name=\"twitter:card\" content=\"summary_large_image\" \/>\n<meta name=\"twitter:creator\" content=\"@P_actual\" \/>\n<meta name=\"twitter:site\" content=\"@P_actual\" \/>\n<meta name=\"twitter:label1\" content=\"Escrito por\" \/>\n\t<meta name=\"twitter:data1\" content=\"admin\" \/>\n\t<meta name=\"twitter:label2\" content=\"Tiempo de lectura\" \/>\n\t<meta name=\"twitter:data2\" content=\"3 minutos\" \/>\n<script type=\"application\/ld+json\" class=\"yoast-schema-graph\">{\"@context\":\"https:\\\/\\\/schema.org\",\"@graph\":[{\"@type\":\"Article\",\"@id\":\"https:\\\/\\\/patrimonioactual.com\\\/page\\\/obras-de-emergencia-en-el-monasterio-de-suso\\\/#article\",\"isPartOf\":{\"@id\":\"https:\\\/\\\/patrimonioactual.com\\\/page\\\/obras-de-emergencia-en-el-monasterio-de-suso\\\/\"},\"author\":{\"name\":\"admin\",\"@id\":\"https:\\\/\\\/patrimonioactual.com\\\/page\\\/#\\\/schema\\\/person\\\/76850d24a9bd508e8e44db1faeab630e\"},\"headline\":\"Obras de emergencia en el Monasterio de Suso, en San Mill\u00e1n de la Cogolla (La Rioja), por valor de 4,5 millones de euros\",\"datePublished\":\"2025-01-10T10:06:01+00:00\",\"dateModified\":\"2025-01-10T10:06:03+00:00\",\"mainEntityOfPage\":{\"@id\":\"https:\\\/\\\/patrimonioactual.com\\\/page\\\/obras-de-emergencia-en-el-monasterio-de-suso\\\/\"},\"wordCount\":575,\"commentCount\":0,\"image\":{\"@id\":\"https:\\\/\\\/patrimonioactual.com\\\/page\\\/obras-de-emergencia-en-el-monasterio-de-suso\\\/#primaryimage\"},\"thumbnailUrl\":\"https:\\\/\\\/patrimonioactual.com\\\/page\\\/wp-content\\\/uploads\\\/2025\\\/01\\\/MONASTERIO-DE-SUSO-LA-RIOJA1100.png\",\"keywords\":[\"Monasterio de Suso\",\"UNESCO\"],\"articleSection\":[\"Patrimonio Cultural\",\"Restauraci\u00f3n y Cooperaci\u00f3n\",\"\u00daltimas Noticias\"],\"inLanguage\":\"es\",\"potentialAction\":[{\"@type\":\"CommentAction\",\"name\":\"Comment\",\"target\":[\"https:\\\/\\\/patrimonioactual.com\\\/page\\\/obras-de-emergencia-en-el-monasterio-de-suso\\\/#respond\"]}]},{\"@type\":\"WebPage\",\"@id\":\"https:\\\/\\\/patrimonioactual.com\\\/page\\\/obras-de-emergencia-en-el-monasterio-de-suso\\\/\",\"url\":\"https:\\\/\\\/patrimonioactual.com\\\/page\\\/obras-de-emergencia-en-el-monasterio-de-suso\\\/\",\"name\":\"Obras de emergencia en el Monasterio de Suso, en San Mill\u00e1n de la Cogolla (La Rioja), por valor de 4,5 millones de euros - Patrimonio Actual, ciudades, sitios y espacios naturales declarados Patrimonio de la Humanidad por la UNESCO\",\"isPartOf\":{\"@id\":\"https:\\\/\\\/patrimonioactual.com\\\/page\\\/#website\"},\"primaryImageOfPage\":{\"@id\":\"https:\\\/\\\/patrimonioactual.com\\\/page\\\/obras-de-emergencia-en-el-monasterio-de-suso\\\/#primaryimage\"},\"image\":{\"@id\":\"https:\\\/\\\/patrimonioactual.com\\\/page\\\/obras-de-emergencia-en-el-monasterio-de-suso\\\/#primaryimage\"},\"thumbnailUrl\":\"https:\\\/\\\/patrimonioactual.com\\\/page\\\/wp-content\\\/uploads\\\/2025\\\/01\\\/MONASTERIO-DE-SUSO-LA-RIOJA1100.png\",\"datePublished\":\"2025-01-10T10:06:01+00:00\",\"dateModified\":\"2025-01-10T10:06:03+00:00\",\"author\":{\"@id\":\"https:\\\/\\\/patrimonioactual.com\\\/page\\\/#\\\/schema\\\/person\\\/76850d24a9bd508e8e44db1faeab630e\"},\"description\":\"Para llevar a cabo el proyecto en el conjunto mon\u00e1stico, declarado Patrimonio por la UNESCO, se instalar\u00e1 una sobrecubierta provisional\",\"breadcrumb\":{\"@id\":\"https:\\\/\\\/patrimonioactual.com\\\/page\\\/obras-de-emergencia-en-el-monasterio-de-suso\\\/#breadcrumb\"},\"inLanguage\":\"es\",\"potentialAction\":[{\"@type\":\"ReadAction\",\"target\":[\"https:\\\/\\\/patrimonioactual.com\\\/page\\\/obras-de-emergencia-en-el-monasterio-de-suso\\\/\"]}]},{\"@type\":\"ImageObject\",\"inLanguage\":\"es\",\"@id\":\"https:\\\/\\\/patrimonioactual.com\\\/page\\\/obras-de-emergencia-en-el-monasterio-de-suso\\\/#primaryimage\",\"url\":\"https:\\\/\\\/patrimonioactual.com\\\/page\\\/wp-content\\\/uploads\\\/2025\\\/01\\\/MONASTERIO-DE-SUSO-LA-RIOJA1100.png\",\"contentUrl\":\"https:\\\/\\\/patrimonioactual.com\\\/page\\\/wp-content\\\/uploads\\\/2025\\\/01\\\/MONASTERIO-DE-SUSO-LA-RIOJA1100.png\",\"width\":615,\"height\":461,\"caption\":\"Monasterio de Suso, en San Mill\u00e1n de la Cogolla (La Rioja)\"},{\"@type\":\"BreadcrumbList\",\"@id\":\"https:\\\/\\\/patrimonioactual.com\\\/page\\\/obras-de-emergencia-en-el-monasterio-de-suso\\\/#breadcrumb\",\"itemListElement\":[{\"@type\":\"ListItem\",\"position\":1,\"name\":\"Portada\",\"item\":\"https:\\\/\\\/patrimonioactual.com\\\/page\\\/\"},{\"@type\":\"ListItem\",\"position\":2,\"name\":\"Obras de emergencia en el Monasterio de Suso, en San Mill\u00e1n de la Cogolla (La Rioja), por valor de 4,5 millones de euros\"}]},{\"@type\":\"WebSite\",\"@id\":\"https:\\\/\\\/patrimonioactual.com\\\/page\\\/#website\",\"url\":\"https:\\\/\\\/patrimonioactual.com\\\/page\\\/\",\"name\":\"Patrimonio Actual, ciudades, sitios y espacios naturales declarados Patrimonio de la Humanidad por la UNESCO\",\"description\":\"Revista digital que busca informar a un p\u00fablico objetivo amplio, de los acontecimientos mundiales que se producen en torno a la informaci\u00f3n del patrimonio cultural, natural, inmaterial y tur\u00edstico-cultural de ciudades y espacios naturales, Patrimonio de la Humanidad declarados por la UNESCO.\",\"potentialAction\":[{\"@type\":\"SearchAction\",\"target\":{\"@type\":\"EntryPoint\",\"urlTemplate\":\"https:\\\/\\\/patrimonioactual.com\\\/page\\\/?s={search_term_string}\"},\"query-input\":{\"@type\":\"PropertyValueSpecification\",\"valueRequired\":true,\"valueName\":\"search_term_string\"}}],\"inLanguage\":\"es\"},{\"@type\":\"Person\",\"@id\":\"https:\\\/\\\/patrimonioactual.com\\\/page\\\/#\\\/schema\\\/person\\\/76850d24a9bd508e8e44db1faeab630e\",\"name\":\"admin\",\"image\":{\"@type\":\"ImageObject\",\"inLanguage\":\"es\",\"@id\":\"https:\\\/\\\/secure.gravatar.com\\\/avatar\\\/48168d7e7932867b9131639a989484f6c50ddc0e7a6d380e506072a10e5df39d?s=96&d=mm&r=g\",\"url\":\"https:\\\/\\\/secure.gravatar.com\\\/avatar\\\/48168d7e7932867b9131639a989484f6c50ddc0e7a6d380e506072a10e5df39d?s=96&d=mm&r=g\",\"contentUrl\":\"https:\\\/\\\/secure.gravatar.com\\\/avatar\\\/48168d7e7932867b9131639a989484f6c50ddc0e7a6d380e506072a10e5df39d?s=96&d=mm&r=g\",\"caption\":\"admin\"},\"sameAs\":[\"http:\\\/\\\/facebook.com\\\/patrimonio.actual\",\"https:\\\/\\\/x.com\\\/P_actual\"],\"url\":\"https:\\\/\\\/patrimonioactual.com\\\/page\\\/author\\\/juan\\\/\"}]}<\/script>\n<!-- \/ Yoast SEO plugin. -->","yoast_head_json":{"title":"Obras de emergencia en el Monasterio de Suso, en San Mill\u00e1n de la Cogolla (La Rioja), por valor de 4,5 millones de euros - Patrimonio Actual, ciudades, sitios y espacios naturales declarados Patrimonio de la Humanidad por la UNESCO","description":"Para llevar a cabo el proyecto en el conjunto mon\u00e1stico, declarado Patrimonio por la UNESCO, se instalar\u00e1 una sobrecubierta provisional","robots":{"index":"index","follow":"follow","max-snippet":"max-snippet:-1","max-image-preview":"max-image-preview:large","max-video-preview":"max-video-preview:-1"},"canonical":"https:\/\/patrimonioactual.com\/page\/obras-de-emergencia-en-el-monasterio-de-suso\/","og_locale":"es_ES","og_type":"article","og_title":"Obras de emergencia en el Monasterio de Suso, en San Mill\u00e1n de la Cogolla (La Rioja), por valor de 4,5 millones de euros - Patrimonio Actual, ciudades, sitios y espacios naturales declarados Patrimonio de la Humanidad por la UNESCO","og_description":"Para llevar a cabo el proyecto en el conjunto mon\u00e1stico, declarado Patrimonio por la UNESCO, se instalar\u00e1 una sobrecubierta provisional","og_url":"https:\/\/patrimonioactual.com\/page\/obras-de-emergencia-en-el-monasterio-de-suso\/","og_site_name":"Patrimonio Actual, ciudades, sitios y espacios naturales declarados Patrimonio de la Humanidad por la UNESCO","article_publisher":"https:\/\/www.facebook.com\/P.actual","article_author":"http:\/\/facebook.com\/patrimonio.actual","article_published_time":"2025-01-10T10:06:01+00:00","article_modified_time":"2025-01-10T10:06:03+00:00","og_image":[{"width":615,"height":461,"url":"https:\/\/patrimonioactual.com\/page\/wp-content\/uploads\/2025\/01\/MONASTERIO-DE-SUSO-LA-RIOJA1100.png","type":"image\/png"}],"author":"admin","twitter_card":"summary_large_image","twitter_creator":"@P_actual","twitter_site":"@P_actual","twitter_misc":{"Escrito por":"admin","Tiempo de lectura":"3 minutos"},"schema":{"@context":"https:\/\/schema.org","@graph":[{"@type":"Article","@id":"https:\/\/patrimonioactual.com\/page\/obras-de-emergencia-en-el-monasterio-de-suso\/#article","isPartOf":{"@id":"https:\/\/patrimonioactual.com\/page\/obras-de-emergencia-en-el-monasterio-de-suso\/"},"author":{"name":"admin","@id":"https:\/\/patrimonioactual.com\/page\/#\/schema\/person\/76850d24a9bd508e8e44db1faeab630e"},"headline":"Obras de emergencia en el Monasterio de Suso, en San Mill\u00e1n de la Cogolla (La Rioja), por valor de 4,5 millones de euros","datePublished":"2025-01-10T10:06:01+00:00","dateModified":"2025-01-10T10:06:03+00:00","mainEntityOfPage":{"@id":"https:\/\/patrimonioactual.com\/page\/obras-de-emergencia-en-el-monasterio-de-suso\/"},"wordCount":575,"commentCount":0,"image":{"@id":"https:\/\/patrimonioactual.com\/page\/obras-de-emergencia-en-el-monasterio-de-suso\/#primaryimage"},"thumbnailUrl":"https:\/\/patrimonioactual.com\/page\/wp-content\/uploads\/2025\/01\/MONASTERIO-DE-SUSO-LA-RIOJA1100.png","keywords":["Monasterio de Suso","UNESCO"],"articleSection":["Patrimonio Cultural","Restauraci\u00f3n y Cooperaci\u00f3n","\u00daltimas Noticias"],"inLanguage":"es","potentialAction":[{"@type":"CommentAction","name":"Comment","target":["https:\/\/patrimonioactual.com\/page\/obras-de-emergencia-en-el-monasterio-de-suso\/#respond"]}]},{"@type":"WebPage","@id":"https:\/\/patrimonioactual.com\/page\/obras-de-emergencia-en-el-monasterio-de-suso\/","url":"https:\/\/patrimonioactual.com\/page\/obras-de-emergencia-en-el-monasterio-de-suso\/","name":"Obras de emergencia en el Monasterio de Suso, en San Mill\u00e1n de la Cogolla (La Rioja), por valor de 4,5 millones de euros - Patrimonio Actual, ciudades, sitios y espacios naturales declarados Patrimonio de la Humanidad por la UNESCO","isPartOf":{"@id":"https:\/\/patrimonioactual.com\/page\/#website"},"primaryImageOfPage":{"@id":"https:\/\/patrimonioactual.com\/page\/obras-de-emergencia-en-el-monasterio-de-suso\/#primaryimage"},"image":{"@id":"https:\/\/patrimonioactual.com\/page\/obras-de-emergencia-en-el-monasterio-de-suso\/#primaryimage"},"thumbnailUrl":"https:\/\/patrimonioactual.com\/page\/wp-content\/uploads\/2025\/01\/MONASTERIO-DE-SUSO-LA-RIOJA1100.png","datePublished":"2025-01-10T10:06:01+00:00","dateModified":"2025-01-10T10:06:03+00:00","author":{"@id":"https:\/\/patrimonioactual.com\/page\/#\/schema\/person\/76850d24a9bd508e8e44db1faeab630e"},"description":"Para llevar a cabo el proyecto en el conjunto mon\u00e1stico, declarado Patrimonio por la UNESCO, se instalar\u00e1 una sobrecubierta provisional","breadcrumb":{"@id":"https:\/\/patrimonioactual.com\/page\/obras-de-emergencia-en-el-monasterio-de-suso\/#breadcrumb"},"inLanguage":"es","potentialAction":[{"@type":"ReadAction","target":["https:\/\/patrimonioactual.com\/page\/obras-de-emergencia-en-el-monasterio-de-suso\/"]}]},{"@type":"ImageObject","inLanguage":"es","@id":"https:\/\/patrimonioactual.com\/page\/obras-de-emergencia-en-el-monasterio-de-suso\/#primaryimage","url":"https:\/\/patrimonioactual.com\/page\/wp-content\/uploads\/2025\/01\/MONASTERIO-DE-SUSO-LA-RIOJA1100.png","contentUrl":"https:\/\/patrimonioactual.com\/page\/wp-content\/uploads\/2025\/01\/MONASTERIO-DE-SUSO-LA-RIOJA1100.png","width":615,"height":461,"caption":"Monasterio de Suso, en San Mill\u00e1n de la Cogolla (La Rioja)"},{"@type":"BreadcrumbList","@id":"https:\/\/patrimonioactual.com\/page\/obras-de-emergencia-en-el-monasterio-de-suso\/#breadcrumb","itemListElement":[{"@type":"ListItem","position":1,"name":"Portada","item":"https:\/\/patrimonioactual.com\/page\/"},{"@type":"ListItem","position":2,"name":"Obras de emergencia en el Monasterio de Suso, en San Mill\u00e1n de la Cogolla (La Rioja), por valor de 4,5 millones de euros"}]},{"@type":"WebSite","@id":"https:\/\/patrimonioactual.com\/page\/#website","url":"https:\/\/patrimonioactual.com\/page\/","name":"Patrimonio Actual, ciudades, sitios y espacios naturales declarados Patrimonio de la Humanidad por la UNESCO","description":"Revista digital que busca informar a un p\u00fablico objetivo amplio, de los acontecimientos mundiales que se producen en torno a la informaci\u00f3n del patrimonio cultural, natural, inmaterial y tur\u00edstico-cultural de ciudades y espacios naturales, Patrimonio de la Humanidad declarados por la UNESCO.","potentialAction":[{"@type":"SearchAction","target":{"@type":"EntryPoint","urlTemplate":"https:\/\/patrimonioactual.com\/page\/?s={search_term_string}"},"query-input":{"@type":"PropertyValueSpecification","valueRequired":true,"valueName":"search_term_string"}}],"inLanguage":"es"},{"@type":"Person","@id":"https:\/\/patrimonioactual.com\/page\/#\/schema\/person\/76850d24a9bd508e8e44db1faeab630e","name":"admin","image":{"@type":"ImageObject","inLanguage":"es","@id":"https:\/\/secure.gravatar.com\/avatar\/48168d7e7932867b9131639a989484f6c50ddc0e7a6d380e506072a10e5df39d?s=96&d=mm&r=g","url":"https:\/\/secure.gravatar.com\/avatar\/48168d7e7932867b9131639a989484f6c50ddc0e7a6d380e506072a10e5df39d?s=96&d=mm&r=g","contentUrl":"https:\/\/secure.gravatar.com\/avatar\/48168d7e7932867b9131639a989484f6c50ddc0e7a6d380e506072a10e5df39d?s=96&d=mm&r=g","caption":"admin"},"sameAs":["http:\/\/facebook.com\/patrimonio.actual","https:\/\/x.com\/P_actual"],"url":"https:\/\/patrimonioactual.com\/page\/author\/juan\/"}]}},"_links":{"self":[{"href":"https:\/\/patrimonioactual.com\/page\/wp-json\/wp\/v2\/posts\/23583","targetHints":{"allow":["GET"]}}],"collection":[{"href":"https:\/\/patrimonioactual.com\/page\/wp-json\/wp\/v2\/posts"}],"about":[{"href":"https:\/\/patrimonioactual.com\/page\/wp-json\/wp\/v2\/types\/post"}],"author":[{"embeddable":true,"href":"https:\/\/patrimonioactual.com\/page\/wp-json\/wp\/v2\/users\/1"}],"replies":[{"embeddable":true,"href":"https:\/\/patrimonioactual.com\/page\/wp-json\/wp\/v2\/comments?post=23583"}],"version-history":[{"count":1,"href":"https:\/\/patrimonioactual.com\/page\/wp-json\/wp\/v2\/posts\/23583\/revisions"}],"predecessor-version":[{"id":23585,"href":"https:\/\/patrimonioactual.com\/page\/wp-json\/wp\/v2\/posts\/23583\/revisions\/23585"}],"wp:featuredmedia":[{"embeddable":true,"href":"https:\/\/patrimonioactual.com\/page\/wp-json\/wp\/v2\/media\/23584"}],"wp:attachment":[{"href":"https:\/\/patrimonioactual.com\/page\/wp-json\/wp\/v2\/media?parent=23583"}],"wp:term":[{"taxonomy":"category","embeddable":true,"href":"https:\/\/patrimonioactual.com\/page\/wp-json\/wp\/v2\/categories?post=23583"},{"taxonomy":"post_tag","embeddable":true,"href":"https:\/\/patrimonioactual.com\/page\/wp-json\/wp\/v2\/tags?post=23583"}],"curies":[{"name":"wp","href":"https:\/\/api.w.org\/{rel}","templated":true}]}}