{"id":23587,"date":"2025-01-13T13:11:04","date_gmt":"2025-01-13T11:11:04","guid":{"rendered":"https:\/\/patrimonioactual.com\/page\/?p=23587"},"modified":"2025-01-13T13:11:44","modified_gmt":"2025-01-13T11:11:44","slug":"no-es-censura-impedir-la-incitacion-al-odio-y-la-division","status":"publish","type":"post","link":"https:\/\/patrimonioactual.com\/page\/no-es-censura-impedir-la-incitacion-al-odio-y-la-division\/","title":{"rendered":"No es censura impedir la incitaci\u00f3n al odio y la divisi\u00f3n"},"content":{"rendered":"\n<figure class=\"wp-block-image size-large\"><a href=\"https:\/\/patrimonioactual.com\/page\/wp-content\/uploads\/2025\/01\/ONU-DD.HH_.11.jpg\"><img loading=\"lazy\" decoding=\"async\" width=\"1024\" height=\"980\" src=\"https:\/\/patrimonioactual.com\/page\/wp-content\/uploads\/2025\/01\/ONU-DD.HH_.11-1024x980.jpg\" alt=\"Volker T\u00fcrk. Alto Comisionado de las Naciones Unidas para los Derechos Humanos\" class=\"wp-image-23589\" srcset=\"https:\/\/patrimonioactual.com\/page\/wp-content\/uploads\/2025\/01\/ONU-DD.HH_.11-1024x980.jpg 1024w, https:\/\/patrimonioactual.com\/page\/wp-content\/uploads\/2025\/01\/ONU-DD.HH_.11-300x287.jpg 300w, https:\/\/patrimonioactual.com\/page\/wp-content\/uploads\/2025\/01\/ONU-DD.HH_.11-768x735.jpg 768w, https:\/\/patrimonioactual.com\/page\/wp-content\/uploads\/2025\/01\/ONU-DD.HH_.11.jpg 1333w\" sizes=\"auto, (max-width: 1024px) 100vw, 1024px\" \/><\/a><figcaption class=\"wp-element-caption\">Volker T\u00fcrk. Alto Comisionado de las Naciones Unidas para los Derechos Humanos<\/figcaption><\/figure>\n\n\n\n<p class=\"has-medium-font-size wp-block-paragraph\"><strong>Por su parte, la UNESCO pide transparencia, an\u00e1lisis de riesgo y participaci\u00f3n ante la toma de decisiones por parte de las grandes empresas de tecnolog\u00eda<\/strong><\/p>\n\n\n\n<p class=\"wp-block-paragraph\">El responsable de velar por los <a href=\"https:\/\/patrimonioactual.com\/page\/?s=derechos+humanos+\">derechos humanos<\/a> afirma que permitir el discurso de <a href=\"https:\/\/patrimonioactual.com\/page\/?s=incitaci%C3%B3n+al+odio+\">incitaci\u00f3n al odio<\/a> y las publicaciones da\u00f1inas en l\u00ednea tienen consecuencias en el mundo real.<\/p>\n\n\n\n<p class=\"wp-block-paragraph\">Tras la decisi\u00f3n de Meta de poner fin a su programa de verificaci\u00f3n de datos en Estados Unidos, el&nbsp;<a href=\"https:\/\/www.ohchr.org\/es\/ohchr_homepage\" target=\"_blank\" rel=\"noreferrer noopener\">Alto Comisionado de las Naciones Unidas para los Derechos Humanos<\/a>&nbsp;insisti\u00f3 este viernes en que las publicaciones en las redes sociales que incitan al odio y la divisi\u00f3n tienen consecuencias en el mundo real y que existe la responsabilidad de regular el contenido.<\/p>\n\n\n\n<p class=\"wp-block-paragraph\">\u201cPermitir el discurso de odio y el contenido da\u00f1ino en l\u00ednea tiene consecuencias en el mundo real. Regular este contenido no es censura\u201d, puntualiz\u00f3&nbsp;<a href=\"https:\/\/www.ohchr.org\/es\/about-us\/high-commissioner\/volker-turk\" target=\"_blank\" rel=\"noreferrer noopener\">Volker T\u00fcrk&nbsp;<\/a>en X.<\/p>\n\n\n\n<p class=\"wp-block-paragraph\">En una publicaci\u00f3n m\u00e1s extensa sobre el mismo tema en la red LinkedIn, T\u00fcrk sostuvo que etiquetar los esfuerzos para crear espacios seguros en l\u00ednea como censura, \u201cignora el hecho de que el espacio no regulado significa que algunas personas son silenciadas, en particular aquellas cuyas voces a menudo son marginadas. Al mismo tiempo, permitir el odio en l\u00ednea limita la <a href=\"https:\/\/patrimonioactual.com\/page\/?s=libertad+de+expresi%C3%B3n\">libertad de expresi\u00f3n<\/a> y puede resultar en da\u00f1os en el mundo real\u201d.<\/p>\n\n\n\n<p class=\"wp-block-paragraph\">El jefe de Meta, Mark Zuckerberg, anunci\u00f3 el martes pasado que la empresa pondr\u00eda fin a su programa de verificaci\u00f3n de datos en Estados Unidos, afirmando que quienes se encargaban de esa tarea corr\u00edan el riesgo de parecer pol\u00edticamente parciales, y que la autorregulaci\u00f3n resultaba en demasiada censura.<\/p>\n\n\n\n<p class=\"wp-block-paragraph\">T\u00fcrk pidi\u00f3 volver a una expresi\u00f3n m\u00e1s libre en las plataformas de Meta, y a\u00f1adi\u00f3 que la confianza de los usuarios se hab\u00eda erosionado.<\/p>\n\n\n\n<p class=\"wp-block-paragraph\">Seg\u00fan informaciones recibidas, la&nbsp;<a href=\"https:\/\/www.poynter.org\/ifcn\/\" target=\"_blank\" rel=\"noreferrer noopener\">International Fact-Checking Network<\/a>&nbsp;(red internacional de verificaci\u00f3n de hechos)&nbsp;habr\u00eda rechazado el argumento \u201cfalso\u201d de Zuckerberg y advirti\u00f3 que podr\u00eda causar da\u00f1os.<\/p>\n\n\n\n<p class=\"has-medium-font-size wp-block-paragraph\"><strong>Potencial digital<\/strong><\/p>\n\n\n\n<p class=\"wp-block-paragraph\">El Alto Comisionado sostuvo que las plataformas de redes sociales tienen una enorme capacidad para dar forma positiva a la sociedad conectando a la gente.<\/p>\n\n\n\n<p class=\"wp-block-paragraph\">Pero record\u00f3 que tambi\u00e9n&nbsp;pueden alimentar el conflicto, incitar al odio y amenazar la seguridad de las personas.<\/p>\n\n\n\n<p class=\"wp-block-paragraph\">\u201cEn el mejor de los casos, las redes sociales son un lugar donde las personas con opiniones divergentes pueden intercambiar, aunque no siempre estar de acuerdo\u201d, dijo.<\/p>\n\n\n\n<p class=\"wp-block-paragraph\">T\u00fcrk adelant\u00f3 que seguir\u00e1 pidiendo \u201crendici\u00f3n de cuentas y gobernanza en el espacio digital, en consonancia con los&nbsp;<a href=\"https:\/\/news.un.org\/es\/news\/topic\/human-rights\">derechos humanos<\/a>\u201d.<\/p>\n\n\n\n<p class=\"wp-block-paragraph\">\u201cEsto salvaguarda el discurso p\u00fablico, genera confianza y protege la dignidad de todos\u201d, a\u00f1adi\u00f3.<\/p>\n\n\n\n<p class=\"has-medium-font-size wp-block-paragraph\"><strong>Transparencia, an\u00e1lisis de riesgo y participaci\u00f3n<\/strong><\/p>\n\n\n\n<p class=\"wp-block-paragraph\">Por su parte, Guilherme Canela, jefe de Libertad de Expresi\u00f3n y Seguridad de los Periodistas en la <a href=\"https:\/\/patrimonioactual.com\/page\/?s=Organizaci%C3%B3n+de+las+Naciones+Unidas+para+Educaci%C3%B3n%2C+la+Ciencia+y+la+Cultura+\">Organizaci\u00f3n de las Naciones Unidas para Educaci\u00f3n, la Ciencia y la Cultura<\/a> (<a href=\"https:\/\/es.unesco.org\/\" target=\"_blank\" rel=\"noreferrer noopener\">UNESCO<\/a>) indic\u00f3 que el cambio de pol\u00edticas en las grandes empresas tecnol\u00f3gicas en temas de moderaci\u00f3n de contenido y la gobernanza digital\u00a0debe basarse en tres cuestiones importantes.<\/p>\n\n\n\n<p class=\"wp-block-paragraph\">\u201cLa primera es la transparencia. O sea, este tipo de anuncios debe venir asociado a una discusi\u00f3n clara, detallada, de por qu\u00e9 se est\u00e1 cambiando o se ha anunciado una nueva pol\u00edtica: \u00bfcu\u00e1les son los detalles reales? \u00bfcu\u00e1les son las implicaciones para la sociedad? Segundo, estos anuncios deben ser precedidos por an\u00e1lisis de riesgos que muestren los potenciales impactos en la protecci\u00f3n y promoci\u00f3n de los derechos humanos, y que estos an\u00e1lisis de riesgos tambi\u00e9n sean p\u00fablicos. Y finalmente, comprender si este tipo de pol\u00edticas fueron construidas con la participaci\u00f3n efectiva de los varios actores interesados e impactados. Es decir, los usuarios de las empresas, sus accionistas, el conjunto de la sociedad, la sociedad civil, los organismos internacionales\u201d, explic\u00f3.<\/p>\n\n\n\n<p class=\"wp-block-paragraph\">Estas tres cuestiones fundamentales formar\u00e1n parte de la agenda que Canela llevar\u00e1 a&nbsp;una reuni\u00f3n que mantendr\u00e1 con los ejecutivos de las empresas tecnol\u00f3gicas en San Francisco la semana que viene.<\/p>\n\n\n\n<p class=\"has-medium-font-size wp-block-paragraph\"><strong>Informaci\u00f3n basada en hechos<\/strong><\/p>\n\n\n\n<p class=\"wp-block-paragraph\">Por su parte, el director de TV, Radio y Webcast de la ONU en Ginebra respondi\u00f3 a una pregunta sobre el impacto de las recientes decisiones de Meta en la pol\u00edtica de redes sociales de las <a href=\"https:\/\/patrimonioactual.com\/page\/?s=Naciones+Unidas\">Naciones Unidas<\/a>, enfatizando que la organizaci\u00f3n mundial monitorea y eval\u00faa continuamente el espacio en l\u00ednea.<\/p>\n\n\n\n<p class=\"wp-block-paragraph\">\u201cPara nosotros sigue siendo fundamental estar presentes con informaci\u00f3n basada en hechos\u201d, declar\u00f3 Michele Zaccheo, y recalc\u00f3 que la <a href=\"https:\/\/patrimonioactual.com\/page\/?s=ONU\">ONU<\/a> sigue comprometida con brindar informaci\u00f3n basada en evidencia en las plataformas de redes sociales.<\/p>\n\n\n\n<p class=\"wp-block-paragraph\">La&nbsp;<a href=\"http:\/\/www.who.int\/es\/\" target=\"_blank\" rel=\"noreferrer noopener\">Organizaci\u00f3n Mundial de la Salud<\/a>&nbsp;(<a href=\"http:\/\/www.who.int\/es\/\" target=\"_blank\" rel=\"noreferrer noopener\">OMS<\/a>) tambi\u00e9n reafirm\u00f3 su compromiso de brindar informaci\u00f3n de salud de calidad y basada en la ciencia, manteniendo una presencia en varias plataformas en l\u00ednea.<\/p>\n\n\n\n<p class=\"wp-block-paragraph\">En respuesta a la creciente crisis alimentada por la desinformaci\u00f3n digital, el Departamento de Comunicaciones Globales de la ONU ha estado trabajando activamente para combatir las falsas narrativas, lo que incluye el desarrollo de un c\u00f3digo de conducta para la integridad de la informaci\u00f3n.<\/p>\n\n\n\n<p class=\"wp-block-paragraph\"><strong>S\u00edguenos en <\/strong><a href=\"https:\/\/www.facebook.com\/P.actual\"><strong>Facebook<\/strong><\/a><strong> y <\/strong><a href=\"https:\/\/twitter.com\/p_actual\"><strong>Twitter<\/strong><\/a><\/p>\n","protected":false},"excerpt":{"rendered":"<p>Por su parte, la UNESCO pide transparencia, an\u00e1lisis de riesgo y participaci\u00f3n ante la toma de decisiones por parte de las grandes empresas de tecnolog\u00eda El responsable de velar por los derechos humanos afirma que permitir el discurso de incitaci\u00f3n al odio y las publicaciones da\u00f1inas en l\u00ednea tienen consecuencias en el mundo real. Tras [&hellip;]<\/p>\n","protected":false},"author":1,"featured_media":23589,"comment_status":"open","ping_status":"open","sticky":false,"template":"","format":"standard","meta":{"footnotes":""},"categories":[6,39,28],"tags":[6840,4534],"class_list":["post-23587","post","type-post","status-publish","format-standard","has-post-thumbnail","category-patrimonio-actual","category-ultimas-noticias","category-unesco","tag-incitacion-al-odio","tag-unesco"],"yoast_head":"<!-- This site is optimized with the Yoast SEO plugin v27.4 - https:\/\/yoast.com\/product\/yoast-seo-wordpress\/ -->\n<title>No es censura impedir la incitaci\u00f3n al odio y la divisi\u00f3n - Patrimonio Actual, ciudades, sitios y espacios naturales declarados Patrimonio de la Humanidad por la UNESCO<\/title>\n<meta name=\"description\" content=\"La UNESCO pide transparencia, an\u00e1lisis de riesgo y participaci\u00f3n ante la toma de decisiones por parte de las grandes empresas de tecnolog\u00eda\" \/>\n<meta name=\"robots\" content=\"index, follow, max-snippet:-1, max-image-preview:large, max-video-preview:-1\" \/>\n<link rel=\"canonical\" href=\"https:\/\/patrimonioactual.com\/page\/no-es-censura-impedir-la-incitacion-al-odio-y-la-division\/\" \/>\n<meta property=\"og:locale\" content=\"es_ES\" \/>\n<meta property=\"og:type\" content=\"article\" \/>\n<meta property=\"og:title\" content=\"No es censura impedir la incitaci\u00f3n al odio y la divisi\u00f3n - Patrimonio Actual, ciudades, sitios y espacios naturales declarados Patrimonio de la Humanidad por la UNESCO\" \/>\n<meta property=\"og:description\" content=\"La UNESCO pide transparencia, an\u00e1lisis de riesgo y participaci\u00f3n ante la toma de decisiones por parte de las grandes empresas de tecnolog\u00eda\" \/>\n<meta property=\"og:url\" content=\"https:\/\/patrimonioactual.com\/page\/no-es-censura-impedir-la-incitacion-al-odio-y-la-division\/\" \/>\n<meta property=\"og:site_name\" content=\"Patrimonio Actual, ciudades, sitios y espacios naturales declarados Patrimonio de la Humanidad por la UNESCO\" \/>\n<meta property=\"article:publisher\" content=\"https:\/\/www.facebook.com\/P.actual\" \/>\n<meta property=\"article:author\" content=\"http:\/\/facebook.com\/patrimonio.actual\" \/>\n<meta property=\"article:published_time\" content=\"2025-01-13T11:11:04+00:00\" \/>\n<meta property=\"article:modified_time\" content=\"2025-01-13T11:11:44+00:00\" \/>\n<meta property=\"og:image\" content=\"https:\/\/patrimonioactual.com\/page\/wp-content\/uploads\/2025\/01\/ONU-DD.HH_.11.jpg\" \/>\n\t<meta property=\"og:image:width\" content=\"1333\" \/>\n\t<meta property=\"og:image:height\" content=\"1276\" \/>\n\t<meta property=\"og:image:type\" content=\"image\/jpeg\" \/>\n<meta name=\"author\" content=\"admin\" \/>\n<meta name=\"twitter:card\" content=\"summary_large_image\" \/>\n<meta name=\"twitter:creator\" content=\"@P_actual\" \/>\n<meta name=\"twitter:site\" content=\"@P_actual\" \/>\n<meta name=\"twitter:label1\" content=\"Escrito por\" \/>\n\t<meta name=\"twitter:data1\" content=\"admin\" \/>\n\t<meta name=\"twitter:label2\" content=\"Tiempo de lectura\" \/>\n\t<meta name=\"twitter:data2\" content=\"5 minutos\" \/>\n<script type=\"application\/ld+json\" class=\"yoast-schema-graph\">{\"@context\":\"https:\\\/\\\/schema.org\",\"@graph\":[{\"@type\":\"Article\",\"@id\":\"https:\\\/\\\/patrimonioactual.com\\\/page\\\/no-es-censura-impedir-la-incitacion-al-odio-y-la-division\\\/#article\",\"isPartOf\":{\"@id\":\"https:\\\/\\\/patrimonioactual.com\\\/page\\\/no-es-censura-impedir-la-incitacion-al-odio-y-la-division\\\/\"},\"author\":{\"name\":\"admin\",\"@id\":\"https:\\\/\\\/patrimonioactual.com\\\/page\\\/#\\\/schema\\\/person\\\/76850d24a9bd508e8e44db1faeab630e\"},\"headline\":\"No es censura impedir la incitaci\u00f3n al odio y la divisi\u00f3n\",\"datePublished\":\"2025-01-13T11:11:04+00:00\",\"dateModified\":\"2025-01-13T11:11:44+00:00\",\"mainEntityOfPage\":{\"@id\":\"https:\\\/\\\/patrimonioactual.com\\\/page\\\/no-es-censura-impedir-la-incitacion-al-odio-y-la-division\\\/\"},\"wordCount\":918,\"commentCount\":0,\"image\":{\"@id\":\"https:\\\/\\\/patrimonioactual.com\\\/page\\\/no-es-censura-impedir-la-incitacion-al-odio-y-la-division\\\/#primaryimage\"},\"thumbnailUrl\":\"https:\\\/\\\/patrimonioactual.com\\\/page\\\/wp-content\\\/uploads\\\/2025\\\/01\\\/ONU-DD.HH_.11.jpg\",\"keywords\":[\"incitaci\u00f3n al odio\",\"UNESCO\"],\"articleSection\":[\"Patrimonio Actual\",\"\u00daltimas Noticias\",\"UNESCO\"],\"inLanguage\":\"es\",\"potentialAction\":[{\"@type\":\"CommentAction\",\"name\":\"Comment\",\"target\":[\"https:\\\/\\\/patrimonioactual.com\\\/page\\\/no-es-censura-impedir-la-incitacion-al-odio-y-la-division\\\/#respond\"]}]},{\"@type\":\"WebPage\",\"@id\":\"https:\\\/\\\/patrimonioactual.com\\\/page\\\/no-es-censura-impedir-la-incitacion-al-odio-y-la-division\\\/\",\"url\":\"https:\\\/\\\/patrimonioactual.com\\\/page\\\/no-es-censura-impedir-la-incitacion-al-odio-y-la-division\\\/\",\"name\":\"No es censura impedir la incitaci\u00f3n al odio y la divisi\u00f3n - Patrimonio Actual, ciudades, sitios y espacios naturales declarados Patrimonio de la Humanidad por la UNESCO\",\"isPartOf\":{\"@id\":\"https:\\\/\\\/patrimonioactual.com\\\/page\\\/#website\"},\"primaryImageOfPage\":{\"@id\":\"https:\\\/\\\/patrimonioactual.com\\\/page\\\/no-es-censura-impedir-la-incitacion-al-odio-y-la-division\\\/#primaryimage\"},\"image\":{\"@id\":\"https:\\\/\\\/patrimonioactual.com\\\/page\\\/no-es-censura-impedir-la-incitacion-al-odio-y-la-division\\\/#primaryimage\"},\"thumbnailUrl\":\"https:\\\/\\\/patrimonioactual.com\\\/page\\\/wp-content\\\/uploads\\\/2025\\\/01\\\/ONU-DD.HH_.11.jpg\",\"datePublished\":\"2025-01-13T11:11:04+00:00\",\"dateModified\":\"2025-01-13T11:11:44+00:00\",\"author\":{\"@id\":\"https:\\\/\\\/patrimonioactual.com\\\/page\\\/#\\\/schema\\\/person\\\/76850d24a9bd508e8e44db1faeab630e\"},\"description\":\"La UNESCO pide transparencia, an\u00e1lisis de riesgo y participaci\u00f3n ante la toma de decisiones por parte de las grandes empresas de tecnolog\u00eda\",\"breadcrumb\":{\"@id\":\"https:\\\/\\\/patrimonioactual.com\\\/page\\\/no-es-censura-impedir-la-incitacion-al-odio-y-la-division\\\/#breadcrumb\"},\"inLanguage\":\"es\",\"potentialAction\":[{\"@type\":\"ReadAction\",\"target\":[\"https:\\\/\\\/patrimonioactual.com\\\/page\\\/no-es-censura-impedir-la-incitacion-al-odio-y-la-division\\\/\"]}]},{\"@type\":\"ImageObject\",\"inLanguage\":\"es\",\"@id\":\"https:\\\/\\\/patrimonioactual.com\\\/page\\\/no-es-censura-impedir-la-incitacion-al-odio-y-la-division\\\/#primaryimage\",\"url\":\"https:\\\/\\\/patrimonioactual.com\\\/page\\\/wp-content\\\/uploads\\\/2025\\\/01\\\/ONU-DD.HH_.11.jpg\",\"contentUrl\":\"https:\\\/\\\/patrimonioactual.com\\\/page\\\/wp-content\\\/uploads\\\/2025\\\/01\\\/ONU-DD.HH_.11.jpg\",\"width\":1333,\"height\":1276,\"caption\":\"Volker T\u00fcrk. Alto Comisionado de las Naciones Unidas para los Derechos Humanos\"},{\"@type\":\"BreadcrumbList\",\"@id\":\"https:\\\/\\\/patrimonioactual.com\\\/page\\\/no-es-censura-impedir-la-incitacion-al-odio-y-la-division\\\/#breadcrumb\",\"itemListElement\":[{\"@type\":\"ListItem\",\"position\":1,\"name\":\"Portada\",\"item\":\"https:\\\/\\\/patrimonioactual.com\\\/page\\\/\"},{\"@type\":\"ListItem\",\"position\":2,\"name\":\"No es censura impedir la incitaci\u00f3n al odio y la divisi\u00f3n\"}]},{\"@type\":\"WebSite\",\"@id\":\"https:\\\/\\\/patrimonioactual.com\\\/page\\\/#website\",\"url\":\"https:\\\/\\\/patrimonioactual.com\\\/page\\\/\",\"name\":\"Patrimonio Actual, ciudades, sitios y espacios naturales declarados Patrimonio de la Humanidad por la UNESCO\",\"description\":\"Revista digital que busca informar a un p\u00fablico objetivo amplio, de los acontecimientos mundiales que se producen en torno a la informaci\u00f3n del patrimonio cultural, natural, inmaterial y tur\u00edstico-cultural de ciudades y espacios naturales, Patrimonio de la Humanidad declarados por la UNESCO.\",\"potentialAction\":[{\"@type\":\"SearchAction\",\"target\":{\"@type\":\"EntryPoint\",\"urlTemplate\":\"https:\\\/\\\/patrimonioactual.com\\\/page\\\/?s={search_term_string}\"},\"query-input\":{\"@type\":\"PropertyValueSpecification\",\"valueRequired\":true,\"valueName\":\"search_term_string\"}}],\"inLanguage\":\"es\"},{\"@type\":\"Person\",\"@id\":\"https:\\\/\\\/patrimonioactual.com\\\/page\\\/#\\\/schema\\\/person\\\/76850d24a9bd508e8e44db1faeab630e\",\"name\":\"admin\",\"image\":{\"@type\":\"ImageObject\",\"inLanguage\":\"es\",\"@id\":\"https:\\\/\\\/secure.gravatar.com\\\/avatar\\\/48168d7e7932867b9131639a989484f6c50ddc0e7a6d380e506072a10e5df39d?s=96&d=mm&r=g\",\"url\":\"https:\\\/\\\/secure.gravatar.com\\\/avatar\\\/48168d7e7932867b9131639a989484f6c50ddc0e7a6d380e506072a10e5df39d?s=96&d=mm&r=g\",\"contentUrl\":\"https:\\\/\\\/secure.gravatar.com\\\/avatar\\\/48168d7e7932867b9131639a989484f6c50ddc0e7a6d380e506072a10e5df39d?s=96&d=mm&r=g\",\"caption\":\"admin\"},\"sameAs\":[\"http:\\\/\\\/facebook.com\\\/patrimonio.actual\",\"https:\\\/\\\/x.com\\\/P_actual\"],\"url\":\"https:\\\/\\\/patrimonioactual.com\\\/page\\\/author\\\/juan\\\/\"}]}<\/script>\n<!-- \/ Yoast SEO plugin. -->","yoast_head_json":{"title":"No es censura impedir la incitaci\u00f3n al odio y la divisi\u00f3n - Patrimonio Actual, ciudades, sitios y espacios naturales declarados Patrimonio de la Humanidad por la UNESCO","description":"La UNESCO pide transparencia, an\u00e1lisis de riesgo y participaci\u00f3n ante la toma de decisiones por parte de las grandes empresas de tecnolog\u00eda","robots":{"index":"index","follow":"follow","max-snippet":"max-snippet:-1","max-image-preview":"max-image-preview:large","max-video-preview":"max-video-preview:-1"},"canonical":"https:\/\/patrimonioactual.com\/page\/no-es-censura-impedir-la-incitacion-al-odio-y-la-division\/","og_locale":"es_ES","og_type":"article","og_title":"No es censura impedir la incitaci\u00f3n al odio y la divisi\u00f3n - Patrimonio Actual, ciudades, sitios y espacios naturales declarados Patrimonio de la Humanidad por la UNESCO","og_description":"La UNESCO pide transparencia, an\u00e1lisis de riesgo y participaci\u00f3n ante la toma de decisiones por parte de las grandes empresas de tecnolog\u00eda","og_url":"https:\/\/patrimonioactual.com\/page\/no-es-censura-impedir-la-incitacion-al-odio-y-la-division\/","og_site_name":"Patrimonio Actual, ciudades, sitios y espacios naturales declarados Patrimonio de la Humanidad por la UNESCO","article_publisher":"https:\/\/www.facebook.com\/P.actual","article_author":"http:\/\/facebook.com\/patrimonio.actual","article_published_time":"2025-01-13T11:11:04+00:00","article_modified_time":"2025-01-13T11:11:44+00:00","og_image":[{"width":1333,"height":1276,"url":"https:\/\/patrimonioactual.com\/page\/wp-content\/uploads\/2025\/01\/ONU-DD.HH_.11.jpg","type":"image\/jpeg"}],"author":"admin","twitter_card":"summary_large_image","twitter_creator":"@P_actual","twitter_site":"@P_actual","twitter_misc":{"Escrito por":"admin","Tiempo de lectura":"5 minutos"},"schema":{"@context":"https:\/\/schema.org","@graph":[{"@type":"Article","@id":"https:\/\/patrimonioactual.com\/page\/no-es-censura-impedir-la-incitacion-al-odio-y-la-division\/#article","isPartOf":{"@id":"https:\/\/patrimonioactual.com\/page\/no-es-censura-impedir-la-incitacion-al-odio-y-la-division\/"},"author":{"name":"admin","@id":"https:\/\/patrimonioactual.com\/page\/#\/schema\/person\/76850d24a9bd508e8e44db1faeab630e"},"headline":"No es censura impedir la incitaci\u00f3n al odio y la divisi\u00f3n","datePublished":"2025-01-13T11:11:04+00:00","dateModified":"2025-01-13T11:11:44+00:00","mainEntityOfPage":{"@id":"https:\/\/patrimonioactual.com\/page\/no-es-censura-impedir-la-incitacion-al-odio-y-la-division\/"},"wordCount":918,"commentCount":0,"image":{"@id":"https:\/\/patrimonioactual.com\/page\/no-es-censura-impedir-la-incitacion-al-odio-y-la-division\/#primaryimage"},"thumbnailUrl":"https:\/\/patrimonioactual.com\/page\/wp-content\/uploads\/2025\/01\/ONU-DD.HH_.11.jpg","keywords":["incitaci\u00f3n al odio","UNESCO"],"articleSection":["Patrimonio Actual","\u00daltimas Noticias","UNESCO"],"inLanguage":"es","potentialAction":[{"@type":"CommentAction","name":"Comment","target":["https:\/\/patrimonioactual.com\/page\/no-es-censura-impedir-la-incitacion-al-odio-y-la-division\/#respond"]}]},{"@type":"WebPage","@id":"https:\/\/patrimonioactual.com\/page\/no-es-censura-impedir-la-incitacion-al-odio-y-la-division\/","url":"https:\/\/patrimonioactual.com\/page\/no-es-censura-impedir-la-incitacion-al-odio-y-la-division\/","name":"No es censura impedir la incitaci\u00f3n al odio y la divisi\u00f3n - Patrimonio Actual, ciudades, sitios y espacios naturales declarados Patrimonio de la Humanidad por la UNESCO","isPartOf":{"@id":"https:\/\/patrimonioactual.com\/page\/#website"},"primaryImageOfPage":{"@id":"https:\/\/patrimonioactual.com\/page\/no-es-censura-impedir-la-incitacion-al-odio-y-la-division\/#primaryimage"},"image":{"@id":"https:\/\/patrimonioactual.com\/page\/no-es-censura-impedir-la-incitacion-al-odio-y-la-division\/#primaryimage"},"thumbnailUrl":"https:\/\/patrimonioactual.com\/page\/wp-content\/uploads\/2025\/01\/ONU-DD.HH_.11.jpg","datePublished":"2025-01-13T11:11:04+00:00","dateModified":"2025-01-13T11:11:44+00:00","author":{"@id":"https:\/\/patrimonioactual.com\/page\/#\/schema\/person\/76850d24a9bd508e8e44db1faeab630e"},"description":"La UNESCO pide transparencia, an\u00e1lisis de riesgo y participaci\u00f3n ante la toma de decisiones por parte de las grandes empresas de tecnolog\u00eda","breadcrumb":{"@id":"https:\/\/patrimonioactual.com\/page\/no-es-censura-impedir-la-incitacion-al-odio-y-la-division\/#breadcrumb"},"inLanguage":"es","potentialAction":[{"@type":"ReadAction","target":["https:\/\/patrimonioactual.com\/page\/no-es-censura-impedir-la-incitacion-al-odio-y-la-division\/"]}]},{"@type":"ImageObject","inLanguage":"es","@id":"https:\/\/patrimonioactual.com\/page\/no-es-censura-impedir-la-incitacion-al-odio-y-la-division\/#primaryimage","url":"https:\/\/patrimonioactual.com\/page\/wp-content\/uploads\/2025\/01\/ONU-DD.HH_.11.jpg","contentUrl":"https:\/\/patrimonioactual.com\/page\/wp-content\/uploads\/2025\/01\/ONU-DD.HH_.11.jpg","width":1333,"height":1276,"caption":"Volker T\u00fcrk. Alto Comisionado de las Naciones Unidas para los Derechos Humanos"},{"@type":"BreadcrumbList","@id":"https:\/\/patrimonioactual.com\/page\/no-es-censura-impedir-la-incitacion-al-odio-y-la-division\/#breadcrumb","itemListElement":[{"@type":"ListItem","position":1,"name":"Portada","item":"https:\/\/patrimonioactual.com\/page\/"},{"@type":"ListItem","position":2,"name":"No es censura impedir la incitaci\u00f3n al odio y la divisi\u00f3n"}]},{"@type":"WebSite","@id":"https:\/\/patrimonioactual.com\/page\/#website","url":"https:\/\/patrimonioactual.com\/page\/","name":"Patrimonio Actual, ciudades, sitios y espacios naturales declarados Patrimonio de la Humanidad por la UNESCO","description":"Revista digital que busca informar a un p\u00fablico objetivo amplio, de los acontecimientos mundiales que se producen en torno a la informaci\u00f3n del patrimonio cultural, natural, inmaterial y tur\u00edstico-cultural de ciudades y espacios naturales, Patrimonio de la Humanidad declarados por la UNESCO.","potentialAction":[{"@type":"SearchAction","target":{"@type":"EntryPoint","urlTemplate":"https:\/\/patrimonioactual.com\/page\/?s={search_term_string}"},"query-input":{"@type":"PropertyValueSpecification","valueRequired":true,"valueName":"search_term_string"}}],"inLanguage":"es"},{"@type":"Person","@id":"https:\/\/patrimonioactual.com\/page\/#\/schema\/person\/76850d24a9bd508e8e44db1faeab630e","name":"admin","image":{"@type":"ImageObject","inLanguage":"es","@id":"https:\/\/secure.gravatar.com\/avatar\/48168d7e7932867b9131639a989484f6c50ddc0e7a6d380e506072a10e5df39d?s=96&d=mm&r=g","url":"https:\/\/secure.gravatar.com\/avatar\/48168d7e7932867b9131639a989484f6c50ddc0e7a6d380e506072a10e5df39d?s=96&d=mm&r=g","contentUrl":"https:\/\/secure.gravatar.com\/avatar\/48168d7e7932867b9131639a989484f6c50ddc0e7a6d380e506072a10e5df39d?s=96&d=mm&r=g","caption":"admin"},"sameAs":["http:\/\/facebook.com\/patrimonio.actual","https:\/\/x.com\/P_actual"],"url":"https:\/\/patrimonioactual.com\/page\/author\/juan\/"}]}},"_links":{"self":[{"href":"https:\/\/patrimonioactual.com\/page\/wp-json\/wp\/v2\/posts\/23587","targetHints":{"allow":["GET"]}}],"collection":[{"href":"https:\/\/patrimonioactual.com\/page\/wp-json\/wp\/v2\/posts"}],"about":[{"href":"https:\/\/patrimonioactual.com\/page\/wp-json\/wp\/v2\/types\/post"}],"author":[{"embeddable":true,"href":"https:\/\/patrimonioactual.com\/page\/wp-json\/wp\/v2\/users\/1"}],"replies":[{"embeddable":true,"href":"https:\/\/patrimonioactual.com\/page\/wp-json\/wp\/v2\/comments?post=23587"}],"version-history":[{"count":2,"href":"https:\/\/patrimonioactual.com\/page\/wp-json\/wp\/v2\/posts\/23587\/revisions"}],"predecessor-version":[{"id":23591,"href":"https:\/\/patrimonioactual.com\/page\/wp-json\/wp\/v2\/posts\/23587\/revisions\/23591"}],"wp:featuredmedia":[{"embeddable":true,"href":"https:\/\/patrimonioactual.com\/page\/wp-json\/wp\/v2\/media\/23589"}],"wp:attachment":[{"href":"https:\/\/patrimonioactual.com\/page\/wp-json\/wp\/v2\/media?parent=23587"}],"wp:term":[{"taxonomy":"category","embeddable":true,"href":"https:\/\/patrimonioactual.com\/page\/wp-json\/wp\/v2\/categories?post=23587"},{"taxonomy":"post_tag","embeddable":true,"href":"https:\/\/patrimonioactual.com\/page\/wp-json\/wp\/v2\/tags?post=23587"}],"curies":[{"name":"wp","href":"https:\/\/api.w.org\/{rel}","templated":true}]}}