{"id":23592,"date":"2025-01-13T13:16:49","date_gmt":"2025-01-13T11:16:49","guid":{"rendered":"https:\/\/patrimonioactual.com\/page\/?p=23592"},"modified":"2025-01-13T13:16:51","modified_gmt":"2025-01-13T11:16:51","slug":"la-publicidad-oficial-y-su-impacto-en-la-libertad-de-expresion","status":"publish","type":"post","link":"https:\/\/patrimonioactual.com\/page\/la-publicidad-oficial-y-su-impacto-en-la-libertad-de-expresion\/","title":{"rendered":"La publicidad oficial y su impacto en la libertad de expresi\u00f3n: perspectivas desde Am\u00e9rica Latina"},"content":{"rendered":"<div class=\"wp-block-image\">\n<figure class=\"aligncenter size-full\"><a href=\"https:\/\/patrimonioactual.com\/page\/wp-content\/uploads\/2025\/01\/publicidad-UNESCOFreedom-of-expression-Freepik0000.png\"><img loading=\"lazy\" decoding=\"async\" width=\"615\" height=\"461\" src=\"https:\/\/patrimonioactual.com\/page\/wp-content\/uploads\/2025\/01\/publicidad-UNESCOFreedom-of-expression-Freepik0000.png\" alt=\"Publicidad oficial, medios y libertad de expresi\u00f3n en Am\u00e9rica Latina\" class=\"wp-image-23593\" srcset=\"https:\/\/patrimonioactual.com\/page\/wp-content\/uploads\/2025\/01\/publicidad-UNESCOFreedom-of-expression-Freepik0000.png 615w, https:\/\/patrimonioactual.com\/page\/wp-content\/uploads\/2025\/01\/publicidad-UNESCOFreedom-of-expression-Freepik0000-300x225.png 300w, https:\/\/patrimonioactual.com\/page\/wp-content\/uploads\/2025\/01\/publicidad-UNESCOFreedom-of-expression-Freepik0000-45x35.png 45w\" sizes=\"auto, (max-width: 615px) 100vw, 615px\" \/><\/a><figcaption class=\"wp-element-caption\">Publicidad oficial, medios y libertad de expresi\u00f3n en Am\u00e9rica Latina<\/figcaption><\/figure>\n<\/div>\n\n\n<p class=\"has-medium-font-size wp-block-paragraph\"><strong>El Observatorio Latinoamericano de Regulaci\u00f3n, Medios y Convergencia (OBSERVACOM), con el respaldo del Programa Internacional para el Desarrollo de la Comunicaci\u00f3n (PIDC) de la UNESCO, ha culminado un estudio que examina la relaci\u00f3n entre la publicidad oficial, la viabilidad econ\u00f3mica de los medios independientes y la libertad de expresi\u00f3n en Am\u00e9rica Latina<\/strong><\/p>\n\n\n\n<p class=\"wp-block-paragraph\">Titulado&nbsp;\u201cPublicidad oficial, medios y libertad de expresi\u00f3n en Am\u00e9rica Latina: Diagn\u00f3stico y propuestas para una distribuci\u00f3n m\u00e1s justa y transparente de la publicidad oficial y mejorar la viabilidad de los medios independientes\u201d,&nbsp;este informe constituye un aporte al debate acad\u00e9mico y pol\u00edtico sobre el rol del Estado en la configuraci\u00f3n del ecosistema medi\u00e1tico regional.<\/p>\n\n\n\n<p class=\"has-medium-font-size wp-block-paragraph\"><strong>Diagn\u00f3stico cr\u00edtico de los marcos regulatorios en 11 pa\u00edses de la regi\u00f3n<\/strong><\/p>\n\n\n\n<p class=\"wp-block-paragraph\">La investigaci\u00f3n abarca un&nbsp;an\u00e1lisis comparativo&nbsp;de las pol\u00edticas de distribuci\u00f3n de la publicidad oficial en once pa\u00edses latinoamericanos:&nbsp;Argentina, Bolivia, Brasil, Chile, Colombia, Costa Rica, El Salvador, M\u00e9xico, Panam\u00e1, Per\u00fa y Uruguay.&nbsp;<\/p>\n\n\n\n<p class=\"wp-block-paragraph\">A trav\u00e9s de una metodolog\u00eda que articula estudios nacionales y una evaluaci\u00f3n regional, el proyecto identifica las tensiones estructurales que subyacen en el uso de la publicidad oficial como mecanismo de financiamiento y, simult\u00e1neamente, como potencial instrumento de presi\u00f3n pol\u00edtica.&nbsp;<\/p>\n\n\n\n<p class=\"wp-block-paragraph\">El diagn\u00f3stico revela que, en muchos contextos, la asignaci\u00f3n de recursos publicitarios carece de criterios claros y transparentes, lo que propicia din\u00e1micas de dependencia econ\u00f3mica y limita la autonom\u00eda editorial de los medios.&nbsp;<\/p>\n\n\n\n<p class=\"wp-block-paragraph\">Estas pr\u00e1cticas afectan de manera directa la <a href=\"https:\/\/patrimonioactual.com\/page\/?s=libertad+de+expresi%C3%B3n+\">libertad de expresi\u00f3n<\/a> y contribuyen a un d\u00e9ficit de pluralismo informativo, comprometiendo as\u00ed el derecho de la ciudadan\u00eda a acceder a informaci\u00f3n diversa y veraz.<\/p>\n\n\n\n<p class=\"has-medium-font-size wp-block-paragraph\"><strong>La publicidad oficial como herramienta de sostenibilidad y sus desaf\u00edos<\/strong><\/p>\n\n\n\n<p class=\"wp-block-paragraph\">El estudio pone de manifiesto que, si bien la publicidad oficial representa un recurso crucial para la viabilidad financiera de los medios, su distribuci\u00f3n opaca y arbitraria genera asimetr\u00edas que favorecen la consolidaci\u00f3n de medios afines a los gobiernos en detrimento de aquellos que adoptan posiciones cr\u00edticas o independientes.&nbsp;<\/p>\n\n\n\n<p class=\"wp-block-paragraph\">En este sentido, la investigaci\u00f3n plantea la necesidad urgente de reformar los marcos regulatorios existentes y establecer pol\u00edticas p\u00fablicas que garanticen una distribuci\u00f3n equitativa y basada en principios de transparencia y rendici\u00f3n de cuentas.&nbsp;<\/p>\n\n\n\n<p class=\"wp-block-paragraph\">Desde una perspectiva estructural, el informe argumenta que la publicidad oficial debe cumplir una funci\u00f3n democratizadora dentro del ecosistema medi\u00e1tico, contribuyendo al fortalecimiento de la pluralidad de voces y al ejercicio pleno del periodismo como pilar fundamental de la democracia.&nbsp;<\/p>\n\n\n\n<p class=\"wp-block-paragraph\">El desaf\u00edo, por tanto, radica en despolitizar su asignaci\u00f3n y desarrollar mecanismos normativos que aseguren su utilizaci\u00f3n como un recurso al servicio del inter\u00e9s p\u00fablico.<\/p>\n\n\n\n<p class=\"has-medium-font-size wp-block-paragraph\"><strong>Recomendaciones y aportes al debate regional<\/strong><\/p>\n\n\n\n<p class=\"wp-block-paragraph\">El estudio culmina con una serie de recomendaciones estrat\u00e9gicas orientadas a establecer pr\u00e1cticas de gobernanza m\u00e1s justas y transparentes en la distribuci\u00f3n de la publicidad oficial.<\/p>\n\n\n\n<p class=\"wp-block-paragraph\"><strong>Estas incluyen:<\/strong><\/p>\n\n\n\n<ol start=\"1\" class=\"wp-block-list\">\n<li>La adopci\u00f3n de\u00a0criterios objetivos\u00a0para la asignaci\u00f3n de recursos, basados en la audiencia, la calidad del contenido y la pluralidad informativa.\u00a0<\/li>\n\n\n\n<li>La implementaci\u00f3n de\u00a0mecanismos de control y monitoreo independientes\u00a0que garanticen la rendici\u00f3n de cuentas y prevengan la instrumentalizaci\u00f3n pol\u00edtica de los fondos.\u00a0<\/li>\n\n\n\n<li>El fortalecimiento de\u00a0marcos legales y regulatorios regionales\u00a0que armonicen los principios de transparencia y libertad de expresi\u00f3n en el manejo de la publicidad oficial.\u00a0<\/li>\n<\/ol>\n\n\n\n<p class=\"wp-block-paragraph\">Coordinado por&nbsp;Jimena Torres&nbsp;y con&nbsp;Santiago Marino&nbsp;como investigador principal, el informe re\u00fane el trabajo de expertos nacionales de los once pa\u00edses analizados, cuyas contribuciones individuales se integran en un cap\u00edtulo comparativo regional. Este \u00faltimo sintetiza los hallazgos m\u00e1s significativos y formula propuestas concretas que buscan trascender el diagn\u00f3stico para incidir en la formulaci\u00f3n de pol\u00edticas p\u00fablicas a nivel nacional y regional.<\/p>\n\n\n\n<p class=\"has-medium-font-size wp-block-paragraph\"><strong>El rol del PIDC y la UNESCO en la promoci\u00f3n de un periodismo libre e independiente<\/strong><\/p>\n\n\n\n<p class=\"wp-block-paragraph\">El respaldo del&nbsp;<a href=\"https:\/\/www.unesco.org\/es\/international-programme-development-communication?hub=701\">PIDC de la UNESCO<\/a>&nbsp;a esta iniciativa refleja su compromiso con la promoci\u00f3n de un periodismo libre, plural e independiente, como condici\u00f3n indispensable para el ejercicio de la libertad de expresi\u00f3n y el fortalecimiento de las democracias.&nbsp;<\/p>\n\n\n\n<p class=\"wp-block-paragraph\">En un contexto marcado por el avance de la desinformaci\u00f3n y la precarizaci\u00f3n de los medios, esta investigaci\u00f3n no solo visibiliza las deficiencias existentes en las pol\u00edticas de asignaci\u00f3n de publicidad oficial, sino que tambi\u00e9n ofrece un marco de acci\u00f3n basado en principios \u00e9ticos y normativos.<\/p>\n\n\n\n<p class=\"wp-block-paragraph\"><strong>\u00bfQu\u00e9 es el PIDC?<\/strong><\/p>\n\n\n\n<p class=\"wp-block-paragraph\">El Programa Internacional para el Desarrollo de la Comunicaci\u00f3n (PIDC) promueve el desarrollo de los medios de comunicaci\u00f3n en los pa\u00edses en desarrollo, los pa\u00edses en transici\u00f3n y los pa\u00edses en situaci\u00f3n de conflicto o posconflicto.<\/p>\n\n\n\n<p class=\"wp-block-paragraph\">En su calidad de \u00fanico foro multilateral del sistema de las <a href=\"https:\/\/patrimonioactual.com\/page\/?s=Naciones+Unidas+\">Naciones Unidas<\/a> concebido para movilizar a la comunidad internacional en torno al desarrollo de los medios de comunicaci\u00f3n, el Programa presta apoyo a proyectos relacionados en dicho \u00e1mbito, al tiempo que busca acuerdos para garantizar un entorno saludable para el crecimiento de una prensa libre y plural.&nbsp;<\/p>\n\n\n\n<p class=\"wp-block-paragraph\"><strong>S\u00edguenos en <\/strong><a href=\"https:\/\/www.facebook.com\/P.actual\"><strong>Facebook<\/strong><\/a><strong> y <\/strong><a href=\"https:\/\/twitter.com\/p_actual\"><strong>Twitter<\/strong><\/a><\/p>\n","protected":false},"excerpt":{"rendered":"<p>El Observatorio Latinoamericano de Regulaci\u00f3n, Medios y Convergencia (OBSERVACOM), con el respaldo del Programa Internacional para el Desarrollo de la Comunicaci\u00f3n (PIDC) de la UNESCO, ha culminado un estudio que examina la relaci\u00f3n entre la publicidad oficial, la viabilidad econ\u00f3mica de los medios independientes y la libertad de expresi\u00f3n en Am\u00e9rica Latina Titulado&nbsp;\u201cPublicidad oficial, medios [&hellip;]<\/p>\n","protected":false},"author":1,"featured_media":23593,"comment_status":"open","ping_status":"open","sticky":false,"template":"","format":"standard","meta":{"footnotes":""},"categories":[6,39,28],"tags":[6842,6841,6843],"class_list":["post-23592","post","type-post","status-publish","format-standard","has-post-thumbnail","category-patrimonio-actual","category-ultimas-noticias","category-unesco","tag-medios-y-convergencia","tag-observatorio-latinoamericano-de-regulacion","tag-programa-internacional-para-el-desarrollo-de-la-comunicacion"],"yoast_head":"<!-- This site is optimized with the Yoast SEO plugin v27.4 - https:\/\/yoast.com\/product\/yoast-seo-wordpress\/ -->\n<title>La publicidad oficial y su impacto en la libertad de expresi\u00f3n: perspectivas desde Am\u00e9rica Latina - Patrimonio Actual, ciudades, sitios y espacios naturales declarados Patrimonio de la Humanidad por la UNESCO<\/title>\n<meta name=\"description\" content=\"Observatorio Latinoamericano de Regulaci\u00f3n, Medios y Convergencia con respaldo Programa Internacional para el Desarrollo de la Comunicaci\u00f3n\" \/>\n<meta name=\"robots\" content=\"index, follow, max-snippet:-1, max-image-preview:large, max-video-preview:-1\" \/>\n<link rel=\"canonical\" href=\"https:\/\/patrimonioactual.com\/page\/la-publicidad-oficial-y-su-impacto-en-la-libertad-de-expresion\/\" \/>\n<meta property=\"og:locale\" content=\"es_ES\" \/>\n<meta property=\"og:type\" content=\"article\" \/>\n<meta property=\"og:title\" content=\"La publicidad oficial y su impacto en la libertad de expresi\u00f3n: perspectivas desde Am\u00e9rica Latina - Patrimonio Actual, ciudades, sitios y espacios naturales declarados Patrimonio de la Humanidad por la UNESCO\" \/>\n<meta property=\"og:description\" content=\"Observatorio Latinoamericano de Regulaci\u00f3n, Medios y Convergencia con respaldo Programa Internacional para el Desarrollo de la Comunicaci\u00f3n\" \/>\n<meta property=\"og:url\" content=\"https:\/\/patrimonioactual.com\/page\/la-publicidad-oficial-y-su-impacto-en-la-libertad-de-expresion\/\" \/>\n<meta property=\"og:site_name\" content=\"Patrimonio Actual, ciudades, sitios y espacios naturales declarados Patrimonio de la Humanidad por la UNESCO\" \/>\n<meta property=\"article:publisher\" content=\"https:\/\/www.facebook.com\/P.actual\" \/>\n<meta property=\"article:author\" content=\"http:\/\/facebook.com\/patrimonio.actual\" \/>\n<meta property=\"article:published_time\" content=\"2025-01-13T11:16:49+00:00\" \/>\n<meta property=\"article:modified_time\" content=\"2025-01-13T11:16:51+00:00\" \/>\n<meta property=\"og:image\" content=\"https:\/\/patrimonioactual.com\/page\/wp-content\/uploads\/2025\/01\/publicidad-UNESCOFreedom-of-expression-Freepik0000.png\" \/>\n\t<meta property=\"og:image:width\" content=\"615\" \/>\n\t<meta property=\"og:image:height\" content=\"461\" \/>\n\t<meta property=\"og:image:type\" content=\"image\/png\" \/>\n<meta name=\"author\" content=\"admin\" \/>\n<meta name=\"twitter:card\" content=\"summary_large_image\" \/>\n<meta name=\"twitter:creator\" content=\"@P_actual\" \/>\n<meta name=\"twitter:site\" content=\"@P_actual\" \/>\n<meta name=\"twitter:label1\" content=\"Escrito por\" \/>\n\t<meta name=\"twitter:data1\" content=\"admin\" \/>\n\t<meta name=\"twitter:label2\" content=\"Tiempo de lectura\" \/>\n\t<meta name=\"twitter:data2\" content=\"5 minutos\" \/>\n<script type=\"application\/ld+json\" class=\"yoast-schema-graph\">{\"@context\":\"https:\\\/\\\/schema.org\",\"@graph\":[{\"@type\":\"Article\",\"@id\":\"https:\\\/\\\/patrimonioactual.com\\\/page\\\/la-publicidad-oficial-y-su-impacto-en-la-libertad-de-expresion\\\/#article\",\"isPartOf\":{\"@id\":\"https:\\\/\\\/patrimonioactual.com\\\/page\\\/la-publicidad-oficial-y-su-impacto-en-la-libertad-de-expresion\\\/\"},\"author\":{\"name\":\"admin\",\"@id\":\"https:\\\/\\\/patrimonioactual.com\\\/page\\\/#\\\/schema\\\/person\\\/76850d24a9bd508e8e44db1faeab630e\"},\"headline\":\"La publicidad oficial y su impacto en la libertad de expresi\u00f3n: perspectivas desde Am\u00e9rica Latina\",\"datePublished\":\"2025-01-13T11:16:49+00:00\",\"dateModified\":\"2025-01-13T11:16:51+00:00\",\"mainEntityOfPage\":{\"@id\":\"https:\\\/\\\/patrimonioactual.com\\\/page\\\/la-publicidad-oficial-y-su-impacto-en-la-libertad-de-expresion\\\/\"},\"wordCount\":931,\"commentCount\":0,\"image\":{\"@id\":\"https:\\\/\\\/patrimonioactual.com\\\/page\\\/la-publicidad-oficial-y-su-impacto-en-la-libertad-de-expresion\\\/#primaryimage\"},\"thumbnailUrl\":\"https:\\\/\\\/patrimonioactual.com\\\/page\\\/wp-content\\\/uploads\\\/2025\\\/01\\\/publicidad-UNESCOFreedom-of-expression-Freepik0000.png\",\"keywords\":[\"Medios y Convergencia\",\"Observatorio Latinoamericano de Regulaci\u00f3n\",\"Programa Internacional para el Desarrollo de la Comunicaci\u00f3n\"],\"articleSection\":[\"Patrimonio Actual\",\"\u00daltimas Noticias\",\"UNESCO\"],\"inLanguage\":\"es\",\"potentialAction\":[{\"@type\":\"CommentAction\",\"name\":\"Comment\",\"target\":[\"https:\\\/\\\/patrimonioactual.com\\\/page\\\/la-publicidad-oficial-y-su-impacto-en-la-libertad-de-expresion\\\/#respond\"]}]},{\"@type\":\"WebPage\",\"@id\":\"https:\\\/\\\/patrimonioactual.com\\\/page\\\/la-publicidad-oficial-y-su-impacto-en-la-libertad-de-expresion\\\/\",\"url\":\"https:\\\/\\\/patrimonioactual.com\\\/page\\\/la-publicidad-oficial-y-su-impacto-en-la-libertad-de-expresion\\\/\",\"name\":\"La publicidad oficial y su impacto en la libertad de expresi\u00f3n: perspectivas desde Am\u00e9rica Latina - Patrimonio Actual, ciudades, sitios y espacios naturales declarados Patrimonio de la Humanidad por la UNESCO\",\"isPartOf\":{\"@id\":\"https:\\\/\\\/patrimonioactual.com\\\/page\\\/#website\"},\"primaryImageOfPage\":{\"@id\":\"https:\\\/\\\/patrimonioactual.com\\\/page\\\/la-publicidad-oficial-y-su-impacto-en-la-libertad-de-expresion\\\/#primaryimage\"},\"image\":{\"@id\":\"https:\\\/\\\/patrimonioactual.com\\\/page\\\/la-publicidad-oficial-y-su-impacto-en-la-libertad-de-expresion\\\/#primaryimage\"},\"thumbnailUrl\":\"https:\\\/\\\/patrimonioactual.com\\\/page\\\/wp-content\\\/uploads\\\/2025\\\/01\\\/publicidad-UNESCOFreedom-of-expression-Freepik0000.png\",\"datePublished\":\"2025-01-13T11:16:49+00:00\",\"dateModified\":\"2025-01-13T11:16:51+00:00\",\"author\":{\"@id\":\"https:\\\/\\\/patrimonioactual.com\\\/page\\\/#\\\/schema\\\/person\\\/76850d24a9bd508e8e44db1faeab630e\"},\"description\":\"Observatorio Latinoamericano de Regulaci\u00f3n, Medios y Convergencia con respaldo Programa Internacional para el Desarrollo de la Comunicaci\u00f3n\",\"breadcrumb\":{\"@id\":\"https:\\\/\\\/patrimonioactual.com\\\/page\\\/la-publicidad-oficial-y-su-impacto-en-la-libertad-de-expresion\\\/#breadcrumb\"},\"inLanguage\":\"es\",\"potentialAction\":[{\"@type\":\"ReadAction\",\"target\":[\"https:\\\/\\\/patrimonioactual.com\\\/page\\\/la-publicidad-oficial-y-su-impacto-en-la-libertad-de-expresion\\\/\"]}]},{\"@type\":\"ImageObject\",\"inLanguage\":\"es\",\"@id\":\"https:\\\/\\\/patrimonioactual.com\\\/page\\\/la-publicidad-oficial-y-su-impacto-en-la-libertad-de-expresion\\\/#primaryimage\",\"url\":\"https:\\\/\\\/patrimonioactual.com\\\/page\\\/wp-content\\\/uploads\\\/2025\\\/01\\\/publicidad-UNESCOFreedom-of-expression-Freepik0000.png\",\"contentUrl\":\"https:\\\/\\\/patrimonioactual.com\\\/page\\\/wp-content\\\/uploads\\\/2025\\\/01\\\/publicidad-UNESCOFreedom-of-expression-Freepik0000.png\",\"width\":615,\"height\":461,\"caption\":\"Publicidad oficial, medios y libertad de expresi\u00f3n en Am\u00e9rica Latina\"},{\"@type\":\"BreadcrumbList\",\"@id\":\"https:\\\/\\\/patrimonioactual.com\\\/page\\\/la-publicidad-oficial-y-su-impacto-en-la-libertad-de-expresion\\\/#breadcrumb\",\"itemListElement\":[{\"@type\":\"ListItem\",\"position\":1,\"name\":\"Portada\",\"item\":\"https:\\\/\\\/patrimonioactual.com\\\/page\\\/\"},{\"@type\":\"ListItem\",\"position\":2,\"name\":\"La publicidad oficial y su impacto en la libertad de expresi\u00f3n: perspectivas desde Am\u00e9rica Latina\"}]},{\"@type\":\"WebSite\",\"@id\":\"https:\\\/\\\/patrimonioactual.com\\\/page\\\/#website\",\"url\":\"https:\\\/\\\/patrimonioactual.com\\\/page\\\/\",\"name\":\"Patrimonio Actual, ciudades, sitios y espacios naturales declarados Patrimonio de la Humanidad por la UNESCO\",\"description\":\"Revista digital que busca informar a un p\u00fablico objetivo amplio, de los acontecimientos mundiales que se producen en torno a la informaci\u00f3n del patrimonio cultural, natural, inmaterial y tur\u00edstico-cultural de ciudades y espacios naturales, Patrimonio de la Humanidad declarados por la UNESCO.\",\"potentialAction\":[{\"@type\":\"SearchAction\",\"target\":{\"@type\":\"EntryPoint\",\"urlTemplate\":\"https:\\\/\\\/patrimonioactual.com\\\/page\\\/?s={search_term_string}\"},\"query-input\":{\"@type\":\"PropertyValueSpecification\",\"valueRequired\":true,\"valueName\":\"search_term_string\"}}],\"inLanguage\":\"es\"},{\"@type\":\"Person\",\"@id\":\"https:\\\/\\\/patrimonioactual.com\\\/page\\\/#\\\/schema\\\/person\\\/76850d24a9bd508e8e44db1faeab630e\",\"name\":\"admin\",\"image\":{\"@type\":\"ImageObject\",\"inLanguage\":\"es\",\"@id\":\"https:\\\/\\\/secure.gravatar.com\\\/avatar\\\/48168d7e7932867b9131639a989484f6c50ddc0e7a6d380e506072a10e5df39d?s=96&d=mm&r=g\",\"url\":\"https:\\\/\\\/secure.gravatar.com\\\/avatar\\\/48168d7e7932867b9131639a989484f6c50ddc0e7a6d380e506072a10e5df39d?s=96&d=mm&r=g\",\"contentUrl\":\"https:\\\/\\\/secure.gravatar.com\\\/avatar\\\/48168d7e7932867b9131639a989484f6c50ddc0e7a6d380e506072a10e5df39d?s=96&d=mm&r=g\",\"caption\":\"admin\"},\"sameAs\":[\"http:\\\/\\\/facebook.com\\\/patrimonio.actual\",\"https:\\\/\\\/x.com\\\/P_actual\"],\"url\":\"https:\\\/\\\/patrimonioactual.com\\\/page\\\/author\\\/juan\\\/\"}]}<\/script>\n<!-- \/ Yoast SEO plugin. -->","yoast_head_json":{"title":"La publicidad oficial y su impacto en la libertad de expresi\u00f3n: perspectivas desde Am\u00e9rica Latina - Patrimonio Actual, ciudades, sitios y espacios naturales declarados Patrimonio de la Humanidad por la UNESCO","description":"Observatorio Latinoamericano de Regulaci\u00f3n, Medios y Convergencia con respaldo Programa Internacional para el Desarrollo de la Comunicaci\u00f3n","robots":{"index":"index","follow":"follow","max-snippet":"max-snippet:-1","max-image-preview":"max-image-preview:large","max-video-preview":"max-video-preview:-1"},"canonical":"https:\/\/patrimonioactual.com\/page\/la-publicidad-oficial-y-su-impacto-en-la-libertad-de-expresion\/","og_locale":"es_ES","og_type":"article","og_title":"La publicidad oficial y su impacto en la libertad de expresi\u00f3n: perspectivas desde Am\u00e9rica Latina - Patrimonio Actual, ciudades, sitios y espacios naturales declarados Patrimonio de la Humanidad por la UNESCO","og_description":"Observatorio Latinoamericano de Regulaci\u00f3n, Medios y Convergencia con respaldo Programa Internacional para el Desarrollo de la Comunicaci\u00f3n","og_url":"https:\/\/patrimonioactual.com\/page\/la-publicidad-oficial-y-su-impacto-en-la-libertad-de-expresion\/","og_site_name":"Patrimonio Actual, ciudades, sitios y espacios naturales declarados Patrimonio de la Humanidad por la UNESCO","article_publisher":"https:\/\/www.facebook.com\/P.actual","article_author":"http:\/\/facebook.com\/patrimonio.actual","article_published_time":"2025-01-13T11:16:49+00:00","article_modified_time":"2025-01-13T11:16:51+00:00","og_image":[{"width":615,"height":461,"url":"https:\/\/patrimonioactual.com\/page\/wp-content\/uploads\/2025\/01\/publicidad-UNESCOFreedom-of-expression-Freepik0000.png","type":"image\/png"}],"author":"admin","twitter_card":"summary_large_image","twitter_creator":"@P_actual","twitter_site":"@P_actual","twitter_misc":{"Escrito por":"admin","Tiempo de lectura":"5 minutos"},"schema":{"@context":"https:\/\/schema.org","@graph":[{"@type":"Article","@id":"https:\/\/patrimonioactual.com\/page\/la-publicidad-oficial-y-su-impacto-en-la-libertad-de-expresion\/#article","isPartOf":{"@id":"https:\/\/patrimonioactual.com\/page\/la-publicidad-oficial-y-su-impacto-en-la-libertad-de-expresion\/"},"author":{"name":"admin","@id":"https:\/\/patrimonioactual.com\/page\/#\/schema\/person\/76850d24a9bd508e8e44db1faeab630e"},"headline":"La publicidad oficial y su impacto en la libertad de expresi\u00f3n: perspectivas desde Am\u00e9rica Latina","datePublished":"2025-01-13T11:16:49+00:00","dateModified":"2025-01-13T11:16:51+00:00","mainEntityOfPage":{"@id":"https:\/\/patrimonioactual.com\/page\/la-publicidad-oficial-y-su-impacto-en-la-libertad-de-expresion\/"},"wordCount":931,"commentCount":0,"image":{"@id":"https:\/\/patrimonioactual.com\/page\/la-publicidad-oficial-y-su-impacto-en-la-libertad-de-expresion\/#primaryimage"},"thumbnailUrl":"https:\/\/patrimonioactual.com\/page\/wp-content\/uploads\/2025\/01\/publicidad-UNESCOFreedom-of-expression-Freepik0000.png","keywords":["Medios y Convergencia","Observatorio Latinoamericano de Regulaci\u00f3n","Programa Internacional para el Desarrollo de la Comunicaci\u00f3n"],"articleSection":["Patrimonio Actual","\u00daltimas Noticias","UNESCO"],"inLanguage":"es","potentialAction":[{"@type":"CommentAction","name":"Comment","target":["https:\/\/patrimonioactual.com\/page\/la-publicidad-oficial-y-su-impacto-en-la-libertad-de-expresion\/#respond"]}]},{"@type":"WebPage","@id":"https:\/\/patrimonioactual.com\/page\/la-publicidad-oficial-y-su-impacto-en-la-libertad-de-expresion\/","url":"https:\/\/patrimonioactual.com\/page\/la-publicidad-oficial-y-su-impacto-en-la-libertad-de-expresion\/","name":"La publicidad oficial y su impacto en la libertad de expresi\u00f3n: perspectivas desde Am\u00e9rica Latina - Patrimonio Actual, ciudades, sitios y espacios naturales declarados Patrimonio de la Humanidad por la UNESCO","isPartOf":{"@id":"https:\/\/patrimonioactual.com\/page\/#website"},"primaryImageOfPage":{"@id":"https:\/\/patrimonioactual.com\/page\/la-publicidad-oficial-y-su-impacto-en-la-libertad-de-expresion\/#primaryimage"},"image":{"@id":"https:\/\/patrimonioactual.com\/page\/la-publicidad-oficial-y-su-impacto-en-la-libertad-de-expresion\/#primaryimage"},"thumbnailUrl":"https:\/\/patrimonioactual.com\/page\/wp-content\/uploads\/2025\/01\/publicidad-UNESCOFreedom-of-expression-Freepik0000.png","datePublished":"2025-01-13T11:16:49+00:00","dateModified":"2025-01-13T11:16:51+00:00","author":{"@id":"https:\/\/patrimonioactual.com\/page\/#\/schema\/person\/76850d24a9bd508e8e44db1faeab630e"},"description":"Observatorio Latinoamericano de Regulaci\u00f3n, Medios y Convergencia con respaldo Programa Internacional para el Desarrollo de la Comunicaci\u00f3n","breadcrumb":{"@id":"https:\/\/patrimonioactual.com\/page\/la-publicidad-oficial-y-su-impacto-en-la-libertad-de-expresion\/#breadcrumb"},"inLanguage":"es","potentialAction":[{"@type":"ReadAction","target":["https:\/\/patrimonioactual.com\/page\/la-publicidad-oficial-y-su-impacto-en-la-libertad-de-expresion\/"]}]},{"@type":"ImageObject","inLanguage":"es","@id":"https:\/\/patrimonioactual.com\/page\/la-publicidad-oficial-y-su-impacto-en-la-libertad-de-expresion\/#primaryimage","url":"https:\/\/patrimonioactual.com\/page\/wp-content\/uploads\/2025\/01\/publicidad-UNESCOFreedom-of-expression-Freepik0000.png","contentUrl":"https:\/\/patrimonioactual.com\/page\/wp-content\/uploads\/2025\/01\/publicidad-UNESCOFreedom-of-expression-Freepik0000.png","width":615,"height":461,"caption":"Publicidad oficial, medios y libertad de expresi\u00f3n en Am\u00e9rica Latina"},{"@type":"BreadcrumbList","@id":"https:\/\/patrimonioactual.com\/page\/la-publicidad-oficial-y-su-impacto-en-la-libertad-de-expresion\/#breadcrumb","itemListElement":[{"@type":"ListItem","position":1,"name":"Portada","item":"https:\/\/patrimonioactual.com\/page\/"},{"@type":"ListItem","position":2,"name":"La publicidad oficial y su impacto en la libertad de expresi\u00f3n: perspectivas desde Am\u00e9rica Latina"}]},{"@type":"WebSite","@id":"https:\/\/patrimonioactual.com\/page\/#website","url":"https:\/\/patrimonioactual.com\/page\/","name":"Patrimonio Actual, ciudades, sitios y espacios naturales declarados Patrimonio de la Humanidad por la UNESCO","description":"Revista digital que busca informar a un p\u00fablico objetivo amplio, de los acontecimientos mundiales que se producen en torno a la informaci\u00f3n del patrimonio cultural, natural, inmaterial y tur\u00edstico-cultural de ciudades y espacios naturales, Patrimonio de la Humanidad declarados por la UNESCO.","potentialAction":[{"@type":"SearchAction","target":{"@type":"EntryPoint","urlTemplate":"https:\/\/patrimonioactual.com\/page\/?s={search_term_string}"},"query-input":{"@type":"PropertyValueSpecification","valueRequired":true,"valueName":"search_term_string"}}],"inLanguage":"es"},{"@type":"Person","@id":"https:\/\/patrimonioactual.com\/page\/#\/schema\/person\/76850d24a9bd508e8e44db1faeab630e","name":"admin","image":{"@type":"ImageObject","inLanguage":"es","@id":"https:\/\/secure.gravatar.com\/avatar\/48168d7e7932867b9131639a989484f6c50ddc0e7a6d380e506072a10e5df39d?s=96&d=mm&r=g","url":"https:\/\/secure.gravatar.com\/avatar\/48168d7e7932867b9131639a989484f6c50ddc0e7a6d380e506072a10e5df39d?s=96&d=mm&r=g","contentUrl":"https:\/\/secure.gravatar.com\/avatar\/48168d7e7932867b9131639a989484f6c50ddc0e7a6d380e506072a10e5df39d?s=96&d=mm&r=g","caption":"admin"},"sameAs":["http:\/\/facebook.com\/patrimonio.actual","https:\/\/x.com\/P_actual"],"url":"https:\/\/patrimonioactual.com\/page\/author\/juan\/"}]}},"_links":{"self":[{"href":"https:\/\/patrimonioactual.com\/page\/wp-json\/wp\/v2\/posts\/23592","targetHints":{"allow":["GET"]}}],"collection":[{"href":"https:\/\/patrimonioactual.com\/page\/wp-json\/wp\/v2\/posts"}],"about":[{"href":"https:\/\/patrimonioactual.com\/page\/wp-json\/wp\/v2\/types\/post"}],"author":[{"embeddable":true,"href":"https:\/\/patrimonioactual.com\/page\/wp-json\/wp\/v2\/users\/1"}],"replies":[{"embeddable":true,"href":"https:\/\/patrimonioactual.com\/page\/wp-json\/wp\/v2\/comments?post=23592"}],"version-history":[{"count":1,"href":"https:\/\/patrimonioactual.com\/page\/wp-json\/wp\/v2\/posts\/23592\/revisions"}],"predecessor-version":[{"id":23594,"href":"https:\/\/patrimonioactual.com\/page\/wp-json\/wp\/v2\/posts\/23592\/revisions\/23594"}],"wp:featuredmedia":[{"embeddable":true,"href":"https:\/\/patrimonioactual.com\/page\/wp-json\/wp\/v2\/media\/23593"}],"wp:attachment":[{"href":"https:\/\/patrimonioactual.com\/page\/wp-json\/wp\/v2\/media?parent=23592"}],"wp:term":[{"taxonomy":"category","embeddable":true,"href":"https:\/\/patrimonioactual.com\/page\/wp-json\/wp\/v2\/categories?post=23592"},{"taxonomy":"post_tag","embeddable":true,"href":"https:\/\/patrimonioactual.com\/page\/wp-json\/wp\/v2\/tags?post=23592"}],"curies":[{"name":"wp","href":"https:\/\/api.w.org\/{rel}","templated":true}]}}