{"id":23597,"date":"2025-01-13T13:20:26","date_gmt":"2025-01-13T11:20:26","guid":{"rendered":"https:\/\/patrimonioactual.com\/page\/?p=23597"},"modified":"2025-01-13T13:20:28","modified_gmt":"2025-01-13T11:20:28","slug":"dia-internacional-de-la-educacion-24-de-enero","status":"publish","type":"post","link":"https:\/\/patrimonioactual.com\/page\/dia-internacional-de-la-educacion-24-de-enero\/","title":{"rendered":"D\u00eda Internacional de la Educaci\u00f3n 24 de enero"},"content":{"rendered":"\n<p class=\"has-medium-font-size wp-block-paragraph\"><strong>Bajo el lema \u201cIA y educaci\u00f3n: preservar la autonom\u00eda en un mundo automatizado\u201d, el D\u00eda Internacional de la Educaci\u00f3n 2025 inspira reflexiones sobre el poder de la educaci\u00f3n para dotar a las personas y a las comunidades de los medios necesarios para navegar, comprender e influir en los avances tecnol\u00f3gicos<\/strong><\/p>\n\n\n\n<p class=\"wp-block-paragraph\">A medida que los sistemas inform\u00e1ticos y de <a href=\"https:\/\/patrimonioactual.com\/page\/?s=inteligencia+artificial\">inteligencia artificial<\/a> (IA) se vuelven m\u00e1s sofisticados, los l\u00edmites entre la intenci\u00f3n humana y la acci\u00f3n automatizada se difuminan, lo que plantea cuestiones cr\u00edticas sobre c\u00f3mo preservar, redefinir e, idealmente, elevar la agencia humana en una era de aceleraci\u00f3n tecnol\u00f3gica.<\/p>\n\n\n\n<p class=\"has-medium-font-size wp-block-paragraph\"><strong>2025: evento mundial en Par\u00eds &#8211; Inteligencia artificial y educaci\u00f3n: preservar la acci\u00f3n humana en un mundo de automatizaci\u00f3n<\/strong><\/p>\n\n\n\n<p class=\"wp-block-paragraph\">El <a href=\"https:\/\/patrimonioactual.com\/page\/?s=D%C3%ADa+Internacional+de+la+Educaci%C3%B3n+\">D\u00eda Internacional de la Educaci\u00f3n<\/a> de 2025 \u2013 La IA y la educaci\u00f3n: preservar la autonom\u00eda humana en un mundo de automatizaci\u00f3n \u2013 explorar\u00e1 c\u00f3mo la educaci\u00f3n puede ayudar a las personas a comprender y dirigir la IA para garantizar mejor que mantengan el control sobre esta nueva clase de tecnolog\u00eda y puedan dirigirla hacia objetivos deseados que respeten los <a href=\"https:\/\/patrimonioactual.com\/page\/?s=derechos+humanos+\">derechos humanos<\/a> y promuevan el progreso hacia los <a href=\"https:\/\/patrimonioactual.com\/page\/?s=Objetivos+de+Desarrollo+Sostenible\">Objetivos de Desarrollo Sostenible<\/a> (<a href=\"https:\/\/patrimonioactual.com\/page\/?s=ODS\">ODS<\/a>).<\/p>\n\n\n\n<p class=\"wp-block-paragraph\">A medida que los sistemas inform\u00e1ticos y de inteligencia artificial se vuelven m\u00e1s potentes, los l\u00edmites entre la intenci\u00f3n humana y la acci\u00f3n impulsada por las m\u00e1quinas suelen difuminarse. Esto plantea preguntas cr\u00edticas sobre c\u00f3mo proteger e, idealmente, elevar la capacidad de acci\u00f3n humana en una era de aceleraci\u00f3n tecnol\u00f3gica y automatizaci\u00f3n en expansi\u00f3n.&nbsp;<\/p>\n\n\n\n<p class=\"wp-block-paragraph\">La <a href=\"https:\/\/patrimonioactual.com\/page\/?s=UNESCO\">UNESCO<\/a> est\u00e1 organizando un evento presencial de un d\u00eda completo en su sede de Par\u00eds el 24 de enero de 2025 con el objetivo de:<\/p>\n\n\n\n<ul class=\"wp-block-list\">\n<li>Examinar las nuevas posibilidades que ofrece la IA, especialmente para la ense\u00f1anza, el aprendizaje, la evaluaci\u00f3n y la administraci\u00f3n educativa.<\/li>\n\n\n\n<li>Promover el desarrollo de alfabetizaciones cr\u00edticas en IA dotando a educadores y estudiantes de las competencias necesarias para comprender, utilizar e influir en las tecnolog\u00edas de IA, de acuerdo con los marcos de competencias en IA de la UNESCO para docentes y estudiantes.<\/li>\n\n\n\n<li>Aseg\u00farese de que la IA complemente, en lugar de reemplazar, los elementos humanos esenciales del aprendizaje, incluido el cultivo de relaciones en persona y la inteligencia emocional.<\/li>\n<\/ul>\n\n\n\n<p class=\"wp-block-paragraph\">Para garantizar el m\u00e1ximo alcance e inclusi\u00f3n, las sesiones plenarias se transmitir\u00e1n en vivo y se proporcionar\u00e1 interpretaci\u00f3n en ingl\u00e9s y franc\u00e9s.<\/p>\n\n\n\n<p class=\"wp-block-paragraph\"><strong>S\u00edguenos en <\/strong><a href=\"https:\/\/www.facebook.com\/P.actual\"><strong>Facebook<\/strong><\/a><strong> y <\/strong><a href=\"https:\/\/twitter.com\/p_actual\"><strong>Twitter<\/strong><\/a><strong><\/strong><\/p>\n","protected":false},"excerpt":{"rendered":"<p>Bajo el lema \u201cIA y educaci\u00f3n: preservar la autonom\u00eda en un mundo automatizado\u201d, el D\u00eda Internacional de la Educaci\u00f3n 2025 inspira reflexiones sobre el poder de la educaci\u00f3n para dotar a las personas y a las comunidades de los medios necesarios para navegar, comprender e influir en los avances tecnol\u00f3gicos A medida que los sistemas [&hellip;]<\/p>\n","protected":false},"author":1,"featured_media":23598,"comment_status":"open","ping_status":"open","sticky":false,"template":"","format":"standard","meta":{"footnotes":""},"categories":[1,13,39],"tags":[6844,6310],"class_list":["post-23597","post","type-post","status-publish","format-standard","has-post-thumbnail","category-patrimonio-cultural","category-punto-de-encuentro","category-ultimas-noticias","tag-dia-internacional-de-la-educacion","tag-inteligencia-arificial"],"yoast_head":"<!-- This site is optimized with the Yoast SEO plugin v27.4 - https:\/\/yoast.com\/product\/yoast-seo-wordpress\/ -->\n<title>D\u00eda Internacional de la Educaci\u00f3n 24 de enero - Patrimonio Actual, ciudades, sitios y espacios naturales declarados Patrimonio de la Humanidad por la UNESCO<\/title>\n<meta name=\"description\" content=\"Bajo el lema \u201cIA y educaci\u00f3n: preservar la autonom\u00eda en un mundo automatizado\u201d, el D\u00eda Internacional de la Educaci\u00f3n 2025\" \/>\n<meta name=\"robots\" content=\"index, follow, max-snippet:-1, max-image-preview:large, max-video-preview:-1\" \/>\n<link rel=\"canonical\" href=\"https:\/\/patrimonioactual.com\/page\/dia-internacional-de-la-educacion-24-de-enero\/\" \/>\n<meta property=\"og:locale\" content=\"es_ES\" \/>\n<meta property=\"og:type\" content=\"article\" \/>\n<meta property=\"og:title\" content=\"D\u00eda Internacional de la Educaci\u00f3n 24 de enero - Patrimonio Actual, ciudades, sitios y espacios naturales declarados Patrimonio de la Humanidad por la UNESCO\" \/>\n<meta property=\"og:description\" content=\"Bajo el lema \u201cIA y educaci\u00f3n: preservar la autonom\u00eda en un mundo automatizado\u201d, el D\u00eda Internacional de la Educaci\u00f3n 2025\" \/>\n<meta property=\"og:url\" content=\"https:\/\/patrimonioactual.com\/page\/dia-internacional-de-la-educacion-24-de-enero\/\" \/>\n<meta property=\"og:site_name\" content=\"Patrimonio Actual, ciudades, sitios y espacios naturales declarados Patrimonio de la Humanidad por la UNESCO\" \/>\n<meta property=\"article:publisher\" content=\"https:\/\/www.facebook.com\/P.actual\" \/>\n<meta property=\"article:author\" content=\"http:\/\/facebook.com\/patrimonio.actual\" \/>\n<meta property=\"article:published_time\" content=\"2025-01-13T11:20:26+00:00\" \/>\n<meta property=\"article:modified_time\" content=\"2025-01-13T11:20:28+00:00\" \/>\n<meta property=\"og:image\" content=\"https:\/\/patrimonioactual.com\/page\/wp-content\/uploads\/2025\/01\/DIA-education-day-2025-\u00a9-UNESCO-Weiwei-Kang1100.png\" \/>\n\t<meta property=\"og:image:width\" content=\"615\" \/>\n\t<meta property=\"og:image:height\" content=\"461\" \/>\n\t<meta property=\"og:image:type\" content=\"image\/png\" \/>\n<meta name=\"author\" content=\"admin\" \/>\n<meta name=\"twitter:card\" content=\"summary_large_image\" \/>\n<meta name=\"twitter:creator\" content=\"@P_actual\" \/>\n<meta name=\"twitter:site\" content=\"@P_actual\" \/>\n<meta name=\"twitter:label1\" content=\"Escrito por\" \/>\n\t<meta name=\"twitter:data1\" content=\"admin\" \/>\n\t<meta name=\"twitter:label2\" content=\"Tiempo de lectura\" \/>\n\t<meta name=\"twitter:data2\" content=\"2 minutos\" \/>\n<script type=\"application\/ld+json\" class=\"yoast-schema-graph\">{\"@context\":\"https:\\\/\\\/schema.org\",\"@graph\":[{\"@type\":\"Article\",\"@id\":\"https:\\\/\\\/patrimonioactual.com\\\/page\\\/dia-internacional-de-la-educacion-24-de-enero\\\/#article\",\"isPartOf\":{\"@id\":\"https:\\\/\\\/patrimonioactual.com\\\/page\\\/dia-internacional-de-la-educacion-24-de-enero\\\/\"},\"author\":{\"name\":\"admin\",\"@id\":\"https:\\\/\\\/patrimonioactual.com\\\/page\\\/#\\\/schema\\\/person\\\/76850d24a9bd508e8e44db1faeab630e\"},\"headline\":\"D\u00eda Internacional de la Educaci\u00f3n 24 de enero\",\"datePublished\":\"2025-01-13T11:20:26+00:00\",\"dateModified\":\"2025-01-13T11:20:28+00:00\",\"mainEntityOfPage\":{\"@id\":\"https:\\\/\\\/patrimonioactual.com\\\/page\\\/dia-internacional-de-la-educacion-24-de-enero\\\/\"},\"wordCount\":446,\"commentCount\":0,\"image\":{\"@id\":\"https:\\\/\\\/patrimonioactual.com\\\/page\\\/dia-internacional-de-la-educacion-24-de-enero\\\/#primaryimage\"},\"thumbnailUrl\":\"https:\\\/\\\/patrimonioactual.com\\\/page\\\/wp-content\\\/uploads\\\/2025\\\/01\\\/DIA-education-day-2025-\u00a9-UNESCO-Weiwei-Kang1100.png\",\"keywords\":[\"D\u00eda Internacional de la Educaci\u00f3n\",\"Inteligencia Arificial\"],\"articleSection\":[\"Patrimonio Cultural\",\"Punto de Encuentro\",\"\u00daltimas Noticias\"],\"inLanguage\":\"es\",\"potentialAction\":[{\"@type\":\"CommentAction\",\"name\":\"Comment\",\"target\":[\"https:\\\/\\\/patrimonioactual.com\\\/page\\\/dia-internacional-de-la-educacion-24-de-enero\\\/#respond\"]}]},{\"@type\":\"WebPage\",\"@id\":\"https:\\\/\\\/patrimonioactual.com\\\/page\\\/dia-internacional-de-la-educacion-24-de-enero\\\/\",\"url\":\"https:\\\/\\\/patrimonioactual.com\\\/page\\\/dia-internacional-de-la-educacion-24-de-enero\\\/\",\"name\":\"D\u00eda Internacional de la Educaci\u00f3n 24 de enero - Patrimonio Actual, ciudades, sitios y espacios naturales declarados Patrimonio de la Humanidad por la UNESCO\",\"isPartOf\":{\"@id\":\"https:\\\/\\\/patrimonioactual.com\\\/page\\\/#website\"},\"primaryImageOfPage\":{\"@id\":\"https:\\\/\\\/patrimonioactual.com\\\/page\\\/dia-internacional-de-la-educacion-24-de-enero\\\/#primaryimage\"},\"image\":{\"@id\":\"https:\\\/\\\/patrimonioactual.com\\\/page\\\/dia-internacional-de-la-educacion-24-de-enero\\\/#primaryimage\"},\"thumbnailUrl\":\"https:\\\/\\\/patrimonioactual.com\\\/page\\\/wp-content\\\/uploads\\\/2025\\\/01\\\/DIA-education-day-2025-\u00a9-UNESCO-Weiwei-Kang1100.png\",\"datePublished\":\"2025-01-13T11:20:26+00:00\",\"dateModified\":\"2025-01-13T11:20:28+00:00\",\"author\":{\"@id\":\"https:\\\/\\\/patrimonioactual.com\\\/page\\\/#\\\/schema\\\/person\\\/76850d24a9bd508e8e44db1faeab630e\"},\"description\":\"Bajo el lema \u201cIA y educaci\u00f3n: preservar la autonom\u00eda en un mundo automatizado\u201d, el D\u00eda Internacional de la Educaci\u00f3n 2025\",\"breadcrumb\":{\"@id\":\"https:\\\/\\\/patrimonioactual.com\\\/page\\\/dia-internacional-de-la-educacion-24-de-enero\\\/#breadcrumb\"},\"inLanguage\":\"es\",\"potentialAction\":[{\"@type\":\"ReadAction\",\"target\":[\"https:\\\/\\\/patrimonioactual.com\\\/page\\\/dia-internacional-de-la-educacion-24-de-enero\\\/\"]}]},{\"@type\":\"ImageObject\",\"inLanguage\":\"es\",\"@id\":\"https:\\\/\\\/patrimonioactual.com\\\/page\\\/dia-internacional-de-la-educacion-24-de-enero\\\/#primaryimage\",\"url\":\"https:\\\/\\\/patrimonioactual.com\\\/page\\\/wp-content\\\/uploads\\\/2025\\\/01\\\/DIA-education-day-2025-\u00a9-UNESCO-Weiwei-Kang1100.png\",\"contentUrl\":\"https:\\\/\\\/patrimonioactual.com\\\/page\\\/wp-content\\\/uploads\\\/2025\\\/01\\\/DIA-education-day-2025-\u00a9-UNESCO-Weiwei-Kang1100.png\",\"width\":615,\"height\":461,\"caption\":\"D\u00eda Internacional de la Educaci\u00f3n\"},{\"@type\":\"BreadcrumbList\",\"@id\":\"https:\\\/\\\/patrimonioactual.com\\\/page\\\/dia-internacional-de-la-educacion-24-de-enero\\\/#breadcrumb\",\"itemListElement\":[{\"@type\":\"ListItem\",\"position\":1,\"name\":\"Portada\",\"item\":\"https:\\\/\\\/patrimonioactual.com\\\/page\\\/\"},{\"@type\":\"ListItem\",\"position\":2,\"name\":\"D\u00eda Internacional de la Educaci\u00f3n 24 de enero\"}]},{\"@type\":\"WebSite\",\"@id\":\"https:\\\/\\\/patrimonioactual.com\\\/page\\\/#website\",\"url\":\"https:\\\/\\\/patrimonioactual.com\\\/page\\\/\",\"name\":\"Patrimonio Actual, ciudades, sitios y espacios naturales declarados Patrimonio de la Humanidad por la UNESCO\",\"description\":\"Revista digital que busca informar a un p\u00fablico objetivo amplio, de los acontecimientos mundiales que se producen en torno a la informaci\u00f3n del patrimonio cultural, natural, inmaterial y tur\u00edstico-cultural de ciudades y espacios naturales, Patrimonio de la Humanidad declarados por la UNESCO.\",\"potentialAction\":[{\"@type\":\"SearchAction\",\"target\":{\"@type\":\"EntryPoint\",\"urlTemplate\":\"https:\\\/\\\/patrimonioactual.com\\\/page\\\/?s={search_term_string}\"},\"query-input\":{\"@type\":\"PropertyValueSpecification\",\"valueRequired\":true,\"valueName\":\"search_term_string\"}}],\"inLanguage\":\"es\"},{\"@type\":\"Person\",\"@id\":\"https:\\\/\\\/patrimonioactual.com\\\/page\\\/#\\\/schema\\\/person\\\/76850d24a9bd508e8e44db1faeab630e\",\"name\":\"admin\",\"image\":{\"@type\":\"ImageObject\",\"inLanguage\":\"es\",\"@id\":\"https:\\\/\\\/secure.gravatar.com\\\/avatar\\\/48168d7e7932867b9131639a989484f6c50ddc0e7a6d380e506072a10e5df39d?s=96&d=mm&r=g\",\"url\":\"https:\\\/\\\/secure.gravatar.com\\\/avatar\\\/48168d7e7932867b9131639a989484f6c50ddc0e7a6d380e506072a10e5df39d?s=96&d=mm&r=g\",\"contentUrl\":\"https:\\\/\\\/secure.gravatar.com\\\/avatar\\\/48168d7e7932867b9131639a989484f6c50ddc0e7a6d380e506072a10e5df39d?s=96&d=mm&r=g\",\"caption\":\"admin\"},\"sameAs\":[\"http:\\\/\\\/facebook.com\\\/patrimonio.actual\",\"https:\\\/\\\/x.com\\\/P_actual\"],\"url\":\"https:\\\/\\\/patrimonioactual.com\\\/page\\\/author\\\/juan\\\/\"}]}<\/script>\n<!-- \/ Yoast SEO plugin. -->","yoast_head_json":{"title":"D\u00eda Internacional de la Educaci\u00f3n 24 de enero - Patrimonio Actual, ciudades, sitios y espacios naturales declarados Patrimonio de la Humanidad por la UNESCO","description":"Bajo el lema \u201cIA y educaci\u00f3n: preservar la autonom\u00eda en un mundo automatizado\u201d, el D\u00eda Internacional de la Educaci\u00f3n 2025","robots":{"index":"index","follow":"follow","max-snippet":"max-snippet:-1","max-image-preview":"max-image-preview:large","max-video-preview":"max-video-preview:-1"},"canonical":"https:\/\/patrimonioactual.com\/page\/dia-internacional-de-la-educacion-24-de-enero\/","og_locale":"es_ES","og_type":"article","og_title":"D\u00eda Internacional de la Educaci\u00f3n 24 de enero - Patrimonio Actual, ciudades, sitios y espacios naturales declarados Patrimonio de la Humanidad por la UNESCO","og_description":"Bajo el lema \u201cIA y educaci\u00f3n: preservar la autonom\u00eda en un mundo automatizado\u201d, el D\u00eda Internacional de la Educaci\u00f3n 2025","og_url":"https:\/\/patrimonioactual.com\/page\/dia-internacional-de-la-educacion-24-de-enero\/","og_site_name":"Patrimonio Actual, ciudades, sitios y espacios naturales declarados Patrimonio de la Humanidad por la UNESCO","article_publisher":"https:\/\/www.facebook.com\/P.actual","article_author":"http:\/\/facebook.com\/patrimonio.actual","article_published_time":"2025-01-13T11:20:26+00:00","article_modified_time":"2025-01-13T11:20:28+00:00","og_image":[{"width":615,"height":461,"url":"https:\/\/patrimonioactual.com\/page\/wp-content\/uploads\/2025\/01\/DIA-education-day-2025-\u00a9-UNESCO-Weiwei-Kang1100.png","type":"image\/png"}],"author":"admin","twitter_card":"summary_large_image","twitter_creator":"@P_actual","twitter_site":"@P_actual","twitter_misc":{"Escrito por":"admin","Tiempo de lectura":"2 minutos"},"schema":{"@context":"https:\/\/schema.org","@graph":[{"@type":"Article","@id":"https:\/\/patrimonioactual.com\/page\/dia-internacional-de-la-educacion-24-de-enero\/#article","isPartOf":{"@id":"https:\/\/patrimonioactual.com\/page\/dia-internacional-de-la-educacion-24-de-enero\/"},"author":{"name":"admin","@id":"https:\/\/patrimonioactual.com\/page\/#\/schema\/person\/76850d24a9bd508e8e44db1faeab630e"},"headline":"D\u00eda Internacional de la Educaci\u00f3n 24 de enero","datePublished":"2025-01-13T11:20:26+00:00","dateModified":"2025-01-13T11:20:28+00:00","mainEntityOfPage":{"@id":"https:\/\/patrimonioactual.com\/page\/dia-internacional-de-la-educacion-24-de-enero\/"},"wordCount":446,"commentCount":0,"image":{"@id":"https:\/\/patrimonioactual.com\/page\/dia-internacional-de-la-educacion-24-de-enero\/#primaryimage"},"thumbnailUrl":"https:\/\/patrimonioactual.com\/page\/wp-content\/uploads\/2025\/01\/DIA-education-day-2025-\u00a9-UNESCO-Weiwei-Kang1100.png","keywords":["D\u00eda Internacional de la Educaci\u00f3n","Inteligencia Arificial"],"articleSection":["Patrimonio Cultural","Punto de Encuentro","\u00daltimas Noticias"],"inLanguage":"es","potentialAction":[{"@type":"CommentAction","name":"Comment","target":["https:\/\/patrimonioactual.com\/page\/dia-internacional-de-la-educacion-24-de-enero\/#respond"]}]},{"@type":"WebPage","@id":"https:\/\/patrimonioactual.com\/page\/dia-internacional-de-la-educacion-24-de-enero\/","url":"https:\/\/patrimonioactual.com\/page\/dia-internacional-de-la-educacion-24-de-enero\/","name":"D\u00eda Internacional de la Educaci\u00f3n 24 de enero - Patrimonio Actual, ciudades, sitios y espacios naturales declarados Patrimonio de la Humanidad por la UNESCO","isPartOf":{"@id":"https:\/\/patrimonioactual.com\/page\/#website"},"primaryImageOfPage":{"@id":"https:\/\/patrimonioactual.com\/page\/dia-internacional-de-la-educacion-24-de-enero\/#primaryimage"},"image":{"@id":"https:\/\/patrimonioactual.com\/page\/dia-internacional-de-la-educacion-24-de-enero\/#primaryimage"},"thumbnailUrl":"https:\/\/patrimonioactual.com\/page\/wp-content\/uploads\/2025\/01\/DIA-education-day-2025-\u00a9-UNESCO-Weiwei-Kang1100.png","datePublished":"2025-01-13T11:20:26+00:00","dateModified":"2025-01-13T11:20:28+00:00","author":{"@id":"https:\/\/patrimonioactual.com\/page\/#\/schema\/person\/76850d24a9bd508e8e44db1faeab630e"},"description":"Bajo el lema \u201cIA y educaci\u00f3n: preservar la autonom\u00eda en un mundo automatizado\u201d, el D\u00eda Internacional de la Educaci\u00f3n 2025","breadcrumb":{"@id":"https:\/\/patrimonioactual.com\/page\/dia-internacional-de-la-educacion-24-de-enero\/#breadcrumb"},"inLanguage":"es","potentialAction":[{"@type":"ReadAction","target":["https:\/\/patrimonioactual.com\/page\/dia-internacional-de-la-educacion-24-de-enero\/"]}]},{"@type":"ImageObject","inLanguage":"es","@id":"https:\/\/patrimonioactual.com\/page\/dia-internacional-de-la-educacion-24-de-enero\/#primaryimage","url":"https:\/\/patrimonioactual.com\/page\/wp-content\/uploads\/2025\/01\/DIA-education-day-2025-\u00a9-UNESCO-Weiwei-Kang1100.png","contentUrl":"https:\/\/patrimonioactual.com\/page\/wp-content\/uploads\/2025\/01\/DIA-education-day-2025-\u00a9-UNESCO-Weiwei-Kang1100.png","width":615,"height":461,"caption":"D\u00eda Internacional de la Educaci\u00f3n"},{"@type":"BreadcrumbList","@id":"https:\/\/patrimonioactual.com\/page\/dia-internacional-de-la-educacion-24-de-enero\/#breadcrumb","itemListElement":[{"@type":"ListItem","position":1,"name":"Portada","item":"https:\/\/patrimonioactual.com\/page\/"},{"@type":"ListItem","position":2,"name":"D\u00eda Internacional de la Educaci\u00f3n 24 de enero"}]},{"@type":"WebSite","@id":"https:\/\/patrimonioactual.com\/page\/#website","url":"https:\/\/patrimonioactual.com\/page\/","name":"Patrimonio Actual, ciudades, sitios y espacios naturales declarados Patrimonio de la Humanidad por la UNESCO","description":"Revista digital que busca informar a un p\u00fablico objetivo amplio, de los acontecimientos mundiales que se producen en torno a la informaci\u00f3n del patrimonio cultural, natural, inmaterial y tur\u00edstico-cultural de ciudades y espacios naturales, Patrimonio de la Humanidad declarados por la UNESCO.","potentialAction":[{"@type":"SearchAction","target":{"@type":"EntryPoint","urlTemplate":"https:\/\/patrimonioactual.com\/page\/?s={search_term_string}"},"query-input":{"@type":"PropertyValueSpecification","valueRequired":true,"valueName":"search_term_string"}}],"inLanguage":"es"},{"@type":"Person","@id":"https:\/\/patrimonioactual.com\/page\/#\/schema\/person\/76850d24a9bd508e8e44db1faeab630e","name":"admin","image":{"@type":"ImageObject","inLanguage":"es","@id":"https:\/\/secure.gravatar.com\/avatar\/48168d7e7932867b9131639a989484f6c50ddc0e7a6d380e506072a10e5df39d?s=96&d=mm&r=g","url":"https:\/\/secure.gravatar.com\/avatar\/48168d7e7932867b9131639a989484f6c50ddc0e7a6d380e506072a10e5df39d?s=96&d=mm&r=g","contentUrl":"https:\/\/secure.gravatar.com\/avatar\/48168d7e7932867b9131639a989484f6c50ddc0e7a6d380e506072a10e5df39d?s=96&d=mm&r=g","caption":"admin"},"sameAs":["http:\/\/facebook.com\/patrimonio.actual","https:\/\/x.com\/P_actual"],"url":"https:\/\/patrimonioactual.com\/page\/author\/juan\/"}]}},"_links":{"self":[{"href":"https:\/\/patrimonioactual.com\/page\/wp-json\/wp\/v2\/posts\/23597","targetHints":{"allow":["GET"]}}],"collection":[{"href":"https:\/\/patrimonioactual.com\/page\/wp-json\/wp\/v2\/posts"}],"about":[{"href":"https:\/\/patrimonioactual.com\/page\/wp-json\/wp\/v2\/types\/post"}],"author":[{"embeddable":true,"href":"https:\/\/patrimonioactual.com\/page\/wp-json\/wp\/v2\/users\/1"}],"replies":[{"embeddable":true,"href":"https:\/\/patrimonioactual.com\/page\/wp-json\/wp\/v2\/comments?post=23597"}],"version-history":[{"count":1,"href":"https:\/\/patrimonioactual.com\/page\/wp-json\/wp\/v2\/posts\/23597\/revisions"}],"predecessor-version":[{"id":23599,"href":"https:\/\/patrimonioactual.com\/page\/wp-json\/wp\/v2\/posts\/23597\/revisions\/23599"}],"wp:featuredmedia":[{"embeddable":true,"href":"https:\/\/patrimonioactual.com\/page\/wp-json\/wp\/v2\/media\/23598"}],"wp:attachment":[{"href":"https:\/\/patrimonioactual.com\/page\/wp-json\/wp\/v2\/media?parent=23597"}],"wp:term":[{"taxonomy":"category","embeddable":true,"href":"https:\/\/patrimonioactual.com\/page\/wp-json\/wp\/v2\/categories?post=23597"},{"taxonomy":"post_tag","embeddable":true,"href":"https:\/\/patrimonioactual.com\/page\/wp-json\/wp\/v2\/tags?post=23597"}],"curies":[{"name":"wp","href":"https:\/\/api.w.org\/{rel}","templated":true}]}}