{"id":26754,"date":"2026-08-18T09:31:36","date_gmt":"2026-08-18T07:31:36","guid":{"rendered":"https:\/\/patrimonioactual.com\/page\/?p=26754"},"modified":"2026-08-18T09:31:40","modified_gmt":"2026-08-18T07:31:40","slug":"los-incendios-forestales-se-extienden-por-toda-europa","status":"publish","type":"post","link":"https:\/\/patrimonioactual.com\/page\/los-incendios-forestales-se-extienden-por-toda-europa\/","title":{"rendered":"La UE moviliza apoyo a medida que los incendios forestales se extienden por toda Europa"},"content":{"rendered":"<div class=\"wp-block-image\">\n<figure class=\"aligncenter size-full\"><a href=\"https:\/\/patrimonioactual.com\/page\/wp-content\/uploads\/2026\/08\/UE-rescEU-helicopter00.gif\"><img loading=\"lazy\" decoding=\"async\" width=\"615\" height=\"461\" src=\"https:\/\/patrimonioactual.com\/page\/wp-content\/uploads\/2026\/08\/UE-rescEU-helicopter00.gif\" alt=\"El primer helic\u00f3ptero de la flota rescEU, entregado a Ruman\u00eda en enero de 2026, ya est\u00e1 operativo para la actual temporada de incendios forestales de 2026. Foto: \u00a9 Wojciech Szl\u0119k, 2025\" class=\"wp-image-26755\"\/><\/a><figcaption class=\"wp-element-caption\">El primer helic\u00f3ptero de la flota rescEU, entregado a Ruman\u00eda en enero de 2026, ya est\u00e1 operativo para la actual temporada de incendios forestales de 2026. Foto: \u00a9 Wojciech Szl\u0119k, 2025<\/figcaption><\/figure>\n<\/div>\n\n\n<p class=\"has-medium-font-size wp-block-paragraph\"><strong>La UE ha desplegado asistencia en B\u00e9lgica y Espa\u00f1a tras su activaci\u00f3n del Mecanismo de Protecci\u00f3n Civil de la Uni\u00f3n (<a href=\"https:\/\/civil-protection-humanitarian-aid.ec.europa.eu\/what\/civil-protection\/eu-civil-protection-mechanism_en\" target=\"_blank\" rel=\"noreferrer noopener\">MPCU<\/a>), ya que los incendios forestales siguen afectando a varias partes de Europa<\/strong><\/p>\n\n\n\n<p class=\"wp-block-paragraph\">En&nbsp;B\u00e9lgica, se enviaron dos aviones de la flota de extinci\u00f3n de incendios de la <a href=\"https:\/\/patrimonioactual.com\/page\/?s=Uni%C3%B3n+Europea+\">Uni\u00f3n Europea<\/a> (UE)<a href=\"https:\/\/civil-protection-humanitarian-aid.ec.europa.eu\/what\/civil-protection\/resceu_en\" target=\"_blank\" rel=\"noreferrer noopener\">, rescEU,<\/a>&nbsp;de Suecia a B\u00e9lgica, junto con dos helic\u00f3pteros de los Pa\u00edses Bajos, dos de Noruega y dos de Alemania, en apoyo de los bomberos locales que luchan contra el fuego en los Hautes Fagnes. Hasta el momento se han quemado m\u00e1s de 3 000 hect\u00e1reas.<\/p>\n\n\n\n<p class=\"wp-block-paragraph\">En&nbsp;Espa\u00f1a,&nbsp;104 bomberos terrestres con 36 veh\u00edculos procedentes de Francia&nbsp;han acudido en ayuda de los bomberos espa\u00f1oles en la comunidad aut\u00f3noma de Arag\u00f3n, donde ya han ardido cerca de 16 000 hect\u00e1reas.<\/p>\n\n\n\n<p class=\"wp-block-paragraph\">La UE tambi\u00e9n apoya a los servicios de emergencia mediante el&nbsp;sistema de cartograf\u00eda por sat\u00e9lite. El&nbsp;<a href=\"https:\/\/mapping.emergency.copernicus.eu\/\" target=\"_blank\" rel=\"noreferrer noopener\">Servicio de Gesti\u00f3n de Emergencias de Copernicus<\/a>&nbsp;est\u00e1 trabajando en los <a href=\"https:\/\/patrimonioactual.com\/page\/?s=incendios+forestales+\">incendios forestales<\/a> de B\u00e9lgica, Espa\u00f1a, Grecia, Alemania, Montenegro, Albania, Francia, Serbia e Italia, proporcionando mapas r\u00e1pidos para ayudar a las autoridades a evaluar las zonas afectadas y organizar la respuesta.<\/p>\n\n\n\n<p class=\"wp-block-paragraph\">La comisaria de Gesti\u00f3n de Crisis, Hadja&nbsp;Lahbib, ha declarado: \u00abNing\u00fan pa\u00eds debe enfrentarse por s\u00ed solo a los incendios forestales. A trav\u00e9s de nuestro Mecanismo de Protecci\u00f3n Civil, Europa est\u00e1 desplazando r\u00e1pidamente aeronaves, helic\u00f3pteros y bomberos hacia donde m\u00e1s se necesitan. Este fin de semana en B\u00e9lgica y Espa\u00f1a, la solidaridad europea volvi\u00f3 a estar sobre el terreno\u00bb.<\/p>\n\n\n\n<p class=\"wp-block-paragraph\">La temporada de incendios forestales de 2026 ya es excepcionalmente grave.<\/p>\n\n\n\n<p class=\"wp-block-paragraph\">A finales de julio, la superficie quemada ya era&nbsp;<a href=\"https:\/\/forest-fire.emergency.copernicus.eu\/apps\/effis.statistics\/seasonaltrend\" target=\"_blank\" rel=\"noreferrer noopener\">dos veces y media superior<\/a>&nbsp;a lo que es habitual en Europa. A trav\u00e9s del Mecanismo de Protecci\u00f3n Civil de la Uni\u00f3n, los pa\u00edses pueden recurrir r\u00e1pidamente a un conjunto mucho m\u00e1s amplio de bomberos, aeronaves y otras capacidades de emergencia cuando los recursos nacionales est\u00e1n sometidos a presi\u00f3n.<\/p>\n\n\n\n<p class=\"wp-block-paragraph\">El&nbsp;<a href=\"https:\/\/civil-protection-humanitarian-aid.ec.europa.eu\/what\/civil-protection\/emergency-response-coordination-centre_en\" target=\"_blank\" rel=\"noreferrer noopener\">Centro de Coordinaci\u00f3n de la Respuesta a Emergencias de<\/a>&nbsp;la <a href=\"https:\/\/patrimonioactual.com\/page\/?s=Comisi%C3%B3n+Europea\">Comisi\u00f3n Europea<\/a> ocupa un lugar central en este sistema: recibe solicitudes de asistencia, coordina las ofertas de los Estados miembros y los Estados participantes y apoya el despliegue de las capacidades ofrecidas. La Comisi\u00f3n tambi\u00e9n cofinancia los despliegues.<\/p>\n\n\n\n<p class=\"wp-block-paragraph\"><strong>S\u00edguenos en&nbsp;<\/strong><a href=\"https:\/\/www.facebook.com\/P.actual\"><strong>Facebook<\/strong><\/a><strong>&nbsp;y&nbsp;<\/strong><a href=\"https:\/\/twitter.com\/p_actual\"><strong>Twitter<\/strong><\/a><\/p>\n\n\n\n<p class=\"wp-block-paragraph\"><\/p>\n","protected":false},"excerpt":{"rendered":"<p>La UE ha desplegado asistencia en B\u00e9lgica y Espa\u00f1a tras su activaci\u00f3n del Mecanismo de Protecci\u00f3n Civil de la Uni\u00f3n (MPCU), ya que los incendios forestales siguen afectando a varias partes de Europa En&nbsp;B\u00e9lgica, se enviaron dos aviones de la flota de extinci\u00f3n de incendios de la Uni\u00f3n Europea (UE), rescEU,&nbsp;de Suecia a B\u00e9lgica, junto [&hellip;]<\/p>\n","protected":false},"author":1,"featured_media":26755,"comment_status":"open","ping_status":"open","sticky":false,"template":"","format":"standard","meta":{"footnotes":""},"categories":[22,5,39],"tags":[7513,5533,553],"class_list":["post-26754","post","type-post","status-publish","format-standard","has-post-thumbnail","category-parajes-naturales","category-patrimonio-natural-e-inmaterial","category-ultimas-noticias","tag-mecanismo-de-proteccion-civil-de-la-union","tag-resceu","tag-union-europea"],"yoast_head":"<!-- This site is optimized with the Yoast SEO plugin v27.4 - https:\/\/yoast.com\/product\/yoast-seo-wordpress\/ -->\n<title>La UE moviliza apoyo a medida que los incendios forestales se extienden por toda Europa - Patrimonio Actual, ciudades, sitios y espacios naturales declarados Patrimonio de la Humanidad por la UNESCO<\/title>\n<meta name=\"description\" content=\"La UE ha desplegado asistencia en B\u00e9lgica y Espa\u00f1a tras su activaci\u00f3n del Mecanismo de Protecci\u00f3n Civil de la Uni\u00f3n (MPCU)\" \/>\n<meta name=\"robots\" content=\"index, follow, max-snippet:-1, max-image-preview:large, max-video-preview:-1\" \/>\n<link rel=\"canonical\" href=\"https:\/\/patrimonioactual.com\/page\/los-incendios-forestales-se-extienden-por-toda-europa\/\" \/>\n<meta property=\"og:locale\" content=\"es_ES\" \/>\n<meta property=\"og:type\" content=\"article\" \/>\n<meta property=\"og:title\" content=\"La UE moviliza apoyo a medida que los incendios forestales se extienden por toda Europa - Patrimonio Actual, ciudades, sitios y espacios naturales declarados Patrimonio de la Humanidad por la UNESCO\" \/>\n<meta property=\"og:description\" content=\"La UE ha desplegado asistencia en B\u00e9lgica y Espa\u00f1a tras su activaci\u00f3n del Mecanismo de Protecci\u00f3n Civil de la Uni\u00f3n (MPCU)\" \/>\n<meta property=\"og:url\" content=\"https:\/\/patrimonioactual.com\/page\/los-incendios-forestales-se-extienden-por-toda-europa\/\" \/>\n<meta property=\"og:site_name\" content=\"Patrimonio Actual, ciudades, sitios y espacios naturales declarados Patrimonio de la Humanidad por la UNESCO\" \/>\n<meta property=\"article:publisher\" content=\"https:\/\/www.facebook.com\/P.actual\" \/>\n<meta property=\"article:author\" content=\"http:\/\/facebook.com\/patrimonio.actual\" \/>\n<meta property=\"article:published_time\" content=\"2026-08-18T07:31:36+00:00\" \/>\n<meta property=\"article:modified_time\" content=\"2026-08-18T07:31:40+00:00\" \/>\n<meta property=\"og:image\" content=\"https:\/\/patrimonioactual.com\/page\/wp-content\/uploads\/2026\/08\/UE-rescEU-helicopter00.gif\" \/>\n\t<meta property=\"og:image:width\" content=\"615\" \/>\n\t<meta property=\"og:image:height\" content=\"461\" \/>\n\t<meta property=\"og:image:type\" content=\"image\/gif\" \/>\n<meta name=\"author\" content=\"admin\" \/>\n<meta name=\"twitter:card\" content=\"summary_large_image\" \/>\n<meta name=\"twitter:creator\" content=\"@P_actual\" \/>\n<meta name=\"twitter:site\" content=\"@P_actual\" \/>\n<meta name=\"twitter:label1\" content=\"Escrito por\" \/>\n\t<meta name=\"twitter:data1\" content=\"admin\" \/>\n\t<meta name=\"twitter:label2\" content=\"Tiempo de lectura\" \/>\n\t<meta name=\"twitter:data2\" content=\"3 minutos\" \/>\n<script type=\"application\/ld+json\" class=\"yoast-schema-graph\">{\"@context\":\"https:\\\/\\\/schema.org\",\"@graph\":[{\"@type\":\"Article\",\"@id\":\"https:\\\/\\\/patrimonioactual.com\\\/page\\\/los-incendios-forestales-se-extienden-por-toda-europa\\\/#article\",\"isPartOf\":{\"@id\":\"https:\\\/\\\/patrimonioactual.com\\\/page\\\/los-incendios-forestales-se-extienden-por-toda-europa\\\/\"},\"author\":{\"name\":\"admin\",\"@id\":\"https:\\\/\\\/patrimonioactual.com\\\/page\\\/#\\\/schema\\\/person\\\/76850d24a9bd508e8e44db1faeab630e\"},\"headline\":\"La UE moviliza apoyo a medida que los incendios forestales se extienden por toda Europa\",\"datePublished\":\"2026-08-18T07:31:36+00:00\",\"dateModified\":\"2026-08-18T07:31:40+00:00\",\"mainEntityOfPage\":{\"@id\":\"https:\\\/\\\/patrimonioactual.com\\\/page\\\/los-incendios-forestales-se-extienden-por-toda-europa\\\/\"},\"wordCount\":474,\"commentCount\":0,\"image\":{\"@id\":\"https:\\\/\\\/patrimonioactual.com\\\/page\\\/los-incendios-forestales-se-extienden-por-toda-europa\\\/#primaryimage\"},\"thumbnailUrl\":\"https:\\\/\\\/patrimonioactual.com\\\/page\\\/wp-content\\\/uploads\\\/2026\\\/08\\\/UE-rescEU-helicopter00.gif\",\"keywords\":[\"Mecanismo de Protecci\u00f3n Civil de la Uni\u00f3n\",\"RescEU\",\"Uni\u00f3n Europea\"],\"articleSection\":[\"Parajes Naturales\",\"Patrimonio Natural\",\"\u00daltimas Noticias\"],\"inLanguage\":\"es\",\"potentialAction\":[{\"@type\":\"CommentAction\",\"name\":\"Comment\",\"target\":[\"https:\\\/\\\/patrimonioactual.com\\\/page\\\/los-incendios-forestales-se-extienden-por-toda-europa\\\/#respond\"]}]},{\"@type\":\"WebPage\",\"@id\":\"https:\\\/\\\/patrimonioactual.com\\\/page\\\/los-incendios-forestales-se-extienden-por-toda-europa\\\/\",\"url\":\"https:\\\/\\\/patrimonioactual.com\\\/page\\\/los-incendios-forestales-se-extienden-por-toda-europa\\\/\",\"name\":\"La UE moviliza apoyo a medida que los incendios forestales se extienden por toda Europa - Patrimonio Actual, ciudades, sitios y espacios naturales declarados Patrimonio de la Humanidad por la UNESCO\",\"isPartOf\":{\"@id\":\"https:\\\/\\\/patrimonioactual.com\\\/page\\\/#website\"},\"primaryImageOfPage\":{\"@id\":\"https:\\\/\\\/patrimonioactual.com\\\/page\\\/los-incendios-forestales-se-extienden-por-toda-europa\\\/#primaryimage\"},\"image\":{\"@id\":\"https:\\\/\\\/patrimonioactual.com\\\/page\\\/los-incendios-forestales-se-extienden-por-toda-europa\\\/#primaryimage\"},\"thumbnailUrl\":\"https:\\\/\\\/patrimonioactual.com\\\/page\\\/wp-content\\\/uploads\\\/2026\\\/08\\\/UE-rescEU-helicopter00.gif\",\"datePublished\":\"2026-08-18T07:31:36+00:00\",\"dateModified\":\"2026-08-18T07:31:40+00:00\",\"author\":{\"@id\":\"https:\\\/\\\/patrimonioactual.com\\\/page\\\/#\\\/schema\\\/person\\\/76850d24a9bd508e8e44db1faeab630e\"},\"description\":\"La UE ha desplegado asistencia en B\u00e9lgica y Espa\u00f1a tras su activaci\u00f3n del Mecanismo de Protecci\u00f3n Civil de la Uni\u00f3n (MPCU)\",\"breadcrumb\":{\"@id\":\"https:\\\/\\\/patrimonioactual.com\\\/page\\\/los-incendios-forestales-se-extienden-por-toda-europa\\\/#breadcrumb\"},\"inLanguage\":\"es\",\"potentialAction\":[{\"@type\":\"ReadAction\",\"target\":[\"https:\\\/\\\/patrimonioactual.com\\\/page\\\/los-incendios-forestales-se-extienden-por-toda-europa\\\/\"]}]},{\"@type\":\"ImageObject\",\"inLanguage\":\"es\",\"@id\":\"https:\\\/\\\/patrimonioactual.com\\\/page\\\/los-incendios-forestales-se-extienden-por-toda-europa\\\/#primaryimage\",\"url\":\"https:\\\/\\\/patrimonioactual.com\\\/page\\\/wp-content\\\/uploads\\\/2026\\\/08\\\/UE-rescEU-helicopter00.gif\",\"contentUrl\":\"https:\\\/\\\/patrimonioactual.com\\\/page\\\/wp-content\\\/uploads\\\/2026\\\/08\\\/UE-rescEU-helicopter00.gif\",\"width\":615,\"height\":461,\"caption\":\"El primer helic\u00f3ptero de la flota rescEU, entregado a Ruman\u00eda en enero de 2026, ya est\u00e1 operativo para la actual temporada de incendios forestales de 2026. Foto: \u00a9 Wojciech Szl\u0119k, 2025\"},{\"@type\":\"BreadcrumbList\",\"@id\":\"https:\\\/\\\/patrimonioactual.com\\\/page\\\/los-incendios-forestales-se-extienden-por-toda-europa\\\/#breadcrumb\",\"itemListElement\":[{\"@type\":\"ListItem\",\"position\":1,\"name\":\"Portada\",\"item\":\"https:\\\/\\\/patrimonioactual.com\\\/page\\\/\"},{\"@type\":\"ListItem\",\"position\":2,\"name\":\"La UE moviliza apoyo a medida que los incendios forestales se extienden por toda Europa\"}]},{\"@type\":\"WebSite\",\"@id\":\"https:\\\/\\\/patrimonioactual.com\\\/page\\\/#website\",\"url\":\"https:\\\/\\\/patrimonioactual.com\\\/page\\\/\",\"name\":\"Patrimonio Actual, ciudades, sitios y espacios naturales declarados Patrimonio de la Humanidad por la UNESCO\",\"description\":\"Revista digital que busca informar a un p\u00fablico objetivo amplio, de los acontecimientos mundiales que se producen en torno a la informaci\u00f3n del patrimonio cultural, natural, inmaterial y tur\u00edstico-cultural de ciudades y espacios naturales, Patrimonio de la Humanidad declarados por la UNESCO.\",\"potentialAction\":[{\"@type\":\"SearchAction\",\"target\":{\"@type\":\"EntryPoint\",\"urlTemplate\":\"https:\\\/\\\/patrimonioactual.com\\\/page\\\/?s={search_term_string}\"},\"query-input\":{\"@type\":\"PropertyValueSpecification\",\"valueRequired\":true,\"valueName\":\"search_term_string\"}}],\"inLanguage\":\"es\"},{\"@type\":\"Person\",\"@id\":\"https:\\\/\\\/patrimonioactual.com\\\/page\\\/#\\\/schema\\\/person\\\/76850d24a9bd508e8e44db1faeab630e\",\"name\":\"admin\",\"image\":{\"@type\":\"ImageObject\",\"inLanguage\":\"es\",\"@id\":\"https:\\\/\\\/secure.gravatar.com\\\/avatar\\\/48168d7e7932867b9131639a989484f6c50ddc0e7a6d380e506072a10e5df39d?s=96&d=mm&r=g\",\"url\":\"https:\\\/\\\/secure.gravatar.com\\\/avatar\\\/48168d7e7932867b9131639a989484f6c50ddc0e7a6d380e506072a10e5df39d?s=96&d=mm&r=g\",\"contentUrl\":\"https:\\\/\\\/secure.gravatar.com\\\/avatar\\\/48168d7e7932867b9131639a989484f6c50ddc0e7a6d380e506072a10e5df39d?s=96&d=mm&r=g\",\"caption\":\"admin\"},\"sameAs\":[\"http:\\\/\\\/facebook.com\\\/patrimonio.actual\",\"https:\\\/\\\/x.com\\\/P_actual\"],\"url\":\"https:\\\/\\\/patrimonioactual.com\\\/page\\\/author\\\/juan\\\/\"}]}<\/script>\n<!-- \/ Yoast SEO plugin. -->","yoast_head_json":{"title":"La UE moviliza apoyo a medida que los incendios forestales se extienden por toda Europa - Patrimonio Actual, ciudades, sitios y espacios naturales declarados Patrimonio de la Humanidad por la UNESCO","description":"La UE ha desplegado asistencia en B\u00e9lgica y Espa\u00f1a tras su activaci\u00f3n del Mecanismo de Protecci\u00f3n Civil de la Uni\u00f3n (MPCU)","robots":{"index":"index","follow":"follow","max-snippet":"max-snippet:-1","max-image-preview":"max-image-preview:large","max-video-preview":"max-video-preview:-1"},"canonical":"https:\/\/patrimonioactual.com\/page\/los-incendios-forestales-se-extienden-por-toda-europa\/","og_locale":"es_ES","og_type":"article","og_title":"La UE moviliza apoyo a medida que los incendios forestales se extienden por toda Europa - Patrimonio Actual, ciudades, sitios y espacios naturales declarados Patrimonio de la Humanidad por la UNESCO","og_description":"La UE ha desplegado asistencia en B\u00e9lgica y Espa\u00f1a tras su activaci\u00f3n del Mecanismo de Protecci\u00f3n Civil de la Uni\u00f3n (MPCU)","og_url":"https:\/\/patrimonioactual.com\/page\/los-incendios-forestales-se-extienden-por-toda-europa\/","og_site_name":"Patrimonio Actual, ciudades, sitios y espacios naturales declarados Patrimonio de la Humanidad por la UNESCO","article_publisher":"https:\/\/www.facebook.com\/P.actual","article_author":"http:\/\/facebook.com\/patrimonio.actual","article_published_time":"2026-08-18T07:31:36+00:00","article_modified_time":"2026-08-18T07:31:40+00:00","og_image":[{"width":615,"height":461,"url":"https:\/\/patrimonioactual.com\/page\/wp-content\/uploads\/2026\/08\/UE-rescEU-helicopter00.gif","type":"image\/gif"}],"author":"admin","twitter_card":"summary_large_image","twitter_creator":"@P_actual","twitter_site":"@P_actual","twitter_misc":{"Escrito por":"admin","Tiempo de lectura":"3 minutos"},"schema":{"@context":"https:\/\/schema.org","@graph":[{"@type":"Article","@id":"https:\/\/patrimonioactual.com\/page\/los-incendios-forestales-se-extienden-por-toda-europa\/#article","isPartOf":{"@id":"https:\/\/patrimonioactual.com\/page\/los-incendios-forestales-se-extienden-por-toda-europa\/"},"author":{"name":"admin","@id":"https:\/\/patrimonioactual.com\/page\/#\/schema\/person\/76850d24a9bd508e8e44db1faeab630e"},"headline":"La UE moviliza apoyo a medida que los incendios forestales se extienden por toda Europa","datePublished":"2026-08-18T07:31:36+00:00","dateModified":"2026-08-18T07:31:40+00:00","mainEntityOfPage":{"@id":"https:\/\/patrimonioactual.com\/page\/los-incendios-forestales-se-extienden-por-toda-europa\/"},"wordCount":474,"commentCount":0,"image":{"@id":"https:\/\/patrimonioactual.com\/page\/los-incendios-forestales-se-extienden-por-toda-europa\/#primaryimage"},"thumbnailUrl":"https:\/\/patrimonioactual.com\/page\/wp-content\/uploads\/2026\/08\/UE-rescEU-helicopter00.gif","keywords":["Mecanismo de Protecci\u00f3n Civil de la Uni\u00f3n","RescEU","Uni\u00f3n Europea"],"articleSection":["Parajes Naturales","Patrimonio Natural","\u00daltimas Noticias"],"inLanguage":"es","potentialAction":[{"@type":"CommentAction","name":"Comment","target":["https:\/\/patrimonioactual.com\/page\/los-incendios-forestales-se-extienden-por-toda-europa\/#respond"]}]},{"@type":"WebPage","@id":"https:\/\/patrimonioactual.com\/page\/los-incendios-forestales-se-extienden-por-toda-europa\/","url":"https:\/\/patrimonioactual.com\/page\/los-incendios-forestales-se-extienden-por-toda-europa\/","name":"La UE moviliza apoyo a medida que los incendios forestales se extienden por toda Europa - Patrimonio Actual, ciudades, sitios y espacios naturales declarados Patrimonio de la Humanidad por la UNESCO","isPartOf":{"@id":"https:\/\/patrimonioactual.com\/page\/#website"},"primaryImageOfPage":{"@id":"https:\/\/patrimonioactual.com\/page\/los-incendios-forestales-se-extienden-por-toda-europa\/#primaryimage"},"image":{"@id":"https:\/\/patrimonioactual.com\/page\/los-incendios-forestales-se-extienden-por-toda-europa\/#primaryimage"},"thumbnailUrl":"https:\/\/patrimonioactual.com\/page\/wp-content\/uploads\/2026\/08\/UE-rescEU-helicopter00.gif","datePublished":"2026-08-18T07:31:36+00:00","dateModified":"2026-08-18T07:31:40+00:00","author":{"@id":"https:\/\/patrimonioactual.com\/page\/#\/schema\/person\/76850d24a9bd508e8e44db1faeab630e"},"description":"La UE ha desplegado asistencia en B\u00e9lgica y Espa\u00f1a tras su activaci\u00f3n del Mecanismo de Protecci\u00f3n Civil de la Uni\u00f3n (MPCU)","breadcrumb":{"@id":"https:\/\/patrimonioactual.com\/page\/los-incendios-forestales-se-extienden-por-toda-europa\/#breadcrumb"},"inLanguage":"es","potentialAction":[{"@type":"ReadAction","target":["https:\/\/patrimonioactual.com\/page\/los-incendios-forestales-se-extienden-por-toda-europa\/"]}]},{"@type":"ImageObject","inLanguage":"es","@id":"https:\/\/patrimonioactual.com\/page\/los-incendios-forestales-se-extienden-por-toda-europa\/#primaryimage","url":"https:\/\/patrimonioactual.com\/page\/wp-content\/uploads\/2026\/08\/UE-rescEU-helicopter00.gif","contentUrl":"https:\/\/patrimonioactual.com\/page\/wp-content\/uploads\/2026\/08\/UE-rescEU-helicopter00.gif","width":615,"height":461,"caption":"El primer helic\u00f3ptero de la flota rescEU, entregado a Ruman\u00eda en enero de 2026, ya est\u00e1 operativo para la actual temporada de incendios forestales de 2026. Foto: \u00a9 Wojciech Szl\u0119k, 2025"},{"@type":"BreadcrumbList","@id":"https:\/\/patrimonioactual.com\/page\/los-incendios-forestales-se-extienden-por-toda-europa\/#breadcrumb","itemListElement":[{"@type":"ListItem","position":1,"name":"Portada","item":"https:\/\/patrimonioactual.com\/page\/"},{"@type":"ListItem","position":2,"name":"La UE moviliza apoyo a medida que los incendios forestales se extienden por toda Europa"}]},{"@type":"WebSite","@id":"https:\/\/patrimonioactual.com\/page\/#website","url":"https:\/\/patrimonioactual.com\/page\/","name":"Patrimonio Actual, ciudades, sitios y espacios naturales declarados Patrimonio de la Humanidad por la UNESCO","description":"Revista digital que busca informar a un p\u00fablico objetivo amplio, de los acontecimientos mundiales que se producen en torno a la informaci\u00f3n del patrimonio cultural, natural, inmaterial y tur\u00edstico-cultural de ciudades y espacios naturales, Patrimonio de la Humanidad declarados por la UNESCO.","potentialAction":[{"@type":"SearchAction","target":{"@type":"EntryPoint","urlTemplate":"https:\/\/patrimonioactual.com\/page\/?s={search_term_string}"},"query-input":{"@type":"PropertyValueSpecification","valueRequired":true,"valueName":"search_term_string"}}],"inLanguage":"es"},{"@type":"Person","@id":"https:\/\/patrimonioactual.com\/page\/#\/schema\/person\/76850d24a9bd508e8e44db1faeab630e","name":"admin","image":{"@type":"ImageObject","inLanguage":"es","@id":"https:\/\/secure.gravatar.com\/avatar\/48168d7e7932867b9131639a989484f6c50ddc0e7a6d380e506072a10e5df39d?s=96&d=mm&r=g","url":"https:\/\/secure.gravatar.com\/avatar\/48168d7e7932867b9131639a989484f6c50ddc0e7a6d380e506072a10e5df39d?s=96&d=mm&r=g","contentUrl":"https:\/\/secure.gravatar.com\/avatar\/48168d7e7932867b9131639a989484f6c50ddc0e7a6d380e506072a10e5df39d?s=96&d=mm&r=g","caption":"admin"},"sameAs":["http:\/\/facebook.com\/patrimonio.actual","https:\/\/x.com\/P_actual"],"url":"https:\/\/patrimonioactual.com\/page\/author\/juan\/"}]}},"_links":{"self":[{"href":"https:\/\/patrimonioactual.com\/page\/wp-json\/wp\/v2\/posts\/26754","targetHints":{"allow":["GET"]}}],"collection":[{"href":"https:\/\/patrimonioactual.com\/page\/wp-json\/wp\/v2\/posts"}],"about":[{"href":"https:\/\/patrimonioactual.com\/page\/wp-json\/wp\/v2\/types\/post"}],"author":[{"embeddable":true,"href":"https:\/\/patrimonioactual.com\/page\/wp-json\/wp\/v2\/users\/1"}],"replies":[{"embeddable":true,"href":"https:\/\/patrimonioactual.com\/page\/wp-json\/wp\/v2\/comments?post=26754"}],"version-history":[{"count":1,"href":"https:\/\/patrimonioactual.com\/page\/wp-json\/wp\/v2\/posts\/26754\/revisions"}],"predecessor-version":[{"id":26756,"href":"https:\/\/patrimonioactual.com\/page\/wp-json\/wp\/v2\/posts\/26754\/revisions\/26756"}],"wp:featuredmedia":[{"embeddable":true,"href":"https:\/\/patrimonioactual.com\/page\/wp-json\/wp\/v2\/media\/26755"}],"wp:attachment":[{"href":"https:\/\/patrimonioactual.com\/page\/wp-json\/wp\/v2\/media?parent=26754"}],"wp:term":[{"taxonomy":"category","embeddable":true,"href":"https:\/\/patrimonioactual.com\/page\/wp-json\/wp\/v2\/categories?post=26754"},{"taxonomy":"post_tag","embeddable":true,"href":"https:\/\/patrimonioactual.com\/page\/wp-json\/wp\/v2\/tags?post=26754"}],"curies":[{"name":"wp","href":"https:\/\/api.w.org\/{rel}","templated":true}]}}