{"id":26760,"date":"2026-08-19T09:20:16","date_gmt":"2026-08-19T07:20:16","guid":{"rendered":"https:\/\/patrimonioactual.com\/page\/?p=26760"},"modified":"2026-08-19T09:20:20","modified_gmt":"2026-08-19T07:20:20","slug":"arranca-en-mexico-un-proyecto-piloto-para-coconstruir-un-modelo-de-centros-de-excelencia-entre-unesco-conalep-y-dgeti","status":"publish","type":"post","link":"https:\/\/patrimonioactual.com\/page\/arranca-en-mexico-un-proyecto-piloto-para-coconstruir-un-modelo-de-centros-de-excelencia-entre-unesco-conalep-y-dgeti\/","title":{"rendered":"Arranca en M\u00e9xico un proyecto piloto para coconstruir un Modelo de Centros de Excelencia entre UNESCO, CONALEP y DGETI"},"content":{"rendered":"<div class=\"wp-block-image\">\n<figure class=\"aligncenter size-full\"><a href=\"https:\/\/patrimonioactual.com\/page\/wp-content\/uploads\/2026\/08\/UNESCO-Presentacion-de-proyecto-para-un-modelo-de-Centros-de-Excelencia1100.gif\"><img loading=\"lazy\" decoding=\"async\" width=\"615\" height=\"461\" src=\"https:\/\/patrimonioactual.com\/page\/wp-content\/uploads\/2026\/08\/UNESCO-Presentacion-de-proyecto-para-un-modelo-de-Centros-de-Excelencia1100.gif\" alt=\"UNESCO. M\u00e9xico implementa un proyecto piloto impulsado por la UNESCO en dos instituciones l\u00edderes en Educaci\u00f3n y Formaci\u00f3n T\u00e9cnica y Profesional\" class=\"wp-image-26761\"\/><\/a><figcaption class=\"wp-element-caption\">UNESCO. M\u00e9xico implementa un proyecto piloto impulsado por la UNESCO en dos instituciones l\u00edderes en Educaci\u00f3n y Formaci\u00f3n T\u00e9cnica y Profesional<\/figcaption><\/figure>\n<\/div>\n\n\n<p class=\"has-medium-font-size wp-block-paragraph\"><strong>Modelo de Centros de Excelencia entre UNESCO, CONALEP y DGETI busca fortalecer educaci\u00f3n t\u00e9cnica y profesional, talento digital y extenderlo a Am\u00e9rica Latina y el Caribe<\/strong><\/p>\n\n\n\n<p class=\"wp-block-paragraph\"><a href=\"https:\/\/patrimonioactual.com\/page\/?s=M%C3%A9xico\">M\u00e9xico<\/a>&nbsp;implementa un proyecto piloto impulsado por la <a href=\"https:\/\/patrimonioactual.com\/page\/?s=UNESCO+\">UNESCO<\/a> en dos instituciones l\u00edderes en Educaci\u00f3n y Formaci\u00f3n T\u00e9cnica y Profesional (EFTP), el Colegio Nacional de Educaci\u00f3n Profesional T\u00e9cnica (CONALEP) y la Direcci\u00f3n General de Educaci\u00f3n Tecnol\u00f3gica Industrial y de Servicios (DGETI), para cocrear un Modelo de Centros de Excelencia junto con docentes, estudiantes y personal directivo de dichas instituciones mexicanas. Uno de sus principales objetivos es impulsar el talento digital.<\/p>\n\n\n\n<p class=\"wp-block-paragraph\">En la Sede Com\u00fan de las <a href=\"https:\/\/patrimonioactual.com\/page\/?s=Naciones+Unidas+\">Naciones Unidas<\/a> en M\u00e9xico, se anunci\u00f3 que este proyecto piloto se implementa en ocho planteles de la Zona Metropolitana del Valle de M\u00e9xico, durante el a\u00f1o escolar 2026-2027. Los planteles \u00c1lvaro Obreg\u00f3n II, Santa Fe y Centro M\u00e9xico\u2013Canad\u00e1 por parte del CONALEP, as\u00ed como los CETis 8, 31 y 65 y los CBTis 29 y 203 por la DGETI.<\/p>\n\n\n\n<p class=\"wp-block-paragraph\">Su meta es comprobar estrategias y recursos que fortalezcan las capacidades de los planteles y recuperar aprendizajes que permitan integrar un modelo innovador que contribuya a mejorar la calidad de la EFTP y que promueva un desarrollo m\u00e1s inclusivo, equitativo y sostenible.<\/p>\n\n\n\n<p class=\"wp-block-paragraph\">As\u00ed, cada plantel se fortalecer\u00e1 como un nodo de innovaci\u00f3n en su contexto mediante el desarrollo de capacidades, talento digital, vinculaci\u00f3n con el entorno y mejora continua.<\/p>\n\n\n\n<p class=\"wp-block-paragraph\">Los resultados, incluida una hoja de ruta espec\u00edfica para consolidar comunidades de pr\u00e1ctica y de aprendizaje cimentadas en el trabajo entre pares y el liderazgo juvenil, permitir\u00e1n valorar las condiciones y posibilidades de un eventual escalamiento del modelo en M\u00e9xico para promover el empoderamiento y el empleo productivo entre los j\u00f3venes.<\/p>\n\n\n\n<p class=\"wp-block-paragraph\">El modelo tambi\u00e9n buscar\u00e1 inspirar a otras escuelas y comunidades para integrar nuevas herramientas de trabajo y extenderlo hacia otros sistemas educativos de <a href=\"https:\/\/patrimonioactual.com\/page\/?s=Am%C3%A9rica+Latina+y+el+Caribe\">Am\u00e9rica Latina y el Caribe<\/a>.<\/p>\n\n\n\n<p class=\"wp-block-paragraph\">En las distintas etapas de formaci\u00f3n e intercambio de experiencias entre planteles y con otros pa\u00edses, tambi\u00e9n se sumar\u00e1n empresas y aliados estrat\u00e9gicos, junto con las comunidades educativas, incluidas las familias, y el acompa\u00f1amiento t\u00e9cnico continuo por la UNESCO.&nbsp;<\/p>\n\n\n\n<p class=\"wp-block-paragraph\">El proyecto es una de las acciones de la Alianza Regional para la Transformaci\u00f3n e Innovaci\u00f3n Educativa (ARTIE), conformada por secretar\u00edas y ministerios de Educaci\u00f3n de Am\u00e9rica Latina y el Caribe, con la participaci\u00f3n de aliados p\u00fablicos y privados, como la empresa de tecnolog\u00eda Huawei.<\/p>\n\n\n\n<p class=\"wp-block-paragraph\">La implementaci\u00f3n del proyecto en M\u00e9xico se determin\u00f3 por su sistema educativo robusto y su amplia cobertura de&nbsp;EFTP, que en el ciclo escolar 2024-2025 registr\u00f3 una matr\u00edcula de m\u00e1s de 1.9 millones de estudiantes entre los 15 y 18 a\u00f1os, atendidos por casi 199 000 docentes en cerca de 3 000 escuelas, con una oferta de m\u00e1s de 90 carreras t\u00e9cnicas.<\/p>\n\n\n\n<p class=\"has-medium-font-size wp-block-paragraph\"><strong>Perspectivas de las instituciones sobre el proyecto<\/strong><\/p>\n\n\n\n<p class=\"wp-block-paragraph\">El director general del CONALEP, Rodrigo Rojas Navarrete, se\u00f1al\u00f3 que el proyecto es un hito estrat\u00e9gico para consolidar sus planteles como verdaderos nodos de innovaci\u00f3n y motores de especializaci\u00f3n dentro de sus ecosistemas territoriales. Esta iniciativa no solo fortalece el liderazgo institucional y la vinculaci\u00f3n con sectores productivos estrat\u00e9gicos, como los vinculados al&nbsp;<em>nearshoring<\/em>, sino que posiciona a la instituci\u00f3n como un referente de vanguardia en la formaci\u00f3n de j\u00f3venes como creadores activos de soluciones tecnol\u00f3gicas bajo una visi\u00f3n humanista.<\/p>\n\n\n\n<p class=\"wp-block-paragraph\">En ese sentido, reafirm\u00f3 su compromiso con la inclusi\u00f3n, la equidad de g\u00e9nero y la prosperidad compartida, sentando las bases para un modelo educativo de excelencia con el potencial de ser escalado a nivel nacional y exportado a toda Am\u00e9rica Latina y el Caribe.<\/p>\n\n\n\n<p class=\"wp-block-paragraph\">Por su parte, Eduardo Ramos Mart\u00edn, en representaci\u00f3n del titular de la DGETI, Rolando L\u00f3pez Salda\u00f1a, subray\u00f3 que los cinco planteles que participan en el piloto est\u00e1n preparados para compartir experiencias y saberes con organismos internacionales de la talla de la UNESCO, as\u00ed como con instituciones hermanas del subsistema de educaci\u00f3n media superior t\u00e9cnica.<\/p>\n\n\n\n<p class=\"wp-block-paragraph\">A trav\u00e9s de la coconstrucci\u00f3n de proyectos acad\u00e9micos de excelencia, la DGETI fortalece la EFTP en M\u00e9xico: \u201csuma a las acciones estrat\u00e9gicas de dotar a nuestras y nuestros docentes de herramientas pedag\u00f3gicas e innovadoras de clase mundial, y asegurar que cada estudiante en nuestros planteles adquiera las competencias digitales, t\u00e9cnicas y humanistas reales para enfrentar con \u00e9xito los retos del futuro y convertirse en agentes clave del desarrollo socioecon\u00f3mico de nuestra naci\u00f3n\u00bb, dijo Ramos Mart\u00edn.<\/p>\n\n\n\n<p class=\"has-medium-font-size wp-block-paragraph\"><strong>Relevancia de la Estrategia de la UNESCO para la Educaci\u00f3n y la Formaci\u00f3n T\u00e9cnica y Profesional 2022\u20132029<\/strong><\/p>\n\n\n\n<p class=\"wp-block-paragraph\">Rosa Wolpert, Oficial Nacional de Educaci\u00f3n de la UNESCO en M\u00e9xico, record\u00f3 que es prioritario que los sistemas educativos preparen a las personas para avanzar hacia econom\u00edas y sociedades inclusivas, reconociendo los desaf\u00edos de las realidades digitales y del <a href=\"https:\/\/patrimonioactual.com\/page\/?s=cambio+clim%C3%A1tico+\">cambio clim\u00e1tico<\/a>, por lo cual es necesario actualizar la oferta de las instituciones formativas con dicho enfoque, anticipar las necesidades del mundo del trabajo y fortalecer competencias digitales, t\u00e9cnicas y profesionales.<\/p>\n\n\n\n<p class=\"wp-block-paragraph\">\u201cEste esfuerzo impulsa la transformaci\u00f3n digital con una visi\u00f3n humanista y con las juventudes como liderazgos de innovaci\u00f3n para poner la tecnolog\u00eda al servicio de la equidad de g\u00e9nero, la inclusi\u00f3n, el cuidado ambiental y el bienestar socioemocional\u201d, coment\u00f3 Wolpert.<\/p>\n\n\n\n<p class=\"wp-block-paragraph\">ARTIE y la UNESCO movilizan distintas iniciativas que reconocen a las y los j\u00f3venes como creadores y cocreadores activos de soluciones y transformaciones. Al fortalecer sus competencias digitales y pensamiento cr\u00edtico, se ampl\u00edan las oportunidades de acceso a empleos de calidad y para construir un futuro m\u00e1s inclusivo y sostenible, rompiendo brechas hist\u00f3ricas, como la desigualdad de g\u00e9nero en las \u00e1reas STEM (Ciencias, Tecnolog\u00eda, Ingenier\u00eda y Matem\u00e1ticas).<\/p>\n\n\n\n<figure class=\"wp-block-embed is-type-video is-provider-youtube wp-block-embed-youtube wp-embed-aspect-16-9 wp-has-aspect-ratio\"><div class=\"wp-block-embed__wrapper\">\n<iframe loading=\"lazy\" title=\"Modelo de Centros de Excelencia para el Talento Digital\" width=\"500\" height=\"281\" src=\"https:\/\/www.youtube.com\/embed\/O-z9xKNJ_qQ?start=373&amp;feature=oembed\" frameborder=\"0\" allow=\"accelerometer; autoplay; clipboard-write; encrypted-media; gyroscope; picture-in-picture; web-share\" referrerpolicy=\"strict-origin-when-cross-origin\" allowfullscreen><\/iframe>\n<\/div><\/figure>\n\n\n\n<p class=\"wp-block-paragraph\"><strong><em>Acerca de la UNESCO<\/em><\/strong><\/p>\n\n\n\n<p class=\"wp-block-paragraph\"><em>Con 194 Estados Miembros, la Organizaci\u00f3n de las Naciones Unidas para la Educaci\u00f3n, la Ciencia y la Cultura contribuye a la paz y la seguridad liderando la cooperaci\u00f3n multilateral en materia de educaci\u00f3n, ciencia, cultura, comunicaci\u00f3n e informaci\u00f3n. Con sede en Par\u00eds, la UNESCO tiene oficinas en 54 pa\u00edses y emplea a m\u00e1s de 2300 personas. La UNESCO supervisa m\u00e1s de 2000 sitios del Patrimonio Mundial, Reservas de Biosfera y Geoparques Mundiales, redes de Ciudades Creativas, Educativas, Inclusivas y Sostenibles y m\u00e1s de 13 000 escuelas asociadas, c\u00e1tedras universitarias e instituciones de formaci\u00f3n e investigaci\u00f3n con una red mundial de 200 Comisiones Nacionales. Su Director General es <\/em><a href=\"https:\/\/patrimonioactual.com\/page\/?s=Khaled+El-Enany\"><em>Khaled El-Enany<\/em><\/a><em>.<\/em><\/p>\n\n\n\n<p class=\"wp-block-paragraph\"><em>\u00abPuesto que las guerras nacen en la mente de los hombres, es en la mente de los hombres donde deben erigirse los baluartes de la paz\u00bb \u2013 Constituci\u00f3n de la UNESCO, 1945.<\/em><\/p>\n\n\n\n<p class=\"wp-block-paragraph\"><strong>S\u00edguenos en&nbsp;<\/strong><a href=\"https:\/\/www.facebook.com\/P.actual\"><strong>Facebook<\/strong><\/a><strong>&nbsp;y&nbsp;<\/strong><a href=\"https:\/\/twitter.com\/p_actual\"><strong>Twitter<\/strong><\/a><\/p>\n\n\n\n<p class=\"wp-block-paragraph\"><\/p>\n","protected":false},"excerpt":{"rendered":"<p>Modelo de Centros de Excelencia entre UNESCO, CONALEP y DGETI busca fortalecer educaci\u00f3n t\u00e9cnica y profesional, talento digital y extenderlo a Am\u00e9rica Latina y el Caribe M\u00e9xico&nbsp;implementa un proyecto piloto impulsado por la UNESCO en dos instituciones l\u00edderes en Educaci\u00f3n y Formaci\u00f3n T\u00e9cnica y Profesional (EFTP), el Colegio Nacional de Educaci\u00f3n Profesional T\u00e9cnica (CONALEP) y [&hellip;]<\/p>\n","protected":false},"author":1,"featured_media":26761,"comment_status":"open","ping_status":"open","sticky":false,"template":"","format":"standard","meta":{"footnotes":""},"categories":[6,39,28],"tags":[7517,4534],"class_list":["post-26760","post","type-post","status-publish","format-standard","has-post-thumbnail","category-patrimonio-actual","category-ultimas-noticias","category-unesco","tag-dgeti","tag-unesco"],"yoast_head":"<!-- This site is optimized with the Yoast SEO plugin v27.4 - https:\/\/yoast.com\/product\/yoast-seo-wordpress\/ -->\n<title>Arranca en M\u00e9xico un proyecto piloto para coconstruir un Modelo de Centros de Excelencia entre UNESCO, CONALEP y DGETI - Patrimonio Actual, ciudades, sitios y espacios naturales declarados Patrimonio de la Humanidad por la UNESCO<\/title>\n<meta name=\"description\" content=\"Modelo de Centros de Excelencia entre UNESCO, CONALEP y DGETI busca fortalecer educaci\u00f3n profesional, talento digital y extenderlo a ALC\" \/>\n<meta name=\"robots\" content=\"index, follow, max-snippet:-1, max-image-preview:large, max-video-preview:-1\" \/>\n<link rel=\"canonical\" href=\"https:\/\/patrimonioactual.com\/page\/arranca-en-mexico-un-proyecto-piloto-para-coconstruir-un-modelo-de-centros-de-excelencia-entre-unesco-conalep-y-dgeti\/\" \/>\n<meta property=\"og:locale\" content=\"es_ES\" \/>\n<meta property=\"og:type\" content=\"article\" \/>\n<meta property=\"og:title\" content=\"Arranca en M\u00e9xico un proyecto piloto para coconstruir un Modelo de Centros de Excelencia entre UNESCO, CONALEP y DGETI - Patrimonio Actual, ciudades, sitios y espacios naturales declarados Patrimonio de la Humanidad por la UNESCO\" \/>\n<meta property=\"og:description\" content=\"Modelo de Centros de Excelencia entre UNESCO, CONALEP y DGETI busca fortalecer educaci\u00f3n profesional, talento digital y extenderlo a ALC\" \/>\n<meta property=\"og:url\" content=\"https:\/\/patrimonioactual.com\/page\/arranca-en-mexico-un-proyecto-piloto-para-coconstruir-un-modelo-de-centros-de-excelencia-entre-unesco-conalep-y-dgeti\/\" \/>\n<meta property=\"og:site_name\" content=\"Patrimonio Actual, ciudades, sitios y espacios naturales declarados Patrimonio de la Humanidad por la UNESCO\" \/>\n<meta property=\"article:publisher\" content=\"https:\/\/www.facebook.com\/P.actual\" \/>\n<meta property=\"article:author\" content=\"http:\/\/facebook.com\/patrimonio.actual\" \/>\n<meta property=\"article:published_time\" content=\"2026-08-19T07:20:16+00:00\" \/>\n<meta property=\"article:modified_time\" content=\"2026-08-19T07:20:20+00:00\" \/>\n<meta property=\"og:image\" content=\"https:\/\/patrimonioactual.com\/page\/wp-content\/uploads\/2026\/08\/UNESCO-Presentacion-de-proyecto-para-un-modelo-de-Centros-de-Excelencia1100.gif\" \/>\n\t<meta property=\"og:image:width\" content=\"615\" \/>\n\t<meta property=\"og:image:height\" content=\"461\" \/>\n\t<meta property=\"og:image:type\" content=\"image\/gif\" \/>\n<meta name=\"author\" content=\"admin\" \/>\n<meta name=\"twitter:card\" content=\"summary_large_image\" \/>\n<meta name=\"twitter:creator\" content=\"@P_actual\" \/>\n<meta name=\"twitter:site\" content=\"@P_actual\" \/>\n<meta name=\"twitter:label1\" content=\"Escrito por\" \/>\n\t<meta name=\"twitter:data1\" content=\"admin\" \/>\n\t<meta name=\"twitter:label2\" content=\"Tiempo de lectura\" \/>\n\t<meta name=\"twitter:data2\" content=\"6 minutos\" \/>\n<script type=\"application\/ld+json\" class=\"yoast-schema-graph\">{\"@context\":\"https:\\\/\\\/schema.org\",\"@graph\":[{\"@type\":\"Article\",\"@id\":\"https:\\\/\\\/patrimonioactual.com\\\/page\\\/arranca-en-mexico-un-proyecto-piloto-para-coconstruir-un-modelo-de-centros-de-excelencia-entre-unesco-conalep-y-dgeti\\\/#article\",\"isPartOf\":{\"@id\":\"https:\\\/\\\/patrimonioactual.com\\\/page\\\/arranca-en-mexico-un-proyecto-piloto-para-coconstruir-un-modelo-de-centros-de-excelencia-entre-unesco-conalep-y-dgeti\\\/\"},\"author\":{\"name\":\"admin\",\"@id\":\"https:\\\/\\\/patrimonioactual.com\\\/page\\\/#\\\/schema\\\/person\\\/76850d24a9bd508e8e44db1faeab630e\"},\"headline\":\"Arranca en M\u00e9xico un proyecto piloto para coconstruir un Modelo de Centros de Excelencia entre UNESCO, CONALEP y DGETI\",\"datePublished\":\"2026-08-19T07:20:16+00:00\",\"dateModified\":\"2026-08-19T07:20:20+00:00\",\"mainEntityOfPage\":{\"@id\":\"https:\\\/\\\/patrimonioactual.com\\\/page\\\/arranca-en-mexico-un-proyecto-piloto-para-coconstruir-un-modelo-de-centros-de-excelencia-entre-unesco-conalep-y-dgeti\\\/\"},\"wordCount\":1224,\"commentCount\":0,\"image\":{\"@id\":\"https:\\\/\\\/patrimonioactual.com\\\/page\\\/arranca-en-mexico-un-proyecto-piloto-para-coconstruir-un-modelo-de-centros-de-excelencia-entre-unesco-conalep-y-dgeti\\\/#primaryimage\"},\"thumbnailUrl\":\"https:\\\/\\\/patrimonioactual.com\\\/page\\\/wp-content\\\/uploads\\\/2026\\\/08\\\/UNESCO-Presentacion-de-proyecto-para-un-modelo-de-Centros-de-Excelencia1100.gif\",\"keywords\":[\"DGETI\",\"UNESCO\"],\"articleSection\":[\"Patrimonio Actual\",\"\u00daltimas Noticias\",\"UNESCO\"],\"inLanguage\":\"es\",\"potentialAction\":[{\"@type\":\"CommentAction\",\"name\":\"Comment\",\"target\":[\"https:\\\/\\\/patrimonioactual.com\\\/page\\\/arranca-en-mexico-un-proyecto-piloto-para-coconstruir-un-modelo-de-centros-de-excelencia-entre-unesco-conalep-y-dgeti\\\/#respond\"]}]},{\"@type\":\"WebPage\",\"@id\":\"https:\\\/\\\/patrimonioactual.com\\\/page\\\/arranca-en-mexico-un-proyecto-piloto-para-coconstruir-un-modelo-de-centros-de-excelencia-entre-unesco-conalep-y-dgeti\\\/\",\"url\":\"https:\\\/\\\/patrimonioactual.com\\\/page\\\/arranca-en-mexico-un-proyecto-piloto-para-coconstruir-un-modelo-de-centros-de-excelencia-entre-unesco-conalep-y-dgeti\\\/\",\"name\":\"Arranca en M\u00e9xico un proyecto piloto para coconstruir un Modelo de Centros de Excelencia entre UNESCO, CONALEP y DGETI - Patrimonio Actual, ciudades, sitios y espacios naturales declarados Patrimonio de la Humanidad por la UNESCO\",\"isPartOf\":{\"@id\":\"https:\\\/\\\/patrimonioactual.com\\\/page\\\/#website\"},\"primaryImageOfPage\":{\"@id\":\"https:\\\/\\\/patrimonioactual.com\\\/page\\\/arranca-en-mexico-un-proyecto-piloto-para-coconstruir-un-modelo-de-centros-de-excelencia-entre-unesco-conalep-y-dgeti\\\/#primaryimage\"},\"image\":{\"@id\":\"https:\\\/\\\/patrimonioactual.com\\\/page\\\/arranca-en-mexico-un-proyecto-piloto-para-coconstruir-un-modelo-de-centros-de-excelencia-entre-unesco-conalep-y-dgeti\\\/#primaryimage\"},\"thumbnailUrl\":\"https:\\\/\\\/patrimonioactual.com\\\/page\\\/wp-content\\\/uploads\\\/2026\\\/08\\\/UNESCO-Presentacion-de-proyecto-para-un-modelo-de-Centros-de-Excelencia1100.gif\",\"datePublished\":\"2026-08-19T07:20:16+00:00\",\"dateModified\":\"2026-08-19T07:20:20+00:00\",\"author\":{\"@id\":\"https:\\\/\\\/patrimonioactual.com\\\/page\\\/#\\\/schema\\\/person\\\/76850d24a9bd508e8e44db1faeab630e\"},\"description\":\"Modelo de Centros de Excelencia entre UNESCO, CONALEP y DGETI busca fortalecer educaci\u00f3n profesional, talento digital y extenderlo a ALC\",\"breadcrumb\":{\"@id\":\"https:\\\/\\\/patrimonioactual.com\\\/page\\\/arranca-en-mexico-un-proyecto-piloto-para-coconstruir-un-modelo-de-centros-de-excelencia-entre-unesco-conalep-y-dgeti\\\/#breadcrumb\"},\"inLanguage\":\"es\",\"potentialAction\":[{\"@type\":\"ReadAction\",\"target\":[\"https:\\\/\\\/patrimonioactual.com\\\/page\\\/arranca-en-mexico-un-proyecto-piloto-para-coconstruir-un-modelo-de-centros-de-excelencia-entre-unesco-conalep-y-dgeti\\\/\"]}]},{\"@type\":\"ImageObject\",\"inLanguage\":\"es\",\"@id\":\"https:\\\/\\\/patrimonioactual.com\\\/page\\\/arranca-en-mexico-un-proyecto-piloto-para-coconstruir-un-modelo-de-centros-de-excelencia-entre-unesco-conalep-y-dgeti\\\/#primaryimage\",\"url\":\"https:\\\/\\\/patrimonioactual.com\\\/page\\\/wp-content\\\/uploads\\\/2026\\\/08\\\/UNESCO-Presentacion-de-proyecto-para-un-modelo-de-Centros-de-Excelencia1100.gif\",\"contentUrl\":\"https:\\\/\\\/patrimonioactual.com\\\/page\\\/wp-content\\\/uploads\\\/2026\\\/08\\\/UNESCO-Presentacion-de-proyecto-para-un-modelo-de-Centros-de-Excelencia1100.gif\",\"width\":615,\"height\":461,\"caption\":\"UNESCO. M\u00e9xico implementa un proyecto piloto impulsado por la UNESCO en dos instituciones l\u00edderes en Educaci\u00f3n y Formaci\u00f3n T\u00e9cnica y Profesional\"},{\"@type\":\"BreadcrumbList\",\"@id\":\"https:\\\/\\\/patrimonioactual.com\\\/page\\\/arranca-en-mexico-un-proyecto-piloto-para-coconstruir-un-modelo-de-centros-de-excelencia-entre-unesco-conalep-y-dgeti\\\/#breadcrumb\",\"itemListElement\":[{\"@type\":\"ListItem\",\"position\":1,\"name\":\"Portada\",\"item\":\"https:\\\/\\\/patrimonioactual.com\\\/page\\\/\"},{\"@type\":\"ListItem\",\"position\":2,\"name\":\"Arranca en M\u00e9xico un proyecto piloto para coconstruir un Modelo de Centros de Excelencia entre UNESCO, CONALEP y DGETI\"}]},{\"@type\":\"WebSite\",\"@id\":\"https:\\\/\\\/patrimonioactual.com\\\/page\\\/#website\",\"url\":\"https:\\\/\\\/patrimonioactual.com\\\/page\\\/\",\"name\":\"Patrimonio Actual, ciudades, sitios y espacios naturales declarados Patrimonio de la Humanidad por la UNESCO\",\"description\":\"Revista digital que busca informar a un p\u00fablico objetivo amplio, de los acontecimientos mundiales que se producen en torno a la informaci\u00f3n del patrimonio cultural, natural, inmaterial y tur\u00edstico-cultural de ciudades y espacios naturales, Patrimonio de la Humanidad declarados por la UNESCO.\",\"potentialAction\":[{\"@type\":\"SearchAction\",\"target\":{\"@type\":\"EntryPoint\",\"urlTemplate\":\"https:\\\/\\\/patrimonioactual.com\\\/page\\\/?s={search_term_string}\"},\"query-input\":{\"@type\":\"PropertyValueSpecification\",\"valueRequired\":true,\"valueName\":\"search_term_string\"}}],\"inLanguage\":\"es\"},{\"@type\":\"Person\",\"@id\":\"https:\\\/\\\/patrimonioactual.com\\\/page\\\/#\\\/schema\\\/person\\\/76850d24a9bd508e8e44db1faeab630e\",\"name\":\"admin\",\"image\":{\"@type\":\"ImageObject\",\"inLanguage\":\"es\",\"@id\":\"https:\\\/\\\/secure.gravatar.com\\\/avatar\\\/48168d7e7932867b9131639a989484f6c50ddc0e7a6d380e506072a10e5df39d?s=96&d=mm&r=g\",\"url\":\"https:\\\/\\\/secure.gravatar.com\\\/avatar\\\/48168d7e7932867b9131639a989484f6c50ddc0e7a6d380e506072a10e5df39d?s=96&d=mm&r=g\",\"contentUrl\":\"https:\\\/\\\/secure.gravatar.com\\\/avatar\\\/48168d7e7932867b9131639a989484f6c50ddc0e7a6d380e506072a10e5df39d?s=96&d=mm&r=g\",\"caption\":\"admin\"},\"sameAs\":[\"http:\\\/\\\/facebook.com\\\/patrimonio.actual\",\"https:\\\/\\\/x.com\\\/P_actual\"],\"url\":\"https:\\\/\\\/patrimonioactual.com\\\/page\\\/author\\\/juan\\\/\"}]}<\/script>\n<!-- \/ Yoast SEO plugin. -->","yoast_head_json":{"title":"Arranca en M\u00e9xico un proyecto piloto para coconstruir un Modelo de Centros de Excelencia entre UNESCO, CONALEP y DGETI - Patrimonio Actual, ciudades, sitios y espacios naturales declarados Patrimonio de la Humanidad por la UNESCO","description":"Modelo de Centros de Excelencia entre UNESCO, CONALEP y DGETI busca fortalecer educaci\u00f3n profesional, talento digital y extenderlo a ALC","robots":{"index":"index","follow":"follow","max-snippet":"max-snippet:-1","max-image-preview":"max-image-preview:large","max-video-preview":"max-video-preview:-1"},"canonical":"https:\/\/patrimonioactual.com\/page\/arranca-en-mexico-un-proyecto-piloto-para-coconstruir-un-modelo-de-centros-de-excelencia-entre-unesco-conalep-y-dgeti\/","og_locale":"es_ES","og_type":"article","og_title":"Arranca en M\u00e9xico un proyecto piloto para coconstruir un Modelo de Centros de Excelencia entre UNESCO, CONALEP y DGETI - Patrimonio Actual, ciudades, sitios y espacios naturales declarados Patrimonio de la Humanidad por la UNESCO","og_description":"Modelo de Centros de Excelencia entre UNESCO, CONALEP y DGETI busca fortalecer educaci\u00f3n profesional, talento digital y extenderlo a ALC","og_url":"https:\/\/patrimonioactual.com\/page\/arranca-en-mexico-un-proyecto-piloto-para-coconstruir-un-modelo-de-centros-de-excelencia-entre-unesco-conalep-y-dgeti\/","og_site_name":"Patrimonio Actual, ciudades, sitios y espacios naturales declarados Patrimonio de la Humanidad por la UNESCO","article_publisher":"https:\/\/www.facebook.com\/P.actual","article_author":"http:\/\/facebook.com\/patrimonio.actual","article_published_time":"2026-08-19T07:20:16+00:00","article_modified_time":"2026-08-19T07:20:20+00:00","og_image":[{"width":615,"height":461,"url":"https:\/\/patrimonioactual.com\/page\/wp-content\/uploads\/2026\/08\/UNESCO-Presentacion-de-proyecto-para-un-modelo-de-Centros-de-Excelencia1100.gif","type":"image\/gif"}],"author":"admin","twitter_card":"summary_large_image","twitter_creator":"@P_actual","twitter_site":"@P_actual","twitter_misc":{"Escrito por":"admin","Tiempo de lectura":"6 minutos"},"schema":{"@context":"https:\/\/schema.org","@graph":[{"@type":"Article","@id":"https:\/\/patrimonioactual.com\/page\/arranca-en-mexico-un-proyecto-piloto-para-coconstruir-un-modelo-de-centros-de-excelencia-entre-unesco-conalep-y-dgeti\/#article","isPartOf":{"@id":"https:\/\/patrimonioactual.com\/page\/arranca-en-mexico-un-proyecto-piloto-para-coconstruir-un-modelo-de-centros-de-excelencia-entre-unesco-conalep-y-dgeti\/"},"author":{"name":"admin","@id":"https:\/\/patrimonioactual.com\/page\/#\/schema\/person\/76850d24a9bd508e8e44db1faeab630e"},"headline":"Arranca en M\u00e9xico un proyecto piloto para coconstruir un Modelo de Centros de Excelencia entre UNESCO, CONALEP y DGETI","datePublished":"2026-08-19T07:20:16+00:00","dateModified":"2026-08-19T07:20:20+00:00","mainEntityOfPage":{"@id":"https:\/\/patrimonioactual.com\/page\/arranca-en-mexico-un-proyecto-piloto-para-coconstruir-un-modelo-de-centros-de-excelencia-entre-unesco-conalep-y-dgeti\/"},"wordCount":1224,"commentCount":0,"image":{"@id":"https:\/\/patrimonioactual.com\/page\/arranca-en-mexico-un-proyecto-piloto-para-coconstruir-un-modelo-de-centros-de-excelencia-entre-unesco-conalep-y-dgeti\/#primaryimage"},"thumbnailUrl":"https:\/\/patrimonioactual.com\/page\/wp-content\/uploads\/2026\/08\/UNESCO-Presentacion-de-proyecto-para-un-modelo-de-Centros-de-Excelencia1100.gif","keywords":["DGETI","UNESCO"],"articleSection":["Patrimonio Actual","\u00daltimas Noticias","UNESCO"],"inLanguage":"es","potentialAction":[{"@type":"CommentAction","name":"Comment","target":["https:\/\/patrimonioactual.com\/page\/arranca-en-mexico-un-proyecto-piloto-para-coconstruir-un-modelo-de-centros-de-excelencia-entre-unesco-conalep-y-dgeti\/#respond"]}]},{"@type":"WebPage","@id":"https:\/\/patrimonioactual.com\/page\/arranca-en-mexico-un-proyecto-piloto-para-coconstruir-un-modelo-de-centros-de-excelencia-entre-unesco-conalep-y-dgeti\/","url":"https:\/\/patrimonioactual.com\/page\/arranca-en-mexico-un-proyecto-piloto-para-coconstruir-un-modelo-de-centros-de-excelencia-entre-unesco-conalep-y-dgeti\/","name":"Arranca en M\u00e9xico un proyecto piloto para coconstruir un Modelo de Centros de Excelencia entre UNESCO, CONALEP y DGETI - Patrimonio Actual, ciudades, sitios y espacios naturales declarados Patrimonio de la Humanidad por la UNESCO","isPartOf":{"@id":"https:\/\/patrimonioactual.com\/page\/#website"},"primaryImageOfPage":{"@id":"https:\/\/patrimonioactual.com\/page\/arranca-en-mexico-un-proyecto-piloto-para-coconstruir-un-modelo-de-centros-de-excelencia-entre-unesco-conalep-y-dgeti\/#primaryimage"},"image":{"@id":"https:\/\/patrimonioactual.com\/page\/arranca-en-mexico-un-proyecto-piloto-para-coconstruir-un-modelo-de-centros-de-excelencia-entre-unesco-conalep-y-dgeti\/#primaryimage"},"thumbnailUrl":"https:\/\/patrimonioactual.com\/page\/wp-content\/uploads\/2026\/08\/UNESCO-Presentacion-de-proyecto-para-un-modelo-de-Centros-de-Excelencia1100.gif","datePublished":"2026-08-19T07:20:16+00:00","dateModified":"2026-08-19T07:20:20+00:00","author":{"@id":"https:\/\/patrimonioactual.com\/page\/#\/schema\/person\/76850d24a9bd508e8e44db1faeab630e"},"description":"Modelo de Centros de Excelencia entre UNESCO, CONALEP y DGETI busca fortalecer educaci\u00f3n profesional, talento digital y extenderlo a ALC","breadcrumb":{"@id":"https:\/\/patrimonioactual.com\/page\/arranca-en-mexico-un-proyecto-piloto-para-coconstruir-un-modelo-de-centros-de-excelencia-entre-unesco-conalep-y-dgeti\/#breadcrumb"},"inLanguage":"es","potentialAction":[{"@type":"ReadAction","target":["https:\/\/patrimonioactual.com\/page\/arranca-en-mexico-un-proyecto-piloto-para-coconstruir-un-modelo-de-centros-de-excelencia-entre-unesco-conalep-y-dgeti\/"]}]},{"@type":"ImageObject","inLanguage":"es","@id":"https:\/\/patrimonioactual.com\/page\/arranca-en-mexico-un-proyecto-piloto-para-coconstruir-un-modelo-de-centros-de-excelencia-entre-unesco-conalep-y-dgeti\/#primaryimage","url":"https:\/\/patrimonioactual.com\/page\/wp-content\/uploads\/2026\/08\/UNESCO-Presentacion-de-proyecto-para-un-modelo-de-Centros-de-Excelencia1100.gif","contentUrl":"https:\/\/patrimonioactual.com\/page\/wp-content\/uploads\/2026\/08\/UNESCO-Presentacion-de-proyecto-para-un-modelo-de-Centros-de-Excelencia1100.gif","width":615,"height":461,"caption":"UNESCO. M\u00e9xico implementa un proyecto piloto impulsado por la UNESCO en dos instituciones l\u00edderes en Educaci\u00f3n y Formaci\u00f3n T\u00e9cnica y Profesional"},{"@type":"BreadcrumbList","@id":"https:\/\/patrimonioactual.com\/page\/arranca-en-mexico-un-proyecto-piloto-para-coconstruir-un-modelo-de-centros-de-excelencia-entre-unesco-conalep-y-dgeti\/#breadcrumb","itemListElement":[{"@type":"ListItem","position":1,"name":"Portada","item":"https:\/\/patrimonioactual.com\/page\/"},{"@type":"ListItem","position":2,"name":"Arranca en M\u00e9xico un proyecto piloto para coconstruir un Modelo de Centros de Excelencia entre UNESCO, CONALEP y DGETI"}]},{"@type":"WebSite","@id":"https:\/\/patrimonioactual.com\/page\/#website","url":"https:\/\/patrimonioactual.com\/page\/","name":"Patrimonio Actual, ciudades, sitios y espacios naturales declarados Patrimonio de la Humanidad por la UNESCO","description":"Revista digital que busca informar a un p\u00fablico objetivo amplio, de los acontecimientos mundiales que se producen en torno a la informaci\u00f3n del patrimonio cultural, natural, inmaterial y tur\u00edstico-cultural de ciudades y espacios naturales, Patrimonio de la Humanidad declarados por la UNESCO.","potentialAction":[{"@type":"SearchAction","target":{"@type":"EntryPoint","urlTemplate":"https:\/\/patrimonioactual.com\/page\/?s={search_term_string}"},"query-input":{"@type":"PropertyValueSpecification","valueRequired":true,"valueName":"search_term_string"}}],"inLanguage":"es"},{"@type":"Person","@id":"https:\/\/patrimonioactual.com\/page\/#\/schema\/person\/76850d24a9bd508e8e44db1faeab630e","name":"admin","image":{"@type":"ImageObject","inLanguage":"es","@id":"https:\/\/secure.gravatar.com\/avatar\/48168d7e7932867b9131639a989484f6c50ddc0e7a6d380e506072a10e5df39d?s=96&d=mm&r=g","url":"https:\/\/secure.gravatar.com\/avatar\/48168d7e7932867b9131639a989484f6c50ddc0e7a6d380e506072a10e5df39d?s=96&d=mm&r=g","contentUrl":"https:\/\/secure.gravatar.com\/avatar\/48168d7e7932867b9131639a989484f6c50ddc0e7a6d380e506072a10e5df39d?s=96&d=mm&r=g","caption":"admin"},"sameAs":["http:\/\/facebook.com\/patrimonio.actual","https:\/\/x.com\/P_actual"],"url":"https:\/\/patrimonioactual.com\/page\/author\/juan\/"}]}},"_links":{"self":[{"href":"https:\/\/patrimonioactual.com\/page\/wp-json\/wp\/v2\/posts\/26760","targetHints":{"allow":["GET"]}}],"collection":[{"href":"https:\/\/patrimonioactual.com\/page\/wp-json\/wp\/v2\/posts"}],"about":[{"href":"https:\/\/patrimonioactual.com\/page\/wp-json\/wp\/v2\/types\/post"}],"author":[{"embeddable":true,"href":"https:\/\/patrimonioactual.com\/page\/wp-json\/wp\/v2\/users\/1"}],"replies":[{"embeddable":true,"href":"https:\/\/patrimonioactual.com\/page\/wp-json\/wp\/v2\/comments?post=26760"}],"version-history":[{"count":1,"href":"https:\/\/patrimonioactual.com\/page\/wp-json\/wp\/v2\/posts\/26760\/revisions"}],"predecessor-version":[{"id":26762,"href":"https:\/\/patrimonioactual.com\/page\/wp-json\/wp\/v2\/posts\/26760\/revisions\/26762"}],"wp:featuredmedia":[{"embeddable":true,"href":"https:\/\/patrimonioactual.com\/page\/wp-json\/wp\/v2\/media\/26761"}],"wp:attachment":[{"href":"https:\/\/patrimonioactual.com\/page\/wp-json\/wp\/v2\/media?parent=26760"}],"wp:term":[{"taxonomy":"category","embeddable":true,"href":"https:\/\/patrimonioactual.com\/page\/wp-json\/wp\/v2\/categories?post=26760"},{"taxonomy":"post_tag","embeddable":true,"href":"https:\/\/patrimonioactual.com\/page\/wp-json\/wp\/v2\/tags?post=26760"}],"curies":[{"name":"wp","href":"https:\/\/api.w.org\/{rel}","templated":true}]}}