{"id":26766,"date":"2026-08-21T08:47:04","date_gmt":"2026-08-21T06:47:04","guid":{"rendered":"https:\/\/patrimonioactual.com\/page\/?p=26766"},"modified":"2026-08-21T08:47:09","modified_gmt":"2026-08-21T06:47:09","slug":"chile-vuelve-a-ser-sede-de-uno-de-los-principales-programas-internacionales-de-capacitacion-de-la-unesco","status":"publish","type":"post","link":"https:\/\/patrimonioactual.com\/page\/chile-vuelve-a-ser-sede-de-uno-de-los-principales-programas-internacionales-de-capacitacion-de-la-unesco\/","title":{"rendered":"Especialistas de pa\u00edses del oc\u00e9ano Pac\u00edfico y el Caribe participan en el ITP-TEWS Chile 2026."},"content":{"rendered":"<div class=\"wp-block-image\">\n<figure class=\"aligncenter size-full\"><a href=\"https:\/\/patrimonioactual.com\/page\/wp-content\/uploads\/2026\/08\/UNESCO-CHILE-SHOA-1100.gif\"><img loading=\"lazy\" decoding=\"async\" width=\"615\" height=\"461\" src=\"https:\/\/patrimonioactual.com\/page\/wp-content\/uploads\/2026\/08\/UNESCO-CHILE-SHOA-1100.gif\" alt=\"Especialistas de pa\u00edses del oc\u00e9ano Pac\u00edfico y el Caribe participan en el ITP-TEWS Chile 2026.\" class=\"wp-image-26767\"\/><\/a><\/figure>\n<\/div>\n\n\n<p class=\"has-medium-font-size wp-block-paragraph\"><strong>Especialistas de pa\u00edses del oc\u00e9ano Pac\u00edfico y el Caribe participan en el ITP-TEWS Chile 2026, instancia que promueve el intercambio de conocimientos y experiencias para mejorar los sistemas de alerta temprana y la capacidad de respuesta frente a esta amenaza<\/strong><\/p>\n\n\n\n<p class=\"wp-block-paragraph\">La experiencia acumulada por <a href=\"https:\/\/patrimonioactual.com\/page\/?s=Chile\">Chile<\/a> en materia de monitoreo y alerta de <a href=\"https:\/\/patrimonioactual.com\/page\/?s=tsunamis\">tsunamis<\/a> vuelve a ponerse a disposici\u00f3n de la cooperaci\u00f3n internacional.<\/p>\n\n\n\n<p class=\"wp-block-paragraph\">Entre el 10 y el 21 de agosto se desarrolla en el pa\u00eds sudamericano el Programa Internacional de Capacitaci\u00f3n sobre Sistemas de Alerta Temprana de Tsunamis (ITP-TEWS Chile 2026), impulsado por el International Tsunami Information Center (ITIC) de la Comisi\u00f3n Oceanogr\u00e1fica Intergubernamental de la UNESCO (UNESCO-IOC) y organizado junto al Servicio Hidrogr\u00e1fico y Oceanogr\u00e1fico de la Armada (SHOA).<\/p>\n\n\n\n<p class=\"wp-block-paragraph\">La iniciativa fue inaugurada en el Museo Mar\u00edtimo Nacional y re\u00fane a especialistas, docentes y participantes de pa\u00edses del Pac\u00edfico y el Caribe.<\/p>\n\n\n\n<p class=\"wp-block-paragraph\">Entre los asistentes estuvieron la directora de la Oficina Regional de la <a href=\"https:\/\/patrimonioactual.com\/page\/?s=UNESCO+\">UNESCO<\/a> en Santiago, Esther Kuisch Laroche, y la directora del ITIC, Dra. Laura Kong.<\/p>\n\n\n\n<p class=\"wp-block-paragraph\">Habitualmente desarrollado en Haw\u00e1i, el ITP-TEWS llega a su tercera edici\u00f3n en Chile, despu\u00e9s de las versiones realizadas por el SHOA en 2018 y 2024.<\/p>\n\n\n\n<p class=\"wp-block-paragraph\">Durante dos semanas, los participantes intercambiar\u00e1n experiencias y conocimientos sobre sismolog\u00eda, oceanograf\u00eda, ingenier\u00eda, monitoreo, sistemas de alerta y gesti\u00f3n del riesgo.<\/p>\n\n\n\n<p class=\"wp-block-paragraph\">\u201cPara la UNESCO esto es muy importante, porque juntos podemos trabajar, aprender y avanzar para salvar la vida de las personas\u201d, se\u00f1al\u00f3 Esther Kuisch Laroche, destacando la oportunidad que ofrece el programa para fortalecer las redes de cooperaci\u00f3n entre pa\u00edses del Pac\u00edfico y el Caribe.<\/p>\n\n\n\n<p class=\"wp-block-paragraph\">Por su parte, Laura Kong destac\u00f3 la experiencia acumulada por Chile en materia de alerta de tsunamis. \u201cEstoy muy feliz de estar ac\u00e1 en el SHOA para aprender sobre el progreso de Chile en los \u00faltimos 60 a\u00f1os para construir un sistema de clase mundial\u201d, afirm\u00f3.<\/p>\n\n\n\n<p class=\"has-medium-font-size wp-block-paragraph\"><strong>Chile comparte su experiencia<\/strong><\/p>\n\n\n\n<p class=\"wp-block-paragraph\">La capacitaci\u00f3n contempla la participaci\u00f3n de expertos del ITIC y del Pacific Tsunami Warning Center (PTWC), adem\u00e1s de acad\u00e9micos e investigadores de universidades e instituciones especializadas de Chile y Costa Rica.<\/p>\n\n\n\n<p class=\"wp-block-paragraph\">Los participantes tambi\u00e9n realizar\u00e1n ejercicios operacionales y simulaciones, y visitar\u00e1n el SENAPRED, el Centro Sismol\u00f3gico Nacional (CSN) y el SHOA.<\/p>\n\n\n\n<p class=\"wp-block-paragraph\">Estas actividades permitir\u00e1n conocer directamente el funcionamiento del Sistema Nacional de Alarma de Maremotos (SNAM) y la experiencia chilena en monitoreo, evaluaci\u00f3n y alerta de tsunamis.<\/p>\n\n\n\n<p class=\"wp-block-paragraph\">Para el director del SHOA, capit\u00e1n de Nav\u00edo Carlos Z\u00fa\u00f1iga, la realizaci\u00f3n nuevamente del programa en Chile representa \u201cun gran honor, pero tambi\u00e9n una gran responsabilidad\u201d. Seg\u00fan explic\u00f3, quienes participan \u201cvienen a ver c\u00f3mo hemos evolucionado en el tiempo\u201d y podr\u00e1n recoger esta experiencia para aplicarla en sus propios pa\u00edses.<\/p>\n\n\n\n<p class=\"wp-block-paragraph\">La realizaci\u00f3n del ITP-TEWS coincide con los 60 a\u00f1os del SNAM, creado en 1966 y dirigido por el SHOA. Durante seis d\u00e9cadas, Chile ha desarrollado capacidades cient\u00edficas, tecnol\u00f3gicas y operacionales que lo han convertido en un referente internacional en materia de alerta temprana de tsunamis.<\/p>\n\n\n\n<p class=\"wp-block-paragraph\">Ese liderazgo tambi\u00e9n se refleja en la participaci\u00f3n del SHOA en el ITIC, donde mantiene desde 1998 el cargo de Director Asociado, contribuyendo al intercambio de conocimientos y al fortalecimiento de capacidades de otros pa\u00edses expuestos a esta amenaza.<\/p>\n\n\n\n<p class=\"wp-block-paragraph\">La inauguraci\u00f3n del programa y la conmemoraci\u00f3n del aniversario del SNAM ponen en valor seis d\u00e9cadas de experiencia, pero tambi\u00e9n plantean nuevos desaf\u00edos: seguir innovando, fortaleciendo capacidades y compartiendo conocimiento para que los sistemas de alerta sean cada vez m\u00e1s eficaces.<\/p>\n\n\n\n<p class=\"wp-block-paragraph\">Como destac\u00f3 el vicealmirante Arturo Oxley, director general del Territorio Mar\u00edtimo y de Marina Mercante, detr\u00e1s de cada sistema de alerta existe un objetivo fundamental: la seguridad y la vida de las personas.<\/p>\n\n\n\n<p class=\"wp-block-paragraph\"><strong>S\u00edguenos en&nbsp;<\/strong><a href=\"https:\/\/www.facebook.com\/P.actual\"><strong>Facebook<\/strong><\/a><strong>&nbsp;y&nbsp;<\/strong><a href=\"https:\/\/twitter.com\/p_actual\"><strong>Twitter<\/strong><\/a><\/p>\n\n\n\n<p class=\"wp-block-paragraph\"><\/p>\n","protected":false},"excerpt":{"rendered":"<p>Especialistas de pa\u00edses del oc\u00e9ano Pac\u00edfico y el Caribe participan en el ITP-TEWS Chile 2026, instancia que promueve el intercambio de conocimientos y experiencias para mejorar los sistemas de alerta temprana y la capacidad de respuesta frente a esta amenaza La experiencia acumulada por Chile en materia de monitoreo y alerta de tsunamis vuelve a [&hellip;]<\/p>\n","protected":false},"author":1,"featured_media":26767,"comment_status":"open","ping_status":"open","sticky":false,"template":"","format":"standard","meta":{"footnotes":""},"categories":[22,5,39],"tags":[708,7420,5201,7518],"class_list":["post-26766","post","type-post","status-publish","format-standard","has-post-thumbnail","category-parajes-naturales","category-patrimonio-natural-e-inmaterial","category-ultimas-noticias","tag-chile","tag-oceano-pacifico","tag-tsunamis","tag-unesco-ioc"],"yoast_head":"<!-- This site is optimized with the Yoast SEO plugin v27.4 - https:\/\/yoast.com\/product\/yoast-seo-wordpress\/ -->\n<title>Especialistas de pa\u00edses del oc\u00e9ano Pac\u00edfico y el Caribe participan en el ITP-TEWS Chile 2026. - Patrimonio Actual, ciudades, sitios y espacios naturales declarados Patrimonio de la Humanidad por la UNESCO<\/title>\n<meta name=\"description\" content=\"Especialistas de pa\u00edses oc\u00e9ano Pac\u00edfico y el Caribe participan en el ITP-TEWS Chile 2026, instancia promueve el intercambio de conocimientos\" \/>\n<meta name=\"robots\" content=\"index, follow, max-snippet:-1, max-image-preview:large, max-video-preview:-1\" \/>\n<link rel=\"canonical\" href=\"https:\/\/patrimonioactual.com\/page\/chile-vuelve-a-ser-sede-de-uno-de-los-principales-programas-internacionales-de-capacitacion-de-la-unesco\/\" \/>\n<meta property=\"og:locale\" content=\"es_ES\" \/>\n<meta property=\"og:type\" content=\"article\" \/>\n<meta property=\"og:title\" content=\"Especialistas de pa\u00edses del oc\u00e9ano Pac\u00edfico y el Caribe participan en el ITP-TEWS Chile 2026. - Patrimonio Actual, ciudades, sitios y espacios naturales declarados Patrimonio de la Humanidad por la UNESCO\" \/>\n<meta property=\"og:description\" content=\"Especialistas de pa\u00edses oc\u00e9ano Pac\u00edfico y el Caribe participan en el ITP-TEWS Chile 2026, instancia promueve el intercambio de conocimientos\" \/>\n<meta property=\"og:url\" content=\"https:\/\/patrimonioactual.com\/page\/chile-vuelve-a-ser-sede-de-uno-de-los-principales-programas-internacionales-de-capacitacion-de-la-unesco\/\" \/>\n<meta property=\"og:site_name\" content=\"Patrimonio Actual, ciudades, sitios y espacios naturales declarados Patrimonio de la Humanidad por la UNESCO\" \/>\n<meta property=\"article:publisher\" content=\"https:\/\/www.facebook.com\/P.actual\" \/>\n<meta property=\"article:author\" content=\"http:\/\/facebook.com\/patrimonio.actual\" \/>\n<meta property=\"article:published_time\" content=\"2026-08-21T06:47:04+00:00\" \/>\n<meta property=\"article:modified_time\" content=\"2026-08-21T06:47:09+00:00\" \/>\n<meta property=\"og:image\" content=\"https:\/\/patrimonioactual.com\/page\/wp-content\/uploads\/2026\/08\/UNESCO-CHILE-SHOA-1100.gif\" \/>\n\t<meta property=\"og:image:width\" content=\"615\" \/>\n\t<meta property=\"og:image:height\" content=\"461\" \/>\n\t<meta property=\"og:image:type\" content=\"image\/gif\" \/>\n<meta name=\"author\" content=\"admin\" \/>\n<meta name=\"twitter:card\" content=\"summary_large_image\" \/>\n<meta name=\"twitter:creator\" content=\"@P_actual\" \/>\n<meta name=\"twitter:site\" content=\"@P_actual\" \/>\n<meta name=\"twitter:label1\" content=\"Escrito por\" \/>\n\t<meta name=\"twitter:data1\" content=\"admin\" \/>\n\t<meta name=\"twitter:label2\" content=\"Tiempo de lectura\" \/>\n\t<meta name=\"twitter:data2\" content=\"4 minutos\" \/>\n<script type=\"application\/ld+json\" class=\"yoast-schema-graph\">{\"@context\":\"https:\\\/\\\/schema.org\",\"@graph\":[{\"@type\":\"Article\",\"@id\":\"https:\\\/\\\/patrimonioactual.com\\\/page\\\/chile-vuelve-a-ser-sede-de-uno-de-los-principales-programas-internacionales-de-capacitacion-de-la-unesco\\\/#article\",\"isPartOf\":{\"@id\":\"https:\\\/\\\/patrimonioactual.com\\\/page\\\/chile-vuelve-a-ser-sede-de-uno-de-los-principales-programas-internacionales-de-capacitacion-de-la-unesco\\\/\"},\"author\":{\"name\":\"admin\",\"@id\":\"https:\\\/\\\/patrimonioactual.com\\\/page\\\/#\\\/schema\\\/person\\\/76850d24a9bd508e8e44db1faeab630e\"},\"headline\":\"Especialistas de pa\u00edses del oc\u00e9ano Pac\u00edfico y el Caribe participan en el ITP-TEWS Chile 2026.\",\"datePublished\":\"2026-08-21T06:47:04+00:00\",\"dateModified\":\"2026-08-21T06:47:09+00:00\",\"mainEntityOfPage\":{\"@id\":\"https:\\\/\\\/patrimonioactual.com\\\/page\\\/chile-vuelve-a-ser-sede-de-uno-de-los-principales-programas-internacionales-de-capacitacion-de-la-unesco\\\/\"},\"wordCount\":674,\"commentCount\":0,\"image\":{\"@id\":\"https:\\\/\\\/patrimonioactual.com\\\/page\\\/chile-vuelve-a-ser-sede-de-uno-de-los-principales-programas-internacionales-de-capacitacion-de-la-unesco\\\/#primaryimage\"},\"thumbnailUrl\":\"https:\\\/\\\/patrimonioactual.com\\\/page\\\/wp-content\\\/uploads\\\/2026\\\/08\\\/UNESCO-CHILE-SHOA-1100.gif\",\"keywords\":[\"Chile\",\"oc\u00e9ano Pac\u00edfico\",\"Tsunamis\",\"UNESCO-IOC\"],\"articleSection\":[\"Parajes Naturales\",\"Patrimonio Natural\",\"\u00daltimas Noticias\"],\"inLanguage\":\"es\",\"potentialAction\":[{\"@type\":\"CommentAction\",\"name\":\"Comment\",\"target\":[\"https:\\\/\\\/patrimonioactual.com\\\/page\\\/chile-vuelve-a-ser-sede-de-uno-de-los-principales-programas-internacionales-de-capacitacion-de-la-unesco\\\/#respond\"]}]},{\"@type\":\"WebPage\",\"@id\":\"https:\\\/\\\/patrimonioactual.com\\\/page\\\/chile-vuelve-a-ser-sede-de-uno-de-los-principales-programas-internacionales-de-capacitacion-de-la-unesco\\\/\",\"url\":\"https:\\\/\\\/patrimonioactual.com\\\/page\\\/chile-vuelve-a-ser-sede-de-uno-de-los-principales-programas-internacionales-de-capacitacion-de-la-unesco\\\/\",\"name\":\"Especialistas de pa\u00edses del oc\u00e9ano Pac\u00edfico y el Caribe participan en el ITP-TEWS Chile 2026. - Patrimonio Actual, ciudades, sitios y espacios naturales declarados Patrimonio de la Humanidad por la UNESCO\",\"isPartOf\":{\"@id\":\"https:\\\/\\\/patrimonioactual.com\\\/page\\\/#website\"},\"primaryImageOfPage\":{\"@id\":\"https:\\\/\\\/patrimonioactual.com\\\/page\\\/chile-vuelve-a-ser-sede-de-uno-de-los-principales-programas-internacionales-de-capacitacion-de-la-unesco\\\/#primaryimage\"},\"image\":{\"@id\":\"https:\\\/\\\/patrimonioactual.com\\\/page\\\/chile-vuelve-a-ser-sede-de-uno-de-los-principales-programas-internacionales-de-capacitacion-de-la-unesco\\\/#primaryimage\"},\"thumbnailUrl\":\"https:\\\/\\\/patrimonioactual.com\\\/page\\\/wp-content\\\/uploads\\\/2026\\\/08\\\/UNESCO-CHILE-SHOA-1100.gif\",\"datePublished\":\"2026-08-21T06:47:04+00:00\",\"dateModified\":\"2026-08-21T06:47:09+00:00\",\"author\":{\"@id\":\"https:\\\/\\\/patrimonioactual.com\\\/page\\\/#\\\/schema\\\/person\\\/76850d24a9bd508e8e44db1faeab630e\"},\"description\":\"Especialistas de pa\u00edses oc\u00e9ano Pac\u00edfico y el Caribe participan en el ITP-TEWS Chile 2026, instancia promueve el intercambio de conocimientos\",\"breadcrumb\":{\"@id\":\"https:\\\/\\\/patrimonioactual.com\\\/page\\\/chile-vuelve-a-ser-sede-de-uno-de-los-principales-programas-internacionales-de-capacitacion-de-la-unesco\\\/#breadcrumb\"},\"inLanguage\":\"es\",\"potentialAction\":[{\"@type\":\"ReadAction\",\"target\":[\"https:\\\/\\\/patrimonioactual.com\\\/page\\\/chile-vuelve-a-ser-sede-de-uno-de-los-principales-programas-internacionales-de-capacitacion-de-la-unesco\\\/\"]}]},{\"@type\":\"ImageObject\",\"inLanguage\":\"es\",\"@id\":\"https:\\\/\\\/patrimonioactual.com\\\/page\\\/chile-vuelve-a-ser-sede-de-uno-de-los-principales-programas-internacionales-de-capacitacion-de-la-unesco\\\/#primaryimage\",\"url\":\"https:\\\/\\\/patrimonioactual.com\\\/page\\\/wp-content\\\/uploads\\\/2026\\\/08\\\/UNESCO-CHILE-SHOA-1100.gif\",\"contentUrl\":\"https:\\\/\\\/patrimonioactual.com\\\/page\\\/wp-content\\\/uploads\\\/2026\\\/08\\\/UNESCO-CHILE-SHOA-1100.gif\",\"width\":615,\"height\":461,\"caption\":\"Especialistas de pa\u00edses del oc\u00e9ano Pac\u00edfico y el Caribe participan en el ITP-TEWS Chile 2026.\"},{\"@type\":\"BreadcrumbList\",\"@id\":\"https:\\\/\\\/patrimonioactual.com\\\/page\\\/chile-vuelve-a-ser-sede-de-uno-de-los-principales-programas-internacionales-de-capacitacion-de-la-unesco\\\/#breadcrumb\",\"itemListElement\":[{\"@type\":\"ListItem\",\"position\":1,\"name\":\"Portada\",\"item\":\"https:\\\/\\\/patrimonioactual.com\\\/page\\\/\"},{\"@type\":\"ListItem\",\"position\":2,\"name\":\"Especialistas de pa\u00edses del oc\u00e9ano Pac\u00edfico y el Caribe participan en el ITP-TEWS Chile 2026.\"}]},{\"@type\":\"WebSite\",\"@id\":\"https:\\\/\\\/patrimonioactual.com\\\/page\\\/#website\",\"url\":\"https:\\\/\\\/patrimonioactual.com\\\/page\\\/\",\"name\":\"Patrimonio Actual, ciudades, sitios y espacios naturales declarados Patrimonio de la Humanidad por la UNESCO\",\"description\":\"Revista digital que busca informar a un p\u00fablico objetivo amplio, de los acontecimientos mundiales que se producen en torno a la informaci\u00f3n del patrimonio cultural, natural, inmaterial y tur\u00edstico-cultural de ciudades y espacios naturales, Patrimonio de la Humanidad declarados por la UNESCO.\",\"potentialAction\":[{\"@type\":\"SearchAction\",\"target\":{\"@type\":\"EntryPoint\",\"urlTemplate\":\"https:\\\/\\\/patrimonioactual.com\\\/page\\\/?s={search_term_string}\"},\"query-input\":{\"@type\":\"PropertyValueSpecification\",\"valueRequired\":true,\"valueName\":\"search_term_string\"}}],\"inLanguage\":\"es\"},{\"@type\":\"Person\",\"@id\":\"https:\\\/\\\/patrimonioactual.com\\\/page\\\/#\\\/schema\\\/person\\\/76850d24a9bd508e8e44db1faeab630e\",\"name\":\"admin\",\"image\":{\"@type\":\"ImageObject\",\"inLanguage\":\"es\",\"@id\":\"https:\\\/\\\/secure.gravatar.com\\\/avatar\\\/48168d7e7932867b9131639a989484f6c50ddc0e7a6d380e506072a10e5df39d?s=96&d=mm&r=g\",\"url\":\"https:\\\/\\\/secure.gravatar.com\\\/avatar\\\/48168d7e7932867b9131639a989484f6c50ddc0e7a6d380e506072a10e5df39d?s=96&d=mm&r=g\",\"contentUrl\":\"https:\\\/\\\/secure.gravatar.com\\\/avatar\\\/48168d7e7932867b9131639a989484f6c50ddc0e7a6d380e506072a10e5df39d?s=96&d=mm&r=g\",\"caption\":\"admin\"},\"sameAs\":[\"http:\\\/\\\/facebook.com\\\/patrimonio.actual\",\"https:\\\/\\\/x.com\\\/P_actual\"],\"url\":\"https:\\\/\\\/patrimonioactual.com\\\/page\\\/author\\\/juan\\\/\"}]}<\/script>\n<!-- \/ Yoast SEO plugin. -->","yoast_head_json":{"title":"Especialistas de pa\u00edses del oc\u00e9ano Pac\u00edfico y el Caribe participan en el ITP-TEWS Chile 2026. - Patrimonio Actual, ciudades, sitios y espacios naturales declarados Patrimonio de la Humanidad por la UNESCO","description":"Especialistas de pa\u00edses oc\u00e9ano Pac\u00edfico y el Caribe participan en el ITP-TEWS Chile 2026, instancia promueve el intercambio de conocimientos","robots":{"index":"index","follow":"follow","max-snippet":"max-snippet:-1","max-image-preview":"max-image-preview:large","max-video-preview":"max-video-preview:-1"},"canonical":"https:\/\/patrimonioactual.com\/page\/chile-vuelve-a-ser-sede-de-uno-de-los-principales-programas-internacionales-de-capacitacion-de-la-unesco\/","og_locale":"es_ES","og_type":"article","og_title":"Especialistas de pa\u00edses del oc\u00e9ano Pac\u00edfico y el Caribe participan en el ITP-TEWS Chile 2026. - Patrimonio Actual, ciudades, sitios y espacios naturales declarados Patrimonio de la Humanidad por la UNESCO","og_description":"Especialistas de pa\u00edses oc\u00e9ano Pac\u00edfico y el Caribe participan en el ITP-TEWS Chile 2026, instancia promueve el intercambio de conocimientos","og_url":"https:\/\/patrimonioactual.com\/page\/chile-vuelve-a-ser-sede-de-uno-de-los-principales-programas-internacionales-de-capacitacion-de-la-unesco\/","og_site_name":"Patrimonio Actual, ciudades, sitios y espacios naturales declarados Patrimonio de la Humanidad por la UNESCO","article_publisher":"https:\/\/www.facebook.com\/P.actual","article_author":"http:\/\/facebook.com\/patrimonio.actual","article_published_time":"2026-08-21T06:47:04+00:00","article_modified_time":"2026-08-21T06:47:09+00:00","og_image":[{"width":615,"height":461,"url":"https:\/\/patrimonioactual.com\/page\/wp-content\/uploads\/2026\/08\/UNESCO-CHILE-SHOA-1100.gif","type":"image\/gif"}],"author":"admin","twitter_card":"summary_large_image","twitter_creator":"@P_actual","twitter_site":"@P_actual","twitter_misc":{"Escrito por":"admin","Tiempo de lectura":"4 minutos"},"schema":{"@context":"https:\/\/schema.org","@graph":[{"@type":"Article","@id":"https:\/\/patrimonioactual.com\/page\/chile-vuelve-a-ser-sede-de-uno-de-los-principales-programas-internacionales-de-capacitacion-de-la-unesco\/#article","isPartOf":{"@id":"https:\/\/patrimonioactual.com\/page\/chile-vuelve-a-ser-sede-de-uno-de-los-principales-programas-internacionales-de-capacitacion-de-la-unesco\/"},"author":{"name":"admin","@id":"https:\/\/patrimonioactual.com\/page\/#\/schema\/person\/76850d24a9bd508e8e44db1faeab630e"},"headline":"Especialistas de pa\u00edses del oc\u00e9ano Pac\u00edfico y el Caribe participan en el ITP-TEWS Chile 2026.","datePublished":"2026-08-21T06:47:04+00:00","dateModified":"2026-08-21T06:47:09+00:00","mainEntityOfPage":{"@id":"https:\/\/patrimonioactual.com\/page\/chile-vuelve-a-ser-sede-de-uno-de-los-principales-programas-internacionales-de-capacitacion-de-la-unesco\/"},"wordCount":674,"commentCount":0,"image":{"@id":"https:\/\/patrimonioactual.com\/page\/chile-vuelve-a-ser-sede-de-uno-de-los-principales-programas-internacionales-de-capacitacion-de-la-unesco\/#primaryimage"},"thumbnailUrl":"https:\/\/patrimonioactual.com\/page\/wp-content\/uploads\/2026\/08\/UNESCO-CHILE-SHOA-1100.gif","keywords":["Chile","oc\u00e9ano Pac\u00edfico","Tsunamis","UNESCO-IOC"],"articleSection":["Parajes Naturales","Patrimonio Natural","\u00daltimas Noticias"],"inLanguage":"es","potentialAction":[{"@type":"CommentAction","name":"Comment","target":["https:\/\/patrimonioactual.com\/page\/chile-vuelve-a-ser-sede-de-uno-de-los-principales-programas-internacionales-de-capacitacion-de-la-unesco\/#respond"]}]},{"@type":"WebPage","@id":"https:\/\/patrimonioactual.com\/page\/chile-vuelve-a-ser-sede-de-uno-de-los-principales-programas-internacionales-de-capacitacion-de-la-unesco\/","url":"https:\/\/patrimonioactual.com\/page\/chile-vuelve-a-ser-sede-de-uno-de-los-principales-programas-internacionales-de-capacitacion-de-la-unesco\/","name":"Especialistas de pa\u00edses del oc\u00e9ano Pac\u00edfico y el Caribe participan en el ITP-TEWS Chile 2026. - Patrimonio Actual, ciudades, sitios y espacios naturales declarados Patrimonio de la Humanidad por la UNESCO","isPartOf":{"@id":"https:\/\/patrimonioactual.com\/page\/#website"},"primaryImageOfPage":{"@id":"https:\/\/patrimonioactual.com\/page\/chile-vuelve-a-ser-sede-de-uno-de-los-principales-programas-internacionales-de-capacitacion-de-la-unesco\/#primaryimage"},"image":{"@id":"https:\/\/patrimonioactual.com\/page\/chile-vuelve-a-ser-sede-de-uno-de-los-principales-programas-internacionales-de-capacitacion-de-la-unesco\/#primaryimage"},"thumbnailUrl":"https:\/\/patrimonioactual.com\/page\/wp-content\/uploads\/2026\/08\/UNESCO-CHILE-SHOA-1100.gif","datePublished":"2026-08-21T06:47:04+00:00","dateModified":"2026-08-21T06:47:09+00:00","author":{"@id":"https:\/\/patrimonioactual.com\/page\/#\/schema\/person\/76850d24a9bd508e8e44db1faeab630e"},"description":"Especialistas de pa\u00edses oc\u00e9ano Pac\u00edfico y el Caribe participan en el ITP-TEWS Chile 2026, instancia promueve el intercambio de conocimientos","breadcrumb":{"@id":"https:\/\/patrimonioactual.com\/page\/chile-vuelve-a-ser-sede-de-uno-de-los-principales-programas-internacionales-de-capacitacion-de-la-unesco\/#breadcrumb"},"inLanguage":"es","potentialAction":[{"@type":"ReadAction","target":["https:\/\/patrimonioactual.com\/page\/chile-vuelve-a-ser-sede-de-uno-de-los-principales-programas-internacionales-de-capacitacion-de-la-unesco\/"]}]},{"@type":"ImageObject","inLanguage":"es","@id":"https:\/\/patrimonioactual.com\/page\/chile-vuelve-a-ser-sede-de-uno-de-los-principales-programas-internacionales-de-capacitacion-de-la-unesco\/#primaryimage","url":"https:\/\/patrimonioactual.com\/page\/wp-content\/uploads\/2026\/08\/UNESCO-CHILE-SHOA-1100.gif","contentUrl":"https:\/\/patrimonioactual.com\/page\/wp-content\/uploads\/2026\/08\/UNESCO-CHILE-SHOA-1100.gif","width":615,"height":461,"caption":"Especialistas de pa\u00edses del oc\u00e9ano Pac\u00edfico y el Caribe participan en el ITP-TEWS Chile 2026."},{"@type":"BreadcrumbList","@id":"https:\/\/patrimonioactual.com\/page\/chile-vuelve-a-ser-sede-de-uno-de-los-principales-programas-internacionales-de-capacitacion-de-la-unesco\/#breadcrumb","itemListElement":[{"@type":"ListItem","position":1,"name":"Portada","item":"https:\/\/patrimonioactual.com\/page\/"},{"@type":"ListItem","position":2,"name":"Especialistas de pa\u00edses del oc\u00e9ano Pac\u00edfico y el Caribe participan en el ITP-TEWS Chile 2026."}]},{"@type":"WebSite","@id":"https:\/\/patrimonioactual.com\/page\/#website","url":"https:\/\/patrimonioactual.com\/page\/","name":"Patrimonio Actual, ciudades, sitios y espacios naturales declarados Patrimonio de la Humanidad por la UNESCO","description":"Revista digital que busca informar a un p\u00fablico objetivo amplio, de los acontecimientos mundiales que se producen en torno a la informaci\u00f3n del patrimonio cultural, natural, inmaterial y tur\u00edstico-cultural de ciudades y espacios naturales, Patrimonio de la Humanidad declarados por la UNESCO.","potentialAction":[{"@type":"SearchAction","target":{"@type":"EntryPoint","urlTemplate":"https:\/\/patrimonioactual.com\/page\/?s={search_term_string}"},"query-input":{"@type":"PropertyValueSpecification","valueRequired":true,"valueName":"search_term_string"}}],"inLanguage":"es"},{"@type":"Person","@id":"https:\/\/patrimonioactual.com\/page\/#\/schema\/person\/76850d24a9bd508e8e44db1faeab630e","name":"admin","image":{"@type":"ImageObject","inLanguage":"es","@id":"https:\/\/secure.gravatar.com\/avatar\/48168d7e7932867b9131639a989484f6c50ddc0e7a6d380e506072a10e5df39d?s=96&d=mm&r=g","url":"https:\/\/secure.gravatar.com\/avatar\/48168d7e7932867b9131639a989484f6c50ddc0e7a6d380e506072a10e5df39d?s=96&d=mm&r=g","contentUrl":"https:\/\/secure.gravatar.com\/avatar\/48168d7e7932867b9131639a989484f6c50ddc0e7a6d380e506072a10e5df39d?s=96&d=mm&r=g","caption":"admin"},"sameAs":["http:\/\/facebook.com\/patrimonio.actual","https:\/\/x.com\/P_actual"],"url":"https:\/\/patrimonioactual.com\/page\/author\/juan\/"}]}},"_links":{"self":[{"href":"https:\/\/patrimonioactual.com\/page\/wp-json\/wp\/v2\/posts\/26766","targetHints":{"allow":["GET"]}}],"collection":[{"href":"https:\/\/patrimonioactual.com\/page\/wp-json\/wp\/v2\/posts"}],"about":[{"href":"https:\/\/patrimonioactual.com\/page\/wp-json\/wp\/v2\/types\/post"}],"author":[{"embeddable":true,"href":"https:\/\/patrimonioactual.com\/page\/wp-json\/wp\/v2\/users\/1"}],"replies":[{"embeddable":true,"href":"https:\/\/patrimonioactual.com\/page\/wp-json\/wp\/v2\/comments?post=26766"}],"version-history":[{"count":1,"href":"https:\/\/patrimonioactual.com\/page\/wp-json\/wp\/v2\/posts\/26766\/revisions"}],"predecessor-version":[{"id":26768,"href":"https:\/\/patrimonioactual.com\/page\/wp-json\/wp\/v2\/posts\/26766\/revisions\/26768"}],"wp:featuredmedia":[{"embeddable":true,"href":"https:\/\/patrimonioactual.com\/page\/wp-json\/wp\/v2\/media\/26767"}],"wp:attachment":[{"href":"https:\/\/patrimonioactual.com\/page\/wp-json\/wp\/v2\/media?parent=26766"}],"wp:term":[{"taxonomy":"category","embeddable":true,"href":"https:\/\/patrimonioactual.com\/page\/wp-json\/wp\/v2\/categories?post=26766"},{"taxonomy":"post_tag","embeddable":true,"href":"https:\/\/patrimonioactual.com\/page\/wp-json\/wp\/v2\/tags?post=26766"}],"curies":[{"name":"wp","href":"https:\/\/api.w.org\/{rel}","templated":true}]}}