{"id":26773,"date":"2026-08-21T08:58:18","date_gmt":"2026-08-21T06:58:18","guid":{"rendered":"https:\/\/patrimonioactual.com\/page\/?p=26773"},"modified":"2026-08-21T08:58:23","modified_gmt":"2026-08-21T06:58:23","slug":"los-combates-y-las-inundaciones-provocan-el-desplazamiento","status":"publish","type":"post","link":"https:\/\/patrimonioactual.com\/page\/los-combates-y-las-inundaciones-provocan-el-desplazamiento\/","title":{"rendered":"Los combates y las inundaciones provocan el desplazamiento de 200.000 personas en Sud\u00e1n"},"content":{"rendered":"<div class=\"wp-block-image\">\n<figure class=\"aligncenter size-full\"><a href=\"https:\/\/patrimonioactual.com\/page\/wp-content\/uploads\/2026\/08\/SUDAN-image1170x530cropped00.gif\"><img loading=\"lazy\" decoding=\"async\" width=\"615\" height=\"461\" src=\"https:\/\/patrimonioactual.com\/page\/wp-content\/uploads\/2026\/08\/SUDAN-image1170x530cropped00.gif\" alt=\"M\u00e1s de 200.000 personas han sido tenido que abandonar sus hogares recientemente en la regi\u00f3n sudanesa de Kordof\u00e1n. \u00a9 OMS ARCHIVO:\" class=\"wp-image-26774\"\/><\/a><figcaption class=\"wp-element-caption\">M\u00e1s de 200.000 personas han sido tenido que abandonar sus hogares recientemente en la regi\u00f3n sudanesa de Kordof\u00e1n. \u00a9 OMS ARCHIVO:<\/figcaption><\/figure>\n<\/div>\n\n\n<p class=\"has-medium-font-size wp-block-paragraph\"><strong>Sud\u00e1n atraviesa una de las mayores crisis del mundo. A la violencia que obliga a miles de familias a abandonar sus hogares se suman ahora las inundaciones, los da\u00f1os a servicios esenciales y las dificultades para hacer llegar ayuda humanitaria a quienes m\u00e1s la necesitan<\/strong><\/p>\n\n\n\n<p class=\"wp-block-paragraph\">M\u00e1s de&nbsp;200.000 personas han sido tenido que abandonar sus hogares recientemente en la regi\u00f3n sudanesa de Kordof\u00e1n&nbsp;desde finales de 2025, mientras la intensificaci\u00f3n de los combates, los ataques contra infraestructuras y las <a href=\"https:\/\/patrimonioactual.com\/page\/?s=inundaciones\">inundaciones<\/a> estacionales agravan una crisis humanitaria que ya mantiene a&nbsp;8,6 millones de personas desplazadas dentro del pa\u00eds, alert\u00f3 este mi\u00e9rcoles la&nbsp;<a href=\"http:\/\/www.iom.int\/es\" target=\"_blank\" rel=\"noopener\">Organizaci\u00f3n Internacional para las Migraciones<\/a>&nbsp;(<a href=\"http:\/\/www.iom.int\/es\" target=\"_blank\" rel=\"noopener\">OIM<\/a>).<\/p>\n\n\n\n<p class=\"wp-block-paragraph\">La situaci\u00f3n se deteriora en distintas zonas de <a href=\"https:\/\/patrimonioactual.com\/page\/?s=Sud%C3%A1n+\">Sud\u00e1n<\/a> al mismo tiempo que contin\u00faan importantes movimientos de poblaci\u00f3n hacia los pa\u00edses vecinos.<\/p>\n\n\n\n<p class=\"wp-block-paragraph\">Aunque tambi\u00e9n se est\u00e1n registrando retornos hacia Jartum, en otras partes del territorio las familias siguen huyendo de la violencia y afrontando la p\u00e9rdida de servicios b\u00e1sicos como agua, electricidad y atenci\u00f3n sanitaria.<\/p>\n\n\n\n<p class=\"wp-block-paragraph\">\u201cLas se\u00f1ales de alarma son imposibles de ignorar. En todo Sud\u00e1n, las familias huyen de la violencia, pierden el acceso al agua, la electricidad y la atenci\u00f3n sanitaria, y ahora afrontan adem\u00e1s la carga de inundaciones destructivas\u201d, afirm\u00f3 la directora general de la OIM, Amy Pope.<\/p>\n\n\n\n<p class=\"wp-block-paragraph\">La responsable advirti\u00f3 que, sin medidas urgentes para proteger a los civiles y restablecer los servicios esenciales, el sufrimiento de la poblaci\u00f3n continuar\u00e1 profundiz\u00e1ndose.<\/p>\n\n\n\n<p class=\"has-medium-font-size wp-block-paragraph\"><strong>M\u00e1s desplazamientos mientras los servicios esenciales colapsan<\/strong><\/p>\n\n\n\n<p class=\"wp-block-paragraph\">Una de las situaciones m\u00e1s preocupantes se registra en&nbsp;Kordof\u00e1n del Norte, donde la intensificaci\u00f3n de los enfrentamientos y los ataques con drones contra el principal transformador el\u00e9ctrico de El Obeid provocaron cortes prolongados de electricidad. Las interrupciones han afectado el bombeo de agua, los establecimientos sanitarios y las telecomunicaciones, ampliando las consecuencias de la violencia mucho m\u00e1s all\u00e1 de las zonas directamente alcanzadas por los combates.<\/p>\n\n\n\n<p class=\"wp-block-paragraph\">En la localidad de Sheikan, el desplazamiento aument\u00f3 un&nbsp;25% durante los \u00faltimos ocho meses, mientras que en el conjunto de la regi\u00f3n de Kordof\u00e1n m\u00e1s de 200.000 personas han tenido que abandonar sus hogares desde finales de 2025.<\/p>\n\n\n\n<p class=\"wp-block-paragraph\">La violencia tambi\u00e9n est\u00e1 provocando nuevos movimientos de poblaci\u00f3n en otras regiones. En&nbsp;Nilo Azul, los enfrentamientos en Geissan y sus alrededores desplazaron a unas&nbsp;7800 personas, algunas de las cuales cruzaron la frontera hacia Etiop\u00eda. En&nbsp;Darfur Occidental, cerca de 18.000 personas fueron desplazadas&nbsp;durante la primera mitad de agosto.<\/p>\n\n\n\n<p class=\"wp-block-paragraph\">A los enfrentamientos se suma el impacto de las lluvias. En Tawila, en Darfur del Norte, las precipitaciones intensas destruyeron o da\u00f1aron cerca de&nbsp;1350 viviendas&nbsp;la semana pasada y desplazaron a m\u00e1s de&nbsp;1000 familias.&nbsp;Nuevas inundaciones en Kabkabiya y Shangil Tobaya tambi\u00e9n obligaron a decenas de familias a refugiarse en alojamientos temporales.<\/p>\n\n\n\n<p class=\"wp-block-paragraph\">La combinaci\u00f3n de violencia, da\u00f1os a las infraestructuras y fen\u00f3menos meteorol\u00f3gicos est\u00e1 llevando al l\u00edmite la capacidad de numerosas familias para afrontar nuevas emergencias.<\/p>\n\n\n\n<p class=\"wp-block-paragraph\">La OIM tambi\u00e9n advierte de que las demoras en las cadenas mundiales de suministro, particularmente las vinculadas al&nbsp;mar Rojo y el <a href=\"https:\/\/patrimonioactual.com\/page\/?s=estrecho+de+Ormuz\">estrecho de Ormuz<\/a>,&nbsp;est\u00e1n a\u00f1adiendo presi\u00f3n a una respuesta humanitaria que ya enfrenta importantes dificultades.<\/p>\n\n\n\n<p class=\"has-medium-font-size wp-block-paragraph\"><strong>Cientos de miles necesitan asistencia<\/strong><\/p>\n\n\n\n<p class=\"wp-block-paragraph\">Pese al deterioro de las condiciones, la OIM ha ampliado sus operaciones. Durante las \u00faltimas 72 horas, la organizaci\u00f3n entreg\u00f3&nbsp;1750 toneladas m\u00e9tricas de suministros humanitarios,&nbsp;entre ellos 17.750 kits de higiene y 850 tiendas de campa\u00f1a, que ya han beneficiado directamente a 110.750 personas en algunas de las zonas con mayores necesidades.<\/p>\n\n\n\n<p class=\"wp-block-paragraph\">La agencia prev\u00e9 que la asistencia alcance a&nbsp;m\u00e1s de 400.000 personas durante los pr\u00f3ximos d\u00edas,&nbsp;aunque advierte de que la disminuci\u00f3n de los fondos destinados a proporcionar refugio amenaza la continuidad de las operaciones.<\/p>\n\n\n\n<p class=\"wp-block-paragraph\">\u201cSud\u00e1n es una de las mayores crisis de desplazamiento del mundo. El impacto combinado del conflicto, los da\u00f1os a la infraestructura y las inundaciones est\u00e1 llevando a miles de familias m\u00e1s all\u00e1 de sus l\u00edmites\u201d, se\u00f1al\u00f3 Pope.<\/p>\n\n\n\n<p class=\"wp-block-paragraph\">La directora general asegur\u00f3 que la OIM continuar\u00e1 proporcionando ayuda vital, pero reclam\u00f3 apoyo urgente para mantener las operaciones de alojamiento y las cadenas de suministro humanitario antes de que las condiciones empeoren a\u00fan m\u00e1s.<\/p>\n\n\n\n<p class=\"wp-block-paragraph\"><strong>S\u00edguenos en&nbsp;<\/strong><a href=\"https:\/\/www.facebook.com\/P.actual\"><strong>Facebook<\/strong><\/a><strong>&nbsp;y&nbsp;<\/strong><a href=\"https:\/\/twitter.com\/p_actual\"><strong>Twitter<\/strong><\/a><\/p>\n\n\n\n<p class=\"wp-block-paragraph\"><\/p>\n","protected":false},"excerpt":{"rendered":"<p>Sud\u00e1n atraviesa una de las mayores crisis del mundo. A la violencia que obliga a miles de familias a abandonar sus hogares se suman ahora las inundaciones, los da\u00f1os a servicios esenciales y las dificultades para hacer llegar ayuda humanitaria a quienes m\u00e1s la necesitan M\u00e1s de&nbsp;200.000 personas han sido tenido que abandonar sus hogares [&hellip;]<\/p>\n","protected":false},"author":1,"featured_media":26774,"comment_status":"open","ping_status":"open","sticky":false,"template":"","format":"standard","meta":{"footnotes":""},"categories":[29,6,39,28],"tags":[5210,6601,4513],"class_list":["post-26773","post","type-post","status-publish","format-standard","has-post-thumbnail","category-el-mundo-al-dia","category-patrimonio-actual","category-ultimas-noticias","category-unesco","tag-inundaciones","tag-organizacion-internacional-para-las-migraciones","tag-sudan"],"yoast_head":"<!-- This site is optimized with the Yoast SEO plugin v27.4 - https:\/\/yoast.com\/product\/yoast-seo-wordpress\/ -->\n<title>Los combates y las inundaciones provocan el desplazamiento de 200.000 personas en Sud\u00e1n - Patrimonio Actual, ciudades, sitios y espacios naturales declarados Patrimonio de la Humanidad por la UNESCO<\/title>\n<meta name=\"description\" content=\"Sud\u00e1n atraviesa una de las mayores crisis del mundo. A la violencia obliga a miles de familias a abandonar sus hogares ahora las inundaciones\" \/>\n<meta name=\"robots\" content=\"index, follow, max-snippet:-1, max-image-preview:large, max-video-preview:-1\" \/>\n<link rel=\"canonical\" href=\"https:\/\/patrimonioactual.com\/page\/los-combates-y-las-inundaciones-provocan-el-desplazamiento\/\" \/>\n<meta property=\"og:locale\" content=\"es_ES\" \/>\n<meta property=\"og:type\" content=\"article\" \/>\n<meta property=\"og:title\" content=\"Los combates y las inundaciones provocan el desplazamiento de 200.000 personas en Sud\u00e1n - Patrimonio Actual, ciudades, sitios y espacios naturales declarados Patrimonio de la Humanidad por la UNESCO\" \/>\n<meta property=\"og:description\" content=\"Sud\u00e1n atraviesa una de las mayores crisis del mundo. A la violencia obliga a miles de familias a abandonar sus hogares ahora las inundaciones\" \/>\n<meta property=\"og:url\" content=\"https:\/\/patrimonioactual.com\/page\/los-combates-y-las-inundaciones-provocan-el-desplazamiento\/\" \/>\n<meta property=\"og:site_name\" content=\"Patrimonio Actual, ciudades, sitios y espacios naturales declarados Patrimonio de la Humanidad por la UNESCO\" \/>\n<meta property=\"article:publisher\" content=\"https:\/\/www.facebook.com\/P.actual\" \/>\n<meta property=\"article:author\" content=\"http:\/\/facebook.com\/patrimonio.actual\" \/>\n<meta property=\"article:published_time\" content=\"2026-08-21T06:58:18+00:00\" \/>\n<meta property=\"article:modified_time\" content=\"2026-08-21T06:58:23+00:00\" \/>\n<meta property=\"og:image\" content=\"https:\/\/patrimonioactual.com\/page\/wp-content\/uploads\/2026\/08\/SUDAN-image1170x530cropped00.gif\" \/>\n\t<meta property=\"og:image:width\" content=\"615\" \/>\n\t<meta property=\"og:image:height\" content=\"461\" \/>\n\t<meta property=\"og:image:type\" content=\"image\/gif\" \/>\n<meta name=\"author\" content=\"admin\" \/>\n<meta name=\"twitter:card\" content=\"summary_large_image\" \/>\n<meta name=\"twitter:creator\" content=\"@P_actual\" \/>\n<meta name=\"twitter:site\" content=\"@P_actual\" \/>\n<meta name=\"twitter:label1\" content=\"Escrito por\" \/>\n\t<meta name=\"twitter:data1\" content=\"admin\" \/>\n\t<meta name=\"twitter:label2\" content=\"Tiempo de lectura\" \/>\n\t<meta name=\"twitter:data2\" content=\"4 minutos\" \/>\n<script type=\"application\/ld+json\" class=\"yoast-schema-graph\">{\"@context\":\"https:\\\/\\\/schema.org\",\"@graph\":[{\"@type\":\"Article\",\"@id\":\"https:\\\/\\\/patrimonioactual.com\\\/page\\\/los-combates-y-las-inundaciones-provocan-el-desplazamiento\\\/#article\",\"isPartOf\":{\"@id\":\"https:\\\/\\\/patrimonioactual.com\\\/page\\\/los-combates-y-las-inundaciones-provocan-el-desplazamiento\\\/\"},\"author\":{\"name\":\"admin\",\"@id\":\"https:\\\/\\\/patrimonioactual.com\\\/page\\\/#\\\/schema\\\/person\\\/76850d24a9bd508e8e44db1faeab630e\"},\"headline\":\"Los combates y las inundaciones provocan el desplazamiento de 200.000 personas en Sud\u00e1n\",\"datePublished\":\"2026-08-21T06:58:18+00:00\",\"dateModified\":\"2026-08-21T06:58:23+00:00\",\"mainEntityOfPage\":{\"@id\":\"https:\\\/\\\/patrimonioactual.com\\\/page\\\/los-combates-y-las-inundaciones-provocan-el-desplazamiento\\\/\"},\"wordCount\":789,\"commentCount\":0,\"image\":{\"@id\":\"https:\\\/\\\/patrimonioactual.com\\\/page\\\/los-combates-y-las-inundaciones-provocan-el-desplazamiento\\\/#primaryimage\"},\"thumbnailUrl\":\"https:\\\/\\\/patrimonioactual.com\\\/page\\\/wp-content\\\/uploads\\\/2026\\\/08\\\/SUDAN-image1170x530cropped00.gif\",\"keywords\":[\"inundaciones\",\"Organizaci\u00f3n Internacional para las Migraciones\",\"Sud\u00e1n\"],\"articleSection\":[\"El Mundo al D\u00eda\",\"Patrimonio Actual\",\"\u00daltimas Noticias\",\"UNESCO\"],\"inLanguage\":\"es\",\"potentialAction\":[{\"@type\":\"CommentAction\",\"name\":\"Comment\",\"target\":[\"https:\\\/\\\/patrimonioactual.com\\\/page\\\/los-combates-y-las-inundaciones-provocan-el-desplazamiento\\\/#respond\"]}]},{\"@type\":\"WebPage\",\"@id\":\"https:\\\/\\\/patrimonioactual.com\\\/page\\\/los-combates-y-las-inundaciones-provocan-el-desplazamiento\\\/\",\"url\":\"https:\\\/\\\/patrimonioactual.com\\\/page\\\/los-combates-y-las-inundaciones-provocan-el-desplazamiento\\\/\",\"name\":\"Los combates y las inundaciones provocan el desplazamiento de 200.000 personas en Sud\u00e1n - Patrimonio Actual, ciudades, sitios y espacios naturales declarados Patrimonio de la Humanidad por la UNESCO\",\"isPartOf\":{\"@id\":\"https:\\\/\\\/patrimonioactual.com\\\/page\\\/#website\"},\"primaryImageOfPage\":{\"@id\":\"https:\\\/\\\/patrimonioactual.com\\\/page\\\/los-combates-y-las-inundaciones-provocan-el-desplazamiento\\\/#primaryimage\"},\"image\":{\"@id\":\"https:\\\/\\\/patrimonioactual.com\\\/page\\\/los-combates-y-las-inundaciones-provocan-el-desplazamiento\\\/#primaryimage\"},\"thumbnailUrl\":\"https:\\\/\\\/patrimonioactual.com\\\/page\\\/wp-content\\\/uploads\\\/2026\\\/08\\\/SUDAN-image1170x530cropped00.gif\",\"datePublished\":\"2026-08-21T06:58:18+00:00\",\"dateModified\":\"2026-08-21T06:58:23+00:00\",\"author\":{\"@id\":\"https:\\\/\\\/patrimonioactual.com\\\/page\\\/#\\\/schema\\\/person\\\/76850d24a9bd508e8e44db1faeab630e\"},\"description\":\"Sud\u00e1n atraviesa una de las mayores crisis del mundo. A la violencia obliga a miles de familias a abandonar sus hogares ahora las inundaciones\",\"breadcrumb\":{\"@id\":\"https:\\\/\\\/patrimonioactual.com\\\/page\\\/los-combates-y-las-inundaciones-provocan-el-desplazamiento\\\/#breadcrumb\"},\"inLanguage\":\"es\",\"potentialAction\":[{\"@type\":\"ReadAction\",\"target\":[\"https:\\\/\\\/patrimonioactual.com\\\/page\\\/los-combates-y-las-inundaciones-provocan-el-desplazamiento\\\/\"]}]},{\"@type\":\"ImageObject\",\"inLanguage\":\"es\",\"@id\":\"https:\\\/\\\/patrimonioactual.com\\\/page\\\/los-combates-y-las-inundaciones-provocan-el-desplazamiento\\\/#primaryimage\",\"url\":\"https:\\\/\\\/patrimonioactual.com\\\/page\\\/wp-content\\\/uploads\\\/2026\\\/08\\\/SUDAN-image1170x530cropped00.gif\",\"contentUrl\":\"https:\\\/\\\/patrimonioactual.com\\\/page\\\/wp-content\\\/uploads\\\/2026\\\/08\\\/SUDAN-image1170x530cropped00.gif\",\"width\":615,\"height\":461,\"caption\":\"M\u00e1s de 200.000 personas han sido tenido que abandonar sus hogares recientemente en la regi\u00f3n sudanesa de Kordof\u00e1n. \u00a9 OMS ARCHIVO:\"},{\"@type\":\"BreadcrumbList\",\"@id\":\"https:\\\/\\\/patrimonioactual.com\\\/page\\\/los-combates-y-las-inundaciones-provocan-el-desplazamiento\\\/#breadcrumb\",\"itemListElement\":[{\"@type\":\"ListItem\",\"position\":1,\"name\":\"Portada\",\"item\":\"https:\\\/\\\/patrimonioactual.com\\\/page\\\/\"},{\"@type\":\"ListItem\",\"position\":2,\"name\":\"Los combates y las inundaciones provocan el desplazamiento de 200.000 personas en Sud\u00e1n\"}]},{\"@type\":\"WebSite\",\"@id\":\"https:\\\/\\\/patrimonioactual.com\\\/page\\\/#website\",\"url\":\"https:\\\/\\\/patrimonioactual.com\\\/page\\\/\",\"name\":\"Patrimonio Actual, ciudades, sitios y espacios naturales declarados Patrimonio de la Humanidad por la UNESCO\",\"description\":\"Revista digital que busca informar a un p\u00fablico objetivo amplio, de los acontecimientos mundiales que se producen en torno a la informaci\u00f3n del patrimonio cultural, natural, inmaterial y tur\u00edstico-cultural de ciudades y espacios naturales, Patrimonio de la Humanidad declarados por la UNESCO.\",\"potentialAction\":[{\"@type\":\"SearchAction\",\"target\":{\"@type\":\"EntryPoint\",\"urlTemplate\":\"https:\\\/\\\/patrimonioactual.com\\\/page\\\/?s={search_term_string}\"},\"query-input\":{\"@type\":\"PropertyValueSpecification\",\"valueRequired\":true,\"valueName\":\"search_term_string\"}}],\"inLanguage\":\"es\"},{\"@type\":\"Person\",\"@id\":\"https:\\\/\\\/patrimonioactual.com\\\/page\\\/#\\\/schema\\\/person\\\/76850d24a9bd508e8e44db1faeab630e\",\"name\":\"admin\",\"image\":{\"@type\":\"ImageObject\",\"inLanguage\":\"es\",\"@id\":\"https:\\\/\\\/secure.gravatar.com\\\/avatar\\\/48168d7e7932867b9131639a989484f6c50ddc0e7a6d380e506072a10e5df39d?s=96&d=mm&r=g\",\"url\":\"https:\\\/\\\/secure.gravatar.com\\\/avatar\\\/48168d7e7932867b9131639a989484f6c50ddc0e7a6d380e506072a10e5df39d?s=96&d=mm&r=g\",\"contentUrl\":\"https:\\\/\\\/secure.gravatar.com\\\/avatar\\\/48168d7e7932867b9131639a989484f6c50ddc0e7a6d380e506072a10e5df39d?s=96&d=mm&r=g\",\"caption\":\"admin\"},\"sameAs\":[\"http:\\\/\\\/facebook.com\\\/patrimonio.actual\",\"https:\\\/\\\/x.com\\\/P_actual\"],\"url\":\"https:\\\/\\\/patrimonioactual.com\\\/page\\\/author\\\/juan\\\/\"}]}<\/script>\n<!-- \/ Yoast SEO plugin. -->","yoast_head_json":{"title":"Los combates y las inundaciones provocan el desplazamiento de 200.000 personas en Sud\u00e1n - Patrimonio Actual, ciudades, sitios y espacios naturales declarados Patrimonio de la Humanidad por la UNESCO","description":"Sud\u00e1n atraviesa una de las mayores crisis del mundo. A la violencia obliga a miles de familias a abandonar sus hogares ahora las inundaciones","robots":{"index":"index","follow":"follow","max-snippet":"max-snippet:-1","max-image-preview":"max-image-preview:large","max-video-preview":"max-video-preview:-1"},"canonical":"https:\/\/patrimonioactual.com\/page\/los-combates-y-las-inundaciones-provocan-el-desplazamiento\/","og_locale":"es_ES","og_type":"article","og_title":"Los combates y las inundaciones provocan el desplazamiento de 200.000 personas en Sud\u00e1n - Patrimonio Actual, ciudades, sitios y espacios naturales declarados Patrimonio de la Humanidad por la UNESCO","og_description":"Sud\u00e1n atraviesa una de las mayores crisis del mundo. A la violencia obliga a miles de familias a abandonar sus hogares ahora las inundaciones","og_url":"https:\/\/patrimonioactual.com\/page\/los-combates-y-las-inundaciones-provocan-el-desplazamiento\/","og_site_name":"Patrimonio Actual, ciudades, sitios y espacios naturales declarados Patrimonio de la Humanidad por la UNESCO","article_publisher":"https:\/\/www.facebook.com\/P.actual","article_author":"http:\/\/facebook.com\/patrimonio.actual","article_published_time":"2026-08-21T06:58:18+00:00","article_modified_time":"2026-08-21T06:58:23+00:00","og_image":[{"width":615,"height":461,"url":"https:\/\/patrimonioactual.com\/page\/wp-content\/uploads\/2026\/08\/SUDAN-image1170x530cropped00.gif","type":"image\/gif"}],"author":"admin","twitter_card":"summary_large_image","twitter_creator":"@P_actual","twitter_site":"@P_actual","twitter_misc":{"Escrito por":"admin","Tiempo de lectura":"4 minutos"},"schema":{"@context":"https:\/\/schema.org","@graph":[{"@type":"Article","@id":"https:\/\/patrimonioactual.com\/page\/los-combates-y-las-inundaciones-provocan-el-desplazamiento\/#article","isPartOf":{"@id":"https:\/\/patrimonioactual.com\/page\/los-combates-y-las-inundaciones-provocan-el-desplazamiento\/"},"author":{"name":"admin","@id":"https:\/\/patrimonioactual.com\/page\/#\/schema\/person\/76850d24a9bd508e8e44db1faeab630e"},"headline":"Los combates y las inundaciones provocan el desplazamiento de 200.000 personas en Sud\u00e1n","datePublished":"2026-08-21T06:58:18+00:00","dateModified":"2026-08-21T06:58:23+00:00","mainEntityOfPage":{"@id":"https:\/\/patrimonioactual.com\/page\/los-combates-y-las-inundaciones-provocan-el-desplazamiento\/"},"wordCount":789,"commentCount":0,"image":{"@id":"https:\/\/patrimonioactual.com\/page\/los-combates-y-las-inundaciones-provocan-el-desplazamiento\/#primaryimage"},"thumbnailUrl":"https:\/\/patrimonioactual.com\/page\/wp-content\/uploads\/2026\/08\/SUDAN-image1170x530cropped00.gif","keywords":["inundaciones","Organizaci\u00f3n Internacional para las Migraciones","Sud\u00e1n"],"articleSection":["El Mundo al D\u00eda","Patrimonio Actual","\u00daltimas Noticias","UNESCO"],"inLanguage":"es","potentialAction":[{"@type":"CommentAction","name":"Comment","target":["https:\/\/patrimonioactual.com\/page\/los-combates-y-las-inundaciones-provocan-el-desplazamiento\/#respond"]}]},{"@type":"WebPage","@id":"https:\/\/patrimonioactual.com\/page\/los-combates-y-las-inundaciones-provocan-el-desplazamiento\/","url":"https:\/\/patrimonioactual.com\/page\/los-combates-y-las-inundaciones-provocan-el-desplazamiento\/","name":"Los combates y las inundaciones provocan el desplazamiento de 200.000 personas en Sud\u00e1n - Patrimonio Actual, ciudades, sitios y espacios naturales declarados Patrimonio de la Humanidad por la UNESCO","isPartOf":{"@id":"https:\/\/patrimonioactual.com\/page\/#website"},"primaryImageOfPage":{"@id":"https:\/\/patrimonioactual.com\/page\/los-combates-y-las-inundaciones-provocan-el-desplazamiento\/#primaryimage"},"image":{"@id":"https:\/\/patrimonioactual.com\/page\/los-combates-y-las-inundaciones-provocan-el-desplazamiento\/#primaryimage"},"thumbnailUrl":"https:\/\/patrimonioactual.com\/page\/wp-content\/uploads\/2026\/08\/SUDAN-image1170x530cropped00.gif","datePublished":"2026-08-21T06:58:18+00:00","dateModified":"2026-08-21T06:58:23+00:00","author":{"@id":"https:\/\/patrimonioactual.com\/page\/#\/schema\/person\/76850d24a9bd508e8e44db1faeab630e"},"description":"Sud\u00e1n atraviesa una de las mayores crisis del mundo. A la violencia obliga a miles de familias a abandonar sus hogares ahora las inundaciones","breadcrumb":{"@id":"https:\/\/patrimonioactual.com\/page\/los-combates-y-las-inundaciones-provocan-el-desplazamiento\/#breadcrumb"},"inLanguage":"es","potentialAction":[{"@type":"ReadAction","target":["https:\/\/patrimonioactual.com\/page\/los-combates-y-las-inundaciones-provocan-el-desplazamiento\/"]}]},{"@type":"ImageObject","inLanguage":"es","@id":"https:\/\/patrimonioactual.com\/page\/los-combates-y-las-inundaciones-provocan-el-desplazamiento\/#primaryimage","url":"https:\/\/patrimonioactual.com\/page\/wp-content\/uploads\/2026\/08\/SUDAN-image1170x530cropped00.gif","contentUrl":"https:\/\/patrimonioactual.com\/page\/wp-content\/uploads\/2026\/08\/SUDAN-image1170x530cropped00.gif","width":615,"height":461,"caption":"M\u00e1s de 200.000 personas han sido tenido que abandonar sus hogares recientemente en la regi\u00f3n sudanesa de Kordof\u00e1n. \u00a9 OMS ARCHIVO:"},{"@type":"BreadcrumbList","@id":"https:\/\/patrimonioactual.com\/page\/los-combates-y-las-inundaciones-provocan-el-desplazamiento\/#breadcrumb","itemListElement":[{"@type":"ListItem","position":1,"name":"Portada","item":"https:\/\/patrimonioactual.com\/page\/"},{"@type":"ListItem","position":2,"name":"Los combates y las inundaciones provocan el desplazamiento de 200.000 personas en Sud\u00e1n"}]},{"@type":"WebSite","@id":"https:\/\/patrimonioactual.com\/page\/#website","url":"https:\/\/patrimonioactual.com\/page\/","name":"Patrimonio Actual, ciudades, sitios y espacios naturales declarados Patrimonio de la Humanidad por la UNESCO","description":"Revista digital que busca informar a un p\u00fablico objetivo amplio, de los acontecimientos mundiales que se producen en torno a la informaci\u00f3n del patrimonio cultural, natural, inmaterial y tur\u00edstico-cultural de ciudades y espacios naturales, Patrimonio de la Humanidad declarados por la UNESCO.","potentialAction":[{"@type":"SearchAction","target":{"@type":"EntryPoint","urlTemplate":"https:\/\/patrimonioactual.com\/page\/?s={search_term_string}"},"query-input":{"@type":"PropertyValueSpecification","valueRequired":true,"valueName":"search_term_string"}}],"inLanguage":"es"},{"@type":"Person","@id":"https:\/\/patrimonioactual.com\/page\/#\/schema\/person\/76850d24a9bd508e8e44db1faeab630e","name":"admin","image":{"@type":"ImageObject","inLanguage":"es","@id":"https:\/\/secure.gravatar.com\/avatar\/48168d7e7932867b9131639a989484f6c50ddc0e7a6d380e506072a10e5df39d?s=96&d=mm&r=g","url":"https:\/\/secure.gravatar.com\/avatar\/48168d7e7932867b9131639a989484f6c50ddc0e7a6d380e506072a10e5df39d?s=96&d=mm&r=g","contentUrl":"https:\/\/secure.gravatar.com\/avatar\/48168d7e7932867b9131639a989484f6c50ddc0e7a6d380e506072a10e5df39d?s=96&d=mm&r=g","caption":"admin"},"sameAs":["http:\/\/facebook.com\/patrimonio.actual","https:\/\/x.com\/P_actual"],"url":"https:\/\/patrimonioactual.com\/page\/author\/juan\/"}]}},"_links":{"self":[{"href":"https:\/\/patrimonioactual.com\/page\/wp-json\/wp\/v2\/posts\/26773","targetHints":{"allow":["GET"]}}],"collection":[{"href":"https:\/\/patrimonioactual.com\/page\/wp-json\/wp\/v2\/posts"}],"about":[{"href":"https:\/\/patrimonioactual.com\/page\/wp-json\/wp\/v2\/types\/post"}],"author":[{"embeddable":true,"href":"https:\/\/patrimonioactual.com\/page\/wp-json\/wp\/v2\/users\/1"}],"replies":[{"embeddable":true,"href":"https:\/\/patrimonioactual.com\/page\/wp-json\/wp\/v2\/comments?post=26773"}],"version-history":[{"count":1,"href":"https:\/\/patrimonioactual.com\/page\/wp-json\/wp\/v2\/posts\/26773\/revisions"}],"predecessor-version":[{"id":26775,"href":"https:\/\/patrimonioactual.com\/page\/wp-json\/wp\/v2\/posts\/26773\/revisions\/26775"}],"wp:featuredmedia":[{"embeddable":true,"href":"https:\/\/patrimonioactual.com\/page\/wp-json\/wp\/v2\/media\/26774"}],"wp:attachment":[{"href":"https:\/\/patrimonioactual.com\/page\/wp-json\/wp\/v2\/media?parent=26773"}],"wp:term":[{"taxonomy":"category","embeddable":true,"href":"https:\/\/patrimonioactual.com\/page\/wp-json\/wp\/v2\/categories?post=26773"},{"taxonomy":"post_tag","embeddable":true,"href":"https:\/\/patrimonioactual.com\/page\/wp-json\/wp\/v2\/tags?post=26773"}],"curies":[{"name":"wp","href":"https:\/\/api.w.org\/{rel}","templated":true}]}}