{"id":26779,"date":"2026-08-21T09:11:50","date_gmt":"2026-08-21T07:11:50","guid":{"rendered":"https:\/\/patrimonioactual.com\/page\/?p=26779"},"modified":"2026-08-21T09:11:54","modified_gmt":"2026-08-21T07:11:54","slug":"compromiso-de-la-organizacion-con-el-libano","status":"publish","type":"post","link":"https:\/\/patrimonioactual.com\/page\/compromiso-de-la-organizacion-con-el-libano\/","title":{"rendered":"El Director General de la UNESCO reafirma el compromiso de la Organizaci\u00f3n con el L\u00edbano"},"content":{"rendered":"<div class=\"wp-block-image\">\n<figure class=\"aligncenter size-full\"><a href=\"https:\/\/patrimonioactual.com\/page\/wp-content\/uploads\/2026\/08\/UNESCO-LIBANO-Meeting-with-President-Joseph-Aoun00.gif\"><img loading=\"lazy\" decoding=\"async\" width=\"615\" height=\"461\" src=\"https:\/\/patrimonioactual.com\/page\/wp-content\/uploads\/2026\/08\/UNESCO-LIBANO-Meeting-with-President-Joseph-Aoun00.gif\" alt=\"El Director General de la UNESCO, Khaled El-Enany se reuni\u00f3 con el Presidente del L\u00edbano Joseph Aoun\" class=\"wp-image-26780\"\/><\/a><figcaption class=\"wp-element-caption\">El Director General de la UNESCO, Khaled El-Enany se reuni\u00f3 con el Presidente del L\u00edbano, Joseph Aoun<\/figcaption><\/figure>\n<\/div>\n\n\n<p class=\"has-medium-font-size wp-block-paragraph\"><strong>Durante su primera visita oficial al L\u00edbano, el Director General de la UNESCO, Khaled El-Enany&nbsp;se reuni\u00f3 con el Presidente Joseph Aoun y con miembros del Gobierno liban\u00e9s para analizar las actividades de la UNESCO en las \u00e1reas de educaci\u00f3n, ciencias, cultura, comunicaci\u00f3n e informaci\u00f3n y discutir las prioridades en los esfuerzos de&nbsp;recuperaci\u00f3n y la resiliencia a largo plazo<\/strong><\/p>\n\n\n\n<p class=\"wp-block-paragraph\"><em>\u00abAhora que el L\u00edbano se enfrenta a emergencias en evoluci\u00f3n, la UNESCO se solidariza con su pueblo y reconoce su extraordinario patrimonio cultural. Nuestro papel es trabajar junto a los socios libaneses, guiados por prioridades definidas a nivel nacional, para responder a las necesidades m\u00e1s urgentes y fomentar un desarrollo sostenible. A trav\u00e9s de nuestras iniciativas conjuntas en educaci\u00f3n, protecci\u00f3n del patrimonio e integridad de la informaci\u00f3n, buscamos ampliar oportunidades y la cohesi\u00f3n social, y apoyar una recuperaci\u00f3n inclusiva que contribuya a una paz duradera para todos\u00bb,&nbsp;<\/em>declar\u00f3 el Director General de la UNESCO, Khaled El-Enany.<\/p>\n\n\n\n<p class=\"wp-block-paragraph\">Durante su visita, el Director General se reuni\u00f3 con el Presidente Joseph Aoun, el Portavoz del Parlamento Nabih Berri, el Primer Ministro Nawaf Salam, el Ministro de Cultura Ghassan Salam\u00e9, y otros honorables miembros del Gobierno. La visita tambi\u00e9n marc\u00f3 la firma de un nuevo Memorando de Entendimiento con el Gobierno del <a href=\"https:\/\/patrimonioactual.com\/page\/?s=L%C3%ADbano\">L\u00edbano<\/a>, que establece un marco de cooperaci\u00f3n reforzado hasta 2029.<\/p>\n\n\n\n<p class=\"has-medium-font-size wp-block-paragraph\"><strong>Aumentar esfuerzos para la recuperaci\u00f3n de la educaci\u00f3n<\/strong><\/p>\n\n\n\n<p class=\"wp-block-paragraph\">Gracias a una subvenci\u00f3n de 1 mill\u00f3n de d\u00f3lares americanos de la Alianza Mundial para la Educaci\u00f3n (GPE en ingl\u00e9s), <a href=\"https:\/\/patrimonioactual.com\/page\/?s=UNESCO+\">UNESCO<\/a> respaldar\u00e1 los esfuerzos liderados por el Gobierno para fortalecer la planificaci\u00f3n educativa nacional y construir un sistema educativo m\u00e1s resiliente.<\/p>\n\n\n\n<p class=\"wp-block-paragraph\">Esta nueva contribuci\u00f3n de la Alianza Mundial para la Educaci\u00f3n eleva la asistencia espec\u00edfica de la UNESCO a la respuesta de emergencia y la recuperaci\u00f3n educativa en el L\u00edbano a 1,8 millones de d\u00f3lares, reforzando los esfuerzos para restablecer el aprendizaje y fortalecer las capacidades nacionales en todo el sector educativo.<\/p>\n\n\n\n<p class=\"wp-block-paragraph\">Durante una visita a la Escuela P\u00fablica Mixta Elemental Mohamad Shamel en Beirut, el Director General se reuni\u00f3 con estudiantes y profesores que participan en actividades de recuperaci\u00f3n respaldadas por la UNESCO. La visita destac\u00f3 el emblem\u00e1tico Programa de Aprendizaje de Verano de seis semanas, que ayuda a los estudiantes a recuperar el aprendizaje perdido debido al conflicto y los desplazamientos, mientras ofrece apoyo psicosocial de cara al nuevo a\u00f1o escolar.<\/p>\n\n\n\n<p class=\"wp-block-paragraph\">Desde 2023, la UNESCO ha formado a m\u00e1s de 4.000 profesores en enfoques de aprendizaje digital y flexible, llegando a m\u00e1s de 10.000 estudiantes en las regiones m\u00e1s afectadas.<\/p>\n\n\n\n<p class=\"has-medium-font-size wp-block-paragraph\"><strong>Aumento de los esfuerzos por el patrimonio del L\u00edbano<\/strong><\/p>\n\n\n\n<p class=\"wp-block-paragraph\">El Director General visit\u00f3 el sitio del <a href=\"https:\/\/patrimonioactual.com\/page\/?s=Patrimonio+Mundial+de+Tiro\">Patrimonio Mundial de Tiro<\/a>, que se a\u00f1adi\u00f3 recientemente a la <a href=\"https:\/\/patrimonioactual.com\/page\/?s=Lista+del+Patrimonio+Mundial+en+Peligro\">Lista del Patrimonio Mundial en Peligro<\/a>, donde anunci\u00f3 una contribuci\u00f3n de la UNESCO de 100.000 d\u00f3lares americanos del Fondo de Emergencia para el Patrimonio. Esto permitir\u00e1 avanzar en el apoyo de emergencia para evaluar los da\u00f1os, estabilizar estructuras vulnerables, proteger los restos arqueol\u00f3gicos y mosaicos, capacitar a j\u00f3venes profesionales libaneses del patrimonio, y respaldar los esfuerzos de recuperaci\u00f3n liderados por la comunidad para salvaguardar y revitalizar uno de los sitios culturales m\u00e1s emblem\u00e1ticos del L\u00edbano.<\/p>\n\n\n\n<p class=\"wp-block-paragraph\">En Khan Al-Askar, en Tr\u00edpoli, el Director General reconoci\u00f3 el potencial de este sitio hist\u00f3rico para servir al desarrollo de competencias orientado al empleo y la formaci\u00f3n t\u00e9cnica y profesional (TVET en ingl\u00e9s).<\/p>\n\n\n\n<p class=\"wp-block-paragraph\">El Director General visit\u00f3 tambi\u00e9n la Feria Internacional Rachid Karami y subray\u00f3 el apoyo de la UNESCO a este emblem\u00e1tico y moderno sitio arquitect\u00f3nico, incluyendo mediante la implementaci\u00f3n de un Plan de Gesti\u00f3n de la Conservaci\u00f3n, la financiaci\u00f3n para la restauraci\u00f3n de la Torre de Agua (76.000 d\u00f3lares americanos), y la capacitaci\u00f3n de expertos nacionales.<\/p>\n\n\n\n<p class=\"has-medium-font-size wp-block-paragraph\"><strong>Compromiso con la integridad de la informaci\u00f3n y la libertad de prensa<\/strong><\/p>\n\n\n\n<p class=\"wp-block-paragraph\">El Director General acogi\u00f3 con satisfacci\u00f3n el lanzamiento, el 13 de agosto, de la Campa\u00f1a Nacional contra el Discurso de Odio, liderada por el Ministerio de Informaci\u00f3n con el apoyo de la UNESCO. Tambi\u00e9n anunci\u00f3 una nueva contribuci\u00f3n de la Fundaci\u00f3n LOOPS a la iniciativa \u00abBibliotecas para la Resiliencia\u00bb. Gracias al apoyo de la Fundaci\u00f3n MCN Build y Noruega, la iniciativa ha movilizado ahora 650.000 d\u00f3lares americanos para ampliar el acceso a informaci\u00f3n fiable, fortalecer la resiliencia comunitaria y mejorar los servicios de las bibliotecas p\u00fablicas en todo el L\u00edbano.<\/p>\n\n\n\n<p class=\"wp-block-paragraph\">El Director General tambi\u00e9n tom\u00f3 nota de la adopci\u00f3n de una nueva Ley de Medios por parte del Parlamento liban\u00e9s. La UNESCO est\u00e1 preparada a seguir apoyando las reformas relacionadas con la ley y con su implementaci\u00f3n, con el fin de asegurar la libertad de expresi\u00f3n, la independencia de los medios y la seguridad de los periodistas, de acuerdo con las normas internacionales de derechos humanos.<\/p>\n\n\n\n<p class=\"has-medium-font-size wp-block-paragraph\"><strong>Partenariados y petici\u00f3n a la movilizaci\u00f3n internacional<\/strong><\/p>\n\n\n\n<p class=\"wp-block-paragraph\">El Director General agradece el apoyo a los socios y donantes de la UNESCO, y reitera la petici\u00f3n de la Organizaci\u00f3n a una mayor movilizaci\u00f3n internacional en favor del nuevo&nbsp;<a href=\"https:\/\/u7061146.ct.sendgrid.net\/ls\/click?upn=u001.gqh-2BaxUzlo7XKIuSly0rC7VjNlk3ovPcBMeUZeUgWcg5iBps0s9fJg-2B1PFIAm5DJL4kWrPOKMYeEbDgF3wVEfA-3D-3D9TLf_lnDR-2F6OKpBtgIEmMcG7eVRSVQvWUcPKSLKAnjbImWzIEjF9goO1W4hflQfmqUfXbXhQh48CtDMZOdXmSzC-2BrKwvrZf25ywI1IiZf16jKdnhH5Ux8y1DGhryPepX-2Bcid6uE2DcBa6h3aKViNu21gf0LdRUU68HONcHxEZDT-2BsH0OlYiaSR8WSbjEArepWtuzVwJRWxJoVniaxtP3SVtG30yJlVFko-2FKkQdmYImYBh25fbnNb-2FqeJBg-2FcwuHYjQdLSltp3drGMGZovHR-2FRIh0ZIyqUg2-2FTRrg-2F9nUdkoAzumkG-2B1VWvHHeTo7HWLhkpRBM3-2FbmMrxi-2B9HtOmcGUp4vhM2vvmlcHyaeaJEXhibwtA0-3D\" target=\"_blank\" rel=\"noopener\">Plan de Acci\u00f3n de la UNESCO para el L\u00edbano (2026-2028)<\/a>, que estructura la respuesta de la organizaci\u00f3n en torno a tres pilares: el monitoreo, la coordinaci\u00f3n y la provisi\u00f3n de asistencia de emergencia para sentar las bases de una recuperaci\u00f3n sostenible.<\/p>\n\n\n\n<p class=\"has-medium-font-size wp-block-paragraph\"><strong>La UNESCO intensifica su apoyo a medida que se desarrolla la crisis en el L\u00edbano.<\/strong><\/p>\n\n\n\n<p class=\"wp-block-paragraph\">A medida que se desarrolla la crisis en el L\u00edbano, la UNESCO trabaja con las autoridades nacionales y sus socios para ayudar a mantener la educaci\u00f3n, salvaguardar el patrimonio cultural y fortalecer el acceso a informaci\u00f3n fiable, sistemas que siguen siendo esenciales para las comunidades de todo el pa\u00eds.<\/p>\n\n\n\n<p class=\"wp-block-paragraph\">El impacto es generalizado. Las escuelas han sufrido da\u00f1os o han sido destruidas, lo que ha obligado a unos 500.000 ni\u00f1os a abandonar las aulas, mientras que m\u00e1s de un mill\u00f3n de estudiantes de todos los niveles educativos han visto interrumpidos sus estudios. Diecisiete escuelas han sido destruidas y m\u00e1s de 100 han resultado da\u00f1adas.<\/p>\n\n\n\n<p class=\"wp-block-paragraph\">El <a href=\"https:\/\/patrimonioactual.com\/page\/?s=patrimonio+cultural+\">patrimonio cultural<\/a> tambi\u00e9n se encuentra amenazado. Se han confirmado da\u00f1os en sitios clave, como Tiro, Patrimonio de la Humanidad, el Castillo de Beaufort y la Ciudadela de Chama, todos ellos bajo protecci\u00f3n reforzada, mientras que se han reportado huelgas cerca de otros lugares protegidos. Al mismo tiempo, las instituciones culturales y las actividades creativas \u2014fundamentales para la identidad y el sustento de las personas\u2014 se enfrentan a graves trastornos.<\/p>\n\n\n\n<p class=\"wp-block-paragraph\">La crisis tambi\u00e9n est\u00e1 afectando la forma en que las personas acceden a la informaci\u00f3n. Seis periodistas han sido asesinados y m\u00e1s de 65 desplazados, mientras que las instituciones de medios han sufrido da\u00f1os y p\u00e9rdida de equipos. La <a href=\"https:\/\/patrimonioactual.com\/page\/?s=desinformaci%C3%B3n\">desinformaci\u00f3n<\/a> y el discurso de odio est\u00e1n en aumento, a medida que el acceso a informaci\u00f3n confiable se vuelve m\u00e1s dif\u00edcil.<\/p>\n\n\n\n<p class=\"wp-block-paragraph\">Lazare Eloundou Assomo, Subdirector General de Cultura, en el evento convocado por la UNESCO con los Estados Miembros el 8 de junio para compartir informaci\u00f3n sobre la situaci\u00f3n en el pa\u00eds, coment\u00f3: \u201cLas crisis no solo destruyen edificios, sino que tambi\u00e9n fracturan mentes, silencian voces y borran identidades. En L\u00edbano, garantizar la educaci\u00f3n de un ni\u00f1o, apoyar a un cineasta o proteger a un periodista no es secundario a la ayuda humanitaria; es lo que impide que una emergencia temporal se convierta en un colapso permanente.\u201d<\/p>\n\n\n\n<p class=\"has-medium-font-size wp-block-paragraph\"><strong>Trabajar con las autoridades nacionales y los socios locales en respuesta<\/strong><\/p>\n\n\n\n<p class=\"wp-block-paragraph\">En respuesta, las autoridades nacionales est\u00e1n liderando los esfuerzos en todos los sectores, con la UNESCO y sus socios trabajando junto a ellas para mantener los sistemas esenciales y apoyar la recuperaci\u00f3n.<\/p>\n\n\n\n<p class=\"wp-block-paragraph\">En educaci\u00f3n, los esfuerzos se centran en garantizar la continuidad del aprendizaje al tiempo que se fortalece el sistema. La UNESCO, junto con el Ministerio de Educaci\u00f3n y Educaci\u00f3n Superior del L\u00edbano:<\/p>\n\n\n\n<ul class=\"wp-block-list\">\n<li>Brind\u00f3 apoyo psicosocial a m\u00e1s de 10.000 estudiantes.\u00a0<\/li>\n\n\n\n<li>Se brindaron apoyos a 32 escuelas p\u00fablicas en las zonas afectadas.\u00a0<\/li>\n\n\n\n<li>Aprendizaje facilitado a trav\u00e9s de soluciones digitales y actividades de cohesi\u00f3n social.\u00a0<\/li>\n\n\n\n<li>Capacit\u00f3 a m\u00e1s de 4.000 docentes en enfoques sensibles a las crisis.\u00a0<\/li>\n\n\n\n<li>Se brind\u00f3 apoyo a 100 l\u00edderes escolares mediante marcos de liderazgo sensibles a las crisis.\u00a0<\/li>\n\n\n\n<li>contribuy\u00f3 a una respuesta nacional dirigida a m\u00e1s de 1,6 millones de estudiantes.<\/li>\n\n\n\n<li>Permiti\u00f3 que m\u00e1s de 20.000 estudiantes se beneficiaran de cuatro aulas de aprendizaje digital equipadas en la Universidad Libanesa.<\/li>\n\n\n\n<li>Se brind\u00f3 apoyo acad\u00e9mico intensivo para el grado 12 a trav\u00e9s de cuatro centros, fortaleciendo la preparaci\u00f3n para los ex\u00e1menes y proporcionando apoyo de aprendizaje espec\u00edfico.<\/li>\n<\/ul>\n\n\n\n<p class=\"wp-block-paragraph\">La protecci\u00f3n de la cultura tambi\u00e9n es una prioridad. En todo el L\u00edbano, la UNESCO, el Ministerio de Cultura y la Direcci\u00f3n General de Antig\u00fcedades:<\/p>\n\n\n\n<ul class=\"wp-block-list\">\n<li>Se colocaron 73 sitios culturales bajo protecci\u00f3n reforzada.\u00a0<\/li>\n\n\n\n<li>Se implementaron medidas de emergencia para asegurar y reubicar los artefactos.\u00a0<\/li>\n\n\n\n<li>Se brind\u00f3 apoyo a profesionales de la cultura y a las industrias creativas, incluidas siete\u00a0iniciativas en Tiro y Baalbek.<\/li>\n\n\n\n<li>Imparti\u00f3 formaci\u00f3n para el desarrollo de capacidades a profesionales del patrimonio cultural.<\/li>\n<\/ul>\n\n\n\n<p class=\"wp-block-paragraph\">Los esfuerzos se extienden tambi\u00e9n al entorno informativo. En colaboraci\u00f3n con el Ministerio de Informaci\u00f3n y socios nacionales, la UNESCO:<\/p>\n\n\n\n<ul class=\"wp-block-list\">\n<li>Llegaron a m\u00e1s de 1,3 millones de usuarios a trav\u00e9s de campa\u00f1as de concientizaci\u00f3n para combatir la desinformaci\u00f3n.<\/li>\n\n\n\n<li>Se distribuyeron 4.050 kits de aprendizaje creativo a ni\u00f1os desplazados en todo el pa\u00eds.<\/li>\n\n\n\n<li>Se capacit\u00f3 a 275 j\u00f3venes y representantes de ONG en el sur del L\u00edbano a trav\u00e9s de programas de alfabetizaci\u00f3n medi\u00e1tica e informacional (MIL, por sus siglas en ingl\u00e9s).<\/li>\n\n\n\n<li>Se reforzaron las capacidades de verificaci\u00f3n de datos, lo que permite realizar 20 verificaciones en 40 d\u00edas.\u00a0<\/li>\n\n\n\n<li>Brind\u00f3 apoyo psicosocial y operativo a 18 periodistas.<\/li>\n<\/ul>\n\n\n\n<p class=\"wp-block-paragraph\">A medida que las necesidades siguen aumentando, el compromiso sostenido sigue siendo esencial. La UNESCO est\u00e1 preparada para ampliar a\u00fan m\u00e1s su respuesta, apoyando la recuperaci\u00f3n y la resiliencia en todo el L\u00edbano.<\/p>\n\n\n\n<p class=\"has-medium-font-size wp-block-paragraph\"><strong><em>Acerca de la UNESCO<\/em><\/strong><\/p>\n\n\n\n<p class=\"wp-block-paragraph\"><em>Con 194 Estados Miembros, la Organizaci\u00f3n de las Naciones Unidas para la Educaci\u00f3n, la Ciencia y la Cultura contribuye a la paz y la seguridad liderando la cooperaci\u00f3n multilateral en materia de educaci\u00f3n, ciencia, cultura, comunicaci\u00f3n e informaci\u00f3n. Con sede en Par\u00eds, la UNESCO tiene oficinas en 54 pa\u00edses y emplea a m\u00e1s de 2300 personas. La UNESCO supervisa m\u00e1s de 2000 sitios del Patrimonio Mundial, Reservas de Biosfera y Geoparques Mundiales, redes de Ciudades Creativas, Educativas, Inclusivas y Sostenibles y m\u00e1s de 13 000 escuelas asociadas, c\u00e1tedras universitarias e instituciones de formaci\u00f3n e investigaci\u00f3n con una red mundial de 200 Comisiones Nacionales. Su Director General es<\/em> <a href=\"https:\/\/patrimonioactual.com\/page\/?s=Khaled+El-Enany\"><em>Khaled El-Enany<\/em><\/a><em>.<\/em><\/p>\n\n\n\n<p class=\"wp-block-paragraph\"><em>\u00abPuesto que las guerras nacen en la mente de los hombres, es en la mente de los hombres donde deben erigirse los baluartes de la paz\u00bb \u2013 Constituci\u00f3n de la UNESCO, 1945.<\/em><\/p>\n\n\n\n<p class=\"wp-block-paragraph\"><strong>S\u00edguenos en&nbsp;<\/strong><a href=\"https:\/\/www.facebook.com\/P.actual\"><strong>Facebook<\/strong><\/a><strong>&nbsp;y&nbsp;<\/strong><a href=\"https:\/\/twitter.com\/p_actual\"><strong>Twitter<\/strong><\/a><\/p>\n\n\n\n<p class=\"wp-block-paragraph\"><\/p>\n","protected":false},"excerpt":{"rendered":"<p>Durante su primera visita oficial al L\u00edbano, el Director General de la UNESCO, Khaled El-Enany&nbsp;se reuni\u00f3 con el Presidente Joseph Aoun y con miembros del Gobierno liban\u00e9s para analizar las actividades de la UNESCO en las \u00e1reas de educaci\u00f3n, ciencias, cultura, comunicaci\u00f3n e informaci\u00f3n y discutir las prioridades en los esfuerzos de&nbsp;recuperaci\u00f3n y la resiliencia [&hellip;]<\/p>\n","protected":false},"author":1,"featured_media":26780,"comment_status":"open","ping_status":"open","sticky":false,"template":"","format":"standard","meta":{"footnotes":""},"categories":[6,39,28],"tags":[7521,7133,637,4534],"class_list":["post-26779","post","type-post","status-publish","format-standard","has-post-thumbnail","category-patrimonio-actual","category-ultimas-noticias","category-unesco","tag-joseph-aoun","tag-khaled-el-enany","tag-libano","tag-unesco"],"yoast_head":"<!-- This site is optimized with the Yoast SEO plugin v27.4 - https:\/\/yoast.com\/product\/yoast-seo-wordpress\/ -->\n<title>El Director General de la UNESCO reafirma el compromiso de la Organizaci\u00f3n con el L\u00edbano - Patrimonio Actual, ciudades, sitios y espacios naturales declarados Patrimonio de la Humanidad por la UNESCO<\/title>\n<meta name=\"description\" content=\"Durante su primera visita oficial al L\u00edbano, el Director General de la UNESCO, Khaled El-Enany se reuni\u00f3 con el Presidente Joseph Aoun\" \/>\n<meta name=\"robots\" content=\"index, follow, max-snippet:-1, max-image-preview:large, max-video-preview:-1\" \/>\n<link rel=\"canonical\" href=\"https:\/\/patrimonioactual.com\/page\/compromiso-de-la-organizacion-con-el-libano\/\" \/>\n<meta property=\"og:locale\" content=\"es_ES\" \/>\n<meta property=\"og:type\" content=\"article\" \/>\n<meta property=\"og:title\" content=\"El Director General de la UNESCO reafirma el compromiso de la Organizaci\u00f3n con el L\u00edbano - Patrimonio Actual, ciudades, sitios y espacios naturales declarados Patrimonio de la Humanidad por la UNESCO\" \/>\n<meta property=\"og:description\" content=\"Durante su primera visita oficial al L\u00edbano, el Director General de la UNESCO, Khaled El-Enany se reuni\u00f3 con el Presidente Joseph Aoun\" \/>\n<meta property=\"og:url\" content=\"https:\/\/patrimonioactual.com\/page\/compromiso-de-la-organizacion-con-el-libano\/\" \/>\n<meta property=\"og:site_name\" content=\"Patrimonio Actual, ciudades, sitios y espacios naturales declarados Patrimonio de la Humanidad por la UNESCO\" \/>\n<meta property=\"article:publisher\" content=\"https:\/\/www.facebook.com\/P.actual\" \/>\n<meta property=\"article:author\" content=\"http:\/\/facebook.com\/patrimonio.actual\" \/>\n<meta property=\"article:published_time\" content=\"2026-08-21T07:11:50+00:00\" \/>\n<meta property=\"article:modified_time\" content=\"2026-08-21T07:11:54+00:00\" \/>\n<meta property=\"og:image\" content=\"https:\/\/patrimonioactual.com\/page\/wp-content\/uploads\/2026\/08\/UNESCO-LIBANO-Meeting-with-President-Joseph-Aoun00.gif\" \/>\n\t<meta property=\"og:image:width\" content=\"615\" \/>\n\t<meta property=\"og:image:height\" content=\"461\" \/>\n\t<meta property=\"og:image:type\" content=\"image\/gif\" \/>\n<meta name=\"author\" content=\"admin\" \/>\n<meta name=\"twitter:card\" content=\"summary_large_image\" \/>\n<meta name=\"twitter:creator\" content=\"@P_actual\" \/>\n<meta name=\"twitter:site\" content=\"@P_actual\" \/>\n<meta name=\"twitter:label1\" content=\"Escrito por\" \/>\n\t<meta name=\"twitter:data1\" content=\"admin\" \/>\n\t<meta name=\"twitter:label2\" content=\"Tiempo de lectura\" \/>\n\t<meta name=\"twitter:data2\" content=\"9 minutos\" \/>\n<script type=\"application\/ld+json\" class=\"yoast-schema-graph\">{\"@context\":\"https:\\\/\\\/schema.org\",\"@graph\":[{\"@type\":\"Article\",\"@id\":\"https:\\\/\\\/patrimonioactual.com\\\/page\\\/compromiso-de-la-organizacion-con-el-libano\\\/#article\",\"isPartOf\":{\"@id\":\"https:\\\/\\\/patrimonioactual.com\\\/page\\\/compromiso-de-la-organizacion-con-el-libano\\\/\"},\"author\":{\"name\":\"admin\",\"@id\":\"https:\\\/\\\/patrimonioactual.com\\\/page\\\/#\\\/schema\\\/person\\\/76850d24a9bd508e8e44db1faeab630e\"},\"headline\":\"El Director General de la UNESCO reafirma el compromiso de la Organizaci\u00f3n con el L\u00edbano\",\"datePublished\":\"2026-08-21T07:11:50+00:00\",\"dateModified\":\"2026-08-21T07:11:54+00:00\",\"mainEntityOfPage\":{\"@id\":\"https:\\\/\\\/patrimonioactual.com\\\/page\\\/compromiso-de-la-organizacion-con-el-libano\\\/\"},\"wordCount\":1938,\"commentCount\":0,\"image\":{\"@id\":\"https:\\\/\\\/patrimonioactual.com\\\/page\\\/compromiso-de-la-organizacion-con-el-libano\\\/#primaryimage\"},\"thumbnailUrl\":\"https:\\\/\\\/patrimonioactual.com\\\/page\\\/wp-content\\\/uploads\\\/2026\\\/08\\\/UNESCO-LIBANO-Meeting-with-President-Joseph-Aoun00.gif\",\"keywords\":[\"Joseph Aoun\",\"Khaled El-Enany\",\"L\u00edbano\",\"UNESCO\"],\"articleSection\":[\"Patrimonio Actual\",\"\u00daltimas Noticias\",\"UNESCO\"],\"inLanguage\":\"es\",\"potentialAction\":[{\"@type\":\"CommentAction\",\"name\":\"Comment\",\"target\":[\"https:\\\/\\\/patrimonioactual.com\\\/page\\\/compromiso-de-la-organizacion-con-el-libano\\\/#respond\"]}]},{\"@type\":\"WebPage\",\"@id\":\"https:\\\/\\\/patrimonioactual.com\\\/page\\\/compromiso-de-la-organizacion-con-el-libano\\\/\",\"url\":\"https:\\\/\\\/patrimonioactual.com\\\/page\\\/compromiso-de-la-organizacion-con-el-libano\\\/\",\"name\":\"El Director General de la UNESCO reafirma el compromiso de la Organizaci\u00f3n con el L\u00edbano - Patrimonio Actual, ciudades, sitios y espacios naturales declarados Patrimonio de la Humanidad por la UNESCO\",\"isPartOf\":{\"@id\":\"https:\\\/\\\/patrimonioactual.com\\\/page\\\/#website\"},\"primaryImageOfPage\":{\"@id\":\"https:\\\/\\\/patrimonioactual.com\\\/page\\\/compromiso-de-la-organizacion-con-el-libano\\\/#primaryimage\"},\"image\":{\"@id\":\"https:\\\/\\\/patrimonioactual.com\\\/page\\\/compromiso-de-la-organizacion-con-el-libano\\\/#primaryimage\"},\"thumbnailUrl\":\"https:\\\/\\\/patrimonioactual.com\\\/page\\\/wp-content\\\/uploads\\\/2026\\\/08\\\/UNESCO-LIBANO-Meeting-with-President-Joseph-Aoun00.gif\",\"datePublished\":\"2026-08-21T07:11:50+00:00\",\"dateModified\":\"2026-08-21T07:11:54+00:00\",\"author\":{\"@id\":\"https:\\\/\\\/patrimonioactual.com\\\/page\\\/#\\\/schema\\\/person\\\/76850d24a9bd508e8e44db1faeab630e\"},\"description\":\"Durante su primera visita oficial al L\u00edbano, el Director General de la UNESCO, Khaled El-Enany se reuni\u00f3 con el Presidente Joseph Aoun\",\"breadcrumb\":{\"@id\":\"https:\\\/\\\/patrimonioactual.com\\\/page\\\/compromiso-de-la-organizacion-con-el-libano\\\/#breadcrumb\"},\"inLanguage\":\"es\",\"potentialAction\":[{\"@type\":\"ReadAction\",\"target\":[\"https:\\\/\\\/patrimonioactual.com\\\/page\\\/compromiso-de-la-organizacion-con-el-libano\\\/\"]}]},{\"@type\":\"ImageObject\",\"inLanguage\":\"es\",\"@id\":\"https:\\\/\\\/patrimonioactual.com\\\/page\\\/compromiso-de-la-organizacion-con-el-libano\\\/#primaryimage\",\"url\":\"https:\\\/\\\/patrimonioactual.com\\\/page\\\/wp-content\\\/uploads\\\/2026\\\/08\\\/UNESCO-LIBANO-Meeting-with-President-Joseph-Aoun00.gif\",\"contentUrl\":\"https:\\\/\\\/patrimonioactual.com\\\/page\\\/wp-content\\\/uploads\\\/2026\\\/08\\\/UNESCO-LIBANO-Meeting-with-President-Joseph-Aoun00.gif\",\"width\":615,\"height\":461,\"caption\":\"El Director General de la UNESCO, Khaled El-Enany se reuni\u00f3 con el Presidente del L\u00edbano Joseph Aoun\"},{\"@type\":\"BreadcrumbList\",\"@id\":\"https:\\\/\\\/patrimonioactual.com\\\/page\\\/compromiso-de-la-organizacion-con-el-libano\\\/#breadcrumb\",\"itemListElement\":[{\"@type\":\"ListItem\",\"position\":1,\"name\":\"Portada\",\"item\":\"https:\\\/\\\/patrimonioactual.com\\\/page\\\/\"},{\"@type\":\"ListItem\",\"position\":2,\"name\":\"El Director General de la UNESCO reafirma el compromiso de la Organizaci\u00f3n con el L\u00edbano\"}]},{\"@type\":\"WebSite\",\"@id\":\"https:\\\/\\\/patrimonioactual.com\\\/page\\\/#website\",\"url\":\"https:\\\/\\\/patrimonioactual.com\\\/page\\\/\",\"name\":\"Patrimonio Actual, ciudades, sitios y espacios naturales declarados Patrimonio de la Humanidad por la UNESCO\",\"description\":\"Revista digital que busca informar a un p\u00fablico objetivo amplio, de los acontecimientos mundiales que se producen en torno a la informaci\u00f3n del patrimonio cultural, natural, inmaterial y tur\u00edstico-cultural de ciudades y espacios naturales, Patrimonio de la Humanidad declarados por la UNESCO.\",\"potentialAction\":[{\"@type\":\"SearchAction\",\"target\":{\"@type\":\"EntryPoint\",\"urlTemplate\":\"https:\\\/\\\/patrimonioactual.com\\\/page\\\/?s={search_term_string}\"},\"query-input\":{\"@type\":\"PropertyValueSpecification\",\"valueRequired\":true,\"valueName\":\"search_term_string\"}}],\"inLanguage\":\"es\"},{\"@type\":\"Person\",\"@id\":\"https:\\\/\\\/patrimonioactual.com\\\/page\\\/#\\\/schema\\\/person\\\/76850d24a9bd508e8e44db1faeab630e\",\"name\":\"admin\",\"image\":{\"@type\":\"ImageObject\",\"inLanguage\":\"es\",\"@id\":\"https:\\\/\\\/secure.gravatar.com\\\/avatar\\\/48168d7e7932867b9131639a989484f6c50ddc0e7a6d380e506072a10e5df39d?s=96&d=mm&r=g\",\"url\":\"https:\\\/\\\/secure.gravatar.com\\\/avatar\\\/48168d7e7932867b9131639a989484f6c50ddc0e7a6d380e506072a10e5df39d?s=96&d=mm&r=g\",\"contentUrl\":\"https:\\\/\\\/secure.gravatar.com\\\/avatar\\\/48168d7e7932867b9131639a989484f6c50ddc0e7a6d380e506072a10e5df39d?s=96&d=mm&r=g\",\"caption\":\"admin\"},\"sameAs\":[\"http:\\\/\\\/facebook.com\\\/patrimonio.actual\",\"https:\\\/\\\/x.com\\\/P_actual\"],\"url\":\"https:\\\/\\\/patrimonioactual.com\\\/page\\\/author\\\/juan\\\/\"}]}<\/script>\n<!-- \/ Yoast SEO plugin. -->","yoast_head_json":{"title":"El Director General de la UNESCO reafirma el compromiso de la Organizaci\u00f3n con el L\u00edbano - Patrimonio Actual, ciudades, sitios y espacios naturales declarados Patrimonio de la Humanidad por la UNESCO","description":"Durante su primera visita oficial al L\u00edbano, el Director General de la UNESCO, Khaled El-Enany se reuni\u00f3 con el Presidente Joseph Aoun","robots":{"index":"index","follow":"follow","max-snippet":"max-snippet:-1","max-image-preview":"max-image-preview:large","max-video-preview":"max-video-preview:-1"},"canonical":"https:\/\/patrimonioactual.com\/page\/compromiso-de-la-organizacion-con-el-libano\/","og_locale":"es_ES","og_type":"article","og_title":"El Director General de la UNESCO reafirma el compromiso de la Organizaci\u00f3n con el L\u00edbano - Patrimonio Actual, ciudades, sitios y espacios naturales declarados Patrimonio de la Humanidad por la UNESCO","og_description":"Durante su primera visita oficial al L\u00edbano, el Director General de la UNESCO, Khaled El-Enany se reuni\u00f3 con el Presidente Joseph Aoun","og_url":"https:\/\/patrimonioactual.com\/page\/compromiso-de-la-organizacion-con-el-libano\/","og_site_name":"Patrimonio Actual, ciudades, sitios y espacios naturales declarados Patrimonio de la Humanidad por la UNESCO","article_publisher":"https:\/\/www.facebook.com\/P.actual","article_author":"http:\/\/facebook.com\/patrimonio.actual","article_published_time":"2026-08-21T07:11:50+00:00","article_modified_time":"2026-08-21T07:11:54+00:00","og_image":[{"width":615,"height":461,"url":"https:\/\/patrimonioactual.com\/page\/wp-content\/uploads\/2026\/08\/UNESCO-LIBANO-Meeting-with-President-Joseph-Aoun00.gif","type":"image\/gif"}],"author":"admin","twitter_card":"summary_large_image","twitter_creator":"@P_actual","twitter_site":"@P_actual","twitter_misc":{"Escrito por":"admin","Tiempo de lectura":"9 minutos"},"schema":{"@context":"https:\/\/schema.org","@graph":[{"@type":"Article","@id":"https:\/\/patrimonioactual.com\/page\/compromiso-de-la-organizacion-con-el-libano\/#article","isPartOf":{"@id":"https:\/\/patrimonioactual.com\/page\/compromiso-de-la-organizacion-con-el-libano\/"},"author":{"name":"admin","@id":"https:\/\/patrimonioactual.com\/page\/#\/schema\/person\/76850d24a9bd508e8e44db1faeab630e"},"headline":"El Director General de la UNESCO reafirma el compromiso de la Organizaci\u00f3n con el L\u00edbano","datePublished":"2026-08-21T07:11:50+00:00","dateModified":"2026-08-21T07:11:54+00:00","mainEntityOfPage":{"@id":"https:\/\/patrimonioactual.com\/page\/compromiso-de-la-organizacion-con-el-libano\/"},"wordCount":1938,"commentCount":0,"image":{"@id":"https:\/\/patrimonioactual.com\/page\/compromiso-de-la-organizacion-con-el-libano\/#primaryimage"},"thumbnailUrl":"https:\/\/patrimonioactual.com\/page\/wp-content\/uploads\/2026\/08\/UNESCO-LIBANO-Meeting-with-President-Joseph-Aoun00.gif","keywords":["Joseph Aoun","Khaled El-Enany","L\u00edbano","UNESCO"],"articleSection":["Patrimonio Actual","\u00daltimas Noticias","UNESCO"],"inLanguage":"es","potentialAction":[{"@type":"CommentAction","name":"Comment","target":["https:\/\/patrimonioactual.com\/page\/compromiso-de-la-organizacion-con-el-libano\/#respond"]}]},{"@type":"WebPage","@id":"https:\/\/patrimonioactual.com\/page\/compromiso-de-la-organizacion-con-el-libano\/","url":"https:\/\/patrimonioactual.com\/page\/compromiso-de-la-organizacion-con-el-libano\/","name":"El Director General de la UNESCO reafirma el compromiso de la Organizaci\u00f3n con el L\u00edbano - Patrimonio Actual, ciudades, sitios y espacios naturales declarados Patrimonio de la Humanidad por la UNESCO","isPartOf":{"@id":"https:\/\/patrimonioactual.com\/page\/#website"},"primaryImageOfPage":{"@id":"https:\/\/patrimonioactual.com\/page\/compromiso-de-la-organizacion-con-el-libano\/#primaryimage"},"image":{"@id":"https:\/\/patrimonioactual.com\/page\/compromiso-de-la-organizacion-con-el-libano\/#primaryimage"},"thumbnailUrl":"https:\/\/patrimonioactual.com\/page\/wp-content\/uploads\/2026\/08\/UNESCO-LIBANO-Meeting-with-President-Joseph-Aoun00.gif","datePublished":"2026-08-21T07:11:50+00:00","dateModified":"2026-08-21T07:11:54+00:00","author":{"@id":"https:\/\/patrimonioactual.com\/page\/#\/schema\/person\/76850d24a9bd508e8e44db1faeab630e"},"description":"Durante su primera visita oficial al L\u00edbano, el Director General de la UNESCO, Khaled El-Enany se reuni\u00f3 con el Presidente Joseph Aoun","breadcrumb":{"@id":"https:\/\/patrimonioactual.com\/page\/compromiso-de-la-organizacion-con-el-libano\/#breadcrumb"},"inLanguage":"es","potentialAction":[{"@type":"ReadAction","target":["https:\/\/patrimonioactual.com\/page\/compromiso-de-la-organizacion-con-el-libano\/"]}]},{"@type":"ImageObject","inLanguage":"es","@id":"https:\/\/patrimonioactual.com\/page\/compromiso-de-la-organizacion-con-el-libano\/#primaryimage","url":"https:\/\/patrimonioactual.com\/page\/wp-content\/uploads\/2026\/08\/UNESCO-LIBANO-Meeting-with-President-Joseph-Aoun00.gif","contentUrl":"https:\/\/patrimonioactual.com\/page\/wp-content\/uploads\/2026\/08\/UNESCO-LIBANO-Meeting-with-President-Joseph-Aoun00.gif","width":615,"height":461,"caption":"El Director General de la UNESCO, Khaled El-Enany se reuni\u00f3 con el Presidente del L\u00edbano Joseph Aoun"},{"@type":"BreadcrumbList","@id":"https:\/\/patrimonioactual.com\/page\/compromiso-de-la-organizacion-con-el-libano\/#breadcrumb","itemListElement":[{"@type":"ListItem","position":1,"name":"Portada","item":"https:\/\/patrimonioactual.com\/page\/"},{"@type":"ListItem","position":2,"name":"El Director General de la UNESCO reafirma el compromiso de la Organizaci\u00f3n con el L\u00edbano"}]},{"@type":"WebSite","@id":"https:\/\/patrimonioactual.com\/page\/#website","url":"https:\/\/patrimonioactual.com\/page\/","name":"Patrimonio Actual, ciudades, sitios y espacios naturales declarados Patrimonio de la Humanidad por la UNESCO","description":"Revista digital que busca informar a un p\u00fablico objetivo amplio, de los acontecimientos mundiales que se producen en torno a la informaci\u00f3n del patrimonio cultural, natural, inmaterial y tur\u00edstico-cultural de ciudades y espacios naturales, Patrimonio de la Humanidad declarados por la UNESCO.","potentialAction":[{"@type":"SearchAction","target":{"@type":"EntryPoint","urlTemplate":"https:\/\/patrimonioactual.com\/page\/?s={search_term_string}"},"query-input":{"@type":"PropertyValueSpecification","valueRequired":true,"valueName":"search_term_string"}}],"inLanguage":"es"},{"@type":"Person","@id":"https:\/\/patrimonioactual.com\/page\/#\/schema\/person\/76850d24a9bd508e8e44db1faeab630e","name":"admin","image":{"@type":"ImageObject","inLanguage":"es","@id":"https:\/\/secure.gravatar.com\/avatar\/48168d7e7932867b9131639a989484f6c50ddc0e7a6d380e506072a10e5df39d?s=96&d=mm&r=g","url":"https:\/\/secure.gravatar.com\/avatar\/48168d7e7932867b9131639a989484f6c50ddc0e7a6d380e506072a10e5df39d?s=96&d=mm&r=g","contentUrl":"https:\/\/secure.gravatar.com\/avatar\/48168d7e7932867b9131639a989484f6c50ddc0e7a6d380e506072a10e5df39d?s=96&d=mm&r=g","caption":"admin"},"sameAs":["http:\/\/facebook.com\/patrimonio.actual","https:\/\/x.com\/P_actual"],"url":"https:\/\/patrimonioactual.com\/page\/author\/juan\/"}]}},"_links":{"self":[{"href":"https:\/\/patrimonioactual.com\/page\/wp-json\/wp\/v2\/posts\/26779","targetHints":{"allow":["GET"]}}],"collection":[{"href":"https:\/\/patrimonioactual.com\/page\/wp-json\/wp\/v2\/posts"}],"about":[{"href":"https:\/\/patrimonioactual.com\/page\/wp-json\/wp\/v2\/types\/post"}],"author":[{"embeddable":true,"href":"https:\/\/patrimonioactual.com\/page\/wp-json\/wp\/v2\/users\/1"}],"replies":[{"embeddable":true,"href":"https:\/\/patrimonioactual.com\/page\/wp-json\/wp\/v2\/comments?post=26779"}],"version-history":[{"count":1,"href":"https:\/\/patrimonioactual.com\/page\/wp-json\/wp\/v2\/posts\/26779\/revisions"}],"predecessor-version":[{"id":26781,"href":"https:\/\/patrimonioactual.com\/page\/wp-json\/wp\/v2\/posts\/26779\/revisions\/26781"}],"wp:featuredmedia":[{"embeddable":true,"href":"https:\/\/patrimonioactual.com\/page\/wp-json\/wp\/v2\/media\/26780"}],"wp:attachment":[{"href":"https:\/\/patrimonioactual.com\/page\/wp-json\/wp\/v2\/media?parent=26779"}],"wp:term":[{"taxonomy":"category","embeddable":true,"href":"https:\/\/patrimonioactual.com\/page\/wp-json\/wp\/v2\/categories?post=26779"},{"taxonomy":"post_tag","embeddable":true,"href":"https:\/\/patrimonioactual.com\/page\/wp-json\/wp\/v2\/tags?post=26779"}],"curies":[{"name":"wp","href":"https:\/\/api.w.org\/{rel}","templated":true}]}}