{"id":26785,"date":"2026-08-24T09:29:38","date_gmt":"2026-08-24T07:29:38","guid":{"rendered":"https:\/\/patrimonioactual.com\/page\/?p=26785"},"modified":"2026-08-24T09:29:38","modified_gmt":"2026-08-24T07:29:38","slug":"programa-de-capacitacion-en-estrategias-de-internacionalizacion-apuesta-por-transformar-la-educacion-superior","status":"publish","type":"post","link":"https:\/\/patrimonioactual.com\/page\/programa-de-capacitacion-en-estrategias-de-internacionalizacion-apuesta-por-transformar-la-educacion-superior\/","title":{"rendered":"Programa de Capacitaci\u00f3n en Estrategias de Internacionalizaci\u00f3n apuesta por transformar la educaci\u00f3n superior desde una perspectiva global"},"content":{"rendered":"<div class=\"wp-block-image\">\n<figure class=\"aligncenter size-full\"><a href=\"https:\/\/patrimonioactual.com\/page\/wp-content\/uploads\/2026\/08\/UNESCO-superior-CANVA-Programa-capacitacion-estragegica1100.gif\"><img loading=\"lazy\" decoding=\"async\" width=\"615\" height=\"461\" src=\"https:\/\/patrimonioactual.com\/page\/wp-content\/uploads\/2026\/08\/UNESCO-superior-CANVA-Programa-capacitacion-estragegica1100.gif\" alt=\"Programa de Capacitaci\u00f3n en Estrategias de Internacionalizaci\u00f3n\" class=\"wp-image-26786\"\/><\/a><figcaption class=\"wp-element-caption\">Programa de Capacitaci\u00f3n en Estrategias de Internacionalizaci\u00f3n <\/figcaption><\/figure>\n<\/div>\n\n\n<p class=\"has-medium-font-size wp-block-paragraph\"><strong>Busca fortalecer las capacidades institucionales necesarias para comprender, planear, implementar y consolidar procesos de internacionalizaci\u00f3n en las universidades<\/strong><\/p>\n\n\n\n<p class=\"wp-block-paragraph\">La internacionalizaci\u00f3n se ha consolidado como uno de los principales desaf\u00edos y, al mismo tiempo, una de las mayores oportunidades para las instituciones de educaci\u00f3n superior.<\/p>\n\n\n\n<p class=\"wp-block-paragraph\">En un contexto caracterizado por la transformaci\u00f3n digital, la circulaci\u00f3n global del conocimiento, la cooperaci\u00f3n entre pa\u00edses y la creciente necesidad de construir sociedades m\u00e1s inclusivas y sostenibles, las universidades est\u00e1n llamadas a fortalecer su capacidad de di\u00e1logo, articulaci\u00f3n e incidencia en escenarios nacionales, regionales e internacionales.&nbsp;<\/p>\n\n\n\n<p class=\"wp-block-paragraph\">En respuesta a esta realidad, el&nbsp;Programa de Capacitaci\u00f3n en Estrategias de Internacionalizaci\u00f3n (PCEI)&nbsp;se presenta como una iniciativa formativa orientada a fortalecer las capacidades institucionales necesarias para comprender, planear, implementar y consolidar procesos de internacionalizaci\u00f3n en la educaci\u00f3n superior.<\/p>\n\n\n\n<p class=\"wp-block-paragraph\">Busca aportar herramientas para que las instituciones reconozcan la internacionalizaci\u00f3n como un componente estrat\u00e9gico de su desarrollo y no \u00fanicamente como un conjunto de actividades aisladas.&nbsp;<\/p>\n\n\n\n<p class=\"wp-block-paragraph\">Tradicionalmente, la internacionalizaci\u00f3n ha sido asociada principalmente con la movilidad acad\u00e9mica de estudiantes, docentes e investigadores. Sin embargo, la realidad actual exige una visi\u00f3n m\u00e1s amplia e integradora.<\/p>\n\n\n\n<p class=\"wp-block-paragraph\">Internacionalizar una instituci\u00f3n implica incorporar una perspectiva global e intercultural en sus procesos de formaci\u00f3n, investigaci\u00f3n, extensi\u00f3n, gesti\u00f3n y relacionamiento con el entorno. Significa, adem\u00e1s, crear condiciones para que el conocimiento dialogue con diferentes contextos, culturas, saberes y necesidades sociales.&nbsp;<\/p>\n\n\n\n<p class=\"wp-block-paragraph\">El&nbsp;PCEI&nbsp;propone precisamente esta comprensi\u00f3n transversal y transformadora de la internacionalizaci\u00f3n. A trav\u00e9s de una experiencia de formaci\u00f3n sistem\u00e1tica, las y los participantes podr\u00e1n profundizar en los fundamentos conceptuales, metodol\u00f3gicos y operativos que orientan este proceso, as\u00ed como identificar herramientas para dise\u00f1ar estrategias alineadas con las prioridades, capacidades y particularidades de sus instituciones.&nbsp;<\/p>\n\n\n\n<p class=\"wp-block-paragraph\">La formaci\u00f3n busca promover una lectura cr\u00edtica del contexto internacional contempor\u00e1neo. Hoy, las instituciones de <a href=\"https:\/\/patrimonioactual.com\/page\/?s=educaci%C3%B3n+superior+\">educaci\u00f3n superior<\/a> deben responder a retos como la acelerada transformaci\u00f3n tecnol\u00f3gica, las brechas de acceso al conocimiento, la necesidad de cooperaci\u00f3n multilateral, la sostenibilidad ambiental, el respeto por los derechos humanos y la construcci\u00f3n de una ciudadan\u00eda global comprometida con la soluci\u00f3n de problemas comunes.<\/p>\n\n\n\n<p class=\"wp-block-paragraph\">Frente a estos desaf\u00edos, la internacionalizaci\u00f3n puede convertirse en una v\u00eda para ampliar horizontes, fortalecer alianzas y generar respuestas colaborativas.&nbsp;<\/p>\n\n\n\n<p class=\"wp-block-paragraph\">El programa tambi\u00e9n reconoce que este proceso debe desarrollarse desde principios de equidad, inclusi\u00f3n y respeto por la diversidad. Por ello, incorpora la perspectiva intercultural, la ciudadan\u00eda global y la justicia epist\u00e9mica como elementos orientadores. Esto implica valorar la diversidad de saberes, experiencias y trayectorias institucionales, as\u00ed como promover relaciones de cooperaci\u00f3n m\u00e1s horizontales, rec\u00edprocas y pertinentes para los distintos territorios.&nbsp;<\/p>\n\n\n\n<p class=\"wp-block-paragraph\">La propuesta formativa articula las dimensiones acad\u00e9mica, investigativa, administrativa y de extensi\u00f3n, entendiendo que la internacionalizaci\u00f3n debe impactar de manera integral las funciones sustantivas de la universidad. Desde esta mirada, se invita a reflexionar sobre la incorporaci\u00f3n de perspectivas globales en los curr\u00edculos, el desarrollo de proyectos de investigaci\u00f3n colaborativa, la participaci\u00f3n en redes de conocimiento, el fortalecimiento de capacidades institucionales y la construcci\u00f3n de v\u00ednculos con actores nacionales e internacionales.&nbsp;<\/p>\n\n\n\n<p class=\"wp-block-paragraph\">El&nbsp;PCEI&nbsp;est\u00e1 dirigido especialmente a equipos acad\u00e9micos, directivos universitarios, responsables de oficinas de relaciones internacionales, docentes, investigadores, gestores y dem\u00e1s actores comprometidos con la proyecci\u00f3n global de sus instituciones.&nbsp;<\/p>\n\n\n\n<p class=\"wp-block-paragraph\">La metodolog\u00eda del programa se fundamenta en el aprendizaje activo, participativo y reflexivo. Los participantes no solo revisar\u00e1n marcos te\u00f3ricos actualizados, sino que tambi\u00e9n analizar\u00e1n casos, intercambiar\u00e1n experiencias, reconocer\u00e1n buenas pr\u00e1cticas y aplicar\u00e1n herramientas de planificaci\u00f3n estrat\u00e9gica. La formaci\u00f3n se conecta con los retos concretos de cada instituci\u00f3n y favorece la construcci\u00f3n de propuestas adaptadas a sus realidades.&nbsp;<\/p>\n\n\n\n<p class=\"wp-block-paragraph\">El di\u00e1logo entre pares y el aprendizaje colaborativo ocupan un lugar central. La posibilidad de compartir experiencias entre instituciones, territorios y pa\u00edses enriquece la reflexi\u00f3n, permite identificar desaf\u00edos comunes y abre nuevas oportunidades de cooperaci\u00f3n. As\u00ed, el programa aspira a fortalecer comunidades de pr\u00e1ctica que mantengan el intercambio de conocimiento y la colaboraci\u00f3n m\u00e1s all\u00e1 del espacio formativo.&nbsp;<\/p>\n\n\n\n<p class=\"wp-block-paragraph\">Formarse en estrategias de internacionalizaci\u00f3n es, en esencia, prepararse para ampliar las posibilidades de la educaci\u00f3n superior. Es reconocer que las universidades tienen un papel decisivo en la construcci\u00f3n de sociedades capaces de comprender y enfrentar los retos globales, sin perder de vista sus contextos locales, sus identidades y sus responsabilidades con el desarrollo de sus comunidades.&nbsp;<\/p>\n\n\n\n<p class=\"wp-block-paragraph\">Invitamos a las instituciones y a sus equipos a fortalecer sus capacidades, renovar sus perspectivas y construir rutas de trabajo que conviertan la internacionalizaci\u00f3n en un proceso significativo, inclusivo y sostenible.&nbsp;<\/p>\n\n\n\n<p class=\"wp-block-paragraph\"><strong>Fecha de inicio: 28 de septiembre de 2026<\/strong><\/p>\n\n\n\n<p class=\"wp-block-paragraph\">M\u00e1s informaci\u00f3n<\/p>\n\n\n\n<p class=\"wp-block-paragraph\"><a href=\"https:\/\/campus.iesalc.unesco.org\/inicio\/blocks\/coursefilter\/course.php?id=385\">https:\/\/campus.iesalc.unesco.org\/inicio\/blocks\/coursefilter\/course.php?id=385<\/a><\/p>\n\n\n\n<p class=\"has-medium-font-size wp-block-paragraph\"><strong><em>Acerca de la UNESCO<\/em><\/strong><\/p>\n\n\n\n<p class=\"wp-block-paragraph\"><em>Con 194 Estados Miembros, la Organizaci\u00f3n de las Naciones Unidas para la Educaci\u00f3n, la Ciencia y la Cultura contribuye a la paz y la seguridad liderando la cooperaci\u00f3n multilateral en materia de educaci\u00f3n, ciencia, cultura, comunicaci\u00f3n e informaci\u00f3n. Con sede en Par\u00eds, la UNESCO tiene oficinas en 54 pa\u00edses y emplea a m\u00e1s de 2300 personas. La UNESCO supervisa m\u00e1s de 2000 sitios del Patrimonio Mundial, Reservas de Biosfera y Geoparques Mundiales, redes de Ciudades Creativas, Educativas, Inclusivas y Sostenibles y m\u00e1s de 13 000 escuelas asociadas, c\u00e1tedras universitarias e instituciones de formaci\u00f3n e investigaci\u00f3n con una red mundial de 200 Comisiones Nacionales. Su Director General es<\/em> <a href=\"https:\/\/patrimonioactual.com\/page\/?s=Khaled+El-Enany\"><em>Khaled El-Enany<\/em><\/a><em>.<\/em><\/p>\n\n\n\n<p class=\"wp-block-paragraph\"><em>\u00abPuesto que las guerras nacen en la mente de los hombres, es en la mente de los hombres donde deben erigirse los baluartes de la paz\u00bb \u2013 Constituci\u00f3n de la UNESCO, 1945.<\/em><\/p>\n\n\n\n<p class=\"wp-block-paragraph\"><strong>S\u00edguenos en&nbsp;<\/strong><a href=\"https:\/\/www.facebook.com\/P.actual\"><strong>Facebook<\/strong><\/a><strong>&nbsp;y&nbsp;<\/strong><a href=\"https:\/\/twitter.com\/p_actual\"><strong>Twitter<\/strong><\/a><\/p>\n\n\n\n<p class=\"wp-block-paragraph\"><\/p>\n","protected":false},"excerpt":{"rendered":"<p>Busca fortalecer las capacidades institucionales necesarias para comprender, planear, implementar y consolidar procesos de internacionalizaci\u00f3n en las universidades La internacionalizaci\u00f3n se ha consolidado como uno de los principales desaf\u00edos y, al mismo tiempo, una de las mayores oportunidades para las instituciones de educaci\u00f3n superior. En un contexto caracterizado por la transformaci\u00f3n digital, la circulaci\u00f3n global [&hellip;]<\/p>\n","protected":false},"author":1,"featured_media":26786,"comment_status":"open","ping_status":"open","sticky":false,"template":"","format":"standard","meta":{"footnotes":""},"categories":[6,39,28],"tags":[7523,7522],"class_list":["post-26785","post","type-post","status-publish","format-standard","has-post-thumbnail","category-patrimonio-actual","category-ultimas-noticias","category-unesco","tag-pcei","tag-programa-de-capacitacion-en-estrategias-de-internacionalizacion"],"yoast_head":"<!-- This site is optimized with the Yoast SEO plugin v27.4 - https:\/\/yoast.com\/product\/yoast-seo-wordpress\/ -->\n<title>Programa de Capacitaci\u00f3n en Estrategias de Internacionalizaci\u00f3n apuesta por transformar la educaci\u00f3n superior desde una perspectiva global - Patrimonio Actual, ciudades, sitios y espacios naturales declarados Patrimonio de la Humanidad por la UNESCO<\/title>\n<meta name=\"robots\" content=\"index, follow, max-snippet:-1, max-image-preview:large, max-video-preview:-1\" \/>\n<link rel=\"canonical\" href=\"https:\/\/patrimonioactual.com\/page\/programa-de-capacitacion-en-estrategias-de-internacionalizacion-apuesta-por-transformar-la-educacion-superior\/\" \/>\n<meta property=\"og:locale\" content=\"es_ES\" \/>\n<meta property=\"og:type\" content=\"article\" \/>\n<meta property=\"og:title\" content=\"Programa de Capacitaci\u00f3n en Estrategias de Internacionalizaci\u00f3n apuesta por transformar la educaci\u00f3n superior desde una perspectiva global - Patrimonio Actual, ciudades, sitios y espacios naturales declarados Patrimonio de la Humanidad por la UNESCO\" \/>\n<meta property=\"og:description\" content=\"Busca fortalecer las capacidades institucionales necesarias para comprender, planear, implementar y consolidar procesos de internacionalizaci\u00f3n en las universidades La internacionalizaci\u00f3n se ha consolidado como uno de los principales desaf\u00edos y, al mismo tiempo, una de las mayores oportunidades para las instituciones de educaci\u00f3n superior. En un contexto caracterizado por la transformaci\u00f3n digital, la circulaci\u00f3n global [&hellip;]\" \/>\n<meta property=\"og:url\" content=\"https:\/\/patrimonioactual.com\/page\/programa-de-capacitacion-en-estrategias-de-internacionalizacion-apuesta-por-transformar-la-educacion-superior\/\" \/>\n<meta property=\"og:site_name\" content=\"Patrimonio Actual, ciudades, sitios y espacios naturales declarados Patrimonio de la Humanidad por la UNESCO\" \/>\n<meta property=\"article:publisher\" content=\"https:\/\/www.facebook.com\/P.actual\" \/>\n<meta property=\"article:author\" content=\"http:\/\/facebook.com\/patrimonio.actual\" \/>\n<meta property=\"article:published_time\" content=\"2026-08-24T07:29:38+00:00\" \/>\n<meta property=\"og:image\" content=\"https:\/\/patrimonioactual.com\/page\/wp-content\/uploads\/2026\/08\/UNESCO-superior-CANVA-Programa-capacitacion-estragegica1100.gif\" \/>\n\t<meta property=\"og:image:width\" content=\"615\" \/>\n\t<meta property=\"og:image:height\" content=\"461\" \/>\n\t<meta property=\"og:image:type\" content=\"image\/gif\" \/>\n<meta name=\"author\" content=\"admin\" \/>\n<meta name=\"twitter:card\" content=\"summary_large_image\" \/>\n<meta name=\"twitter:creator\" content=\"@P_actual\" \/>\n<meta name=\"twitter:site\" content=\"@P_actual\" \/>\n<meta name=\"twitter:label1\" content=\"Escrito por\" \/>\n\t<meta name=\"twitter:data1\" content=\"admin\" \/>\n\t<meta name=\"twitter:label2\" content=\"Tiempo de lectura\" \/>\n\t<meta name=\"twitter:data2\" content=\"5 minutos\" \/>\n<script type=\"application\/ld+json\" class=\"yoast-schema-graph\">{\"@context\":\"https:\\\/\\\/schema.org\",\"@graph\":[{\"@type\":\"Article\",\"@id\":\"https:\\\/\\\/patrimonioactual.com\\\/page\\\/programa-de-capacitacion-en-estrategias-de-internacionalizacion-apuesta-por-transformar-la-educacion-superior\\\/#article\",\"isPartOf\":{\"@id\":\"https:\\\/\\\/patrimonioactual.com\\\/page\\\/programa-de-capacitacion-en-estrategias-de-internacionalizacion-apuesta-por-transformar-la-educacion-superior\\\/\"},\"author\":{\"name\":\"admin\",\"@id\":\"https:\\\/\\\/patrimonioactual.com\\\/page\\\/#\\\/schema\\\/person\\\/76850d24a9bd508e8e44db1faeab630e\"},\"headline\":\"Programa de Capacitaci\u00f3n en Estrategias de Internacionalizaci\u00f3n apuesta por transformar la educaci\u00f3n superior desde una perspectiva global\",\"datePublished\":\"2026-08-24T07:29:38+00:00\",\"mainEntityOfPage\":{\"@id\":\"https:\\\/\\\/patrimonioactual.com\\\/page\\\/programa-de-capacitacion-en-estrategias-de-internacionalizacion-apuesta-por-transformar-la-educacion-superior\\\/\"},\"wordCount\":1047,\"commentCount\":0,\"image\":{\"@id\":\"https:\\\/\\\/patrimonioactual.com\\\/page\\\/programa-de-capacitacion-en-estrategias-de-internacionalizacion-apuesta-por-transformar-la-educacion-superior\\\/#primaryimage\"},\"thumbnailUrl\":\"https:\\\/\\\/patrimonioactual.com\\\/page\\\/wp-content\\\/uploads\\\/2026\\\/08\\\/UNESCO-superior-CANVA-Programa-capacitacion-estragegica1100.gif\",\"keywords\":[\"PCEI\",\"Programa de Capacitaci\u00f3n en Estrategias de Internacionalizaci\u00f3n\"],\"articleSection\":[\"Patrimonio Actual\",\"\u00daltimas Noticias\",\"UNESCO\"],\"inLanguage\":\"es\",\"potentialAction\":[{\"@type\":\"CommentAction\",\"name\":\"Comment\",\"target\":[\"https:\\\/\\\/patrimonioactual.com\\\/page\\\/programa-de-capacitacion-en-estrategias-de-internacionalizacion-apuesta-por-transformar-la-educacion-superior\\\/#respond\"]}]},{\"@type\":\"WebPage\",\"@id\":\"https:\\\/\\\/patrimonioactual.com\\\/page\\\/programa-de-capacitacion-en-estrategias-de-internacionalizacion-apuesta-por-transformar-la-educacion-superior\\\/\",\"url\":\"https:\\\/\\\/patrimonioactual.com\\\/page\\\/programa-de-capacitacion-en-estrategias-de-internacionalizacion-apuesta-por-transformar-la-educacion-superior\\\/\",\"name\":\"Programa de Capacitaci\u00f3n en Estrategias de Internacionalizaci\u00f3n apuesta por transformar la educaci\u00f3n superior desde una perspectiva global - Patrimonio Actual, ciudades, sitios y espacios naturales declarados Patrimonio de la Humanidad por la UNESCO\",\"isPartOf\":{\"@id\":\"https:\\\/\\\/patrimonioactual.com\\\/page\\\/#website\"},\"primaryImageOfPage\":{\"@id\":\"https:\\\/\\\/patrimonioactual.com\\\/page\\\/programa-de-capacitacion-en-estrategias-de-internacionalizacion-apuesta-por-transformar-la-educacion-superior\\\/#primaryimage\"},\"image\":{\"@id\":\"https:\\\/\\\/patrimonioactual.com\\\/page\\\/programa-de-capacitacion-en-estrategias-de-internacionalizacion-apuesta-por-transformar-la-educacion-superior\\\/#primaryimage\"},\"thumbnailUrl\":\"https:\\\/\\\/patrimonioactual.com\\\/page\\\/wp-content\\\/uploads\\\/2026\\\/08\\\/UNESCO-superior-CANVA-Programa-capacitacion-estragegica1100.gif\",\"datePublished\":\"2026-08-24T07:29:38+00:00\",\"author\":{\"@id\":\"https:\\\/\\\/patrimonioactual.com\\\/page\\\/#\\\/schema\\\/person\\\/76850d24a9bd508e8e44db1faeab630e\"},\"breadcrumb\":{\"@id\":\"https:\\\/\\\/patrimonioactual.com\\\/page\\\/programa-de-capacitacion-en-estrategias-de-internacionalizacion-apuesta-por-transformar-la-educacion-superior\\\/#breadcrumb\"},\"inLanguage\":\"es\",\"potentialAction\":[{\"@type\":\"ReadAction\",\"target\":[\"https:\\\/\\\/patrimonioactual.com\\\/page\\\/programa-de-capacitacion-en-estrategias-de-internacionalizacion-apuesta-por-transformar-la-educacion-superior\\\/\"]}]},{\"@type\":\"ImageObject\",\"inLanguage\":\"es\",\"@id\":\"https:\\\/\\\/patrimonioactual.com\\\/page\\\/programa-de-capacitacion-en-estrategias-de-internacionalizacion-apuesta-por-transformar-la-educacion-superior\\\/#primaryimage\",\"url\":\"https:\\\/\\\/patrimonioactual.com\\\/page\\\/wp-content\\\/uploads\\\/2026\\\/08\\\/UNESCO-superior-CANVA-Programa-capacitacion-estragegica1100.gif\",\"contentUrl\":\"https:\\\/\\\/patrimonioactual.com\\\/page\\\/wp-content\\\/uploads\\\/2026\\\/08\\\/UNESCO-superior-CANVA-Programa-capacitacion-estragegica1100.gif\",\"width\":615,\"height\":461,\"caption\":\"Programa de Capacitaci\u00f3n en Estrategias de Internacionalizaci\u00f3n\"},{\"@type\":\"BreadcrumbList\",\"@id\":\"https:\\\/\\\/patrimonioactual.com\\\/page\\\/programa-de-capacitacion-en-estrategias-de-internacionalizacion-apuesta-por-transformar-la-educacion-superior\\\/#breadcrumb\",\"itemListElement\":[{\"@type\":\"ListItem\",\"position\":1,\"name\":\"Portada\",\"item\":\"https:\\\/\\\/patrimonioactual.com\\\/page\\\/\"},{\"@type\":\"ListItem\",\"position\":2,\"name\":\"Programa de Capacitaci\u00f3n en Estrategias de Internacionalizaci\u00f3n apuesta por transformar la educaci\u00f3n superior desde una perspectiva global\"}]},{\"@type\":\"WebSite\",\"@id\":\"https:\\\/\\\/patrimonioactual.com\\\/page\\\/#website\",\"url\":\"https:\\\/\\\/patrimonioactual.com\\\/page\\\/\",\"name\":\"Patrimonio Actual, ciudades, sitios y espacios naturales declarados Patrimonio de la Humanidad por la UNESCO\",\"description\":\"Revista digital que busca informar a un p\u00fablico objetivo amplio, de los acontecimientos mundiales que se producen en torno a la informaci\u00f3n del patrimonio cultural, natural, inmaterial y tur\u00edstico-cultural de ciudades y espacios naturales, Patrimonio de la Humanidad declarados por la UNESCO.\",\"potentialAction\":[{\"@type\":\"SearchAction\",\"target\":{\"@type\":\"EntryPoint\",\"urlTemplate\":\"https:\\\/\\\/patrimonioactual.com\\\/page\\\/?s={search_term_string}\"},\"query-input\":{\"@type\":\"PropertyValueSpecification\",\"valueRequired\":true,\"valueName\":\"search_term_string\"}}],\"inLanguage\":\"es\"},{\"@type\":\"Person\",\"@id\":\"https:\\\/\\\/patrimonioactual.com\\\/page\\\/#\\\/schema\\\/person\\\/76850d24a9bd508e8e44db1faeab630e\",\"name\":\"admin\",\"image\":{\"@type\":\"ImageObject\",\"inLanguage\":\"es\",\"@id\":\"https:\\\/\\\/secure.gravatar.com\\\/avatar\\\/48168d7e7932867b9131639a989484f6c50ddc0e7a6d380e506072a10e5df39d?s=96&d=mm&r=g\",\"url\":\"https:\\\/\\\/secure.gravatar.com\\\/avatar\\\/48168d7e7932867b9131639a989484f6c50ddc0e7a6d380e506072a10e5df39d?s=96&d=mm&r=g\",\"contentUrl\":\"https:\\\/\\\/secure.gravatar.com\\\/avatar\\\/48168d7e7932867b9131639a989484f6c50ddc0e7a6d380e506072a10e5df39d?s=96&d=mm&r=g\",\"caption\":\"admin\"},\"sameAs\":[\"http:\\\/\\\/facebook.com\\\/patrimonio.actual\",\"https:\\\/\\\/x.com\\\/P_actual\"],\"url\":\"https:\\\/\\\/patrimonioactual.com\\\/page\\\/author\\\/juan\\\/\"}]}<\/script>\n<!-- \/ Yoast SEO plugin. -->","yoast_head_json":{"title":"Programa de Capacitaci\u00f3n en Estrategias de Internacionalizaci\u00f3n apuesta por transformar la educaci\u00f3n superior desde una perspectiva global - Patrimonio Actual, ciudades, sitios y espacios naturales declarados Patrimonio de la Humanidad por la UNESCO","robots":{"index":"index","follow":"follow","max-snippet":"max-snippet:-1","max-image-preview":"max-image-preview:large","max-video-preview":"max-video-preview:-1"},"canonical":"https:\/\/patrimonioactual.com\/page\/programa-de-capacitacion-en-estrategias-de-internacionalizacion-apuesta-por-transformar-la-educacion-superior\/","og_locale":"es_ES","og_type":"article","og_title":"Programa de Capacitaci\u00f3n en Estrategias de Internacionalizaci\u00f3n apuesta por transformar la educaci\u00f3n superior desde una perspectiva global - Patrimonio Actual, ciudades, sitios y espacios naturales declarados Patrimonio de la Humanidad por la UNESCO","og_description":"Busca fortalecer las capacidades institucionales necesarias para comprender, planear, implementar y consolidar procesos de internacionalizaci\u00f3n en las universidades La internacionalizaci\u00f3n se ha consolidado como uno de los principales desaf\u00edos y, al mismo tiempo, una de las mayores oportunidades para las instituciones de educaci\u00f3n superior. En un contexto caracterizado por la transformaci\u00f3n digital, la circulaci\u00f3n global [&hellip;]","og_url":"https:\/\/patrimonioactual.com\/page\/programa-de-capacitacion-en-estrategias-de-internacionalizacion-apuesta-por-transformar-la-educacion-superior\/","og_site_name":"Patrimonio Actual, ciudades, sitios y espacios naturales declarados Patrimonio de la Humanidad por la UNESCO","article_publisher":"https:\/\/www.facebook.com\/P.actual","article_author":"http:\/\/facebook.com\/patrimonio.actual","article_published_time":"2026-08-24T07:29:38+00:00","og_image":[{"width":615,"height":461,"url":"https:\/\/patrimonioactual.com\/page\/wp-content\/uploads\/2026\/08\/UNESCO-superior-CANVA-Programa-capacitacion-estragegica1100.gif","type":"image\/gif"}],"author":"admin","twitter_card":"summary_large_image","twitter_creator":"@P_actual","twitter_site":"@P_actual","twitter_misc":{"Escrito por":"admin","Tiempo de lectura":"5 minutos"},"schema":{"@context":"https:\/\/schema.org","@graph":[{"@type":"Article","@id":"https:\/\/patrimonioactual.com\/page\/programa-de-capacitacion-en-estrategias-de-internacionalizacion-apuesta-por-transformar-la-educacion-superior\/#article","isPartOf":{"@id":"https:\/\/patrimonioactual.com\/page\/programa-de-capacitacion-en-estrategias-de-internacionalizacion-apuesta-por-transformar-la-educacion-superior\/"},"author":{"name":"admin","@id":"https:\/\/patrimonioactual.com\/page\/#\/schema\/person\/76850d24a9bd508e8e44db1faeab630e"},"headline":"Programa de Capacitaci\u00f3n en Estrategias de Internacionalizaci\u00f3n apuesta por transformar la educaci\u00f3n superior desde una perspectiva global","datePublished":"2026-08-24T07:29:38+00:00","mainEntityOfPage":{"@id":"https:\/\/patrimonioactual.com\/page\/programa-de-capacitacion-en-estrategias-de-internacionalizacion-apuesta-por-transformar-la-educacion-superior\/"},"wordCount":1047,"commentCount":0,"image":{"@id":"https:\/\/patrimonioactual.com\/page\/programa-de-capacitacion-en-estrategias-de-internacionalizacion-apuesta-por-transformar-la-educacion-superior\/#primaryimage"},"thumbnailUrl":"https:\/\/patrimonioactual.com\/page\/wp-content\/uploads\/2026\/08\/UNESCO-superior-CANVA-Programa-capacitacion-estragegica1100.gif","keywords":["PCEI","Programa de Capacitaci\u00f3n en Estrategias de Internacionalizaci\u00f3n"],"articleSection":["Patrimonio Actual","\u00daltimas Noticias","UNESCO"],"inLanguage":"es","potentialAction":[{"@type":"CommentAction","name":"Comment","target":["https:\/\/patrimonioactual.com\/page\/programa-de-capacitacion-en-estrategias-de-internacionalizacion-apuesta-por-transformar-la-educacion-superior\/#respond"]}]},{"@type":"WebPage","@id":"https:\/\/patrimonioactual.com\/page\/programa-de-capacitacion-en-estrategias-de-internacionalizacion-apuesta-por-transformar-la-educacion-superior\/","url":"https:\/\/patrimonioactual.com\/page\/programa-de-capacitacion-en-estrategias-de-internacionalizacion-apuesta-por-transformar-la-educacion-superior\/","name":"Programa de Capacitaci\u00f3n en Estrategias de Internacionalizaci\u00f3n apuesta por transformar la educaci\u00f3n superior desde una perspectiva global - Patrimonio Actual, ciudades, sitios y espacios naturales declarados Patrimonio de la Humanidad por la UNESCO","isPartOf":{"@id":"https:\/\/patrimonioactual.com\/page\/#website"},"primaryImageOfPage":{"@id":"https:\/\/patrimonioactual.com\/page\/programa-de-capacitacion-en-estrategias-de-internacionalizacion-apuesta-por-transformar-la-educacion-superior\/#primaryimage"},"image":{"@id":"https:\/\/patrimonioactual.com\/page\/programa-de-capacitacion-en-estrategias-de-internacionalizacion-apuesta-por-transformar-la-educacion-superior\/#primaryimage"},"thumbnailUrl":"https:\/\/patrimonioactual.com\/page\/wp-content\/uploads\/2026\/08\/UNESCO-superior-CANVA-Programa-capacitacion-estragegica1100.gif","datePublished":"2026-08-24T07:29:38+00:00","author":{"@id":"https:\/\/patrimonioactual.com\/page\/#\/schema\/person\/76850d24a9bd508e8e44db1faeab630e"},"breadcrumb":{"@id":"https:\/\/patrimonioactual.com\/page\/programa-de-capacitacion-en-estrategias-de-internacionalizacion-apuesta-por-transformar-la-educacion-superior\/#breadcrumb"},"inLanguage":"es","potentialAction":[{"@type":"ReadAction","target":["https:\/\/patrimonioactual.com\/page\/programa-de-capacitacion-en-estrategias-de-internacionalizacion-apuesta-por-transformar-la-educacion-superior\/"]}]},{"@type":"ImageObject","inLanguage":"es","@id":"https:\/\/patrimonioactual.com\/page\/programa-de-capacitacion-en-estrategias-de-internacionalizacion-apuesta-por-transformar-la-educacion-superior\/#primaryimage","url":"https:\/\/patrimonioactual.com\/page\/wp-content\/uploads\/2026\/08\/UNESCO-superior-CANVA-Programa-capacitacion-estragegica1100.gif","contentUrl":"https:\/\/patrimonioactual.com\/page\/wp-content\/uploads\/2026\/08\/UNESCO-superior-CANVA-Programa-capacitacion-estragegica1100.gif","width":615,"height":461,"caption":"Programa de Capacitaci\u00f3n en Estrategias de Internacionalizaci\u00f3n"},{"@type":"BreadcrumbList","@id":"https:\/\/patrimonioactual.com\/page\/programa-de-capacitacion-en-estrategias-de-internacionalizacion-apuesta-por-transformar-la-educacion-superior\/#breadcrumb","itemListElement":[{"@type":"ListItem","position":1,"name":"Portada","item":"https:\/\/patrimonioactual.com\/page\/"},{"@type":"ListItem","position":2,"name":"Programa de Capacitaci\u00f3n en Estrategias de Internacionalizaci\u00f3n apuesta por transformar la educaci\u00f3n superior desde una perspectiva global"}]},{"@type":"WebSite","@id":"https:\/\/patrimonioactual.com\/page\/#website","url":"https:\/\/patrimonioactual.com\/page\/","name":"Patrimonio Actual, ciudades, sitios y espacios naturales declarados Patrimonio de la Humanidad por la UNESCO","description":"Revista digital que busca informar a un p\u00fablico objetivo amplio, de los acontecimientos mundiales que se producen en torno a la informaci\u00f3n del patrimonio cultural, natural, inmaterial y tur\u00edstico-cultural de ciudades y espacios naturales, Patrimonio de la Humanidad declarados por la UNESCO.","potentialAction":[{"@type":"SearchAction","target":{"@type":"EntryPoint","urlTemplate":"https:\/\/patrimonioactual.com\/page\/?s={search_term_string}"},"query-input":{"@type":"PropertyValueSpecification","valueRequired":true,"valueName":"search_term_string"}}],"inLanguage":"es"},{"@type":"Person","@id":"https:\/\/patrimonioactual.com\/page\/#\/schema\/person\/76850d24a9bd508e8e44db1faeab630e","name":"admin","image":{"@type":"ImageObject","inLanguage":"es","@id":"https:\/\/secure.gravatar.com\/avatar\/48168d7e7932867b9131639a989484f6c50ddc0e7a6d380e506072a10e5df39d?s=96&d=mm&r=g","url":"https:\/\/secure.gravatar.com\/avatar\/48168d7e7932867b9131639a989484f6c50ddc0e7a6d380e506072a10e5df39d?s=96&d=mm&r=g","contentUrl":"https:\/\/secure.gravatar.com\/avatar\/48168d7e7932867b9131639a989484f6c50ddc0e7a6d380e506072a10e5df39d?s=96&d=mm&r=g","caption":"admin"},"sameAs":["http:\/\/facebook.com\/patrimonio.actual","https:\/\/x.com\/P_actual"],"url":"https:\/\/patrimonioactual.com\/page\/author\/juan\/"}]}},"_links":{"self":[{"href":"https:\/\/patrimonioactual.com\/page\/wp-json\/wp\/v2\/posts\/26785","targetHints":{"allow":["GET"]}}],"collection":[{"href":"https:\/\/patrimonioactual.com\/page\/wp-json\/wp\/v2\/posts"}],"about":[{"href":"https:\/\/patrimonioactual.com\/page\/wp-json\/wp\/v2\/types\/post"}],"author":[{"embeddable":true,"href":"https:\/\/patrimonioactual.com\/page\/wp-json\/wp\/v2\/users\/1"}],"replies":[{"embeddable":true,"href":"https:\/\/patrimonioactual.com\/page\/wp-json\/wp\/v2\/comments?post=26785"}],"version-history":[{"count":1,"href":"https:\/\/patrimonioactual.com\/page\/wp-json\/wp\/v2\/posts\/26785\/revisions"}],"predecessor-version":[{"id":26787,"href":"https:\/\/patrimonioactual.com\/page\/wp-json\/wp\/v2\/posts\/26785\/revisions\/26787"}],"wp:featuredmedia":[{"embeddable":true,"href":"https:\/\/patrimonioactual.com\/page\/wp-json\/wp\/v2\/media\/26786"}],"wp:attachment":[{"href":"https:\/\/patrimonioactual.com\/page\/wp-json\/wp\/v2\/media?parent=26785"}],"wp:term":[{"taxonomy":"category","embeddable":true,"href":"https:\/\/patrimonioactual.com\/page\/wp-json\/wp\/v2\/categories?post=26785"},{"taxonomy":"post_tag","embeddable":true,"href":"https:\/\/patrimonioactual.com\/page\/wp-json\/wp\/v2\/tags?post=26785"}],"curies":[{"name":"wp","href":"https:\/\/api.w.org\/{rel}","templated":true}]}}