{"id":26801,"date":"2026-08-27T10:11:20","date_gmt":"2026-08-27T08:11:20","guid":{"rendered":"https:\/\/patrimonioactual.com\/page\/?p=26801"},"modified":"2026-08-27T10:11:24","modified_gmt":"2026-08-27T08:11:24","slug":"por-primera-vez-en-america-latina-chile-sera-sede-de-los-juegos-mundiales-de-olimpiadas-especiales","status":"publish","type":"post","link":"https:\/\/patrimonioactual.com\/page\/por-primera-vez-en-america-latina-chile-sera-sede-de-los-juegos-mundiales-de-olimpiadas-especiales\/","title":{"rendered":"Por primera vez en Am\u00e9rica Latina, Chile ser\u00e1 sede de los Juegos Mundiales de Olimpiadas Especiales 2027"},"content":{"rendered":"<div class=\"wp-block-image\">\n<figure class=\"aligncenter size-full\"><a href=\"https:\/\/patrimonioactual.com\/page\/wp-content\/uploads\/2026\/08\/CHILE-olimpiadas1100.gif\"><img loading=\"lazy\" decoding=\"async\" width=\"615\" height=\"461\" src=\"https:\/\/patrimonioactual.com\/page\/wp-content\/uploads\/2026\/08\/CHILE-olimpiadas1100.gif\" alt=\"Presentaci\u00f3n de Juegos Mundiales de Olimpiadas Especiales 2027 en Santiago de Chile\" class=\"wp-image-26802\"\/><\/a><figcaption class=\"wp-element-caption\">Presentaci\u00f3n de Juegos Mundiales de Olimpiadas Especiales 2027 en Santiago de Chile<\/figcaption><\/figure>\n<\/div>\n\n\n<p class=\"has-medium-font-size wp-block-paragraph\"><strong>El evento reunir\u00e1 a 6 mil atletas de m\u00e1s de 170 pa\u00edses y abre una oportunidad para que el deporte contribuya a transformar culturas y generar nuevas oportunidades de inclusi\u00f3n<\/strong><\/p>\n\n\n\n<p class=\"wp-block-paragraph\">El 24 de agosto de 2026, frente al&nbsp;Palacio de La Moneda, se dio el inicio oficial a la cuenta regresiva para Santiago 2027, decimos\u00e9ptima edici\u00f3n de los Juegos Mundiales de Olimpiadas Especiales, que se desarrollar\u00e1n en <a href=\"https:\/\/patrimonioactual.com\/page\/?s=Chile\">Chile<\/a> entre el 16 y el 24 de octubre del pr\u00f3ximo a\u00f1o. Ser\u00e1 la primera vez, en sus 60 a\u00f1os de historia, que este encuentro deportivo mundial se realice en <a href=\"https:\/\/patrimonioactual.com\/page\/?s=Am%C3%A9rica+Latina\">Am\u00e9rica Latina<\/a>.<\/p>\n\n\n\n<p class=\"wp-block-paragraph\">El evento reunir\u00e1 a 6 mil atletas de m\u00e1s de 170 pa\u00edses y contempla competencias en 23 disciplinas. M\u00e1s que una instancia deportiva de alcance internacional, Santiago 2027 busca dejar capacidades, aprendizajes y experiencias que contribuyan a avanzar hacia una sociedad con mayores oportunidades de participaci\u00f3n para las personas con discapacidad intelectual.<\/p>\n\n\n\n<p class=\"wp-block-paragraph\">La directora de la Oficina Regional de <a href=\"https:\/\/patrimonioactual.com\/page\/?s=UNESCO+\">UNESCO<\/a> en Santiago, Esther Kuisch Laroche, se\u00f1al\u00f3 que \u201cSantiago 2027 nos recuerda que la inclusi\u00f3n no puede ser entendida como una acci\u00f3n puntual, sino como un compromiso permanente con la igualdad de oportunidades y la participaci\u00f3n plena de todas las personas. El deporte tiene una extraordinaria capacidad para transformar miradas, derribar barreras y generar aprendizajes que pueden proyectarse hacia la educaci\u00f3n, las comunidades y la sociedad en su conjunto\u201d.<\/p>\n\n\n\n<p class=\"wp-block-paragraph\">El lanzamiento, realizado en la Plaza de la Constituci\u00f3n, reuni\u00f3 a autoridades, atletas y representantes de organizaciones vinculadas al deporte y la inclusi\u00f3n, dando inicio a un proceso que durante los pr\u00f3ximos meses convocar\u00e1 a distintos sectores de la sociedad.<\/p>\n\n\n\n<p class=\"wp-block-paragraph\">Gonzalo Escobar, Atleta L\u00edder de OE Chile, se\u00f1al\u00f3 que \u201csomos personas con discapacidad intelectual, pero si nos dicen \u2018discapacitados\u2019 nos discapacitan para todo. Vamos a dar lo mejor de nuestras capacidades en la cancha, para demostrar todo nuestro potencial\u201d.<\/p>\n\n\n\n<p class=\"wp-block-paragraph\">Carolina Picasso, presidenta de Olimpiadas Especiales Chile, explic\u00f3 que \u201cesto no se trata s\u00f3lo de apoyar a atletas con discapacidad. Se trata de qu\u00e9 tipo de sociedad queremos ser. Debemos aprovechar estos Juegos para generar cambios profundos en cuanto a la inclusi\u00f3n, y as\u00ed construir un pa\u00eds mejor. A quienes toman las decisiones hoy, a quienes trabajan en educaci\u00f3n, en deporte, a quienes generan empleos, a los municipios y a todas las instituciones, los invitamos a sumarse. No se pueden quedar fuera\u201d.<\/p>\n\n\n\n<p class=\"wp-block-paragraph\">El ministro del Deporte, Francisco Riveros, destac\u00f3 que \u00abel deporte tiene un poder transformador que va mucho m\u00e1s all\u00e1 de la competencia: es capaz de derribar barreras, cambiar percepciones y construir una sociedad m\u00e1s inclusiva. Por eso, estos Juegos Mundiales de Olimpiadas Especiales representan una oportunidad \u00fanica para posicionar a Chile como un referente global en esta materia\u00bb.<\/p>\n\n\n\n<p class=\"has-medium-font-size wp-block-paragraph\"><strong>UNESCO: deporte, educaci\u00f3n e inclusi\u00f3n<\/strong><\/p>\n\n\n\n<p class=\"wp-block-paragraph\">Para UNESCO, el deporte constituye una herramienta con capacidad para contribuir al desarrollo integral de las personas, fortalecer la convivencia y promover valores como la igualdad, el respeto y la no discriminaci\u00f3n. Desde esta perspectiva, la pr\u00e1ctica deportiva puede desempe\u00f1ar un papel relevante en la construcci\u00f3n de entornos educativos y sociales m\u00e1s inclusivos.<\/p>\n\n\n\n<p class=\"wp-block-paragraph\">En este \u00e1mbito,&nbsp;UNESCO acompa\u00f1a Santiago 2027 poniendo a disposici\u00f3n su experiencia internacional en educaci\u00f3n, inclusi\u00f3n y deporte, promoviendo que el legado de los Juegos trascienda las competencias y contribuya a generar aprendizajes y capacidades en escuelas, comunidades educativas, organizaciones deportivas e instituciones.<\/p>\n\n\n\n<p class=\"wp-block-paragraph\">El desaf\u00edo es que el impacto de Santiago 2027 se proyecte m\u00e1s all\u00e1 de octubre de 2027. El encuentro ofrece una oportunidad para fortalecer pr\u00e1cticas inclusivas en distintos espacios de la sociedad y para que la experiencia del Deporte Unificado inspire nuevas formas de participaci\u00f3n, colaboraci\u00f3n y convivencia.<\/p>\n\n\n\n<p class=\"wp-block-paragraph\">La realizaci\u00f3n de los Juegos por primera vez en Am\u00e9rica Latina abre, adem\u00e1s, un espacio para que Chile y la regi\u00f3n compartan experiencias y fortalezcan el di\u00e1logo internacional sobre el aporte del deporte a la inclusi\u00f3n y al desarrollo sostenible. En este camino, el legado no se medir\u00e1 \u00fanicamente por los resultados deportivos, sino tambi\u00e9n por la capacidad de generar cambios duraderos en las oportunidades de participaci\u00f3n y desarrollo de las personas con discapacidad intelectual.<\/p>\n\n\n\n<p class=\"has-medium-font-size wp-block-paragraph\"><strong><em>Acerca de la UNESCO<\/em><\/strong><\/p>\n\n\n\n<p class=\"wp-block-paragraph\"><em>Con 194 Estados Miembros, la Organizaci\u00f3n de las Naciones Unidas para la Educaci\u00f3n, la Ciencia y la Cultura contribuye a la paz y la seguridad liderando la cooperaci\u00f3n multilateral en materia de educaci\u00f3n, ciencia, cultura, comunicaci\u00f3n e informaci\u00f3n. Con sede en Par\u00eds, la UNESCO tiene oficinas en 54 pa\u00edses y emplea a m\u00e1s de 2300 personas. La UNESCO supervisa m\u00e1s de 2000 sitios del Patrimonio Mundial, Reservas de Biosfera y Geoparques Mundiales, redes de Ciudades Creativas, Educativas, Inclusivas y Sostenibles y m\u00e1s de 13 000 escuelas asociadas, c\u00e1tedras universitarias e instituciones de formaci\u00f3n e investigaci\u00f3n con una red mundial de 200 Comisiones Nacionales. Su Director General es<\/em> <a href=\"https:\/\/patrimonioactual.com\/page\/?s=Khaled+El-Enany\"><em>Khaled El-Enany<\/em><\/a><em>.<\/em><\/p>\n\n\n\n<p class=\"wp-block-paragraph\"><em>\u00abPuesto que las guerras nacen en la mente de los hombres, es en la mente de los hombres donde deben erigirse los baluartes de la paz\u00bb \u2013 Constituci\u00f3n de la UNESCO, 1945.<\/em><\/p>\n\n\n\n<p class=\"wp-block-paragraph\"><strong>S\u00edguenos en&nbsp;<\/strong><a href=\"https:\/\/www.facebook.com\/P.actual\"><strong>Facebook<\/strong><\/a><strong>&nbsp;y&nbsp;<\/strong><a href=\"https:\/\/twitter.com\/p_actual\"><strong>Twitter<\/strong><\/a><\/p>\n\n\n\n<p class=\"wp-block-paragraph\"><\/p>\n","protected":false},"excerpt":{"rendered":"<p>El evento reunir\u00e1 a 6 mil atletas de m\u00e1s de 170 pa\u00edses y abre una oportunidad para que el deporte contribuya a transformar culturas y generar nuevas oportunidades de inclusi\u00f3n El 24 de agosto de 2026, frente al&nbsp;Palacio de La Moneda, se dio el inicio oficial a la cuenta regresiva para Santiago 2027, decimos\u00e9ptima edici\u00f3n [&hellip;]<\/p>\n","protected":false},"author":1,"featured_media":26802,"comment_status":"open","ping_status":"open","sticky":false,"template":"","format":"standard","meta":{"footnotes":""},"categories":[6,39,28],"tags":[507,4534],"class_list":["post-26801","post","type-post","status-publish","format-standard","has-post-thumbnail","category-patrimonio-actual","category-ultimas-noticias","category-unesco","tag-america-latina","tag-unesco"],"yoast_head":"<!-- This site is optimized with the Yoast SEO plugin v27.4 - https:\/\/yoast.com\/product\/yoast-seo-wordpress\/ -->\n<title>Por primera vez en Am\u00e9rica Latina, Chile ser\u00e1 sede de los Juegos Mundiales de Olimpiadas Especiales 2027 - Patrimonio Actual, ciudades, sitios y espacios naturales declarados Patrimonio de la Humanidad por la UNESCO<\/title>\n<meta name=\"description\" content=\"El evento reunir\u00e1 a 6 mil atletas de m\u00e1s de 170 pa\u00edses y abre una oportunidad para que el deporte contribuya a transformar culturas\" \/>\n<meta name=\"robots\" content=\"index, follow, max-snippet:-1, max-image-preview:large, max-video-preview:-1\" \/>\n<link rel=\"canonical\" href=\"https:\/\/patrimonioactual.com\/page\/por-primera-vez-en-america-latina-chile-sera-sede-de-los-juegos-mundiales-de-olimpiadas-especiales\/\" \/>\n<meta property=\"og:locale\" content=\"es_ES\" \/>\n<meta property=\"og:type\" content=\"article\" \/>\n<meta property=\"og:title\" content=\"Por primera vez en Am\u00e9rica Latina, Chile ser\u00e1 sede de los Juegos Mundiales de Olimpiadas Especiales 2027 - Patrimonio Actual, ciudades, sitios y espacios naturales declarados Patrimonio de la Humanidad por la UNESCO\" \/>\n<meta property=\"og:description\" content=\"El evento reunir\u00e1 a 6 mil atletas de m\u00e1s de 170 pa\u00edses y abre una oportunidad para que el deporte contribuya a transformar culturas\" \/>\n<meta property=\"og:url\" content=\"https:\/\/patrimonioactual.com\/page\/por-primera-vez-en-america-latina-chile-sera-sede-de-los-juegos-mundiales-de-olimpiadas-especiales\/\" \/>\n<meta property=\"og:site_name\" content=\"Patrimonio Actual, ciudades, sitios y espacios naturales declarados Patrimonio de la Humanidad por la UNESCO\" \/>\n<meta property=\"article:publisher\" content=\"https:\/\/www.facebook.com\/P.actual\" \/>\n<meta property=\"article:author\" content=\"http:\/\/facebook.com\/patrimonio.actual\" \/>\n<meta property=\"article:published_time\" content=\"2026-08-27T08:11:20+00:00\" \/>\n<meta property=\"article:modified_time\" content=\"2026-08-27T08:11:24+00:00\" \/>\n<meta property=\"og:image\" content=\"https:\/\/patrimonioactual.com\/page\/wp-content\/uploads\/2026\/08\/CHILE-olimpiadas1100.gif\" \/>\n\t<meta property=\"og:image:width\" content=\"615\" \/>\n\t<meta property=\"og:image:height\" content=\"461\" \/>\n\t<meta property=\"og:image:type\" content=\"image\/gif\" \/>\n<meta name=\"author\" content=\"admin\" \/>\n<meta name=\"twitter:card\" content=\"summary_large_image\" \/>\n<meta name=\"twitter:creator\" content=\"@P_actual\" \/>\n<meta name=\"twitter:site\" content=\"@P_actual\" \/>\n<meta name=\"twitter:label1\" content=\"Escrito por\" \/>\n\t<meta name=\"twitter:data1\" content=\"admin\" \/>\n\t<meta name=\"twitter:label2\" content=\"Tiempo de lectura\" \/>\n\t<meta name=\"twitter:data2\" content=\"5 minutos\" \/>\n<script type=\"application\/ld+json\" class=\"yoast-schema-graph\">{\"@context\":\"https:\\\/\\\/schema.org\",\"@graph\":[{\"@type\":\"Article\",\"@id\":\"https:\\\/\\\/patrimonioactual.com\\\/page\\\/por-primera-vez-en-america-latina-chile-sera-sede-de-los-juegos-mundiales-de-olimpiadas-especiales\\\/#article\",\"isPartOf\":{\"@id\":\"https:\\\/\\\/patrimonioactual.com\\\/page\\\/por-primera-vez-en-america-latina-chile-sera-sede-de-los-juegos-mundiales-de-olimpiadas-especiales\\\/\"},\"author\":{\"name\":\"admin\",\"@id\":\"https:\\\/\\\/patrimonioactual.com\\\/page\\\/#\\\/schema\\\/person\\\/76850d24a9bd508e8e44db1faeab630e\"},\"headline\":\"Por primera vez en Am\u00e9rica Latina, Chile ser\u00e1 sede de los Juegos Mundiales de Olimpiadas Especiales 2027\",\"datePublished\":\"2026-08-27T08:11:20+00:00\",\"dateModified\":\"2026-08-27T08:11:24+00:00\",\"mainEntityOfPage\":{\"@id\":\"https:\\\/\\\/patrimonioactual.com\\\/page\\\/por-primera-vez-en-america-latina-chile-sera-sede-de-los-juegos-mundiales-de-olimpiadas-especiales\\\/\"},\"wordCount\":899,\"commentCount\":0,\"image\":{\"@id\":\"https:\\\/\\\/patrimonioactual.com\\\/page\\\/por-primera-vez-en-america-latina-chile-sera-sede-de-los-juegos-mundiales-de-olimpiadas-especiales\\\/#primaryimage\"},\"thumbnailUrl\":\"https:\\\/\\\/patrimonioactual.com\\\/page\\\/wp-content\\\/uploads\\\/2026\\\/08\\\/CHILE-olimpiadas1100.gif\",\"keywords\":[\"Am\u00e9rica Latina\",\"UNESCO\"],\"articleSection\":[\"Patrimonio Actual\",\"\u00daltimas Noticias\",\"UNESCO\"],\"inLanguage\":\"es\",\"potentialAction\":[{\"@type\":\"CommentAction\",\"name\":\"Comment\",\"target\":[\"https:\\\/\\\/patrimonioactual.com\\\/page\\\/por-primera-vez-en-america-latina-chile-sera-sede-de-los-juegos-mundiales-de-olimpiadas-especiales\\\/#respond\"]}]},{\"@type\":\"WebPage\",\"@id\":\"https:\\\/\\\/patrimonioactual.com\\\/page\\\/por-primera-vez-en-america-latina-chile-sera-sede-de-los-juegos-mundiales-de-olimpiadas-especiales\\\/\",\"url\":\"https:\\\/\\\/patrimonioactual.com\\\/page\\\/por-primera-vez-en-america-latina-chile-sera-sede-de-los-juegos-mundiales-de-olimpiadas-especiales\\\/\",\"name\":\"Por primera vez en Am\u00e9rica Latina, Chile ser\u00e1 sede de los Juegos Mundiales de Olimpiadas Especiales 2027 - Patrimonio Actual, ciudades, sitios y espacios naturales declarados Patrimonio de la Humanidad por la UNESCO\",\"isPartOf\":{\"@id\":\"https:\\\/\\\/patrimonioactual.com\\\/page\\\/#website\"},\"primaryImageOfPage\":{\"@id\":\"https:\\\/\\\/patrimonioactual.com\\\/page\\\/por-primera-vez-en-america-latina-chile-sera-sede-de-los-juegos-mundiales-de-olimpiadas-especiales\\\/#primaryimage\"},\"image\":{\"@id\":\"https:\\\/\\\/patrimonioactual.com\\\/page\\\/por-primera-vez-en-america-latina-chile-sera-sede-de-los-juegos-mundiales-de-olimpiadas-especiales\\\/#primaryimage\"},\"thumbnailUrl\":\"https:\\\/\\\/patrimonioactual.com\\\/page\\\/wp-content\\\/uploads\\\/2026\\\/08\\\/CHILE-olimpiadas1100.gif\",\"datePublished\":\"2026-08-27T08:11:20+00:00\",\"dateModified\":\"2026-08-27T08:11:24+00:00\",\"author\":{\"@id\":\"https:\\\/\\\/patrimonioactual.com\\\/page\\\/#\\\/schema\\\/person\\\/76850d24a9bd508e8e44db1faeab630e\"},\"description\":\"El evento reunir\u00e1 a 6 mil atletas de m\u00e1s de 170 pa\u00edses y abre una oportunidad para que el deporte contribuya a transformar culturas\",\"breadcrumb\":{\"@id\":\"https:\\\/\\\/patrimonioactual.com\\\/page\\\/por-primera-vez-en-america-latina-chile-sera-sede-de-los-juegos-mundiales-de-olimpiadas-especiales\\\/#breadcrumb\"},\"inLanguage\":\"es\",\"potentialAction\":[{\"@type\":\"ReadAction\",\"target\":[\"https:\\\/\\\/patrimonioactual.com\\\/page\\\/por-primera-vez-en-america-latina-chile-sera-sede-de-los-juegos-mundiales-de-olimpiadas-especiales\\\/\"]}]},{\"@type\":\"ImageObject\",\"inLanguage\":\"es\",\"@id\":\"https:\\\/\\\/patrimonioactual.com\\\/page\\\/por-primera-vez-en-america-latina-chile-sera-sede-de-los-juegos-mundiales-de-olimpiadas-especiales\\\/#primaryimage\",\"url\":\"https:\\\/\\\/patrimonioactual.com\\\/page\\\/wp-content\\\/uploads\\\/2026\\\/08\\\/CHILE-olimpiadas1100.gif\",\"contentUrl\":\"https:\\\/\\\/patrimonioactual.com\\\/page\\\/wp-content\\\/uploads\\\/2026\\\/08\\\/CHILE-olimpiadas1100.gif\",\"width\":615,\"height\":461,\"caption\":\"Presentaci\u00f3n de Juegos Mundiales de Olimpiadas Especiales 2027 en Santiago de Chile\"},{\"@type\":\"BreadcrumbList\",\"@id\":\"https:\\\/\\\/patrimonioactual.com\\\/page\\\/por-primera-vez-en-america-latina-chile-sera-sede-de-los-juegos-mundiales-de-olimpiadas-especiales\\\/#breadcrumb\",\"itemListElement\":[{\"@type\":\"ListItem\",\"position\":1,\"name\":\"Portada\",\"item\":\"https:\\\/\\\/patrimonioactual.com\\\/page\\\/\"},{\"@type\":\"ListItem\",\"position\":2,\"name\":\"Por primera vez en Am\u00e9rica Latina, Chile ser\u00e1 sede de los Juegos Mundiales de Olimpiadas Especiales 2027\"}]},{\"@type\":\"WebSite\",\"@id\":\"https:\\\/\\\/patrimonioactual.com\\\/page\\\/#website\",\"url\":\"https:\\\/\\\/patrimonioactual.com\\\/page\\\/\",\"name\":\"Patrimonio Actual, ciudades, sitios y espacios naturales declarados Patrimonio de la Humanidad por la UNESCO\",\"description\":\"Revista digital que busca informar a un p\u00fablico objetivo amplio, de los acontecimientos mundiales que se producen en torno a la informaci\u00f3n del patrimonio cultural, natural, inmaterial y tur\u00edstico-cultural de ciudades y espacios naturales, Patrimonio de la Humanidad declarados por la UNESCO.\",\"potentialAction\":[{\"@type\":\"SearchAction\",\"target\":{\"@type\":\"EntryPoint\",\"urlTemplate\":\"https:\\\/\\\/patrimonioactual.com\\\/page\\\/?s={search_term_string}\"},\"query-input\":{\"@type\":\"PropertyValueSpecification\",\"valueRequired\":true,\"valueName\":\"search_term_string\"}}],\"inLanguage\":\"es\"},{\"@type\":\"Person\",\"@id\":\"https:\\\/\\\/patrimonioactual.com\\\/page\\\/#\\\/schema\\\/person\\\/76850d24a9bd508e8e44db1faeab630e\",\"name\":\"admin\",\"image\":{\"@type\":\"ImageObject\",\"inLanguage\":\"es\",\"@id\":\"https:\\\/\\\/secure.gravatar.com\\\/avatar\\\/48168d7e7932867b9131639a989484f6c50ddc0e7a6d380e506072a10e5df39d?s=96&d=mm&r=g\",\"url\":\"https:\\\/\\\/secure.gravatar.com\\\/avatar\\\/48168d7e7932867b9131639a989484f6c50ddc0e7a6d380e506072a10e5df39d?s=96&d=mm&r=g\",\"contentUrl\":\"https:\\\/\\\/secure.gravatar.com\\\/avatar\\\/48168d7e7932867b9131639a989484f6c50ddc0e7a6d380e506072a10e5df39d?s=96&d=mm&r=g\",\"caption\":\"admin\"},\"sameAs\":[\"http:\\\/\\\/facebook.com\\\/patrimonio.actual\",\"https:\\\/\\\/x.com\\\/P_actual\"],\"url\":\"https:\\\/\\\/patrimonioactual.com\\\/page\\\/author\\\/juan\\\/\"}]}<\/script>\n<!-- \/ Yoast SEO plugin. -->","yoast_head_json":{"title":"Por primera vez en Am\u00e9rica Latina, Chile ser\u00e1 sede de los Juegos Mundiales de Olimpiadas Especiales 2027 - Patrimonio Actual, ciudades, sitios y espacios naturales declarados Patrimonio de la Humanidad por la UNESCO","description":"El evento reunir\u00e1 a 6 mil atletas de m\u00e1s de 170 pa\u00edses y abre una oportunidad para que el deporte contribuya a transformar culturas","robots":{"index":"index","follow":"follow","max-snippet":"max-snippet:-1","max-image-preview":"max-image-preview:large","max-video-preview":"max-video-preview:-1"},"canonical":"https:\/\/patrimonioactual.com\/page\/por-primera-vez-en-america-latina-chile-sera-sede-de-los-juegos-mundiales-de-olimpiadas-especiales\/","og_locale":"es_ES","og_type":"article","og_title":"Por primera vez en Am\u00e9rica Latina, Chile ser\u00e1 sede de los Juegos Mundiales de Olimpiadas Especiales 2027 - Patrimonio Actual, ciudades, sitios y espacios naturales declarados Patrimonio de la Humanidad por la UNESCO","og_description":"El evento reunir\u00e1 a 6 mil atletas de m\u00e1s de 170 pa\u00edses y abre una oportunidad para que el deporte contribuya a transformar culturas","og_url":"https:\/\/patrimonioactual.com\/page\/por-primera-vez-en-america-latina-chile-sera-sede-de-los-juegos-mundiales-de-olimpiadas-especiales\/","og_site_name":"Patrimonio Actual, ciudades, sitios y espacios naturales declarados Patrimonio de la Humanidad por la UNESCO","article_publisher":"https:\/\/www.facebook.com\/P.actual","article_author":"http:\/\/facebook.com\/patrimonio.actual","article_published_time":"2026-08-27T08:11:20+00:00","article_modified_time":"2026-08-27T08:11:24+00:00","og_image":[{"width":615,"height":461,"url":"https:\/\/patrimonioactual.com\/page\/wp-content\/uploads\/2026\/08\/CHILE-olimpiadas1100.gif","type":"image\/gif"}],"author":"admin","twitter_card":"summary_large_image","twitter_creator":"@P_actual","twitter_site":"@P_actual","twitter_misc":{"Escrito por":"admin","Tiempo de lectura":"5 minutos"},"schema":{"@context":"https:\/\/schema.org","@graph":[{"@type":"Article","@id":"https:\/\/patrimonioactual.com\/page\/por-primera-vez-en-america-latina-chile-sera-sede-de-los-juegos-mundiales-de-olimpiadas-especiales\/#article","isPartOf":{"@id":"https:\/\/patrimonioactual.com\/page\/por-primera-vez-en-america-latina-chile-sera-sede-de-los-juegos-mundiales-de-olimpiadas-especiales\/"},"author":{"name":"admin","@id":"https:\/\/patrimonioactual.com\/page\/#\/schema\/person\/76850d24a9bd508e8e44db1faeab630e"},"headline":"Por primera vez en Am\u00e9rica Latina, Chile ser\u00e1 sede de los Juegos Mundiales de Olimpiadas Especiales 2027","datePublished":"2026-08-27T08:11:20+00:00","dateModified":"2026-08-27T08:11:24+00:00","mainEntityOfPage":{"@id":"https:\/\/patrimonioactual.com\/page\/por-primera-vez-en-america-latina-chile-sera-sede-de-los-juegos-mundiales-de-olimpiadas-especiales\/"},"wordCount":899,"commentCount":0,"image":{"@id":"https:\/\/patrimonioactual.com\/page\/por-primera-vez-en-america-latina-chile-sera-sede-de-los-juegos-mundiales-de-olimpiadas-especiales\/#primaryimage"},"thumbnailUrl":"https:\/\/patrimonioactual.com\/page\/wp-content\/uploads\/2026\/08\/CHILE-olimpiadas1100.gif","keywords":["Am\u00e9rica Latina","UNESCO"],"articleSection":["Patrimonio Actual","\u00daltimas Noticias","UNESCO"],"inLanguage":"es","potentialAction":[{"@type":"CommentAction","name":"Comment","target":["https:\/\/patrimonioactual.com\/page\/por-primera-vez-en-america-latina-chile-sera-sede-de-los-juegos-mundiales-de-olimpiadas-especiales\/#respond"]}]},{"@type":"WebPage","@id":"https:\/\/patrimonioactual.com\/page\/por-primera-vez-en-america-latina-chile-sera-sede-de-los-juegos-mundiales-de-olimpiadas-especiales\/","url":"https:\/\/patrimonioactual.com\/page\/por-primera-vez-en-america-latina-chile-sera-sede-de-los-juegos-mundiales-de-olimpiadas-especiales\/","name":"Por primera vez en Am\u00e9rica Latina, Chile ser\u00e1 sede de los Juegos Mundiales de Olimpiadas Especiales 2027 - Patrimonio Actual, ciudades, sitios y espacios naturales declarados Patrimonio de la Humanidad por la UNESCO","isPartOf":{"@id":"https:\/\/patrimonioactual.com\/page\/#website"},"primaryImageOfPage":{"@id":"https:\/\/patrimonioactual.com\/page\/por-primera-vez-en-america-latina-chile-sera-sede-de-los-juegos-mundiales-de-olimpiadas-especiales\/#primaryimage"},"image":{"@id":"https:\/\/patrimonioactual.com\/page\/por-primera-vez-en-america-latina-chile-sera-sede-de-los-juegos-mundiales-de-olimpiadas-especiales\/#primaryimage"},"thumbnailUrl":"https:\/\/patrimonioactual.com\/page\/wp-content\/uploads\/2026\/08\/CHILE-olimpiadas1100.gif","datePublished":"2026-08-27T08:11:20+00:00","dateModified":"2026-08-27T08:11:24+00:00","author":{"@id":"https:\/\/patrimonioactual.com\/page\/#\/schema\/person\/76850d24a9bd508e8e44db1faeab630e"},"description":"El evento reunir\u00e1 a 6 mil atletas de m\u00e1s de 170 pa\u00edses y abre una oportunidad para que el deporte contribuya a transformar culturas","breadcrumb":{"@id":"https:\/\/patrimonioactual.com\/page\/por-primera-vez-en-america-latina-chile-sera-sede-de-los-juegos-mundiales-de-olimpiadas-especiales\/#breadcrumb"},"inLanguage":"es","potentialAction":[{"@type":"ReadAction","target":["https:\/\/patrimonioactual.com\/page\/por-primera-vez-en-america-latina-chile-sera-sede-de-los-juegos-mundiales-de-olimpiadas-especiales\/"]}]},{"@type":"ImageObject","inLanguage":"es","@id":"https:\/\/patrimonioactual.com\/page\/por-primera-vez-en-america-latina-chile-sera-sede-de-los-juegos-mundiales-de-olimpiadas-especiales\/#primaryimage","url":"https:\/\/patrimonioactual.com\/page\/wp-content\/uploads\/2026\/08\/CHILE-olimpiadas1100.gif","contentUrl":"https:\/\/patrimonioactual.com\/page\/wp-content\/uploads\/2026\/08\/CHILE-olimpiadas1100.gif","width":615,"height":461,"caption":"Presentaci\u00f3n de Juegos Mundiales de Olimpiadas Especiales 2027 en Santiago de Chile"},{"@type":"BreadcrumbList","@id":"https:\/\/patrimonioactual.com\/page\/por-primera-vez-en-america-latina-chile-sera-sede-de-los-juegos-mundiales-de-olimpiadas-especiales\/#breadcrumb","itemListElement":[{"@type":"ListItem","position":1,"name":"Portada","item":"https:\/\/patrimonioactual.com\/page\/"},{"@type":"ListItem","position":2,"name":"Por primera vez en Am\u00e9rica Latina, Chile ser\u00e1 sede de los Juegos Mundiales de Olimpiadas Especiales 2027"}]},{"@type":"WebSite","@id":"https:\/\/patrimonioactual.com\/page\/#website","url":"https:\/\/patrimonioactual.com\/page\/","name":"Patrimonio Actual, ciudades, sitios y espacios naturales declarados Patrimonio de la Humanidad por la UNESCO","description":"Revista digital que busca informar a un p\u00fablico objetivo amplio, de los acontecimientos mundiales que se producen en torno a la informaci\u00f3n del patrimonio cultural, natural, inmaterial y tur\u00edstico-cultural de ciudades y espacios naturales, Patrimonio de la Humanidad declarados por la UNESCO.","potentialAction":[{"@type":"SearchAction","target":{"@type":"EntryPoint","urlTemplate":"https:\/\/patrimonioactual.com\/page\/?s={search_term_string}"},"query-input":{"@type":"PropertyValueSpecification","valueRequired":true,"valueName":"search_term_string"}}],"inLanguage":"es"},{"@type":"Person","@id":"https:\/\/patrimonioactual.com\/page\/#\/schema\/person\/76850d24a9bd508e8e44db1faeab630e","name":"admin","image":{"@type":"ImageObject","inLanguage":"es","@id":"https:\/\/secure.gravatar.com\/avatar\/48168d7e7932867b9131639a989484f6c50ddc0e7a6d380e506072a10e5df39d?s=96&d=mm&r=g","url":"https:\/\/secure.gravatar.com\/avatar\/48168d7e7932867b9131639a989484f6c50ddc0e7a6d380e506072a10e5df39d?s=96&d=mm&r=g","contentUrl":"https:\/\/secure.gravatar.com\/avatar\/48168d7e7932867b9131639a989484f6c50ddc0e7a6d380e506072a10e5df39d?s=96&d=mm&r=g","caption":"admin"},"sameAs":["http:\/\/facebook.com\/patrimonio.actual","https:\/\/x.com\/P_actual"],"url":"https:\/\/patrimonioactual.com\/page\/author\/juan\/"}]}},"_links":{"self":[{"href":"https:\/\/patrimonioactual.com\/page\/wp-json\/wp\/v2\/posts\/26801","targetHints":{"allow":["GET"]}}],"collection":[{"href":"https:\/\/patrimonioactual.com\/page\/wp-json\/wp\/v2\/posts"}],"about":[{"href":"https:\/\/patrimonioactual.com\/page\/wp-json\/wp\/v2\/types\/post"}],"author":[{"embeddable":true,"href":"https:\/\/patrimonioactual.com\/page\/wp-json\/wp\/v2\/users\/1"}],"replies":[{"embeddable":true,"href":"https:\/\/patrimonioactual.com\/page\/wp-json\/wp\/v2\/comments?post=26801"}],"version-history":[{"count":1,"href":"https:\/\/patrimonioactual.com\/page\/wp-json\/wp\/v2\/posts\/26801\/revisions"}],"predecessor-version":[{"id":26804,"href":"https:\/\/patrimonioactual.com\/page\/wp-json\/wp\/v2\/posts\/26801\/revisions\/26804"}],"wp:featuredmedia":[{"embeddable":true,"href":"https:\/\/patrimonioactual.com\/page\/wp-json\/wp\/v2\/media\/26802"}],"wp:attachment":[{"href":"https:\/\/patrimonioactual.com\/page\/wp-json\/wp\/v2\/media?parent=26801"}],"wp:term":[{"taxonomy":"category","embeddable":true,"href":"https:\/\/patrimonioactual.com\/page\/wp-json\/wp\/v2\/categories?post=26801"},{"taxonomy":"post_tag","embeddable":true,"href":"https:\/\/patrimonioactual.com\/page\/wp-json\/wp\/v2\/tags?post=26801"}],"curies":[{"name":"wp","href":"https:\/\/api.w.org\/{rel}","templated":true}]}}