{"id":26811,"date":"2026-08-31T09:38:22","date_gmt":"2026-08-31T07:38:22","guid":{"rendered":"https:\/\/patrimonioactual.com\/page\/?p=26811"},"modified":"2026-08-31T09:38:27","modified_gmt":"2026-08-31T07:38:27","slug":"el-fibred-cierra-su-decima-edicion-y-garantiza-la-continuidad-del-encuentro-con-los-maestros","status":"publish","type":"post","link":"https:\/\/patrimonioactual.com\/page\/el-fibred-cierra-su-decima-edicion-y-garantiza-la-continuidad-del-encuentro-con-los-maestros\/","title":{"rendered":"El FIBRED cierra su d\u00e9cima edici\u00f3n y garantiza la continuidad del Encuentro con los Maestros en 2027, aunque podr\u00eda abandonar Ribadedeva"},"content":{"rendered":"<div class=\"wp-block-image\">\n<figure class=\"aligncenter size-full\"><a href=\"https:\/\/patrimonioactual.com\/page\/wp-content\/uploads\/2026\/08\/ENCUENTRO-MAESTROS-IMG_726700.gif\"><img loading=\"lazy\" decoding=\"async\" width=\"615\" height=\"461\" src=\"https:\/\/patrimonioactual.com\/page\/wp-content\/uploads\/2026\/08\/ENCUENTRO-MAESTROS-IMG_726700.gif\" alt=\"El FIBRED cierra su d\u00e9cima edici\u00f3n\" class=\"wp-image-26812\"\/><\/a><figcaption class=\"wp-element-caption\">El FIBRED cierra su d\u00e9cima edici\u00f3n <\/figcaption><\/figure>\n<\/div>\n\n\n<p class=\"has-medium-font-size wp-block-paragraph\"><strong>La organizaci\u00f3n advierte de que un proyecto cultural de estas dimensiones no puede mantenerse sin apoyo institucional despu\u00e9s de cuatro ediciones sin ayuda econ\u00f3mica del Ayuntamiento de Ribadedeva ni del Principado de Asturias<\/strong><\/p>\n\n\n\n<p class=\"wp-block-paragraph\">M\u00e1s de cuarenta j\u00f3venes artistas han participado en una edici\u00f3n que culmin\u00f3 con \u201cEl \u00daltimo Trago\u201d, una creaci\u00f3n nacida durante dos semanas de convivencia entre maestros, bailarines y m\u00fasicos<\/p>\n\n\n\n<p class=\"wp-block-paragraph\">El <a href=\"https:\/\/patrimonioactual.com\/page\/?s=Festival+Iberoamericano+Ribadedeva+En+Danza+\">Festival Iberoamericano Ribadedeva En Danza<\/a> (FIBRED) ha cerrado su d\u00e9cima edici\u00f3n despu\u00e9s de dos intensas semanas de danza, m\u00fasica, formaci\u00f3n, creaci\u00f3n y convivencia que han vuelto a convertir <a href=\"https:\/\/patrimonioactual.com\/page\/?s=Ribadedeva\">Ribadedeva<\/a> y su entorno en un gran espacio para las artes esc\u00e9nicas.<\/p>\n\n\n\n<p class=\"wp-block-paragraph\">La representaci\u00f3n de \u201c<strong>El \u00daltimo Trago<\/strong>\u201d, celebrada este s\u00e1bado en La Casona de \u00cd\u00f1igo Noriega de <a href=\"https:\/\/patrimonioactual.com\/page\/?s=Colombres\">Colombres<\/a>, puso el broche final al X Encuentro Con Los Maestros, en una noche especialmente emotiva que reuni\u00f3 sobre el escenario a j\u00f3venes bailarines y m\u00fasicos junto a algunos de los maestros que los han acompa\u00f1ado durante estas dos semanas.<\/p>\n\n\n\n<p class=\"has-medium-font-size wp-block-paragraph\"><strong>La clausura sirvi\u00f3 tambi\u00e9n para mirar hacia el futuro<\/strong><\/p>\n\n\n\n<p class=\"wp-block-paragraph\">Despu\u00e9s de&nbsp;diez a\u00f1os de trayectoria en Ribadedeva, la direcci\u00f3n del <a href=\"https:\/\/patrimonioactual.com\/page\/?s=FIBRED\">FIBRED<\/a> anunci\u00f3 que la continuidad del Encuentro Con Los Maestros est\u00e1 garantizada en 2027, aunque por primera vez queda abierta la posibilidad de que tenga que buscar una nueva sede.<\/p>\n\n\n\n<p class=\"wp-block-paragraph\"><em>\u201cEl Encuentro Con Los Maestros se celebrar\u00e1 en 2027. Lo que hoy no podemos asegurar es d\u00f3nde\u201d.<\/em><\/p>\n\n\n\n<p class=\"wp-block-paragraph\">La organizaci\u00f3n explica que la situaci\u00f3n responde a una cuesti\u00f3n de responsabilidad y viabilidad: un proyecto cultural de estas dimensiones no puede sostenerse indefinidamente \u00fanicamente mediante el esfuerzo de la asociaci\u00f3n organizadora, la b\u00fasqueda constante de recursos y la colaboraci\u00f3n de particulares, familias y&nbsp;artistas.<\/p>\n\n\n\n<p class=\"wp-block-paragraph\">El FIBRED lleva&nbsp;cuatro ediciones sin recibir ayuda econ\u00f3mica ni del Ayuntamiento de Ribadedeva ni del Principado de Asturias.<\/p>\n\n\n\n<p class=\"wp-block-paragraph\">\u201c<em>Nos gustar\u00eda seguir aqu\u00ed porque Ribadedeva forma parte de nuestra historia. Aqu\u00ed naci\u00f3 y aqu\u00ed hemos construido diez a\u00f1os de recuerdos. Pero tenemos la responsabilidad de encontrar un lugar donde las instituciones comprendan el proyecto, crean en \u00e9l y est\u00e9n dispuestas a ayudarnos a hacerlo posible. Si esas condiciones no se dan aqu\u00ed, tendremos que buscarlas en otro lugar<\/em>\u201d, se\u00f1ala <a href=\"https:\/\/patrimonioactual.com\/page\/?s=Mar%C3%ADa+Herrera\">Mar\u00eda Herrera<\/a>, directora del Festival.<\/p>\n\n\n\n<p class=\"wp-block-paragraph\">La organizaci\u00f3n insiste en que esta reflexi\u00f3n no pretende plantearse como una confrontaci\u00f3n con ninguna administraci\u00f3n, sino como una llamada a la responsabilidad sobre la sostenibilidad de un proyecto cultural que acaba de cumplir diez a\u00f1os.<\/p>\n\n\n\n<p class=\"has-medium-font-size wp-block-paragraph\"><strong>DIEZ A\u00d1OS CONVIRTIENDO EL PATRIMONIO EN ESCENARIO<\/strong><\/p>\n\n\n\n<p class=\"wp-block-paragraph\">El FIBRED ha desarrollado durante esta d\u00e9cada un modelo singular que une formaci\u00f3n, exhibici\u00f3n,&nbsp;creaci\u00f3n art\u00edstica, convivencia, patrimonio y territorio.<\/p>\n\n\n\n<p class=\"wp-block-paragraph\">Durante quince d\u00edas, maestros, j\u00f3venes artistas y m\u00fasicos no solamente reciben o imparten clases: conviven, ensayan, investigan y construyen juntos nuevas propuestas art\u00edsticas.<\/p>\n\n\n\n<p class=\"wp-block-paragraph\">En esta d\u00e9cima edici\u00f3n han participado&nbsp;m\u00e1s de cuarenta j\u00f3venes artistas procedentes de distintos puntos de Espa\u00f1a, que han tenido la oportunidad de trabajar directamente con figuras como&nbsp;<a href=\"https:\/\/patrimonioactual.com\/page\/?s=Maribel+Gallardo\">Maribel Gallardo<\/a>, Currillo Franco, Manuel Segovia, Manuel Betanzos, Guadalupe Torres, Julio Ruiz y Yoshua Cienfuegos, adem\u00e1s del guitarrista y compositor&nbsp;Jos\u00e9 Luis Mont\u00f3n&nbsp;y del pianista, compositor y director musical&nbsp;Lorenzo Moya.<\/p>\n\n\n\n<p class=\"wp-block-paragraph\">Uno de los elementos que caracteriza al FIBRED es precisamente su manera de entender el patrimonio.<\/p>\n\n\n\n<p class=\"wp-block-paragraph\">La Casona de \u00cd\u00f1igo Noriega Mendoza, la iglesia de Santa Mar\u00eda de Colombres, la Casa de Piedra y otros espacios de Ribadedeva y su entorno se han convertido durante estas dos semanas en lugares para la danza, la m\u00fasica, la creaci\u00f3n y el encuentro con el p\u00fablico.<\/p>\n\n\n\n<p class=\"wp-block-paragraph\">Pero esa singularidad implica tambi\u00e9n un importante esfuerzo econ\u00f3mico y de producci\u00f3n.<\/p>\n\n\n\n<p class=\"has-medium-font-size wp-block-paragraph\"><strong>Aqu\u00ed pr\u00e1cticamente todo tiene que construirse<\/strong><\/p>\n\n\n\n<p class=\"wp-block-paragraph\">Los espacios esc\u00e9nicos deben acondicionarse; hay que instalar carpas, disponer de sillas, sonido e iluminaci\u00f3n, organizar transportes, alojamientos y manutenci\u00f3n y asumir la producci\u00f3n t\u00e9cnica de espect\u00e1culos y actividades en espacios que habitualmente no est\u00e1n preparados para las artes esc\u00e9nicas.<\/p>\n\n\n\n<p class=\"wp-block-paragraph\">\u201c<em>Detr\u00e1s de cada hora que disfruta el p\u00fablico existen much\u00edsimas horas de trabajo que nadie ve. No contamos con un teatro equipado al que llegar y encender las luces. Cada verano tenemos que construir pr\u00e1cticamente nuestro festival desde cero<\/em>\u201d. Explica Mar\u00eda Herrera.<\/p>\n\n\n\n<p class=\"wp-block-paragraph\">Despu\u00e9s de cuatro ediciones sin financiaci\u00f3n econ\u00f3mica del Ayuntamiento de Ribadedeva ni del Principado de Asturias, la organizaci\u00f3n considera que no resulta responsable afrontar una nueva edici\u00f3n en las mismas condiciones.<\/p>\n\n\n\n<p class=\"has-medium-font-size wp-block-paragraph\"><strong>EL ENCUENTRO CON LOS MAESTROS 2027 SE CELEBRAR\u00c1<\/strong><\/p>\n\n\n\n<p class=\"wp-block-paragraph\">El mensaje dirigido a alumnos, maestros, m\u00fasicos y, especialmente, a las familias es, sin embargo, inequ\u00edvoco:<\/p>\n\n\n\n<p class=\"wp-block-paragraph\">Habr\u00e1 Encuentro Con Los Maestros en 2027.<\/p>\n\n\n\n<p class=\"wp-block-paragraph\">La organizaci\u00f3n comenzar\u00e1 ahora a estudiar diferentes alternativas y territorios que puedan estar interesados en acoger un proyecto que requiere alojamiento conjunto para alrededor de medio centenar de personas, espacios adecuados para la pr\u00e1ctica de la danza y la m\u00fasica, un entorno que permita desarrollar actividades culturales complementarias y colaboraci\u00f3n institucional.<\/p>\n\n\n\n<p class=\"wp-block-paragraph\">\u201c<em>El Encuentro no son cuatro paredes, una carpa o un escenario. El Encuentro es una comunidad. Lo forman los maestros, los m\u00fasicos, los j\u00f3venes, sus familias y todas las personas que cada a\u00f1o regresan para construirlo con nosotros. El lugar puede cambiar<\/em>\u201d.<\/p>\n\n\n\n<p class=\"has-medium-font-size wp-block-paragraph\"><strong>\u201c<em>EL \u00daLTIMO TRAGO<\/em>\u201d:<\/strong>&nbsp;<strong>UNA CREACI\u00d3N NACIDA EN QUINCE D\u00cdAS<\/strong><\/p>\n\n\n\n<p class=\"wp-block-paragraph\">La mejor demostraci\u00f3n de esa filosof\u00eda pudo verse este s\u00e1bado en \u201cEl \u00daltimo Trago\u201d, la producci\u00f3n creada \u00edntegramente durante la convivencia.<\/p>\n\n\n\n<p class=\"wp-block-paragraph\">El espect\u00e1culo no lleg\u00f3 terminado a Ribadedeva.<\/p>\n\n\n\n<p class=\"wp-block-paragraph\">Hace apenas quince d\u00edas eran canciones, ideas, pasos, partituras y artistas que, en muchos casos, ni siquiera se conoc\u00edan. El trabajo diario de maestros, bailarines y m\u00fasicos fue transformando todos esos elementos hasta convertirlos en el espect\u00e1culo presentado en La Casona de I\u00f1igo Noriega Mendoza.<\/p>\n\n\n\n<p class=\"wp-block-paragraph\">Inspirada en la m\u00fasica mexicana y la danza espa\u00f1ola, la propuesta realiz\u00f3 un recorrido por canciones profundamente arraigadas en la memoria colectiva como&nbsp;<em>La Llorona, Un mundo raro, Luz de luna, La media vuelta, El \u00faltimo trago o Las ma\u00f1anitas<\/em>.<\/p>\n\n\n\n<p class=\"wp-block-paragraph\">El proyecto reuni\u00f3 el trabajo coreogr\u00e1fico y art\u00edstico desarrollado por los maestros del Encuentro con los j\u00f3venes participantes y volvi\u00f3 a situar la m\u00fasica en directo como una parte inseparable de la creaci\u00f3n.<\/p>\n\n\n\n<p class=\"wp-block-paragraph\">\u201c<em>El mayor logro despu\u00e9s de diez a\u00f1os no es solamente haber organizado un festival. Es haber conseguido construir una comunidad art\u00edstica en la que varias generaciones comparten escenario, conocimiento y vida durante quince d\u00edas<\/em>\u201d.<\/p>\n\n\n\n<p class=\"has-medium-font-size wp-block-paragraph\"><strong>UN PROYECTO QUE HA BUSCADO NUEVAS FORMAS DE SOSTENERSE<\/strong><\/p>\n\n\n\n<p class=\"wp-block-paragraph\">La d\u00e9cima edici\u00f3n ha supuesto tambi\u00e9n un importante esfuerzo para encontrar f\u00f3rmulas alternativas de financiaci\u00f3n.<\/p>\n\n\n\n<p class=\"wp-block-paragraph\">La Asociaci\u00f3n MJH Diferencias Educativas, organizadora del FIBRED, puso en marcha una campa\u00f1a de micromecenazgo que permanecer\u00e1 abierta una semana m\u00e1s,&nbsp;para intentar implicar a ciudadanos, familias y peque\u00f1os mecenas en la sostenibilidad del Festival.<\/p>\n\n\n\n<p class=\"wp-block-paragraph\"><a href=\"https:\/\/www.goteo.org\/project\/fibred-2026-danza-musica-y-patrimonio-para-tods\">https:\/\/www.goteo.org\/project\/fibred-2026-danza-musica-y-patrimonio-para-tods<\/a><\/p>\n\n\n\n<p class=\"wp-block-paragraph\">La respuesta recibida hasta ahora ha demostrado, seg\u00fan la organizaci\u00f3n, que existe una comunidad dispuesta a defender la continuidad del proyecto.<\/p>\n\n\n\n<p class=\"wp-block-paragraph\">Sin embargo, el FIBRED considera que el respaldo de particulares y peque\u00f1as entidades no puede sustituir indefinidamente el compromiso de las administraciones p\u00fablicas con un proyecto cultural estable.<\/p>\n\n\n\n<p class=\"wp-block-paragraph\">\u201c<em>Estamos profundamente agradecidos a cada persona que ha comprado una entrada, ha realizado una aportaci\u00f3n, ha colaborado con nosotros o simplemente ha ayudado cuando lo necesit\u00e1bamos. Precisamente por respeto a todos ellos tenemos que buscar ahora un modelo que permita afrontar el futuro con mayor estabilidad<\/em>\u201d.<\/p>\n\n\n\n<p class=\"has-medium-font-size wp-block-paragraph\"><strong>LA MEMORIA DE ESTOS QUINCE D\u00cdAS<\/strong><\/p>\n\n\n\n<p class=\"wp-block-paragraph\">El Festival quiso reconocer tambi\u00e9n a quienes han tenido la responsabilidad de conservar visualmente la memoria de esta edici\u00f3n.<\/p>\n\n\n\n<p class=\"wp-block-paragraph\">Las fot\u00f3grafas&nbsp;<a href=\"https:\/\/patrimonioactual.com\/page\/?s=Beatrix+Molnar\">Beatrix Molnar<\/a> y Paula Garc\u00eda&nbsp;han acompa\u00f1ado el Encuentro con su mirada durante estas jornadas, documentando tanto los escenarios como muchos de esos instantes que suceden fuera de ellos.<\/p>\n\n\n\n<p class=\"wp-block-paragraph\">A esta memoria se suma el trabajo de&nbsp;Nacho Bachiller y Pedro Garc\u00eda, encargados de realizar fotograf\u00eda anal\u00f3gica durante el Encuentro, incorporando otra forma de observar y conservar lo vivido en esta d\u00e9cima edici\u00f3n.<\/p>\n\n\n\n<p class=\"wp-block-paragraph\">La organizaci\u00f3n destac\u00f3 finalmente el trabajo del equipo t\u00e9cnico y de apoyo formado por&nbsp;Koka, Roc\u00edo, Ariadna, Perico, Abilio y Luis.<\/p>\n\n\n\n<p class=\"wp-block-paragraph\">\u201c<em>Son quienes cuidan, acompa\u00f1an, montan, desmontan, resuelven, improvisan y consiguen que cuando se encienden las luces parezca que todo ha sido f\u00e1cil. Sin ellos, sencillamente, no ser\u00eda posible<\/em>\u201d.<\/p>\n\n\n\n<p class=\"wp-block-paragraph\">Especialmente emotivo fue el reconocimiento al&nbsp;Albergue El Cantu, que un a\u00f1o m\u00e1s se ha convertido en mucho m\u00e1s que el alojamiento de los participantes: ha sido la casa del Encuentro, el lugar donde maestros, j\u00f3venes, m\u00fasicos y equipo han compartido la convivencia diaria.<\/p>\n\n\n\n<p class=\"has-medium-font-size wp-block-paragraph\"><strong>EL FINAL DE UNA ETAPA Y EL COMIENZO DE LA SIGUIENTE<\/strong><\/p>\n\n\n\n<p class=\"wp-block-paragraph\">El FIBRED cierra as\u00ed una edici\u00f3n especialmente simb\u00f3lica.<\/p>\n\n\n\n<p class=\"wp-block-paragraph\">Diez a\u00f1os despu\u00e9s de su nacimiento, la organizaci\u00f3n afronta ahora el reto de decidir d\u00f3nde y en qu\u00e9 condiciones comenzar\u00e1 la siguiente etapa del Encuentro Con Los Maestros.<\/p>\n\n\n\n<p class=\"wp-block-paragraph\">Antes de entonces, parte de&nbsp;esta comunidad art\u00edstica volver\u00e1 a reunirse el 24 de octubre en Puertollano&nbsp;y&nbsp;el 22 de octubre y el&nbsp;7 de noviembre en Llanes, prolongando algunos de los v\u00ednculos y proyectos nacidos durante la convivencia.<\/p>\n\n\n\n<p class=\"wp-block-paragraph\">Mientras tanto comenzar\u00e1 el trabajo para encontrar la sede de 2027.<\/p>\n\n\n\n<p class=\"wp-block-paragraph\">La despedida pronunciada en Colombres resumi\u00f3 en pocas palabras el mensaje que la organizaci\u00f3n quiso trasladar a maestros, j\u00f3venes y familias:<\/p>\n\n\n\n<p class=\"wp-block-paragraph\">\u201c<em>No sabemos todav\u00eda d\u00f3nde ser\u00e1. Pero sabemos que ser\u00e1<\/em>\u201d.<\/p>\n\n\n\n<p class=\"wp-block-paragraph\">FIBRED \u2013 Festival Iberoamericano Ribadedeva En Danza<br \/>X Encuentro Con Los Maestros<br \/>Ribadedeva \u00b7 2026<\/p>\n\n\n\n<p class=\"wp-block-paragraph\"><strong>S\u00edguenos en&nbsp;<\/strong><a href=\"https:\/\/www.facebook.com\/P.actual\"><strong>Facebook<\/strong><\/a><strong>&nbsp;y&nbsp;<\/strong><a href=\"https:\/\/twitter.com\/p_actual\"><strong>Twitter<\/strong><\/a><\/p>\n\n\n\n<p class=\"wp-block-paragraph\"><\/p>\n","protected":false},"excerpt":{"rendered":"<p>La organizaci\u00f3n advierte de que un proyecto cultural de estas dimensiones no puede mantenerse sin apoyo institucional despu\u00e9s de cuatro ediciones sin ayuda econ\u00f3mica del Ayuntamiento de Ribadedeva ni del Principado de Asturias M\u00e1s de cuarenta j\u00f3venes artistas han participado en una edici\u00f3n que culmin\u00f3 con \u201cEl \u00daltimo Trago\u201d, una creaci\u00f3n nacida durante dos semanas [&hellip;]<\/p>\n","protected":false},"author":1,"featured_media":26812,"comment_status":"open","ping_status":"open","sticky":false,"template":"","format":"standard","meta":{"footnotes":""},"categories":[4,15],"tags":[7032,7526],"class_list":["post-26811","post","type-post","status-publish","format-standard","has-post-thumbnail","category-patrimonio-turistico-cultural","category-ruta-turistico-cultural","tag-fibred","tag-ribadedeva"],"yoast_head":"<!-- This site is optimized with the Yoast SEO plugin v27.4 - https:\/\/yoast.com\/product\/yoast-seo-wordpress\/ -->\n<title>El FIBRED cierra su d\u00e9cima edici\u00f3n y garantiza la continuidad del Encuentro con los Maestros en 2027, aunque podr\u00eda abandonar Ribadedeva - Patrimonio Actual, ciudades, sitios y espacios naturales declarados Patrimonio de la Humanidad por la UNESCO<\/title>\n<meta name=\"description\" content=\"La organizaci\u00f3n advierte de que un proyecto cultural de estas dimensiones no puede mantenerse sin apoyo institucional de cuatro ediciones\" \/>\n<meta name=\"robots\" content=\"index, follow, max-snippet:-1, max-image-preview:large, max-video-preview:-1\" \/>\n<link rel=\"canonical\" href=\"https:\/\/patrimonioactual.com\/page\/el-fibred-cierra-su-decima-edicion-y-garantiza-la-continuidad-del-encuentro-con-los-maestros\/\" \/>\n<meta property=\"og:locale\" content=\"es_ES\" \/>\n<meta property=\"og:type\" content=\"article\" \/>\n<meta property=\"og:title\" content=\"El FIBRED cierra su d\u00e9cima edici\u00f3n y garantiza la continuidad del Encuentro con los Maestros en 2027, aunque podr\u00eda abandonar Ribadedeva - Patrimonio Actual, ciudades, sitios y espacios naturales declarados Patrimonio de la Humanidad por la UNESCO\" \/>\n<meta property=\"og:description\" content=\"La organizaci\u00f3n advierte de que un proyecto cultural de estas dimensiones no puede mantenerse sin apoyo institucional de cuatro ediciones\" \/>\n<meta property=\"og:url\" content=\"https:\/\/patrimonioactual.com\/page\/el-fibred-cierra-su-decima-edicion-y-garantiza-la-continuidad-del-encuentro-con-los-maestros\/\" \/>\n<meta property=\"og:site_name\" content=\"Patrimonio Actual, ciudades, sitios y espacios naturales declarados Patrimonio de la Humanidad por la UNESCO\" \/>\n<meta property=\"article:publisher\" content=\"https:\/\/www.facebook.com\/P.actual\" \/>\n<meta property=\"article:author\" content=\"http:\/\/facebook.com\/patrimonio.actual\" \/>\n<meta property=\"article:published_time\" content=\"2026-08-31T07:38:22+00:00\" \/>\n<meta property=\"article:modified_time\" content=\"2026-08-31T07:38:27+00:00\" \/>\n<meta property=\"og:image\" content=\"https:\/\/patrimonioactual.com\/page\/wp-content\/uploads\/2026\/08\/ENCUENTRO-MAESTROS-IMG_726700.gif\" \/>\n\t<meta property=\"og:image:width\" content=\"615\" \/>\n\t<meta property=\"og:image:height\" content=\"461\" \/>\n\t<meta property=\"og:image:type\" content=\"image\/gif\" \/>\n<meta name=\"author\" content=\"admin\" \/>\n<meta name=\"twitter:card\" content=\"summary_large_image\" \/>\n<meta name=\"twitter:creator\" content=\"@P_actual\" \/>\n<meta name=\"twitter:site\" content=\"@P_actual\" \/>\n<meta name=\"twitter:label1\" content=\"Escrito por\" \/>\n\t<meta name=\"twitter:data1\" content=\"admin\" \/>\n\t<meta name=\"twitter:label2\" content=\"Tiempo de lectura\" \/>\n\t<meta name=\"twitter:data2\" content=\"8 minutos\" \/>\n<script type=\"application\/ld+json\" class=\"yoast-schema-graph\">{\"@context\":\"https:\\\/\\\/schema.org\",\"@graph\":[{\"@type\":\"Article\",\"@id\":\"https:\\\/\\\/patrimonioactual.com\\\/page\\\/el-fibred-cierra-su-decima-edicion-y-garantiza-la-continuidad-del-encuentro-con-los-maestros\\\/#article\",\"isPartOf\":{\"@id\":\"https:\\\/\\\/patrimonioactual.com\\\/page\\\/el-fibred-cierra-su-decima-edicion-y-garantiza-la-continuidad-del-encuentro-con-los-maestros\\\/\"},\"author\":{\"name\":\"admin\",\"@id\":\"https:\\\/\\\/patrimonioactual.com\\\/page\\\/#\\\/schema\\\/person\\\/76850d24a9bd508e8e44db1faeab630e\"},\"headline\":\"El FIBRED cierra su d\u00e9cima edici\u00f3n y garantiza la continuidad del Encuentro con los Maestros en 2027, aunque podr\u00eda abandonar Ribadedeva\",\"datePublished\":\"2026-08-31T07:38:22+00:00\",\"dateModified\":\"2026-08-31T07:38:27+00:00\",\"mainEntityOfPage\":{\"@id\":\"https:\\\/\\\/patrimonioactual.com\\\/page\\\/el-fibred-cierra-su-decima-edicion-y-garantiza-la-continuidad-del-encuentro-con-los-maestros\\\/\"},\"wordCount\":1710,\"commentCount\":0,\"image\":{\"@id\":\"https:\\\/\\\/patrimonioactual.com\\\/page\\\/el-fibred-cierra-su-decima-edicion-y-garantiza-la-continuidad-del-encuentro-con-los-maestros\\\/#primaryimage\"},\"thumbnailUrl\":\"https:\\\/\\\/patrimonioactual.com\\\/page\\\/wp-content\\\/uploads\\\/2026\\\/08\\\/ENCUENTRO-MAESTROS-IMG_726700.gif\",\"keywords\":[\"FIBRED\",\"Ribadedeva\"],\"articleSection\":[\"Patrimonio Turistico Cultural\",\"Ruta Tur\u00edstico Cultural\"],\"inLanguage\":\"es\",\"potentialAction\":[{\"@type\":\"CommentAction\",\"name\":\"Comment\",\"target\":[\"https:\\\/\\\/patrimonioactual.com\\\/page\\\/el-fibred-cierra-su-decima-edicion-y-garantiza-la-continuidad-del-encuentro-con-los-maestros\\\/#respond\"]}]},{\"@type\":\"WebPage\",\"@id\":\"https:\\\/\\\/patrimonioactual.com\\\/page\\\/el-fibred-cierra-su-decima-edicion-y-garantiza-la-continuidad-del-encuentro-con-los-maestros\\\/\",\"url\":\"https:\\\/\\\/patrimonioactual.com\\\/page\\\/el-fibred-cierra-su-decima-edicion-y-garantiza-la-continuidad-del-encuentro-con-los-maestros\\\/\",\"name\":\"El FIBRED cierra su d\u00e9cima edici\u00f3n y garantiza la continuidad del Encuentro con los Maestros en 2027, aunque podr\u00eda abandonar Ribadedeva - Patrimonio Actual, ciudades, sitios y espacios naturales declarados Patrimonio de la Humanidad por la UNESCO\",\"isPartOf\":{\"@id\":\"https:\\\/\\\/patrimonioactual.com\\\/page\\\/#website\"},\"primaryImageOfPage\":{\"@id\":\"https:\\\/\\\/patrimonioactual.com\\\/page\\\/el-fibred-cierra-su-decima-edicion-y-garantiza-la-continuidad-del-encuentro-con-los-maestros\\\/#primaryimage\"},\"image\":{\"@id\":\"https:\\\/\\\/patrimonioactual.com\\\/page\\\/el-fibred-cierra-su-decima-edicion-y-garantiza-la-continuidad-del-encuentro-con-los-maestros\\\/#primaryimage\"},\"thumbnailUrl\":\"https:\\\/\\\/patrimonioactual.com\\\/page\\\/wp-content\\\/uploads\\\/2026\\\/08\\\/ENCUENTRO-MAESTROS-IMG_726700.gif\",\"datePublished\":\"2026-08-31T07:38:22+00:00\",\"dateModified\":\"2026-08-31T07:38:27+00:00\",\"author\":{\"@id\":\"https:\\\/\\\/patrimonioactual.com\\\/page\\\/#\\\/schema\\\/person\\\/76850d24a9bd508e8e44db1faeab630e\"},\"description\":\"La organizaci\u00f3n advierte de que un proyecto cultural de estas dimensiones no puede mantenerse sin apoyo institucional de cuatro ediciones\",\"breadcrumb\":{\"@id\":\"https:\\\/\\\/patrimonioactual.com\\\/page\\\/el-fibred-cierra-su-decima-edicion-y-garantiza-la-continuidad-del-encuentro-con-los-maestros\\\/#breadcrumb\"},\"inLanguage\":\"es\",\"potentialAction\":[{\"@type\":\"ReadAction\",\"target\":[\"https:\\\/\\\/patrimonioactual.com\\\/page\\\/el-fibred-cierra-su-decima-edicion-y-garantiza-la-continuidad-del-encuentro-con-los-maestros\\\/\"]}]},{\"@type\":\"ImageObject\",\"inLanguage\":\"es\",\"@id\":\"https:\\\/\\\/patrimonioactual.com\\\/page\\\/el-fibred-cierra-su-decima-edicion-y-garantiza-la-continuidad-del-encuentro-con-los-maestros\\\/#primaryimage\",\"url\":\"https:\\\/\\\/patrimonioactual.com\\\/page\\\/wp-content\\\/uploads\\\/2026\\\/08\\\/ENCUENTRO-MAESTROS-IMG_726700.gif\",\"contentUrl\":\"https:\\\/\\\/patrimonioactual.com\\\/page\\\/wp-content\\\/uploads\\\/2026\\\/08\\\/ENCUENTRO-MAESTROS-IMG_726700.gif\",\"width\":615,\"height\":461,\"caption\":\"El FIBRED cierra su d\u00e9cima edici\u00f3n\"},{\"@type\":\"BreadcrumbList\",\"@id\":\"https:\\\/\\\/patrimonioactual.com\\\/page\\\/el-fibred-cierra-su-decima-edicion-y-garantiza-la-continuidad-del-encuentro-con-los-maestros\\\/#breadcrumb\",\"itemListElement\":[{\"@type\":\"ListItem\",\"position\":1,\"name\":\"Portada\",\"item\":\"https:\\\/\\\/patrimonioactual.com\\\/page\\\/\"},{\"@type\":\"ListItem\",\"position\":2,\"name\":\"El FIBRED cierra su d\u00e9cima edici\u00f3n y garantiza la continuidad del Encuentro con los Maestros en 2027, aunque podr\u00eda abandonar Ribadedeva\"}]},{\"@type\":\"WebSite\",\"@id\":\"https:\\\/\\\/patrimonioactual.com\\\/page\\\/#website\",\"url\":\"https:\\\/\\\/patrimonioactual.com\\\/page\\\/\",\"name\":\"Patrimonio Actual, ciudades, sitios y espacios naturales declarados Patrimonio de la Humanidad por la UNESCO\",\"description\":\"Revista digital que busca informar a un p\u00fablico objetivo amplio, de los acontecimientos mundiales que se producen en torno a la informaci\u00f3n del patrimonio cultural, natural, inmaterial y tur\u00edstico-cultural de ciudades y espacios naturales, Patrimonio de la Humanidad declarados por la UNESCO.\",\"potentialAction\":[{\"@type\":\"SearchAction\",\"target\":{\"@type\":\"EntryPoint\",\"urlTemplate\":\"https:\\\/\\\/patrimonioactual.com\\\/page\\\/?s={search_term_string}\"},\"query-input\":{\"@type\":\"PropertyValueSpecification\",\"valueRequired\":true,\"valueName\":\"search_term_string\"}}],\"inLanguage\":\"es\"},{\"@type\":\"Person\",\"@id\":\"https:\\\/\\\/patrimonioactual.com\\\/page\\\/#\\\/schema\\\/person\\\/76850d24a9bd508e8e44db1faeab630e\",\"name\":\"admin\",\"image\":{\"@type\":\"ImageObject\",\"inLanguage\":\"es\",\"@id\":\"https:\\\/\\\/secure.gravatar.com\\\/avatar\\\/48168d7e7932867b9131639a989484f6c50ddc0e7a6d380e506072a10e5df39d?s=96&d=mm&r=g\",\"url\":\"https:\\\/\\\/secure.gravatar.com\\\/avatar\\\/48168d7e7932867b9131639a989484f6c50ddc0e7a6d380e506072a10e5df39d?s=96&d=mm&r=g\",\"contentUrl\":\"https:\\\/\\\/secure.gravatar.com\\\/avatar\\\/48168d7e7932867b9131639a989484f6c50ddc0e7a6d380e506072a10e5df39d?s=96&d=mm&r=g\",\"caption\":\"admin\"},\"sameAs\":[\"http:\\\/\\\/facebook.com\\\/patrimonio.actual\",\"https:\\\/\\\/x.com\\\/P_actual\"],\"url\":\"https:\\\/\\\/patrimonioactual.com\\\/page\\\/author\\\/juan\\\/\"}]}<\/script>\n<!-- \/ Yoast SEO plugin. -->","yoast_head_json":{"title":"El FIBRED cierra su d\u00e9cima edici\u00f3n y garantiza la continuidad del Encuentro con los Maestros en 2027, aunque podr\u00eda abandonar Ribadedeva - Patrimonio Actual, ciudades, sitios y espacios naturales declarados Patrimonio de la Humanidad por la UNESCO","description":"La organizaci\u00f3n advierte de que un proyecto cultural de estas dimensiones no puede mantenerse sin apoyo institucional de cuatro ediciones","robots":{"index":"index","follow":"follow","max-snippet":"max-snippet:-1","max-image-preview":"max-image-preview:large","max-video-preview":"max-video-preview:-1"},"canonical":"https:\/\/patrimonioactual.com\/page\/el-fibred-cierra-su-decima-edicion-y-garantiza-la-continuidad-del-encuentro-con-los-maestros\/","og_locale":"es_ES","og_type":"article","og_title":"El FIBRED cierra su d\u00e9cima edici\u00f3n y garantiza la continuidad del Encuentro con los Maestros en 2027, aunque podr\u00eda abandonar Ribadedeva - Patrimonio Actual, ciudades, sitios y espacios naturales declarados Patrimonio de la Humanidad por la UNESCO","og_description":"La organizaci\u00f3n advierte de que un proyecto cultural de estas dimensiones no puede mantenerse sin apoyo institucional de cuatro ediciones","og_url":"https:\/\/patrimonioactual.com\/page\/el-fibred-cierra-su-decima-edicion-y-garantiza-la-continuidad-del-encuentro-con-los-maestros\/","og_site_name":"Patrimonio Actual, ciudades, sitios y espacios naturales declarados Patrimonio de la Humanidad por la UNESCO","article_publisher":"https:\/\/www.facebook.com\/P.actual","article_author":"http:\/\/facebook.com\/patrimonio.actual","article_published_time":"2026-08-31T07:38:22+00:00","article_modified_time":"2026-08-31T07:38:27+00:00","og_image":[{"width":615,"height":461,"url":"https:\/\/patrimonioactual.com\/page\/wp-content\/uploads\/2026\/08\/ENCUENTRO-MAESTROS-IMG_726700.gif","type":"image\/gif"}],"author":"admin","twitter_card":"summary_large_image","twitter_creator":"@P_actual","twitter_site":"@P_actual","twitter_misc":{"Escrito por":"admin","Tiempo de lectura":"8 minutos"},"schema":{"@context":"https:\/\/schema.org","@graph":[{"@type":"Article","@id":"https:\/\/patrimonioactual.com\/page\/el-fibred-cierra-su-decima-edicion-y-garantiza-la-continuidad-del-encuentro-con-los-maestros\/#article","isPartOf":{"@id":"https:\/\/patrimonioactual.com\/page\/el-fibred-cierra-su-decima-edicion-y-garantiza-la-continuidad-del-encuentro-con-los-maestros\/"},"author":{"name":"admin","@id":"https:\/\/patrimonioactual.com\/page\/#\/schema\/person\/76850d24a9bd508e8e44db1faeab630e"},"headline":"El FIBRED cierra su d\u00e9cima edici\u00f3n y garantiza la continuidad del Encuentro con los Maestros en 2027, aunque podr\u00eda abandonar Ribadedeva","datePublished":"2026-08-31T07:38:22+00:00","dateModified":"2026-08-31T07:38:27+00:00","mainEntityOfPage":{"@id":"https:\/\/patrimonioactual.com\/page\/el-fibred-cierra-su-decima-edicion-y-garantiza-la-continuidad-del-encuentro-con-los-maestros\/"},"wordCount":1710,"commentCount":0,"image":{"@id":"https:\/\/patrimonioactual.com\/page\/el-fibred-cierra-su-decima-edicion-y-garantiza-la-continuidad-del-encuentro-con-los-maestros\/#primaryimage"},"thumbnailUrl":"https:\/\/patrimonioactual.com\/page\/wp-content\/uploads\/2026\/08\/ENCUENTRO-MAESTROS-IMG_726700.gif","keywords":["FIBRED","Ribadedeva"],"articleSection":["Patrimonio Turistico Cultural","Ruta Tur\u00edstico Cultural"],"inLanguage":"es","potentialAction":[{"@type":"CommentAction","name":"Comment","target":["https:\/\/patrimonioactual.com\/page\/el-fibred-cierra-su-decima-edicion-y-garantiza-la-continuidad-del-encuentro-con-los-maestros\/#respond"]}]},{"@type":"WebPage","@id":"https:\/\/patrimonioactual.com\/page\/el-fibred-cierra-su-decima-edicion-y-garantiza-la-continuidad-del-encuentro-con-los-maestros\/","url":"https:\/\/patrimonioactual.com\/page\/el-fibred-cierra-su-decima-edicion-y-garantiza-la-continuidad-del-encuentro-con-los-maestros\/","name":"El FIBRED cierra su d\u00e9cima edici\u00f3n y garantiza la continuidad del Encuentro con los Maestros en 2027, aunque podr\u00eda abandonar Ribadedeva - Patrimonio Actual, ciudades, sitios y espacios naturales declarados Patrimonio de la Humanidad por la UNESCO","isPartOf":{"@id":"https:\/\/patrimonioactual.com\/page\/#website"},"primaryImageOfPage":{"@id":"https:\/\/patrimonioactual.com\/page\/el-fibred-cierra-su-decima-edicion-y-garantiza-la-continuidad-del-encuentro-con-los-maestros\/#primaryimage"},"image":{"@id":"https:\/\/patrimonioactual.com\/page\/el-fibred-cierra-su-decima-edicion-y-garantiza-la-continuidad-del-encuentro-con-los-maestros\/#primaryimage"},"thumbnailUrl":"https:\/\/patrimonioactual.com\/page\/wp-content\/uploads\/2026\/08\/ENCUENTRO-MAESTROS-IMG_726700.gif","datePublished":"2026-08-31T07:38:22+00:00","dateModified":"2026-08-31T07:38:27+00:00","author":{"@id":"https:\/\/patrimonioactual.com\/page\/#\/schema\/person\/76850d24a9bd508e8e44db1faeab630e"},"description":"La organizaci\u00f3n advierte de que un proyecto cultural de estas dimensiones no puede mantenerse sin apoyo institucional de cuatro ediciones","breadcrumb":{"@id":"https:\/\/patrimonioactual.com\/page\/el-fibred-cierra-su-decima-edicion-y-garantiza-la-continuidad-del-encuentro-con-los-maestros\/#breadcrumb"},"inLanguage":"es","potentialAction":[{"@type":"ReadAction","target":["https:\/\/patrimonioactual.com\/page\/el-fibred-cierra-su-decima-edicion-y-garantiza-la-continuidad-del-encuentro-con-los-maestros\/"]}]},{"@type":"ImageObject","inLanguage":"es","@id":"https:\/\/patrimonioactual.com\/page\/el-fibred-cierra-su-decima-edicion-y-garantiza-la-continuidad-del-encuentro-con-los-maestros\/#primaryimage","url":"https:\/\/patrimonioactual.com\/page\/wp-content\/uploads\/2026\/08\/ENCUENTRO-MAESTROS-IMG_726700.gif","contentUrl":"https:\/\/patrimonioactual.com\/page\/wp-content\/uploads\/2026\/08\/ENCUENTRO-MAESTROS-IMG_726700.gif","width":615,"height":461,"caption":"El FIBRED cierra su d\u00e9cima edici\u00f3n"},{"@type":"BreadcrumbList","@id":"https:\/\/patrimonioactual.com\/page\/el-fibred-cierra-su-decima-edicion-y-garantiza-la-continuidad-del-encuentro-con-los-maestros\/#breadcrumb","itemListElement":[{"@type":"ListItem","position":1,"name":"Portada","item":"https:\/\/patrimonioactual.com\/page\/"},{"@type":"ListItem","position":2,"name":"El FIBRED cierra su d\u00e9cima edici\u00f3n y garantiza la continuidad del Encuentro con los Maestros en 2027, aunque podr\u00eda abandonar Ribadedeva"}]},{"@type":"WebSite","@id":"https:\/\/patrimonioactual.com\/page\/#website","url":"https:\/\/patrimonioactual.com\/page\/","name":"Patrimonio Actual, ciudades, sitios y espacios naturales declarados Patrimonio de la Humanidad por la UNESCO","description":"Revista digital que busca informar a un p\u00fablico objetivo amplio, de los acontecimientos mundiales que se producen en torno a la informaci\u00f3n del patrimonio cultural, natural, inmaterial y tur\u00edstico-cultural de ciudades y espacios naturales, Patrimonio de la Humanidad declarados por la UNESCO.","potentialAction":[{"@type":"SearchAction","target":{"@type":"EntryPoint","urlTemplate":"https:\/\/patrimonioactual.com\/page\/?s={search_term_string}"},"query-input":{"@type":"PropertyValueSpecification","valueRequired":true,"valueName":"search_term_string"}}],"inLanguage":"es"},{"@type":"Person","@id":"https:\/\/patrimonioactual.com\/page\/#\/schema\/person\/76850d24a9bd508e8e44db1faeab630e","name":"admin","image":{"@type":"ImageObject","inLanguage":"es","@id":"https:\/\/secure.gravatar.com\/avatar\/48168d7e7932867b9131639a989484f6c50ddc0e7a6d380e506072a10e5df39d?s=96&d=mm&r=g","url":"https:\/\/secure.gravatar.com\/avatar\/48168d7e7932867b9131639a989484f6c50ddc0e7a6d380e506072a10e5df39d?s=96&d=mm&r=g","contentUrl":"https:\/\/secure.gravatar.com\/avatar\/48168d7e7932867b9131639a989484f6c50ddc0e7a6d380e506072a10e5df39d?s=96&d=mm&r=g","caption":"admin"},"sameAs":["http:\/\/facebook.com\/patrimonio.actual","https:\/\/x.com\/P_actual"],"url":"https:\/\/patrimonioactual.com\/page\/author\/juan\/"}]}},"_links":{"self":[{"href":"https:\/\/patrimonioactual.com\/page\/wp-json\/wp\/v2\/posts\/26811","targetHints":{"allow":["GET"]}}],"collection":[{"href":"https:\/\/patrimonioactual.com\/page\/wp-json\/wp\/v2\/posts"}],"about":[{"href":"https:\/\/patrimonioactual.com\/page\/wp-json\/wp\/v2\/types\/post"}],"author":[{"embeddable":true,"href":"https:\/\/patrimonioactual.com\/page\/wp-json\/wp\/v2\/users\/1"}],"replies":[{"embeddable":true,"href":"https:\/\/patrimonioactual.com\/page\/wp-json\/wp\/v2\/comments?post=26811"}],"version-history":[{"count":1,"href":"https:\/\/patrimonioactual.com\/page\/wp-json\/wp\/v2\/posts\/26811\/revisions"}],"predecessor-version":[{"id":26813,"href":"https:\/\/patrimonioactual.com\/page\/wp-json\/wp\/v2\/posts\/26811\/revisions\/26813"}],"wp:featuredmedia":[{"embeddable":true,"href":"https:\/\/patrimonioactual.com\/page\/wp-json\/wp\/v2\/media\/26812"}],"wp:attachment":[{"href":"https:\/\/patrimonioactual.com\/page\/wp-json\/wp\/v2\/media?parent=26811"}],"wp:term":[{"taxonomy":"category","embeddable":true,"href":"https:\/\/patrimonioactual.com\/page\/wp-json\/wp\/v2\/categories?post=26811"},{"taxonomy":"post_tag","embeddable":true,"href":"https:\/\/patrimonioactual.com\/page\/wp-json\/wp\/v2\/tags?post=26811"}],"curies":[{"name":"wp","href":"https:\/\/api.w.org\/{rel}","templated":true}]}}