{"id":26817,"date":"2026-08-31T09:51:59","date_gmt":"2026-08-31T07:51:59","guid":{"rendered":"https:\/\/patrimonioactual.com\/page\/?p=26817"},"modified":"2026-08-31T09:52:04","modified_gmt":"2026-08-31T07:52:04","slug":"sequias-incendios-y-plagas","status":"publish","type":"post","link":"https:\/\/patrimonioactual.com\/page\/sequias-incendios-y-plagas\/","title":{"rendered":"Sequ\u00edas, incendios y plagas: los bosques Europa y Norteam\u00e9rica afrontan la presi\u00f3n del cambio clim\u00e1tico"},"content":{"rendered":"<div class=\"wp-block-image\">\n<figure class=\"aligncenter size-full\"><a href=\"https:\/\/patrimonioactual.com\/page\/wp-content\/uploads\/2026\/08\/ARBOLES-IMG-20200614-WA00161100.gif\"><img loading=\"lazy\" decoding=\"async\" width=\"615\" height=\"461\" src=\"https:\/\/patrimonioactual.com\/page\/wp-content\/uploads\/2026\/08\/ARBOLES-IMG-20200614-WA00161100.gif\" alt=\"La combinaci\u00f3n de sequ\u00edas persistentes y temperaturas estivales r\u00e9cord est\u00e1 acelerando el deterioro de los bosques de Europa y Norteam\u00e9rica. Foto: \u00a9 patrimonioactual.com\" class=\"wp-image-26818\"\/><\/a><figcaption class=\"wp-element-caption\">La combinaci\u00f3n de sequ\u00edas persistentes y temperaturas estivales r\u00e9cord est\u00e1 acelerando el deterioro de los bosques de Europa y Norteam\u00e9rica. Foto: \u00a9 patrimonioactual.com<\/figcaption><\/figure>\n<\/div>\n\n\n<p class=\"has-medium-font-size wp-block-paragraph\"><strong>Los \u00e1rboles urbanos tambi\u00e9n est\u00e1n bajo presi\u00f3n. La escasez de agua y las altas temperaturas amenazan una de las principales defensas naturales de las ciudades frente al calor, adem\u00e1s de sus beneficios para la calidad del aire y el bienestar de la poblaci\u00f3n<\/strong><strong><\/strong><\/p>\n\n\n\n<p class=\"wp-block-paragraph\">La combinaci\u00f3n de&nbsp;sequ\u00edas persistentes y temperaturas estivales r\u00e9cord est\u00e1 acelerando el deterioro de los <a href=\"https:\/\/patrimonioactual.com\/page\/?s=bosques\">bosques<\/a> de Europa y Norteam\u00e9rica, donde la falta de agua se suma al riesgo de <a href=\"https:\/\/patrimonioactual.com\/page\/?s=incendios\">incendios<\/a>, la propagaci\u00f3n de plagas y enfermedades y otros efectos que amenazan la capacidad de estos ecosistemas para resistir un clima cada vez m\u00e1s extremo.<\/p>\n\n\n\n<p class=\"wp-block-paragraph\">La Comisi\u00f3n Econ\u00f3mica de las Naciones Unidas para Europa (CEPE) advierte que estas presiones no afectan \u00fanicamente a los grandes espacios forestales.<\/p>\n\n\n\n<p class=\"wp-block-paragraph\">Los \u00e1rboles de las ciudades tambi\u00e9n est\u00e1n sufriendo las consecuencias de la escasez de agua y del intenso calor urbano, poniendo en riesgo una infraestructura natural que ayuda a reducir las temperaturas, mejorar la calidad del aire y proteger el bienestar de las personas.<\/p>\n\n\n\n<p class=\"wp-block-paragraph\">La situaci\u00f3n es especialmente preocupante en <a href=\"https:\/\/patrimonioactual.com\/page\/?s=Europa\">Europa<\/a>. Seg\u00fan datos citados por la CEPE del Observatorio Europeo de la Sequ\u00eda,&nbsp;el 50% del territorio de la Uni\u00f3n Europea y el Reino Unido se encuentra actualmente bajo condiciones de <a href=\"https:\/\/patrimonioactual.com\/page\/?s=sequ%C3%ADas\">sequ\u00eda<\/a>, ya sea en niveles de vigilancia, advertencia o alerta. Los graves d\u00e9ficits de precipitaciones est\u00e1n reduciendo la humedad del suelo y comprometiendo la salud de los bosques.<\/p>\n\n\n\n<p class=\"wp-block-paragraph\">En algunas zonas de Europa occidental y central, la falta prolongada de lluvias ha alcanzado niveles hist\u00f3ricos. Determinadas regiones atraviesan sus d\u00e9ficits anuales de precipitaciones m\u00e1s prolongados y persistentes en&nbsp;m\u00e1s de seis d\u00e9cadas, una situaci\u00f3n que ya est\u00e1 provocando p\u00e9rdida de hojas y da\u00f1os en las copas de los \u00e1rboles.<\/p>\n\n\n\n<p class=\"has-medium-font-size wp-block-paragraph\"><strong>Sequ\u00eda, plagas e incendios golpean al mismo tiempo<\/strong><\/p>\n\n\n\n<p class=\"wp-block-paragraph\">La falta de agua no act\u00faa de manera aislada. El estr\u00e9s provocado por el calor y la sequ\u00eda coincide con un mayor riesgo de incendios forestales y con otras amenazas, como&nbsp;brotes agresivos de escarabajos de la corteza y enfermedades que afectan a las plantas. La combinaci\u00f3n de estos factores est\u00e1 provocando una p\u00e9rdida de \u00e1rboles a una escala excepcional en distintas partes de la regi\u00f3n.<\/p>\n\n\n\n<p class=\"wp-block-paragraph\">El problema se suma a una presi\u00f3n que ya era considerable. Datos de referencia de la CEPE correspondientes a 2025 indican que&nbsp;los insectos, las enfermedades y los fen\u00f3menos meteorol\u00f3gicos han llegado a afectar hasta 73 millones de hect\u00e1reas de bosques&nbsp;en la regi\u00f3n.<\/p>\n\n\n\n<p class=\"wp-block-paragraph\">Las ciudades tampoco escapan a esta situaci\u00f3n. All\u00ed, los \u00e1rboles deben hacer frente simult\u00e1neamente a la escasez de agua y al llamado efecto de&nbsp;isla de calor urbana, por el que las zonas densamente construidas registran temperaturas m\u00e1s altas que sus alrededores. El deterioro del arbolado urbano puede reducir, a su vez, la capacidad de las ciudades para moderar el calor extremo.<\/p>\n\n\n\n<p class=\"wp-block-paragraph\">Esta p\u00e9rdida resultar\u00eda especialmente problem\u00e1tica en un contexto de temperaturas crecientes, ya que los \u00e1rboles y otras soluciones basadas en la naturaleza forman parte de las herramientas utilizadas por las ciudades para generar sombra, moderar las temperaturas y contribuir a una mejor calidad del aire.<\/p>\n\n\n\n<p class=\"has-medium-font-size wp-block-paragraph\"><strong>Preparar los bosques para un clima m\u00e1s extremo<\/strong><\/p>\n\n\n\n<p class=\"wp-block-paragraph\">Ante el aumento de estos riesgos, los pa\u00edses de la regi\u00f3n est\u00e1n tratando de pasar de&nbsp;responder a las crisis una vez que ocurren a prepararse para ellas a largo plazo. Una de las prioridades es mejorar la informaci\u00f3n disponible sobre los da\u00f1os causados tanto por fen\u00f3menos como sequ\u00edas, tormentas e incendios como por plagas y otros agentes biol\u00f3gicos.<\/p>\n\n\n\n<p class=\"wp-block-paragraph\">Los pa\u00edses trabajan en nuevas metodolog\u00edas para registrar y compartir esos da\u00f1os, con el objetivo de detectar con mayor rapidez los cambios que experimentan los bosques y facilitar respuestas de pol\u00edtica p\u00fablica. Estas iniciativas ser\u00e1n abordadas en noviembre durante una reuni\u00f3n del Comit\u00e9 de Bosques y de la Industria Forestal de la CEPE.<\/p>\n\n\n\n<p class=\"wp-block-paragraph\">En las ciudades, algunas de las medidas apuntan a&nbsp;ampliar y hacer m\u00e1s resistente la cobertura arb\u00f3rea&nbsp;e integrar la infraestructura verde en la planificaci\u00f3n urbana.<\/p>\n\n\n\n<p class=\"wp-block-paragraph\">La CEPE tambi\u00e9n promueve cambios en el sector forestal, entre ellos un mayor aprovechamiento circular de la madera y un uso m\u00e1s eficiente de los productos forestales, ante la posibilidad de que las alteraciones de los bosques afecten la disponibilidad de materias primas.<\/p>\n\n\n\n<p class=\"wp-block-paragraph\">La cooperaci\u00f3n entre pa\u00edses y una gesti\u00f3n de los bosques que tenga en cuenta el conjunto del paisaje ser\u00e1n igualmente importantes para afrontar amenazas que no se detienen en las fronteras.<\/p>\n\n\n\n<p class=\"wp-block-paragraph\">El objetivo, seg\u00fan la CEPE, es preservar tanto&nbsp;la integridad ecol\u00f3gica de los bosques como su viabilidad econ\u00f3mica&nbsp;frente a unas condiciones clim\u00e1ticas cada vez m\u00e1s exigentes.<\/p>\n\n\n\n<p class=\"wp-block-paragraph\"><strong>S\u00edguenos en&nbsp;<\/strong><a href=\"https:\/\/www.facebook.com\/P.actual\"><strong>Facebook<\/strong><\/a><strong>&nbsp;y&nbsp;<\/strong><a href=\"https:\/\/twitter.com\/p_actual\"><strong>Twitter<\/strong><\/a><\/p>\n\n\n\n<p class=\"wp-block-paragraph\"><\/p>\n","protected":false},"excerpt":{"rendered":"<p>Los \u00e1rboles urbanos tambi\u00e9n est\u00e1n bajo presi\u00f3n. La escasez de agua y las altas temperaturas amenazan una de las principales defensas naturales de las ciudades frente al calor, adem\u00e1s de sus beneficios para la calidad del aire y el bienestar de la poblaci\u00f3n La combinaci\u00f3n de&nbsp;sequ\u00edas persistentes y temperaturas estivales r\u00e9cord est\u00e1 acelerando el deterioro [&hellip;]<\/p>\n","protected":false},"author":1,"featured_media":26818,"comment_status":"open","ping_status":"open","sticky":false,"template":"","format":"standard","meta":{"footnotes":""},"categories":[22,5,39],"tags":[6950,3673,3175],"class_list":["post-26817","post","type-post","status-publish","format-standard","has-post-thumbnail","category-parajes-naturales","category-patrimonio-natural-e-inmaterial","category-ultimas-noticias","tag-arboles","tag-bosques","tag-incendios"],"yoast_head":"<!-- This site is optimized with the Yoast SEO plugin v27.4 - https:\/\/yoast.com\/product\/yoast-seo-wordpress\/ -->\n<title>Sequ\u00edas, incendios y plagas: los bosques Europa y Norteam\u00e9rica afrontan la presi\u00f3n del cambio clim\u00e1tico - Patrimonio Actual, ciudades, sitios y espacios naturales declarados Patrimonio de la Humanidad por la UNESCO<\/title>\n<meta name=\"description\" content=\"Los \u00e1rboles urbanos tambi\u00e9n est\u00e1n bajo presi\u00f3n. La escasez de agua y las altas temperaturas amenazan una de las principales defensas\" \/>\n<meta name=\"robots\" content=\"index, follow, max-snippet:-1, max-image-preview:large, max-video-preview:-1\" \/>\n<link rel=\"canonical\" href=\"https:\/\/patrimonioactual.com\/page\/sequias-incendios-y-plagas\/\" \/>\n<meta property=\"og:locale\" content=\"es_ES\" \/>\n<meta property=\"og:type\" content=\"article\" \/>\n<meta property=\"og:title\" content=\"Sequ\u00edas, incendios y plagas: los bosques Europa y Norteam\u00e9rica afrontan la presi\u00f3n del cambio clim\u00e1tico - Patrimonio Actual, ciudades, sitios y espacios naturales declarados Patrimonio de la Humanidad por la UNESCO\" \/>\n<meta property=\"og:description\" content=\"Los \u00e1rboles urbanos tambi\u00e9n est\u00e1n bajo presi\u00f3n. La escasez de agua y las altas temperaturas amenazan una de las principales defensas\" \/>\n<meta property=\"og:url\" content=\"https:\/\/patrimonioactual.com\/page\/sequias-incendios-y-plagas\/\" \/>\n<meta property=\"og:site_name\" content=\"Patrimonio Actual, ciudades, sitios y espacios naturales declarados Patrimonio de la Humanidad por la UNESCO\" \/>\n<meta property=\"article:publisher\" content=\"https:\/\/www.facebook.com\/P.actual\" \/>\n<meta property=\"article:author\" content=\"http:\/\/facebook.com\/patrimonio.actual\" \/>\n<meta property=\"article:published_time\" content=\"2026-08-31T07:51:59+00:00\" \/>\n<meta property=\"article:modified_time\" content=\"2026-08-31T07:52:04+00:00\" \/>\n<meta property=\"og:image\" content=\"https:\/\/patrimonioactual.com\/page\/wp-content\/uploads\/2026\/08\/ARBOLES-IMG-20200614-WA00161100.gif\" \/>\n\t<meta property=\"og:image:width\" content=\"615\" \/>\n\t<meta property=\"og:image:height\" content=\"461\" \/>\n\t<meta property=\"og:image:type\" content=\"image\/gif\" \/>\n<meta name=\"author\" content=\"admin\" \/>\n<meta name=\"twitter:card\" content=\"summary_large_image\" \/>\n<meta name=\"twitter:creator\" content=\"@P_actual\" \/>\n<meta name=\"twitter:site\" content=\"@P_actual\" \/>\n<meta name=\"twitter:label1\" content=\"Escrito por\" \/>\n\t<meta name=\"twitter:data1\" content=\"admin\" \/>\n\t<meta name=\"twitter:label2\" content=\"Tiempo de lectura\" \/>\n\t<meta name=\"twitter:data2\" content=\"4 minutos\" \/>\n<script type=\"application\/ld+json\" class=\"yoast-schema-graph\">{\"@context\":\"https:\\\/\\\/schema.org\",\"@graph\":[{\"@type\":\"Article\",\"@id\":\"https:\\\/\\\/patrimonioactual.com\\\/page\\\/sequias-incendios-y-plagas\\\/#article\",\"isPartOf\":{\"@id\":\"https:\\\/\\\/patrimonioactual.com\\\/page\\\/sequias-incendios-y-plagas\\\/\"},\"author\":{\"name\":\"admin\",\"@id\":\"https:\\\/\\\/patrimonioactual.com\\\/page\\\/#\\\/schema\\\/person\\\/76850d24a9bd508e8e44db1faeab630e\"},\"headline\":\"Sequ\u00edas, incendios y plagas: los bosques Europa y Norteam\u00e9rica afrontan la presi\u00f3n del cambio clim\u00e1tico\",\"datePublished\":\"2026-08-31T07:51:59+00:00\",\"dateModified\":\"2026-08-31T07:52:04+00:00\",\"mainEntityOfPage\":{\"@id\":\"https:\\\/\\\/patrimonioactual.com\\\/page\\\/sequias-incendios-y-plagas\\\/\"},\"wordCount\":894,\"commentCount\":0,\"image\":{\"@id\":\"https:\\\/\\\/patrimonioactual.com\\\/page\\\/sequias-incendios-y-plagas\\\/#primaryimage\"},\"thumbnailUrl\":\"https:\\\/\\\/patrimonioactual.com\\\/page\\\/wp-content\\\/uploads\\\/2026\\\/08\\\/ARBOLES-IMG-20200614-WA00161100.gif\",\"keywords\":[\"\u00e1rboles\",\"Bosques\",\"incendios\"],\"articleSection\":[\"Parajes Naturales\",\"Patrimonio Natural\",\"\u00daltimas Noticias\"],\"inLanguage\":\"es\",\"potentialAction\":[{\"@type\":\"CommentAction\",\"name\":\"Comment\",\"target\":[\"https:\\\/\\\/patrimonioactual.com\\\/page\\\/sequias-incendios-y-plagas\\\/#respond\"]}]},{\"@type\":\"WebPage\",\"@id\":\"https:\\\/\\\/patrimonioactual.com\\\/page\\\/sequias-incendios-y-plagas\\\/\",\"url\":\"https:\\\/\\\/patrimonioactual.com\\\/page\\\/sequias-incendios-y-plagas\\\/\",\"name\":\"Sequ\u00edas, incendios y plagas: los bosques Europa y Norteam\u00e9rica afrontan la presi\u00f3n del cambio clim\u00e1tico - Patrimonio Actual, ciudades, sitios y espacios naturales declarados Patrimonio de la Humanidad por la UNESCO\",\"isPartOf\":{\"@id\":\"https:\\\/\\\/patrimonioactual.com\\\/page\\\/#website\"},\"primaryImageOfPage\":{\"@id\":\"https:\\\/\\\/patrimonioactual.com\\\/page\\\/sequias-incendios-y-plagas\\\/#primaryimage\"},\"image\":{\"@id\":\"https:\\\/\\\/patrimonioactual.com\\\/page\\\/sequias-incendios-y-plagas\\\/#primaryimage\"},\"thumbnailUrl\":\"https:\\\/\\\/patrimonioactual.com\\\/page\\\/wp-content\\\/uploads\\\/2026\\\/08\\\/ARBOLES-IMG-20200614-WA00161100.gif\",\"datePublished\":\"2026-08-31T07:51:59+00:00\",\"dateModified\":\"2026-08-31T07:52:04+00:00\",\"author\":{\"@id\":\"https:\\\/\\\/patrimonioactual.com\\\/page\\\/#\\\/schema\\\/person\\\/76850d24a9bd508e8e44db1faeab630e\"},\"description\":\"Los \u00e1rboles urbanos tambi\u00e9n est\u00e1n bajo presi\u00f3n. La escasez de agua y las altas temperaturas amenazan una de las principales defensas\",\"breadcrumb\":{\"@id\":\"https:\\\/\\\/patrimonioactual.com\\\/page\\\/sequias-incendios-y-plagas\\\/#breadcrumb\"},\"inLanguage\":\"es\",\"potentialAction\":[{\"@type\":\"ReadAction\",\"target\":[\"https:\\\/\\\/patrimonioactual.com\\\/page\\\/sequias-incendios-y-plagas\\\/\"]}]},{\"@type\":\"ImageObject\",\"inLanguage\":\"es\",\"@id\":\"https:\\\/\\\/patrimonioactual.com\\\/page\\\/sequias-incendios-y-plagas\\\/#primaryimage\",\"url\":\"https:\\\/\\\/patrimonioactual.com\\\/page\\\/wp-content\\\/uploads\\\/2026\\\/08\\\/ARBOLES-IMG-20200614-WA00161100.gif\",\"contentUrl\":\"https:\\\/\\\/patrimonioactual.com\\\/page\\\/wp-content\\\/uploads\\\/2026\\\/08\\\/ARBOLES-IMG-20200614-WA00161100.gif\",\"width\":615,\"height\":461,\"caption\":\"La combinaci\u00f3n de sequ\u00edas persistentes y temperaturas estivales r\u00e9cord est\u00e1 acelerando el deterioro de los bosques de Europa y Norteam\u00e9rica. Foto: \u00a9 patrimonioactual.com\"},{\"@type\":\"BreadcrumbList\",\"@id\":\"https:\\\/\\\/patrimonioactual.com\\\/page\\\/sequias-incendios-y-plagas\\\/#breadcrumb\",\"itemListElement\":[{\"@type\":\"ListItem\",\"position\":1,\"name\":\"Portada\",\"item\":\"https:\\\/\\\/patrimonioactual.com\\\/page\\\/\"},{\"@type\":\"ListItem\",\"position\":2,\"name\":\"Sequ\u00edas, incendios y plagas: los bosques Europa y Norteam\u00e9rica afrontan la presi\u00f3n del cambio clim\u00e1tico\"}]},{\"@type\":\"WebSite\",\"@id\":\"https:\\\/\\\/patrimonioactual.com\\\/page\\\/#website\",\"url\":\"https:\\\/\\\/patrimonioactual.com\\\/page\\\/\",\"name\":\"Patrimonio Actual, ciudades, sitios y espacios naturales declarados Patrimonio de la Humanidad por la UNESCO\",\"description\":\"Revista digital que busca informar a un p\u00fablico objetivo amplio, de los acontecimientos mundiales que se producen en torno a la informaci\u00f3n del patrimonio cultural, natural, inmaterial y tur\u00edstico-cultural de ciudades y espacios naturales, Patrimonio de la Humanidad declarados por la UNESCO.\",\"potentialAction\":[{\"@type\":\"SearchAction\",\"target\":{\"@type\":\"EntryPoint\",\"urlTemplate\":\"https:\\\/\\\/patrimonioactual.com\\\/page\\\/?s={search_term_string}\"},\"query-input\":{\"@type\":\"PropertyValueSpecification\",\"valueRequired\":true,\"valueName\":\"search_term_string\"}}],\"inLanguage\":\"es\"},{\"@type\":\"Person\",\"@id\":\"https:\\\/\\\/patrimonioactual.com\\\/page\\\/#\\\/schema\\\/person\\\/76850d24a9bd508e8e44db1faeab630e\",\"name\":\"admin\",\"image\":{\"@type\":\"ImageObject\",\"inLanguage\":\"es\",\"@id\":\"https:\\\/\\\/secure.gravatar.com\\\/avatar\\\/48168d7e7932867b9131639a989484f6c50ddc0e7a6d380e506072a10e5df39d?s=96&d=mm&r=g\",\"url\":\"https:\\\/\\\/secure.gravatar.com\\\/avatar\\\/48168d7e7932867b9131639a989484f6c50ddc0e7a6d380e506072a10e5df39d?s=96&d=mm&r=g\",\"contentUrl\":\"https:\\\/\\\/secure.gravatar.com\\\/avatar\\\/48168d7e7932867b9131639a989484f6c50ddc0e7a6d380e506072a10e5df39d?s=96&d=mm&r=g\",\"caption\":\"admin\"},\"sameAs\":[\"http:\\\/\\\/facebook.com\\\/patrimonio.actual\",\"https:\\\/\\\/x.com\\\/P_actual\"],\"url\":\"https:\\\/\\\/patrimonioactual.com\\\/page\\\/author\\\/juan\\\/\"}]}<\/script>\n<!-- \/ Yoast SEO plugin. -->","yoast_head_json":{"title":"Sequ\u00edas, incendios y plagas: los bosques Europa y Norteam\u00e9rica afrontan la presi\u00f3n del cambio clim\u00e1tico - Patrimonio Actual, ciudades, sitios y espacios naturales declarados Patrimonio de la Humanidad por la UNESCO","description":"Los \u00e1rboles urbanos tambi\u00e9n est\u00e1n bajo presi\u00f3n. La escasez de agua y las altas temperaturas amenazan una de las principales defensas","robots":{"index":"index","follow":"follow","max-snippet":"max-snippet:-1","max-image-preview":"max-image-preview:large","max-video-preview":"max-video-preview:-1"},"canonical":"https:\/\/patrimonioactual.com\/page\/sequias-incendios-y-plagas\/","og_locale":"es_ES","og_type":"article","og_title":"Sequ\u00edas, incendios y plagas: los bosques Europa y Norteam\u00e9rica afrontan la presi\u00f3n del cambio clim\u00e1tico - Patrimonio Actual, ciudades, sitios y espacios naturales declarados Patrimonio de la Humanidad por la UNESCO","og_description":"Los \u00e1rboles urbanos tambi\u00e9n est\u00e1n bajo presi\u00f3n. La escasez de agua y las altas temperaturas amenazan una de las principales defensas","og_url":"https:\/\/patrimonioactual.com\/page\/sequias-incendios-y-plagas\/","og_site_name":"Patrimonio Actual, ciudades, sitios y espacios naturales declarados Patrimonio de la Humanidad por la UNESCO","article_publisher":"https:\/\/www.facebook.com\/P.actual","article_author":"http:\/\/facebook.com\/patrimonio.actual","article_published_time":"2026-08-31T07:51:59+00:00","article_modified_time":"2026-08-31T07:52:04+00:00","og_image":[{"width":615,"height":461,"url":"https:\/\/patrimonioactual.com\/page\/wp-content\/uploads\/2026\/08\/ARBOLES-IMG-20200614-WA00161100.gif","type":"image\/gif"}],"author":"admin","twitter_card":"summary_large_image","twitter_creator":"@P_actual","twitter_site":"@P_actual","twitter_misc":{"Escrito por":"admin","Tiempo de lectura":"4 minutos"},"schema":{"@context":"https:\/\/schema.org","@graph":[{"@type":"Article","@id":"https:\/\/patrimonioactual.com\/page\/sequias-incendios-y-plagas\/#article","isPartOf":{"@id":"https:\/\/patrimonioactual.com\/page\/sequias-incendios-y-plagas\/"},"author":{"name":"admin","@id":"https:\/\/patrimonioactual.com\/page\/#\/schema\/person\/76850d24a9bd508e8e44db1faeab630e"},"headline":"Sequ\u00edas, incendios y plagas: los bosques Europa y Norteam\u00e9rica afrontan la presi\u00f3n del cambio clim\u00e1tico","datePublished":"2026-08-31T07:51:59+00:00","dateModified":"2026-08-31T07:52:04+00:00","mainEntityOfPage":{"@id":"https:\/\/patrimonioactual.com\/page\/sequias-incendios-y-plagas\/"},"wordCount":894,"commentCount":0,"image":{"@id":"https:\/\/patrimonioactual.com\/page\/sequias-incendios-y-plagas\/#primaryimage"},"thumbnailUrl":"https:\/\/patrimonioactual.com\/page\/wp-content\/uploads\/2026\/08\/ARBOLES-IMG-20200614-WA00161100.gif","keywords":["\u00e1rboles","Bosques","incendios"],"articleSection":["Parajes Naturales","Patrimonio Natural","\u00daltimas Noticias"],"inLanguage":"es","potentialAction":[{"@type":"CommentAction","name":"Comment","target":["https:\/\/patrimonioactual.com\/page\/sequias-incendios-y-plagas\/#respond"]}]},{"@type":"WebPage","@id":"https:\/\/patrimonioactual.com\/page\/sequias-incendios-y-plagas\/","url":"https:\/\/patrimonioactual.com\/page\/sequias-incendios-y-plagas\/","name":"Sequ\u00edas, incendios y plagas: los bosques Europa y Norteam\u00e9rica afrontan la presi\u00f3n del cambio clim\u00e1tico - Patrimonio Actual, ciudades, sitios y espacios naturales declarados Patrimonio de la Humanidad por la UNESCO","isPartOf":{"@id":"https:\/\/patrimonioactual.com\/page\/#website"},"primaryImageOfPage":{"@id":"https:\/\/patrimonioactual.com\/page\/sequias-incendios-y-plagas\/#primaryimage"},"image":{"@id":"https:\/\/patrimonioactual.com\/page\/sequias-incendios-y-plagas\/#primaryimage"},"thumbnailUrl":"https:\/\/patrimonioactual.com\/page\/wp-content\/uploads\/2026\/08\/ARBOLES-IMG-20200614-WA00161100.gif","datePublished":"2026-08-31T07:51:59+00:00","dateModified":"2026-08-31T07:52:04+00:00","author":{"@id":"https:\/\/patrimonioactual.com\/page\/#\/schema\/person\/76850d24a9bd508e8e44db1faeab630e"},"description":"Los \u00e1rboles urbanos tambi\u00e9n est\u00e1n bajo presi\u00f3n. La escasez de agua y las altas temperaturas amenazan una de las principales defensas","breadcrumb":{"@id":"https:\/\/patrimonioactual.com\/page\/sequias-incendios-y-plagas\/#breadcrumb"},"inLanguage":"es","potentialAction":[{"@type":"ReadAction","target":["https:\/\/patrimonioactual.com\/page\/sequias-incendios-y-plagas\/"]}]},{"@type":"ImageObject","inLanguage":"es","@id":"https:\/\/patrimonioactual.com\/page\/sequias-incendios-y-plagas\/#primaryimage","url":"https:\/\/patrimonioactual.com\/page\/wp-content\/uploads\/2026\/08\/ARBOLES-IMG-20200614-WA00161100.gif","contentUrl":"https:\/\/patrimonioactual.com\/page\/wp-content\/uploads\/2026\/08\/ARBOLES-IMG-20200614-WA00161100.gif","width":615,"height":461,"caption":"La combinaci\u00f3n de sequ\u00edas persistentes y temperaturas estivales r\u00e9cord est\u00e1 acelerando el deterioro de los bosques de Europa y Norteam\u00e9rica. Foto: \u00a9 patrimonioactual.com"},{"@type":"BreadcrumbList","@id":"https:\/\/patrimonioactual.com\/page\/sequias-incendios-y-plagas\/#breadcrumb","itemListElement":[{"@type":"ListItem","position":1,"name":"Portada","item":"https:\/\/patrimonioactual.com\/page\/"},{"@type":"ListItem","position":2,"name":"Sequ\u00edas, incendios y plagas: los bosques Europa y Norteam\u00e9rica afrontan la presi\u00f3n del cambio clim\u00e1tico"}]},{"@type":"WebSite","@id":"https:\/\/patrimonioactual.com\/page\/#website","url":"https:\/\/patrimonioactual.com\/page\/","name":"Patrimonio Actual, ciudades, sitios y espacios naturales declarados Patrimonio de la Humanidad por la UNESCO","description":"Revista digital que busca informar a un p\u00fablico objetivo amplio, de los acontecimientos mundiales que se producen en torno a la informaci\u00f3n del patrimonio cultural, natural, inmaterial y tur\u00edstico-cultural de ciudades y espacios naturales, Patrimonio de la Humanidad declarados por la UNESCO.","potentialAction":[{"@type":"SearchAction","target":{"@type":"EntryPoint","urlTemplate":"https:\/\/patrimonioactual.com\/page\/?s={search_term_string}"},"query-input":{"@type":"PropertyValueSpecification","valueRequired":true,"valueName":"search_term_string"}}],"inLanguage":"es"},{"@type":"Person","@id":"https:\/\/patrimonioactual.com\/page\/#\/schema\/person\/76850d24a9bd508e8e44db1faeab630e","name":"admin","image":{"@type":"ImageObject","inLanguage":"es","@id":"https:\/\/secure.gravatar.com\/avatar\/48168d7e7932867b9131639a989484f6c50ddc0e7a6d380e506072a10e5df39d?s=96&d=mm&r=g","url":"https:\/\/secure.gravatar.com\/avatar\/48168d7e7932867b9131639a989484f6c50ddc0e7a6d380e506072a10e5df39d?s=96&d=mm&r=g","contentUrl":"https:\/\/secure.gravatar.com\/avatar\/48168d7e7932867b9131639a989484f6c50ddc0e7a6d380e506072a10e5df39d?s=96&d=mm&r=g","caption":"admin"},"sameAs":["http:\/\/facebook.com\/patrimonio.actual","https:\/\/x.com\/P_actual"],"url":"https:\/\/patrimonioactual.com\/page\/author\/juan\/"}]}},"_links":{"self":[{"href":"https:\/\/patrimonioactual.com\/page\/wp-json\/wp\/v2\/posts\/26817","targetHints":{"allow":["GET"]}}],"collection":[{"href":"https:\/\/patrimonioactual.com\/page\/wp-json\/wp\/v2\/posts"}],"about":[{"href":"https:\/\/patrimonioactual.com\/page\/wp-json\/wp\/v2\/types\/post"}],"author":[{"embeddable":true,"href":"https:\/\/patrimonioactual.com\/page\/wp-json\/wp\/v2\/users\/1"}],"replies":[{"embeddable":true,"href":"https:\/\/patrimonioactual.com\/page\/wp-json\/wp\/v2\/comments?post=26817"}],"version-history":[{"count":1,"href":"https:\/\/patrimonioactual.com\/page\/wp-json\/wp\/v2\/posts\/26817\/revisions"}],"predecessor-version":[{"id":26819,"href":"https:\/\/patrimonioactual.com\/page\/wp-json\/wp\/v2\/posts\/26817\/revisions\/26819"}],"wp:featuredmedia":[{"embeddable":true,"href":"https:\/\/patrimonioactual.com\/page\/wp-json\/wp\/v2\/media\/26818"}],"wp:attachment":[{"href":"https:\/\/patrimonioactual.com\/page\/wp-json\/wp\/v2\/media?parent=26817"}],"wp:term":[{"taxonomy":"category","embeddable":true,"href":"https:\/\/patrimonioactual.com\/page\/wp-json\/wp\/v2\/categories?post=26817"},{"taxonomy":"post_tag","embeddable":true,"href":"https:\/\/patrimonioactual.com\/page\/wp-json\/wp\/v2\/tags?post=26817"}],"curies":[{"name":"wp","href":"https:\/\/api.w.org\/{rel}","templated":true}]}}