{"id":26821,"date":"2026-09-01T09:16:55","date_gmt":"2026-09-01T07:16:55","guid":{"rendered":"https:\/\/patrimonioactual.com\/page\/?p=26821"},"modified":"2026-09-01T09:17:01","modified_gmt":"2026-09-01T07:17:01","slug":"dia-internacional-de-la-alfabetizacion-2","status":"publish","type":"post","link":"https:\/\/patrimonioactual.com\/page\/dia-internacional-de-la-alfabetizacion-2\/","title":{"rendered":"D\u00eda Internacional de la Alfabetizaci\u00f3n 8 de septiembre"},"content":{"rendered":"<div class=\"wp-block-image\">\n<figure class=\"aligncenter size-full\"><a href=\"https:\/\/patrimonioactual.com\/page\/wp-content\/uploads\/2026\/09\/UNESCO-ALFABETIZACION-literacy-day1100.gif\"><img loading=\"lazy\" decoding=\"async\" width=\"615\" height=\"461\" src=\"https:\/\/patrimonioactual.com\/page\/wp-content\/uploads\/2026\/09\/UNESCO-ALFABETIZACION-literacy-day1100.gif\" alt=\"D\u00eda Internacional de la Alfabetizaci\u00f3n 8 de septiembre Foto: \u00a9 Limitless Horizons Ixil\" class=\"wp-image-26822\"\/><\/a><figcaption class=\"wp-element-caption\">D\u00eda Internacional de la Alfabetizaci\u00f3n 8 de septiembre<br \/>Foto: \u00a9 Limitless Horizons Ixil<\/figcaption><\/figure>\n<\/div>\n\n\n<p class=\"has-medium-font-size wp-block-paragraph\"><strong>Desde 1967, las celebraciones anuales del D\u00eda Internacional de la Alfabetizaci\u00f3n (DIA) se han llevado a cabo el 8 de septiembre en todo el mundo para recordar a&nbsp;los responsables&nbsp;de formular pol\u00edticas, profesionales y al p\u00fablico en general la importancia cr\u00edtica de la alfabetizaci\u00f3n para crear una sociedad m\u00e1s alfabetizada, justa, pac\u00edfica y sostenible<\/strong><\/p>\n\n\n\n<p class=\"wp-block-paragraph\">La alfabetizaci\u00f3n es un derecho humano fundamental para todos. La misma abre la puerta al disfrute de otros <a href=\"https:\/\/patrimonioactual.com\/page\/?s=derechos+humanos\">derechos humanos<\/a>, mayores libertades y una ciudadan\u00eda global. &nbsp;<\/p>\n\n\n\n<p class=\"wp-block-paragraph\">La alfabetizaci\u00f3n es la base para adquirir conocimientos, habilidades, valores, actitudes y comportamientos m\u00e1s amplios que fomenten una cultura de paz duradera basada en el respeto a la igualdad y la no discriminaci\u00f3n, el estado de derecho, la solidaridad, la justicia, la diversidad y la tolerancia, y que construyan relaciones armoniosas con uno mismo, con otras personas y con el planeta.&nbsp;<\/p>\n\n\n\n<p class=\"wp-block-paragraph\">A pesar de los avances, al menos 739 millones de j\u00f3venes y adultos en todo el mundo siguen careciendo de competencias b\u00e1sicas de alfabetizaci\u00f3n en 2024.<\/p>\n\n\n\n<p class=\"wp-block-paragraph\">Al mismo tiempo, 4 de cada 10 ni\u00f1os no alcanzan el nivel m\u00ednimo de competencia lectora, y 272 millones de ni\u00f1os y adolescentes estaban fuera de la escuela en 2023.<\/p>\n\n\n\n<ul class=\"wp-block-list\">\n<li><strong>#D\u00edaDeLaAlfabetizaci\u00f3n<\/strong><\/li>\n<\/ul>\n\n\n\n<p class=\"has-medium-font-size wp-block-paragraph\"><strong>Celebraciones en 2026<\/strong><\/p>\n\n\n\n<p class=\"wp-block-paragraph\">Este a\u00f1o, el <a href=\"https:\/\/patrimonioactual.com\/page\/?s=D%C3%ADa+Internacional+de+la+Alfabetizaci%C3%B3n+\">D\u00eda Internacional de la Alfabetizaci\u00f3n<\/a> (DIA)&nbsp;celebra su 60\u00ba aniversario.<\/p>\n\n\n\n<p class=\"wp-block-paragraph\">Fue proclamado por la <a href=\"https:\/\/patrimonioactual.com\/page\/?s=UNESCO\">UNESCO<\/a> en 1966 durante la 14.\u00aa reuni\u00f3n de la Conferencia General. Bajo el lema \u201cAlfabetizaci\u00f3n para las personas, el planeta y la prosperidad\u201d, el DIA 2026 ofrece la&nbsp;de evaluar los avances, comprender mejor los desaf\u00edos persistentes y emergentes, e influenciar las futuras agendas de alfabetizaci\u00f3n en un mundo en r\u00e1pida transformaci\u00f3n.<\/p>\n\n\n\n<p class=\"wp-block-paragraph\">La&nbsp;<a href=\"https:\/\/www.unesco.org\/es\/articles\/celebracion-mundial-del-dia-internacional-de-la-alfabetizacion-y-ceremonia-de-entrega-de-los-premios?hub=66710\">celebraci\u00f3n mundial, convocada por la UNESCO, se realizar\u00e1 los d\u00edas&nbsp;8 y 9 de septiembre de 2026 en M\u00e9xico<\/a>, en colaboraci\u00f3n con el Gobierno de M\u00e9xico.&nbsp;<\/p>\n\n\n\n<p class=\"wp-block-paragraph\">El evento incluir\u00e1 la ceremonia de entrega de los Premios Internacionales de Alfabetizaci\u00f3n de la&nbsp;UNESCO, que reconocen programas de alfabetizaci\u00f3n destacados de todo el mundo.&nbsp;<\/p>\n\n\n\n<p class=\"wp-block-paragraph\">El DIA 2026 tambi\u00e9n se celebrar\u00e1 a nivel local, nacional y regional en todo el mundo. El evento mundial en M\u00e9xico ser\u00e1 accesible en l\u00ednea en ingl\u00e9s, franc\u00e9s y espa\u00f1ol.<\/p>\n\n\n\n<p class=\"wp-block-paragraph\">En las \u00faltimas seis d\u00e9cadas, los pa\u00edses y socios de todo el mundo han impulsado la alfabetizaci\u00f3n como un derecho humano fundamental y un poderoso motor de paz y desarrollo sostenible. Sobre la base de estos avances, el DIA 2026 celebrar\u00e1 los logros, especialmente desde 2015, al tiempo que identificar\u00e1 los desaf\u00edos persistentes y emergentes.<\/p>\n\n\n\n<p class=\"wp-block-paragraph\">Asimismo, ofrecer\u00e1 una plataforma para destacar pol\u00edticas, pr\u00e1cticas y alianzas eficaces que promuevan la <a href=\"https:\/\/patrimonioactual.com\/page\/?s=alfabetizaci%C3%B3n\">alfabetizaci\u00f3n<\/a> para todos como mecanismo de apoyo para el desarrollo de sociedades pac\u00edficas y sostenibles.<\/p>\n\n\n\n<p class=\"has-medium-font-size wp-block-paragraph\"><strong><em>Acerca de la UNESCO<\/em><\/strong><\/p>\n\n\n\n<p class=\"wp-block-paragraph\"><em>Con 194 Estados Miembros, la Organizaci\u00f3n de las Naciones Unidas para la Educaci\u00f3n, la Ciencia y la Cultura contribuye a la paz y la seguridad liderando la cooperaci\u00f3n multilateral en materia de educaci\u00f3n, ciencia, cultura, comunicaci\u00f3n e informaci\u00f3n. Con sede en Par\u00eds, la UNESCO tiene oficinas en 54 pa\u00edses y emplea a m\u00e1s de 2300 personas. La UNESCO supervisa m\u00e1s de 2000 sitios del Patrimonio Mundial, Reservas de Biosfera y Geoparques Mundiales, redes de Ciudades Creativas, Educativas, Inclusivas y Sostenibles y m\u00e1s de 13 000 escuelas asociadas, c\u00e1tedras universitarias e instituciones de formaci\u00f3n e investigaci\u00f3n con una red mundial de 200 Comisiones Nacionales. Su Director General es<\/em> <a href=\"https:\/\/patrimonioactual.com\/page\/?s=Khaled+El-Enany\"><em>Khaled El-Enany<\/em><\/a><em>.<\/em><\/p>\n\n\n\n<p class=\"wp-block-paragraph\"><em>\u00abPuesto que las guerras nacen en la mente de los hombres, es en la mente de los hombres donde deben erigirse los baluartes de la paz\u00bb \u2013 Constituci\u00f3n de la UNESCO, 1945.<\/em><\/p>\n\n\n\n<p class=\"wp-block-paragraph\"><strong>S\u00edguenos en&nbsp;<\/strong><a href=\"https:\/\/www.facebook.com\/P.actual\"><strong>Facebook<\/strong><\/a><strong>&nbsp;y&nbsp;<\/strong><a href=\"https:\/\/twitter.com\/p_actual\"><strong>Twitter<\/strong><\/a><\/p>\n\n\n\n<p class=\"wp-block-paragraph\"><\/p>\n","protected":false},"excerpt":{"rendered":"<p>Desde 1967, las celebraciones anuales del D\u00eda Internacional de la Alfabetizaci\u00f3n (DIA) se han llevado a cabo el 8 de septiembre en todo el mundo para recordar a&nbsp;los responsables&nbsp;de formular pol\u00edticas, profesionales y al p\u00fablico en general la importancia cr\u00edtica de la alfabetizaci\u00f3n para crear una sociedad m\u00e1s alfabetizada, justa, pac\u00edfica y sostenible La alfabetizaci\u00f3n [&hellip;]<\/p>\n","protected":false},"author":1,"featured_media":26822,"comment_status":"open","ping_status":"open","sticky":false,"template":"","format":"standard","meta":{"footnotes":""},"categories":[6,39,28],"tags":[182,4534],"class_list":["post-26821","post","type-post","status-publish","format-standard","has-post-thumbnail","category-patrimonio-actual","category-ultimas-noticias","category-unesco","tag-educacion","tag-unesco"],"yoast_head":"<!-- This site is optimized with the Yoast SEO plugin v27.4 - https:\/\/yoast.com\/product\/yoast-seo-wordpress\/ -->\n<title>D\u00eda Internacional de la Alfabetizaci\u00f3n 8 de septiembre - Patrimonio Actual, ciudades, sitios y espacios naturales declarados Patrimonio de la Humanidad por la UNESCO<\/title>\n<meta name=\"description\" content=\"Desde 1967, las celebraciones del D\u00eda Internacional de la Alfabetizaci\u00f3n (DIA) se han llevado a cabo el 8 de septiembre en todo el mundo\" \/>\n<meta name=\"robots\" content=\"index, follow, max-snippet:-1, max-image-preview:large, max-video-preview:-1\" \/>\n<link rel=\"canonical\" href=\"https:\/\/patrimonioactual.com\/page\/dia-internacional-de-la-alfabetizacion-2\/\" \/>\n<meta property=\"og:locale\" content=\"es_ES\" \/>\n<meta property=\"og:type\" content=\"article\" \/>\n<meta property=\"og:title\" content=\"D\u00eda Internacional de la Alfabetizaci\u00f3n 8 de septiembre - Patrimonio Actual, ciudades, sitios y espacios naturales declarados Patrimonio de la Humanidad por la UNESCO\" \/>\n<meta property=\"og:description\" content=\"Desde 1967, las celebraciones del D\u00eda Internacional de la Alfabetizaci\u00f3n (DIA) se han llevado a cabo el 8 de septiembre en todo el mundo\" \/>\n<meta property=\"og:url\" content=\"https:\/\/patrimonioactual.com\/page\/dia-internacional-de-la-alfabetizacion-2\/\" \/>\n<meta property=\"og:site_name\" content=\"Patrimonio Actual, ciudades, sitios y espacios naturales declarados Patrimonio de la Humanidad por la UNESCO\" \/>\n<meta property=\"article:publisher\" content=\"https:\/\/www.facebook.com\/P.actual\" \/>\n<meta property=\"article:author\" content=\"http:\/\/facebook.com\/patrimonio.actual\" \/>\n<meta property=\"article:published_time\" content=\"2026-09-01T07:16:55+00:00\" \/>\n<meta property=\"article:modified_time\" content=\"2026-09-01T07:17:01+00:00\" \/>\n<meta property=\"og:image\" content=\"https:\/\/patrimonioactual.com\/page\/wp-content\/uploads\/2026\/09\/UNESCO-ALFABETIZACION-literacy-day1100.gif\" \/>\n\t<meta property=\"og:image:width\" content=\"615\" \/>\n\t<meta property=\"og:image:height\" content=\"461\" \/>\n\t<meta property=\"og:image:type\" content=\"image\/gif\" \/>\n<meta name=\"author\" content=\"admin\" \/>\n<meta name=\"twitter:card\" content=\"summary_large_image\" \/>\n<meta name=\"twitter:creator\" content=\"@P_actual\" \/>\n<meta name=\"twitter:site\" content=\"@P_actual\" \/>\n<meta name=\"twitter:label1\" content=\"Escrito por\" \/>\n\t<meta name=\"twitter:data1\" content=\"admin\" \/>\n\t<meta name=\"twitter:label2\" content=\"Tiempo de lectura\" \/>\n\t<meta name=\"twitter:data2\" content=\"4 minutos\" \/>\n<script type=\"application\/ld+json\" class=\"yoast-schema-graph\">{\"@context\":\"https:\\\/\\\/schema.org\",\"@graph\":[{\"@type\":\"Article\",\"@id\":\"https:\\\/\\\/patrimonioactual.com\\\/page\\\/dia-internacional-de-la-alfabetizacion-2\\\/#article\",\"isPartOf\":{\"@id\":\"https:\\\/\\\/patrimonioactual.com\\\/page\\\/dia-internacional-de-la-alfabetizacion-2\\\/\"},\"author\":{\"name\":\"admin\",\"@id\":\"https:\\\/\\\/patrimonioactual.com\\\/page\\\/#\\\/schema\\\/person\\\/76850d24a9bd508e8e44db1faeab630e\"},\"headline\":\"D\u00eda Internacional de la Alfabetizaci\u00f3n 8 de septiembre\",\"datePublished\":\"2026-09-01T07:16:55+00:00\",\"dateModified\":\"2026-09-01T07:17:01+00:00\",\"mainEntityOfPage\":{\"@id\":\"https:\\\/\\\/patrimonioactual.com\\\/page\\\/dia-internacional-de-la-alfabetizacion-2\\\/\"},\"wordCount\":662,\"commentCount\":0,\"image\":{\"@id\":\"https:\\\/\\\/patrimonioactual.com\\\/page\\\/dia-internacional-de-la-alfabetizacion-2\\\/#primaryimage\"},\"thumbnailUrl\":\"https:\\\/\\\/patrimonioactual.com\\\/page\\\/wp-content\\\/uploads\\\/2026\\\/09\\\/UNESCO-ALFABETIZACION-literacy-day1100.gif\",\"keywords\":[\"educaci\u00f3n\",\"UNESCO\"],\"articleSection\":[\"Patrimonio Actual\",\"\u00daltimas Noticias\",\"UNESCO\"],\"inLanguage\":\"es\",\"potentialAction\":[{\"@type\":\"CommentAction\",\"name\":\"Comment\",\"target\":[\"https:\\\/\\\/patrimonioactual.com\\\/page\\\/dia-internacional-de-la-alfabetizacion-2\\\/#respond\"]}]},{\"@type\":\"WebPage\",\"@id\":\"https:\\\/\\\/patrimonioactual.com\\\/page\\\/dia-internacional-de-la-alfabetizacion-2\\\/\",\"url\":\"https:\\\/\\\/patrimonioactual.com\\\/page\\\/dia-internacional-de-la-alfabetizacion-2\\\/\",\"name\":\"D\u00eda Internacional de la Alfabetizaci\u00f3n 8 de septiembre - Patrimonio Actual, ciudades, sitios y espacios naturales declarados Patrimonio de la Humanidad por la UNESCO\",\"isPartOf\":{\"@id\":\"https:\\\/\\\/patrimonioactual.com\\\/page\\\/#website\"},\"primaryImageOfPage\":{\"@id\":\"https:\\\/\\\/patrimonioactual.com\\\/page\\\/dia-internacional-de-la-alfabetizacion-2\\\/#primaryimage\"},\"image\":{\"@id\":\"https:\\\/\\\/patrimonioactual.com\\\/page\\\/dia-internacional-de-la-alfabetizacion-2\\\/#primaryimage\"},\"thumbnailUrl\":\"https:\\\/\\\/patrimonioactual.com\\\/page\\\/wp-content\\\/uploads\\\/2026\\\/09\\\/UNESCO-ALFABETIZACION-literacy-day1100.gif\",\"datePublished\":\"2026-09-01T07:16:55+00:00\",\"dateModified\":\"2026-09-01T07:17:01+00:00\",\"author\":{\"@id\":\"https:\\\/\\\/patrimonioactual.com\\\/page\\\/#\\\/schema\\\/person\\\/76850d24a9bd508e8e44db1faeab630e\"},\"description\":\"Desde 1967, las celebraciones del D\u00eda Internacional de la Alfabetizaci\u00f3n (DIA) se han llevado a cabo el 8 de septiembre en todo el mundo\",\"breadcrumb\":{\"@id\":\"https:\\\/\\\/patrimonioactual.com\\\/page\\\/dia-internacional-de-la-alfabetizacion-2\\\/#breadcrumb\"},\"inLanguage\":\"es\",\"potentialAction\":[{\"@type\":\"ReadAction\",\"target\":[\"https:\\\/\\\/patrimonioactual.com\\\/page\\\/dia-internacional-de-la-alfabetizacion-2\\\/\"]}]},{\"@type\":\"ImageObject\",\"inLanguage\":\"es\",\"@id\":\"https:\\\/\\\/patrimonioactual.com\\\/page\\\/dia-internacional-de-la-alfabetizacion-2\\\/#primaryimage\",\"url\":\"https:\\\/\\\/patrimonioactual.com\\\/page\\\/wp-content\\\/uploads\\\/2026\\\/09\\\/UNESCO-ALFABETIZACION-literacy-day1100.gif\",\"contentUrl\":\"https:\\\/\\\/patrimonioactual.com\\\/page\\\/wp-content\\\/uploads\\\/2026\\\/09\\\/UNESCO-ALFABETIZACION-literacy-day1100.gif\",\"width\":615,\"height\":461,\"caption\":\"D\u00eda Internacional de la Alfabetizaci\u00f3n 8 de septiembre Foto: \u00a9 Limitless Horizons Ixil\"},{\"@type\":\"BreadcrumbList\",\"@id\":\"https:\\\/\\\/patrimonioactual.com\\\/page\\\/dia-internacional-de-la-alfabetizacion-2\\\/#breadcrumb\",\"itemListElement\":[{\"@type\":\"ListItem\",\"position\":1,\"name\":\"Portada\",\"item\":\"https:\\\/\\\/patrimonioactual.com\\\/page\\\/\"},{\"@type\":\"ListItem\",\"position\":2,\"name\":\"D\u00eda Internacional de la Alfabetizaci\u00f3n 8 de septiembre\"}]},{\"@type\":\"WebSite\",\"@id\":\"https:\\\/\\\/patrimonioactual.com\\\/page\\\/#website\",\"url\":\"https:\\\/\\\/patrimonioactual.com\\\/page\\\/\",\"name\":\"Patrimonio Actual, ciudades, sitios y espacios naturales declarados Patrimonio de la Humanidad por la UNESCO\",\"description\":\"Revista digital que busca informar a un p\u00fablico objetivo amplio, de los acontecimientos mundiales que se producen en torno a la informaci\u00f3n del patrimonio cultural, natural, inmaterial y tur\u00edstico-cultural de ciudades y espacios naturales, Patrimonio de la Humanidad declarados por la UNESCO.\",\"potentialAction\":[{\"@type\":\"SearchAction\",\"target\":{\"@type\":\"EntryPoint\",\"urlTemplate\":\"https:\\\/\\\/patrimonioactual.com\\\/page\\\/?s={search_term_string}\"},\"query-input\":{\"@type\":\"PropertyValueSpecification\",\"valueRequired\":true,\"valueName\":\"search_term_string\"}}],\"inLanguage\":\"es\"},{\"@type\":\"Person\",\"@id\":\"https:\\\/\\\/patrimonioactual.com\\\/page\\\/#\\\/schema\\\/person\\\/76850d24a9bd508e8e44db1faeab630e\",\"name\":\"admin\",\"image\":{\"@type\":\"ImageObject\",\"inLanguage\":\"es\",\"@id\":\"https:\\\/\\\/secure.gravatar.com\\\/avatar\\\/48168d7e7932867b9131639a989484f6c50ddc0e7a6d380e506072a10e5df39d?s=96&d=mm&r=g\",\"url\":\"https:\\\/\\\/secure.gravatar.com\\\/avatar\\\/48168d7e7932867b9131639a989484f6c50ddc0e7a6d380e506072a10e5df39d?s=96&d=mm&r=g\",\"contentUrl\":\"https:\\\/\\\/secure.gravatar.com\\\/avatar\\\/48168d7e7932867b9131639a989484f6c50ddc0e7a6d380e506072a10e5df39d?s=96&d=mm&r=g\",\"caption\":\"admin\"},\"sameAs\":[\"http:\\\/\\\/facebook.com\\\/patrimonio.actual\",\"https:\\\/\\\/x.com\\\/P_actual\"],\"url\":\"https:\\\/\\\/patrimonioactual.com\\\/page\\\/author\\\/juan\\\/\"}]}<\/script>\n<!-- \/ Yoast SEO plugin. -->","yoast_head_json":{"title":"D\u00eda Internacional de la Alfabetizaci\u00f3n 8 de septiembre - Patrimonio Actual, ciudades, sitios y espacios naturales declarados Patrimonio de la Humanidad por la UNESCO","description":"Desde 1967, las celebraciones del D\u00eda Internacional de la Alfabetizaci\u00f3n (DIA) se han llevado a cabo el 8 de septiembre en todo el mundo","robots":{"index":"index","follow":"follow","max-snippet":"max-snippet:-1","max-image-preview":"max-image-preview:large","max-video-preview":"max-video-preview:-1"},"canonical":"https:\/\/patrimonioactual.com\/page\/dia-internacional-de-la-alfabetizacion-2\/","og_locale":"es_ES","og_type":"article","og_title":"D\u00eda Internacional de la Alfabetizaci\u00f3n 8 de septiembre - Patrimonio Actual, ciudades, sitios y espacios naturales declarados Patrimonio de la Humanidad por la UNESCO","og_description":"Desde 1967, las celebraciones del D\u00eda Internacional de la Alfabetizaci\u00f3n (DIA) se han llevado a cabo el 8 de septiembre en todo el mundo","og_url":"https:\/\/patrimonioactual.com\/page\/dia-internacional-de-la-alfabetizacion-2\/","og_site_name":"Patrimonio Actual, ciudades, sitios y espacios naturales declarados Patrimonio de la Humanidad por la UNESCO","article_publisher":"https:\/\/www.facebook.com\/P.actual","article_author":"http:\/\/facebook.com\/patrimonio.actual","article_published_time":"2026-09-01T07:16:55+00:00","article_modified_time":"2026-09-01T07:17:01+00:00","og_image":[{"width":615,"height":461,"url":"https:\/\/patrimonioactual.com\/page\/wp-content\/uploads\/2026\/09\/UNESCO-ALFABETIZACION-literacy-day1100.gif","type":"image\/gif"}],"author":"admin","twitter_card":"summary_large_image","twitter_creator":"@P_actual","twitter_site":"@P_actual","twitter_misc":{"Escrito por":"admin","Tiempo de lectura":"4 minutos"},"schema":{"@context":"https:\/\/schema.org","@graph":[{"@type":"Article","@id":"https:\/\/patrimonioactual.com\/page\/dia-internacional-de-la-alfabetizacion-2\/#article","isPartOf":{"@id":"https:\/\/patrimonioactual.com\/page\/dia-internacional-de-la-alfabetizacion-2\/"},"author":{"name":"admin","@id":"https:\/\/patrimonioactual.com\/page\/#\/schema\/person\/76850d24a9bd508e8e44db1faeab630e"},"headline":"D\u00eda Internacional de la Alfabetizaci\u00f3n 8 de septiembre","datePublished":"2026-09-01T07:16:55+00:00","dateModified":"2026-09-01T07:17:01+00:00","mainEntityOfPage":{"@id":"https:\/\/patrimonioactual.com\/page\/dia-internacional-de-la-alfabetizacion-2\/"},"wordCount":662,"commentCount":0,"image":{"@id":"https:\/\/patrimonioactual.com\/page\/dia-internacional-de-la-alfabetizacion-2\/#primaryimage"},"thumbnailUrl":"https:\/\/patrimonioactual.com\/page\/wp-content\/uploads\/2026\/09\/UNESCO-ALFABETIZACION-literacy-day1100.gif","keywords":["educaci\u00f3n","UNESCO"],"articleSection":["Patrimonio Actual","\u00daltimas Noticias","UNESCO"],"inLanguage":"es","potentialAction":[{"@type":"CommentAction","name":"Comment","target":["https:\/\/patrimonioactual.com\/page\/dia-internacional-de-la-alfabetizacion-2\/#respond"]}]},{"@type":"WebPage","@id":"https:\/\/patrimonioactual.com\/page\/dia-internacional-de-la-alfabetizacion-2\/","url":"https:\/\/patrimonioactual.com\/page\/dia-internacional-de-la-alfabetizacion-2\/","name":"D\u00eda Internacional de la Alfabetizaci\u00f3n 8 de septiembre - Patrimonio Actual, ciudades, sitios y espacios naturales declarados Patrimonio de la Humanidad por la UNESCO","isPartOf":{"@id":"https:\/\/patrimonioactual.com\/page\/#website"},"primaryImageOfPage":{"@id":"https:\/\/patrimonioactual.com\/page\/dia-internacional-de-la-alfabetizacion-2\/#primaryimage"},"image":{"@id":"https:\/\/patrimonioactual.com\/page\/dia-internacional-de-la-alfabetizacion-2\/#primaryimage"},"thumbnailUrl":"https:\/\/patrimonioactual.com\/page\/wp-content\/uploads\/2026\/09\/UNESCO-ALFABETIZACION-literacy-day1100.gif","datePublished":"2026-09-01T07:16:55+00:00","dateModified":"2026-09-01T07:17:01+00:00","author":{"@id":"https:\/\/patrimonioactual.com\/page\/#\/schema\/person\/76850d24a9bd508e8e44db1faeab630e"},"description":"Desde 1967, las celebraciones del D\u00eda Internacional de la Alfabetizaci\u00f3n (DIA) se han llevado a cabo el 8 de septiembre en todo el mundo","breadcrumb":{"@id":"https:\/\/patrimonioactual.com\/page\/dia-internacional-de-la-alfabetizacion-2\/#breadcrumb"},"inLanguage":"es","potentialAction":[{"@type":"ReadAction","target":["https:\/\/patrimonioactual.com\/page\/dia-internacional-de-la-alfabetizacion-2\/"]}]},{"@type":"ImageObject","inLanguage":"es","@id":"https:\/\/patrimonioactual.com\/page\/dia-internacional-de-la-alfabetizacion-2\/#primaryimage","url":"https:\/\/patrimonioactual.com\/page\/wp-content\/uploads\/2026\/09\/UNESCO-ALFABETIZACION-literacy-day1100.gif","contentUrl":"https:\/\/patrimonioactual.com\/page\/wp-content\/uploads\/2026\/09\/UNESCO-ALFABETIZACION-literacy-day1100.gif","width":615,"height":461,"caption":"D\u00eda Internacional de la Alfabetizaci\u00f3n 8 de septiembre Foto: \u00a9 Limitless Horizons Ixil"},{"@type":"BreadcrumbList","@id":"https:\/\/patrimonioactual.com\/page\/dia-internacional-de-la-alfabetizacion-2\/#breadcrumb","itemListElement":[{"@type":"ListItem","position":1,"name":"Portada","item":"https:\/\/patrimonioactual.com\/page\/"},{"@type":"ListItem","position":2,"name":"D\u00eda Internacional de la Alfabetizaci\u00f3n 8 de septiembre"}]},{"@type":"WebSite","@id":"https:\/\/patrimonioactual.com\/page\/#website","url":"https:\/\/patrimonioactual.com\/page\/","name":"Patrimonio Actual, ciudades, sitios y espacios naturales declarados Patrimonio de la Humanidad por la UNESCO","description":"Revista digital que busca informar a un p\u00fablico objetivo amplio, de los acontecimientos mundiales que se producen en torno a la informaci\u00f3n del patrimonio cultural, natural, inmaterial y tur\u00edstico-cultural de ciudades y espacios naturales, Patrimonio de la Humanidad declarados por la UNESCO.","potentialAction":[{"@type":"SearchAction","target":{"@type":"EntryPoint","urlTemplate":"https:\/\/patrimonioactual.com\/page\/?s={search_term_string}"},"query-input":{"@type":"PropertyValueSpecification","valueRequired":true,"valueName":"search_term_string"}}],"inLanguage":"es"},{"@type":"Person","@id":"https:\/\/patrimonioactual.com\/page\/#\/schema\/person\/76850d24a9bd508e8e44db1faeab630e","name":"admin","image":{"@type":"ImageObject","inLanguage":"es","@id":"https:\/\/secure.gravatar.com\/avatar\/48168d7e7932867b9131639a989484f6c50ddc0e7a6d380e506072a10e5df39d?s=96&d=mm&r=g","url":"https:\/\/secure.gravatar.com\/avatar\/48168d7e7932867b9131639a989484f6c50ddc0e7a6d380e506072a10e5df39d?s=96&d=mm&r=g","contentUrl":"https:\/\/secure.gravatar.com\/avatar\/48168d7e7932867b9131639a989484f6c50ddc0e7a6d380e506072a10e5df39d?s=96&d=mm&r=g","caption":"admin"},"sameAs":["http:\/\/facebook.com\/patrimonio.actual","https:\/\/x.com\/P_actual"],"url":"https:\/\/patrimonioactual.com\/page\/author\/juan\/"}]}},"_links":{"self":[{"href":"https:\/\/patrimonioactual.com\/page\/wp-json\/wp\/v2\/posts\/26821","targetHints":{"allow":["GET"]}}],"collection":[{"href":"https:\/\/patrimonioactual.com\/page\/wp-json\/wp\/v2\/posts"}],"about":[{"href":"https:\/\/patrimonioactual.com\/page\/wp-json\/wp\/v2\/types\/post"}],"author":[{"embeddable":true,"href":"https:\/\/patrimonioactual.com\/page\/wp-json\/wp\/v2\/users\/1"}],"replies":[{"embeddable":true,"href":"https:\/\/patrimonioactual.com\/page\/wp-json\/wp\/v2\/comments?post=26821"}],"version-history":[{"count":1,"href":"https:\/\/patrimonioactual.com\/page\/wp-json\/wp\/v2\/posts\/26821\/revisions"}],"predecessor-version":[{"id":26823,"href":"https:\/\/patrimonioactual.com\/page\/wp-json\/wp\/v2\/posts\/26821\/revisions\/26823"}],"wp:featuredmedia":[{"embeddable":true,"href":"https:\/\/patrimonioactual.com\/page\/wp-json\/wp\/v2\/media\/26822"}],"wp:attachment":[{"href":"https:\/\/patrimonioactual.com\/page\/wp-json\/wp\/v2\/media?parent=26821"}],"wp:term":[{"taxonomy":"category","embeddable":true,"href":"https:\/\/patrimonioactual.com\/page\/wp-json\/wp\/v2\/categories?post=26821"},{"taxonomy":"post_tag","embeddable":true,"href":"https:\/\/patrimonioactual.com\/page\/wp-json\/wp\/v2\/tags?post=26821"}],"curies":[{"name":"wp","href":"https:\/\/api.w.org\/{rel}","templated":true}]}}