{"id":5968,"date":"2013-11-19T00:58:04","date_gmt":"2013-11-18T22:58:04","guid":{"rendered":"http:\/\/patrimonioactual.com\/page\/?p=5968"},"modified":"2013-11-19T00:58:04","modified_gmt":"2013-11-18T22:58:04","slug":"la-comunidad-de-madrid-entrega-los-premios-de-cultura-y-la-medalla-internacional-de-las-artes","status":"publish","type":"post","link":"https:\/\/patrimonioactual.com\/page\/la-comunidad-de-madrid-entrega-los-premios-de-cultura-y-la-medalla-internacional-de-las-artes\/","title":{"rendered":"La Comunidad de Madrid entrega los Premios de Cultura y la Medalla Internacional de las Artes"},"content":{"rendered":"<h2 style=\"text-align: justify;\"><a href=\"http:\/\/patrimonioactual.com\/page\/wp-content\/uploads\/2013\/11\/Premios-de-Cultura-2012-CA.jpg\"><img loading=\"lazy\" decoding=\"async\" class=\"alignleft  wp-image-5969\" title=\"Premios de Cultura 2012 Comunidad de Madrid. Foto: \u00a9 patrimonioactual.com\" alt=\"Premios de Cultura 2012 Comunidad de Madrid. Foto: \u00a9 patrimonioactual.com\" src=\"http:\/\/patrimonioactual.com\/page\/wp-content\/uploads\/2013\/11\/Premios-de-Cultura-2012-CA.jpg\" width=\"615\" height=\"461\" srcset=\"https:\/\/patrimonioactual.com\/page\/wp-content\/uploads\/2013\/11\/Premios-de-Cultura-2012-CA.jpg 615w, https:\/\/patrimonioactual.com\/page\/wp-content\/uploads\/2013\/11\/Premios-de-Cultura-2012-CA-300x224.jpg 300w\" sizes=\"auto, (max-width: 615px) 100vw, 615px\" \/><\/a><\/h2>\n<h2 style=\"text-align: justify;\"><b>El presidente de la Comunidad de Madrid, ha entregado los\u00a0<strong>Premios<\/strong><\/b>\u00a0<b>de<\/b> <strong>Cultura<\/strong><b>\u00a0<\/b><b>2012, la ceremonia ha tenido lugar en los Teatros del Canal. Ignacio Gonz\u00e1lez entreg\u00f3 tambi\u00e9n la Medalla Internacional de las Artes<\/b><\/h2>\n<p>Los Premios de la Cultura reconocen el talento y la genialidad de los galardonados.<b> <\/b>La Medalla Internacional de las Artes es el m\u00e1ximo reconocimiento cultural que concede el Gobierno regional y rinde homenaje a los artistas que m\u00e1s han contribuido a difundir en todo el mundo el nombre de <a href=\"http:\/\/patrimonioactual.com\/page\/?s=Madrid\">Madrid<\/a> y su condici\u00f3n de espacio abierto a la cultura.<\/p>\n<p>El presidente de la <a href=\"http:\/\/patrimonioactual.com\/page\/?s=Comunidad+de+Madrid\">Comunidad de Madrid<\/a>,\u00a0<strong><a href=\"http:\/\/patrimonioactual.com\/page\/?s=Ignacio+Gonz%C3%A1lez\">Ignacio Gonz\u00e1lez<\/a><\/strong>, acompa\u00f1ado por la consejera de Empleo, Turismo y Cultura, <a href=\"http:\/\/patrimonioactual.com\/page\/?s=Ana+Isabel+Mari%C3%B1o\">Ana Isabel Mari\u00f1o<\/a>, y el portavoz y consejero de Presidencia y Justicia, Salvador Victoria, ha\u00a0entregado la Medalla Internacional de las Artes de la Comunidad a la soprano Montserrat Caball\u00e9, as\u00ed como los Premios de Cultura de la Comunidad de Madrid.<\/p>\n<p>Los galardonados con los Premios de la Cultura han sido Miguel del Arco, en la categor\u00eda de Teatro; Ruth Mir\u00f3 Salvador, en Danza; Jos\u00e9 Fern\u00e1ndez Torres, Tomatito, en M\u00fasica; Fernando Savater, en Literatura; Juan Genov\u00e9s, en Artes Pl\u00e1sticas; Chema Madoz, en Fotograf\u00eda; Jos\u00e9 Coronado, en Cine; Carmen A\u00f1\u00f3n Feli\u00fa, en la categor\u00eda de <a href=\"http:\/\/patrimonioactual.com\/page\/?s=Patrimonio+Hist%C3%B3rico\">Patrimonio Hist\u00f3rico<\/a>; y Jos\u00e9 Miguel Arroyo -Joselito-, Jos\u00e9 Pedro Prados -el Fundi- y Jos\u00e9 Luis Bote, en la categor\u00eda de Tauromaquia.<\/p>\n<p>Para Gonz\u00e1lez es necesario impulsar un sector que en Madrid es un dinamizador econ\u00f3mico, que potencia, adem\u00e1s, otros sectores como el <a href=\"http:\/\/patrimonioactual.com\/page\/?s=turismo\">turismo<\/a>, el ocio y la hosteler\u00eda, proporcionando muchos puestos de trabajo. \u201cMadrid es la \u00fanica regi\u00f3n en la que el empleo en el sector cultural creci\u00f3 el pasado a\u00f1o, en m\u00e1s de un 8%, lo que significa -a\u00f1adi\u00f3- que la Cultura en Madrid tiene muchas posibilidades si no se le ponen trabas\u201d.<\/p>\n<p>El presidente ha ensalzado, la enorme cantidad de <a href=\"http:\/\/patrimonioactual.com\/page\/?s=bienes+culturales+\">bienes culturales<\/a> y el <a href=\"http:\/\/patrimonioactual.com\/page\/?s=Patrimonio+de+la+Humanidad+\">Patrimonio de la Humanidad<\/a> declarado por la <a href=\"http:\/\/patrimonioactual.com\/page\/?s=UNESCO\">UNESCO<\/a> que posee Madrid, la regi\u00f3n con mayor n\u00famero de museos, de teatros y de galer\u00edas, donde m\u00e1s pel\u00edculas se ruedan y donde m\u00e1s libros se editan. Madrid alberga la m\u00e1s extensa oferta de actividades culturales de Espa\u00f1a, y es sede de alguno de los m\u00e1s importantes centros culturales y art\u00edsticos del mundo.<\/p>\n","protected":false},"excerpt":{"rendered":"<p>El presidente de la Comunidad de Madrid, ha entregado los\u00a0Premios\u00a0de Cultura\u00a02012, la ceremonia ha tenido lugar en los Teatros del Canal. Ignacio Gonz\u00e1lez entreg\u00f3 tambi\u00e9n la Medalla Internacional de las Artes Los Premios de la Cultura reconocen el talento y la genialidad de los galardonados. La Medalla Internacional de las Artes es el m\u00e1ximo reconocimiento [&hellip;]<\/p>\n","protected":false},"author":1,"featured_media":0,"comment_status":"open","ping_status":"open","sticky":false,"template":"","format":"standard","meta":{"footnotes":""},"categories":[29,6,39],"tags":[138,478,243,2505,4534],"class_list":["post-5968","post","type-post","status-publish","format-standard","category-el-mundo-al-dia","category-patrimonio-actual","category-ultimas-noticias","tag-cultura","tag-madrid","tag-patrimonio-de-la-humanidad","tag-premios","tag-unesco"],"yoast_head":"<!-- This site is optimized with the Yoast SEO plugin v27.4 - https:\/\/yoast.com\/product\/yoast-seo-wordpress\/ -->\n<title>La Comunidad de Madrid entrega los Premios de Cultura y la Medalla Internacional de las Artes<\/title>\n<meta name=\"description\" content=\"El presidente de la Comunidad de Madrid, ha entregado los Premios de Cultura 2012, la ceremonia ha tenido lugar en los Teatros del Canal. Ignacio Gonz\u00e1lez entreg\u00f3 tambi\u00e9n la Medalla Internacional de las Artes\" \/>\n<meta name=\"robots\" content=\"index, follow, max-snippet:-1, max-image-preview:large, max-video-preview:-1\" \/>\n<link rel=\"canonical\" href=\"https:\/\/patrimonioactual.com\/page\/la-comunidad-de-madrid-entrega-los-premios-de-cultura-y-la-medalla-internacional-de-las-artes\/\" \/>\n<meta property=\"og:locale\" content=\"es_ES\" \/>\n<meta property=\"og:type\" content=\"article\" \/>\n<meta property=\"og:title\" content=\"La Comunidad de Madrid entrega los Premios de Cultura y la Medalla Internacional de las Artes\" \/>\n<meta property=\"og:description\" content=\"El presidente de la Comunidad de Madrid, ha entregado los Premios de Cultura 2012, la ceremonia ha tenido lugar en los Teatros del Canal. Ignacio Gonz\u00e1lez entreg\u00f3 tambi\u00e9n la Medalla Internacional de las Artes\" \/>\n<meta property=\"og:url\" content=\"https:\/\/patrimonioactual.com\/page\/la-comunidad-de-madrid-entrega-los-premios-de-cultura-y-la-medalla-internacional-de-las-artes\/\" \/>\n<meta property=\"og:site_name\" content=\"Patrimonio Actual, ciudades, sitios y espacios naturales declarados Patrimonio de la Humanidad por la UNESCO\" \/>\n<meta property=\"article:publisher\" content=\"https:\/\/www.facebook.com\/P.actual\" \/>\n<meta property=\"article:author\" content=\"http:\/\/facebook.com\/patrimonio.actual\" \/>\n<meta property=\"article:published_time\" content=\"2013-11-18T22:58:04+00:00\" \/>\n<meta property=\"og:image\" content=\"http:\/\/patrimonioactual.com\/page\/wp-content\/uploads\/2013\/11\/Premios-de-Cultura-2012-CA.jpg\" \/>\n<meta name=\"author\" content=\"admin\" \/>\n<meta name=\"twitter:card\" content=\"summary_large_image\" \/>\n<meta name=\"twitter:creator\" content=\"@P_actual\" \/>\n<meta name=\"twitter:site\" content=\"@P_actual\" \/>\n<meta name=\"twitter:label1\" content=\"Escrito por\" \/>\n\t<meta name=\"twitter:data1\" content=\"admin\" \/>\n\t<meta name=\"twitter:label2\" content=\"Tiempo de lectura\" \/>\n\t<meta name=\"twitter:data2\" content=\"2 minutos\" \/>\n<script type=\"application\/ld+json\" class=\"yoast-schema-graph\">{\"@context\":\"https:\\\/\\\/schema.org\",\"@graph\":[{\"@type\":\"Article\",\"@id\":\"https:\\\/\\\/patrimonioactual.com\\\/page\\\/la-comunidad-de-madrid-entrega-los-premios-de-cultura-y-la-medalla-internacional-de-las-artes\\\/#article\",\"isPartOf\":{\"@id\":\"https:\\\/\\\/patrimonioactual.com\\\/page\\\/la-comunidad-de-madrid-entrega-los-premios-de-cultura-y-la-medalla-internacional-de-las-artes\\\/\"},\"author\":{\"name\":\"admin\",\"@id\":\"https:\\\/\\\/patrimonioactual.com\\\/page\\\/#\\\/schema\\\/person\\\/76850d24a9bd508e8e44db1faeab630e\"},\"headline\":\"La Comunidad de Madrid entrega los Premios de Cultura y la Medalla Internacional de las Artes\",\"datePublished\":\"2013-11-18T22:58:04+00:00\",\"mainEntityOfPage\":{\"@id\":\"https:\\\/\\\/patrimonioactual.com\\\/page\\\/la-comunidad-de-madrid-entrega-los-premios-de-cultura-y-la-medalla-internacional-de-las-artes\\\/\"},\"wordCount\":422,\"commentCount\":0,\"image\":{\"@id\":\"https:\\\/\\\/patrimonioactual.com\\\/page\\\/la-comunidad-de-madrid-entrega-los-premios-de-cultura-y-la-medalla-internacional-de-las-artes\\\/#primaryimage\"},\"thumbnailUrl\":\"http:\\\/\\\/patrimonioactual.com\\\/page\\\/wp-content\\\/uploads\\\/2013\\\/11\\\/Premios-de-Cultura-2012-CA.jpg\",\"keywords\":[\"cultura\",\"Madrid\",\"Patrimonio de la Humanidad\",\"premios\",\"UNESCO\"],\"articleSection\":[\"El Mundo al D\u00eda\",\"Patrimonio Actual\",\"\u00daltimas Noticias\"],\"inLanguage\":\"es\",\"potentialAction\":[{\"@type\":\"CommentAction\",\"name\":\"Comment\",\"target\":[\"https:\\\/\\\/patrimonioactual.com\\\/page\\\/la-comunidad-de-madrid-entrega-los-premios-de-cultura-y-la-medalla-internacional-de-las-artes\\\/#respond\"]}]},{\"@type\":\"WebPage\",\"@id\":\"https:\\\/\\\/patrimonioactual.com\\\/page\\\/la-comunidad-de-madrid-entrega-los-premios-de-cultura-y-la-medalla-internacional-de-las-artes\\\/\",\"url\":\"https:\\\/\\\/patrimonioactual.com\\\/page\\\/la-comunidad-de-madrid-entrega-los-premios-de-cultura-y-la-medalla-internacional-de-las-artes\\\/\",\"name\":\"La Comunidad de Madrid entrega los Premios de Cultura y la Medalla Internacional de las Artes\",\"isPartOf\":{\"@id\":\"https:\\\/\\\/patrimonioactual.com\\\/page\\\/#website\"},\"primaryImageOfPage\":{\"@id\":\"https:\\\/\\\/patrimonioactual.com\\\/page\\\/la-comunidad-de-madrid-entrega-los-premios-de-cultura-y-la-medalla-internacional-de-las-artes\\\/#primaryimage\"},\"image\":{\"@id\":\"https:\\\/\\\/patrimonioactual.com\\\/page\\\/la-comunidad-de-madrid-entrega-los-premios-de-cultura-y-la-medalla-internacional-de-las-artes\\\/#primaryimage\"},\"thumbnailUrl\":\"http:\\\/\\\/patrimonioactual.com\\\/page\\\/wp-content\\\/uploads\\\/2013\\\/11\\\/Premios-de-Cultura-2012-CA.jpg\",\"datePublished\":\"2013-11-18T22:58:04+00:00\",\"author\":{\"@id\":\"https:\\\/\\\/patrimonioactual.com\\\/page\\\/#\\\/schema\\\/person\\\/76850d24a9bd508e8e44db1faeab630e\"},\"description\":\"El presidente de la Comunidad de Madrid, ha entregado los Premios de Cultura 2012, la ceremonia ha tenido lugar en los Teatros del Canal. Ignacio Gonz\u00e1lez entreg\u00f3 tambi\u00e9n la Medalla Internacional de las Artes\",\"breadcrumb\":{\"@id\":\"https:\\\/\\\/patrimonioactual.com\\\/page\\\/la-comunidad-de-madrid-entrega-los-premios-de-cultura-y-la-medalla-internacional-de-las-artes\\\/#breadcrumb\"},\"inLanguage\":\"es\",\"potentialAction\":[{\"@type\":\"ReadAction\",\"target\":[\"https:\\\/\\\/patrimonioactual.com\\\/page\\\/la-comunidad-de-madrid-entrega-los-premios-de-cultura-y-la-medalla-internacional-de-las-artes\\\/\"]}]},{\"@type\":\"ImageObject\",\"inLanguage\":\"es\",\"@id\":\"https:\\\/\\\/patrimonioactual.com\\\/page\\\/la-comunidad-de-madrid-entrega-los-premios-de-cultura-y-la-medalla-internacional-de-las-artes\\\/#primaryimage\",\"url\":\"http:\\\/\\\/patrimonioactual.com\\\/page\\\/wp-content\\\/uploads\\\/2013\\\/11\\\/Premios-de-Cultura-2012-CA.jpg\",\"contentUrl\":\"http:\\\/\\\/patrimonioactual.com\\\/page\\\/wp-content\\\/uploads\\\/2013\\\/11\\\/Premios-de-Cultura-2012-CA.jpg\"},{\"@type\":\"BreadcrumbList\",\"@id\":\"https:\\\/\\\/patrimonioactual.com\\\/page\\\/la-comunidad-de-madrid-entrega-los-premios-de-cultura-y-la-medalla-internacional-de-las-artes\\\/#breadcrumb\",\"itemListElement\":[{\"@type\":\"ListItem\",\"position\":1,\"name\":\"Portada\",\"item\":\"https:\\\/\\\/patrimonioactual.com\\\/page\\\/\"},{\"@type\":\"ListItem\",\"position\":2,\"name\":\"La Comunidad de Madrid entrega los Premios de Cultura y la Medalla Internacional de las Artes\"}]},{\"@type\":\"WebSite\",\"@id\":\"https:\\\/\\\/patrimonioactual.com\\\/page\\\/#website\",\"url\":\"https:\\\/\\\/patrimonioactual.com\\\/page\\\/\",\"name\":\"Patrimonio Actual, ciudades, sitios y espacios naturales declarados Patrimonio de la Humanidad por la UNESCO\",\"description\":\"Revista digital que busca informar a un p\u00fablico objetivo amplio, de los acontecimientos mundiales que se producen en torno a la informaci\u00f3n del patrimonio cultural, natural, inmaterial y tur\u00edstico-cultural de ciudades y espacios naturales, Patrimonio de la Humanidad declarados por la UNESCO.\",\"potentialAction\":[{\"@type\":\"SearchAction\",\"target\":{\"@type\":\"EntryPoint\",\"urlTemplate\":\"https:\\\/\\\/patrimonioactual.com\\\/page\\\/?s={search_term_string}\"},\"query-input\":{\"@type\":\"PropertyValueSpecification\",\"valueRequired\":true,\"valueName\":\"search_term_string\"}}],\"inLanguage\":\"es\"},{\"@type\":\"Person\",\"@id\":\"https:\\\/\\\/patrimonioactual.com\\\/page\\\/#\\\/schema\\\/person\\\/76850d24a9bd508e8e44db1faeab630e\",\"name\":\"admin\",\"image\":{\"@type\":\"ImageObject\",\"inLanguage\":\"es\",\"@id\":\"https:\\\/\\\/secure.gravatar.com\\\/avatar\\\/48168d7e7932867b9131639a989484f6c50ddc0e7a6d380e506072a10e5df39d?s=96&d=mm&r=g\",\"url\":\"https:\\\/\\\/secure.gravatar.com\\\/avatar\\\/48168d7e7932867b9131639a989484f6c50ddc0e7a6d380e506072a10e5df39d?s=96&d=mm&r=g\",\"contentUrl\":\"https:\\\/\\\/secure.gravatar.com\\\/avatar\\\/48168d7e7932867b9131639a989484f6c50ddc0e7a6d380e506072a10e5df39d?s=96&d=mm&r=g\",\"caption\":\"admin\"},\"sameAs\":[\"http:\\\/\\\/facebook.com\\\/patrimonio.actual\",\"https:\\\/\\\/x.com\\\/P_actual\"],\"url\":\"https:\\\/\\\/patrimonioactual.com\\\/page\\\/author\\\/juan\\\/\"}]}<\/script>\n<!-- \/ Yoast SEO plugin. -->","yoast_head_json":{"title":"La Comunidad de Madrid entrega los Premios de Cultura y la Medalla Internacional de las Artes","description":"El presidente de la Comunidad de Madrid, ha entregado los Premios de Cultura 2012, la ceremonia ha tenido lugar en los Teatros del Canal. Ignacio Gonz\u00e1lez entreg\u00f3 tambi\u00e9n la Medalla Internacional de las Artes","robots":{"index":"index","follow":"follow","max-snippet":"max-snippet:-1","max-image-preview":"max-image-preview:large","max-video-preview":"max-video-preview:-1"},"canonical":"https:\/\/patrimonioactual.com\/page\/la-comunidad-de-madrid-entrega-los-premios-de-cultura-y-la-medalla-internacional-de-las-artes\/","og_locale":"es_ES","og_type":"article","og_title":"La Comunidad de Madrid entrega los Premios de Cultura y la Medalla Internacional de las Artes","og_description":"El presidente de la Comunidad de Madrid, ha entregado los Premios de Cultura 2012, la ceremonia ha tenido lugar en los Teatros del Canal. Ignacio Gonz\u00e1lez entreg\u00f3 tambi\u00e9n la Medalla Internacional de las Artes","og_url":"https:\/\/patrimonioactual.com\/page\/la-comunidad-de-madrid-entrega-los-premios-de-cultura-y-la-medalla-internacional-de-las-artes\/","og_site_name":"Patrimonio Actual, ciudades, sitios y espacios naturales declarados Patrimonio de la Humanidad por la UNESCO","article_publisher":"https:\/\/www.facebook.com\/P.actual","article_author":"http:\/\/facebook.com\/patrimonio.actual","article_published_time":"2013-11-18T22:58:04+00:00","og_image":[{"url":"http:\/\/patrimonioactual.com\/page\/wp-content\/uploads\/2013\/11\/Premios-de-Cultura-2012-CA.jpg","type":"","width":"","height":""}],"author":"admin","twitter_card":"summary_large_image","twitter_creator":"@P_actual","twitter_site":"@P_actual","twitter_misc":{"Escrito por":"admin","Tiempo de lectura":"2 minutos"},"schema":{"@context":"https:\/\/schema.org","@graph":[{"@type":"Article","@id":"https:\/\/patrimonioactual.com\/page\/la-comunidad-de-madrid-entrega-los-premios-de-cultura-y-la-medalla-internacional-de-las-artes\/#article","isPartOf":{"@id":"https:\/\/patrimonioactual.com\/page\/la-comunidad-de-madrid-entrega-los-premios-de-cultura-y-la-medalla-internacional-de-las-artes\/"},"author":{"name":"admin","@id":"https:\/\/patrimonioactual.com\/page\/#\/schema\/person\/76850d24a9bd508e8e44db1faeab630e"},"headline":"La Comunidad de Madrid entrega los Premios de Cultura y la Medalla Internacional de las Artes","datePublished":"2013-11-18T22:58:04+00:00","mainEntityOfPage":{"@id":"https:\/\/patrimonioactual.com\/page\/la-comunidad-de-madrid-entrega-los-premios-de-cultura-y-la-medalla-internacional-de-las-artes\/"},"wordCount":422,"commentCount":0,"image":{"@id":"https:\/\/patrimonioactual.com\/page\/la-comunidad-de-madrid-entrega-los-premios-de-cultura-y-la-medalla-internacional-de-las-artes\/#primaryimage"},"thumbnailUrl":"http:\/\/patrimonioactual.com\/page\/wp-content\/uploads\/2013\/11\/Premios-de-Cultura-2012-CA.jpg","keywords":["cultura","Madrid","Patrimonio de la Humanidad","premios","UNESCO"],"articleSection":["El Mundo al D\u00eda","Patrimonio Actual","\u00daltimas Noticias"],"inLanguage":"es","potentialAction":[{"@type":"CommentAction","name":"Comment","target":["https:\/\/patrimonioactual.com\/page\/la-comunidad-de-madrid-entrega-los-premios-de-cultura-y-la-medalla-internacional-de-las-artes\/#respond"]}]},{"@type":"WebPage","@id":"https:\/\/patrimonioactual.com\/page\/la-comunidad-de-madrid-entrega-los-premios-de-cultura-y-la-medalla-internacional-de-las-artes\/","url":"https:\/\/patrimonioactual.com\/page\/la-comunidad-de-madrid-entrega-los-premios-de-cultura-y-la-medalla-internacional-de-las-artes\/","name":"La Comunidad de Madrid entrega los Premios de Cultura y la Medalla Internacional de las Artes","isPartOf":{"@id":"https:\/\/patrimonioactual.com\/page\/#website"},"primaryImageOfPage":{"@id":"https:\/\/patrimonioactual.com\/page\/la-comunidad-de-madrid-entrega-los-premios-de-cultura-y-la-medalla-internacional-de-las-artes\/#primaryimage"},"image":{"@id":"https:\/\/patrimonioactual.com\/page\/la-comunidad-de-madrid-entrega-los-premios-de-cultura-y-la-medalla-internacional-de-las-artes\/#primaryimage"},"thumbnailUrl":"http:\/\/patrimonioactual.com\/page\/wp-content\/uploads\/2013\/11\/Premios-de-Cultura-2012-CA.jpg","datePublished":"2013-11-18T22:58:04+00:00","author":{"@id":"https:\/\/patrimonioactual.com\/page\/#\/schema\/person\/76850d24a9bd508e8e44db1faeab630e"},"description":"El presidente de la Comunidad de Madrid, ha entregado los Premios de Cultura 2012, la ceremonia ha tenido lugar en los Teatros del Canal. Ignacio Gonz\u00e1lez entreg\u00f3 tambi\u00e9n la Medalla Internacional de las Artes","breadcrumb":{"@id":"https:\/\/patrimonioactual.com\/page\/la-comunidad-de-madrid-entrega-los-premios-de-cultura-y-la-medalla-internacional-de-las-artes\/#breadcrumb"},"inLanguage":"es","potentialAction":[{"@type":"ReadAction","target":["https:\/\/patrimonioactual.com\/page\/la-comunidad-de-madrid-entrega-los-premios-de-cultura-y-la-medalla-internacional-de-las-artes\/"]}]},{"@type":"ImageObject","inLanguage":"es","@id":"https:\/\/patrimonioactual.com\/page\/la-comunidad-de-madrid-entrega-los-premios-de-cultura-y-la-medalla-internacional-de-las-artes\/#primaryimage","url":"http:\/\/patrimonioactual.com\/page\/wp-content\/uploads\/2013\/11\/Premios-de-Cultura-2012-CA.jpg","contentUrl":"http:\/\/patrimonioactual.com\/page\/wp-content\/uploads\/2013\/11\/Premios-de-Cultura-2012-CA.jpg"},{"@type":"BreadcrumbList","@id":"https:\/\/patrimonioactual.com\/page\/la-comunidad-de-madrid-entrega-los-premios-de-cultura-y-la-medalla-internacional-de-las-artes\/#breadcrumb","itemListElement":[{"@type":"ListItem","position":1,"name":"Portada","item":"https:\/\/patrimonioactual.com\/page\/"},{"@type":"ListItem","position":2,"name":"La Comunidad de Madrid entrega los Premios de Cultura y la Medalla Internacional de las Artes"}]},{"@type":"WebSite","@id":"https:\/\/patrimonioactual.com\/page\/#website","url":"https:\/\/patrimonioactual.com\/page\/","name":"Patrimonio Actual, ciudades, sitios y espacios naturales declarados Patrimonio de la Humanidad por la UNESCO","description":"Revista digital que busca informar a un p\u00fablico objetivo amplio, de los acontecimientos mundiales que se producen en torno a la informaci\u00f3n del patrimonio cultural, natural, inmaterial y tur\u00edstico-cultural de ciudades y espacios naturales, Patrimonio de la Humanidad declarados por la UNESCO.","potentialAction":[{"@type":"SearchAction","target":{"@type":"EntryPoint","urlTemplate":"https:\/\/patrimonioactual.com\/page\/?s={search_term_string}"},"query-input":{"@type":"PropertyValueSpecification","valueRequired":true,"valueName":"search_term_string"}}],"inLanguage":"es"},{"@type":"Person","@id":"https:\/\/patrimonioactual.com\/page\/#\/schema\/person\/76850d24a9bd508e8e44db1faeab630e","name":"admin","image":{"@type":"ImageObject","inLanguage":"es","@id":"https:\/\/secure.gravatar.com\/avatar\/48168d7e7932867b9131639a989484f6c50ddc0e7a6d380e506072a10e5df39d?s=96&d=mm&r=g","url":"https:\/\/secure.gravatar.com\/avatar\/48168d7e7932867b9131639a989484f6c50ddc0e7a6d380e506072a10e5df39d?s=96&d=mm&r=g","contentUrl":"https:\/\/secure.gravatar.com\/avatar\/48168d7e7932867b9131639a989484f6c50ddc0e7a6d380e506072a10e5df39d?s=96&d=mm&r=g","caption":"admin"},"sameAs":["http:\/\/facebook.com\/patrimonio.actual","https:\/\/x.com\/P_actual"],"url":"https:\/\/patrimonioactual.com\/page\/author\/juan\/"}]}},"_links":{"self":[{"href":"https:\/\/patrimonioactual.com\/page\/wp-json\/wp\/v2\/posts\/5968","targetHints":{"allow":["GET"]}}],"collection":[{"href":"https:\/\/patrimonioactual.com\/page\/wp-json\/wp\/v2\/posts"}],"about":[{"href":"https:\/\/patrimonioactual.com\/page\/wp-json\/wp\/v2\/types\/post"}],"author":[{"embeddable":true,"href":"https:\/\/patrimonioactual.com\/page\/wp-json\/wp\/v2\/users\/1"}],"replies":[{"embeddable":true,"href":"https:\/\/patrimonioactual.com\/page\/wp-json\/wp\/v2\/comments?post=5968"}],"version-history":[{"count":1,"href":"https:\/\/patrimonioactual.com\/page\/wp-json\/wp\/v2\/posts\/5968\/revisions"}],"predecessor-version":[{"id":5970,"href":"https:\/\/patrimonioactual.com\/page\/wp-json\/wp\/v2\/posts\/5968\/revisions\/5970"}],"wp:attachment":[{"href":"https:\/\/patrimonioactual.com\/page\/wp-json\/wp\/v2\/media?parent=5968"}],"wp:term":[{"taxonomy":"category","embeddable":true,"href":"https:\/\/patrimonioactual.com\/page\/wp-json\/wp\/v2\/categories?post=5968"},{"taxonomy":"post_tag","embeddable":true,"href":"https:\/\/patrimonioactual.com\/page\/wp-json\/wp\/v2\/tags?post=5968"}],"curies":[{"name":"wp","href":"https:\/\/api.w.org\/{rel}","templated":true}]}}