{"id":5971,"date":"2013-11-19T19:01:19","date_gmt":"2013-11-19T17:01:19","guid":{"rendered":"http:\/\/patrimonioactual.com\/page\/?p=5971"},"modified":"2013-11-19T19:01:19","modified_gmt":"2013-11-19T17:01:19","slug":"el-museo-nacional-del-prado-presenta-la-exposicion-historias-naturales-un-proyecto-de-miguel-angel-blanco","status":"publish","type":"post","link":"https:\/\/patrimonioactual.com\/page\/el-museo-nacional-del-prado-presenta-la-exposicion-historias-naturales-un-proyecto-de-miguel-angel-blanco\/","title":{"rendered":"El Museo Nacional del Prado presenta la exposici\u00f3n \u201cHistorias Naturales. Un proyecto de Miguel \u00c1ngel Blanco\u201d"},"content":{"rendered":"<h2 style=\"text-align: justify;\"><a href=\"http:\/\/patrimonioactual.com\/page\/wp-content\/uploads\/2013\/11\/Museo-Nacional-del-Prado.-M.jpg\"><img loading=\"lazy\" decoding=\"async\" class=\"alignleft  wp-image-5972\" title=\"Exposici\u00f3n Historias Naturales. Miguel \u00c1ngel Blanco. Museo del Prado. Foto:\u00a9 patrimonioactual.com\" alt=\"Exposici\u00f3n Historias Naturales. Miguel \u00c1ngel Blanco. Museo del Prado. Foto:\u00a9 patrimonioactual.com\" src=\"http:\/\/patrimonioactual.com\/page\/wp-content\/uploads\/2013\/11\/Museo-Nacional-del-Prado.-M.jpg\" width=\"615\" height=\"461\" srcset=\"https:\/\/patrimonioactual.com\/page\/wp-content\/uploads\/2013\/11\/Museo-Nacional-del-Prado.-M.jpg 615w, https:\/\/patrimonioactual.com\/page\/wp-content\/uploads\/2013\/11\/Museo-Nacional-del-Prado.-M-300x224.jpg 300w\" sizes=\"auto, (max-width: 615px) 100vw, 615px\" \/><\/a><\/h2>\n<h2 style=\"text-align: justify;\"><strong>El Museo del Prado ha presentado la exposici\u00f3n \u201cHistorias Naturales. Un proyecto de Miguel \u00c1ngel Blanco\u201d organizada con la colaboraci\u00f3n especial del Consejo Superior de Investigaciones Cient\u00edficas (CSIC) y el apoyo de la Comunidad de Madrid <\/strong><\/h2>\n<p>Veintid\u00f3s intervenciones realizadas por el artista madrile\u00f1o en las salas del Museo consisten en la instalaci\u00f3n de alrededor de 150 piezas de historia natural, procedentes en su mayor\u00eda del Museo Nacional de Ciencias Naturales del <a href=\"http:\/\/patrimonioactual.com\/page\/?s=CSIC\">CSIC<\/a>\u00a0\u2013animales, plantas o minerales- junto a 25 obras de la colecci\u00f3n del Museo, que entra\u00f1an una estrecha relaci\u00f3n con las mismas pero tambi\u00e9n con el propio edificio y con el entorno urbano del Paseo del Prado.<\/p>\n<p>A trav\u00e9s de la exposici\u00f3n, el Museo rinde homenaje a su historia y al origen de su edificio como museo de Historia Natural. Un 19 de noviembre de 1819, el <a href=\"http:\/\/patrimonioactual.com\/page\/?s=Museo+del+Prado+\">Museo del Prado<\/a> abr\u00eda sus puertas por primera vez al p\u00fablico como Museo Nacional de Pinturas y Esculturas. Sin embargo, el primer origen del edificio neocl\u00e1sico dise\u00f1ado por <a href=\"http:\/\/patrimonioactual.com\/page\/?s=Juan+de+Villanueva\">Juan de Villanueva<\/a>, que hoy sirve de sede al Museo del Prado, fue el de Real Gabinete de Historia Natural, tal y c\u00f3mo lo orden\u00f3 Carlos III, en 1785<b><\/b><\/p>\n<p>Coincidiendo con el aniversario de la inauguraci\u00f3n del Museo en 1819 y gracias a la colaboraci\u00f3n de la <a href=\"http:\/\/patrimonioactual.com\/page\/?s=Comunidad+de+Madrid\">Comunidad de Madrid<\/a>, el Prado rememora un cap\u00edtulo de la historia de su edificio menos conocido, su origen como Museo de Historia Natural antes de ser finalmente destinado a museo de pintura y escultura, a trav\u00e9s de las veintid\u00f3s intervenciones expositivas que configuran \u201cHistorias Naturales. Un proyecto de Miguel \u00c1ngel Blanco\u201d. El proyecto cuenta con la especial colaboraci\u00f3n del Museo Nacional de Ciencias Naturales, dependiente del CSIC (Consejo Superior de Investigaciones Cient\u00edficas), del que provienen la mayor\u00eda de las piezas de historia natural que forman parte del mismo.<\/p>\n<p>Miguel Angel Blanco (Madrid, 1958), uno de los m\u00e1s destacados artistas espa\u00f1oles vinculados directamente a la naturaleza, subraya el aspecto hist\u00f3rico del Museo a trav\u00e9s de veintid\u00f3s intervenciones en las salas de la colecci\u00f3n permanente que proponen aunar arte y naturaleza. Las piezas seleccionadas por el artista procedentes en su mayor\u00eda del Museo Nacional de Ciencias Naturales del CSIC, pero tambi\u00e9n de museos cient\u00edficos como el <a href=\"http:\/\/patrimonioactual.com\/page\/?s=Real+Jard%C3%ADn+Bot%C3%A1nico\">Real Jard\u00edn Bot\u00e1nico<\/a> (CSIC), el Museo de la Farmacia Hist\u00f3rica, el Museo de la Escuela de Minas y una obra del propio artista dialogan con los cuadros y esculturas del Prado e \u201cinterfieren\u201d con ellos guiando al visitante en una nueva expedici\u00f3n \u201ccient\u00edfico-art\u00edstica\u201d.<\/p>\n<p>El edificio que hoy sirve de sede al Museo del Prado fue dise\u00f1ado por el arquitecto\u00a0Juan de Villanueva\u00a0en 1785, como Gabinete de Historia Natural, por orden de Carlos III. Durante casi seis meses, las salas de la colecci\u00f3n permanente albergar\u00e1n, entre otras, algunas de las piezas que el propio Carlos III hab\u00eda adquirido al coleccionista y naturalista Pedro Franco D\u00e1vila para ese proyecto de Gabinete de Historia Natural que anteriormente hab\u00eda tenido como destino el Palacio de Goyeneche (actual sede de la <a href=\"http:\/\/patrimonioactual.com\/page\/?s=Academia+de+Bellas+Artes+de+San+Fernando\">Academia de Bellas Artes de San Fernando<\/a>).<\/p>\n","protected":false},"excerpt":{"rendered":"<p>El Museo del Prado ha presentado la exposici\u00f3n \u201cHistorias Naturales. Un proyecto de Miguel \u00c1ngel Blanco\u201d organizada con la colaboraci\u00f3n especial del Consejo Superior de Investigaciones Cient\u00edficas (CSIC) y el apoyo de la Comunidad de Madrid Veintid\u00f3s intervenciones realizadas por el artista madrile\u00f1o en las salas del Museo consisten en la instalaci\u00f3n de alrededor de [&hellip;]<\/p>\n","protected":false},"author":1,"featured_media":0,"comment_status":"open","ping_status":"open","sticky":false,"template":"","format":"standard","meta":{"footnotes":""},"categories":[29,6,39],"tags":[261,2811,262,204,2093],"class_list":["post-5971","post","type-post","status-publish","format-standard","category-el-mundo-al-dia","category-patrimonio-actual","category-ultimas-noticias","tag-comunidad-de-madrid","tag-csic","tag-exposicion","tag-museo-del-prado","tag-naturaleza"],"yoast_head":"<!-- This site is optimized with the Yoast SEO plugin v27.4 - https:\/\/yoast.com\/product\/yoast-seo-wordpress\/ -->\n<title>El Museo Nacional del Prado presenta la exposici\u00f3n \u201cHistorias Naturales. Un proyecto de Miguel \u00c1ngel Blanco\u201d<\/title>\n<meta name=\"description\" content=\"El Museo del Prado ha presentado la exposici\u00f3n \u201cHistorias Naturales. Un proyecto de Miguel \u00c1ngel Blanco\u201d organizada con la colaboraci\u00f3n especial del Consejo Superior de Investigaciones Cient\u00edficas (CSIC) y el apoyo de la Comunidad de Madrid\" \/>\n<meta name=\"robots\" content=\"index, follow, max-snippet:-1, max-image-preview:large, max-video-preview:-1\" \/>\n<link rel=\"canonical\" href=\"https:\/\/patrimonioactual.com\/page\/el-museo-nacional-del-prado-presenta-la-exposicion-historias-naturales-un-proyecto-de-miguel-angel-blanco\/\" \/>\n<meta property=\"og:locale\" content=\"es_ES\" \/>\n<meta property=\"og:type\" content=\"article\" \/>\n<meta property=\"og:title\" content=\"El Museo Nacional del Prado presenta la exposici\u00f3n \u201cHistorias Naturales. Un proyecto de Miguel \u00c1ngel Blanco\u201d\" \/>\n<meta property=\"og:description\" content=\"El Museo del Prado ha presentado la exposici\u00f3n \u201cHistorias Naturales. Un proyecto de Miguel \u00c1ngel Blanco\u201d organizada con la colaboraci\u00f3n especial del Consejo Superior de Investigaciones Cient\u00edficas (CSIC) y el apoyo de la Comunidad de Madrid\" \/>\n<meta property=\"og:url\" content=\"https:\/\/patrimonioactual.com\/page\/el-museo-nacional-del-prado-presenta-la-exposicion-historias-naturales-un-proyecto-de-miguel-angel-blanco\/\" \/>\n<meta property=\"og:site_name\" content=\"Patrimonio Actual, ciudades, sitios y espacios naturales declarados Patrimonio de la Humanidad por la UNESCO\" \/>\n<meta property=\"article:publisher\" content=\"https:\/\/www.facebook.com\/P.actual\" \/>\n<meta property=\"article:author\" content=\"http:\/\/facebook.com\/patrimonio.actual\" \/>\n<meta property=\"article:published_time\" content=\"2013-11-19T17:01:19+00:00\" \/>\n<meta property=\"og:image\" content=\"http:\/\/patrimonioactual.com\/page\/wp-content\/uploads\/2013\/11\/Museo-Nacional-del-Prado.-M.jpg\" \/>\n<meta name=\"author\" content=\"admin\" \/>\n<meta name=\"twitter:card\" content=\"summary_large_image\" \/>\n<meta name=\"twitter:creator\" content=\"@P_actual\" \/>\n<meta name=\"twitter:site\" content=\"@P_actual\" \/>\n<meta name=\"twitter:label1\" content=\"Escrito por\" \/>\n\t<meta name=\"twitter:data1\" content=\"admin\" \/>\n\t<meta name=\"twitter:label2\" content=\"Tiempo de lectura\" \/>\n\t<meta name=\"twitter:data2\" content=\"3 minutos\" \/>\n<script type=\"application\/ld+json\" class=\"yoast-schema-graph\">{\"@context\":\"https:\\\/\\\/schema.org\",\"@graph\":[{\"@type\":\"Article\",\"@id\":\"https:\\\/\\\/patrimonioactual.com\\\/page\\\/el-museo-nacional-del-prado-presenta-la-exposicion-historias-naturales-un-proyecto-de-miguel-angel-blanco\\\/#article\",\"isPartOf\":{\"@id\":\"https:\\\/\\\/patrimonioactual.com\\\/page\\\/el-museo-nacional-del-prado-presenta-la-exposicion-historias-naturales-un-proyecto-de-miguel-angel-blanco\\\/\"},\"author\":{\"name\":\"admin\",\"@id\":\"https:\\\/\\\/patrimonioactual.com\\\/page\\\/#\\\/schema\\\/person\\\/76850d24a9bd508e8e44db1faeab630e\"},\"headline\":\"El Museo Nacional del Prado presenta la exposici\u00f3n \u201cHistorias Naturales. Un proyecto de Miguel \u00c1ngel Blanco\u201d\",\"datePublished\":\"2013-11-19T17:01:19+00:00\",\"mainEntityOfPage\":{\"@id\":\"https:\\\/\\\/patrimonioactual.com\\\/page\\\/el-museo-nacional-del-prado-presenta-la-exposicion-historias-naturales-un-proyecto-de-miguel-angel-blanco\\\/\"},\"wordCount\":557,\"commentCount\":0,\"image\":{\"@id\":\"https:\\\/\\\/patrimonioactual.com\\\/page\\\/el-museo-nacional-del-prado-presenta-la-exposicion-historias-naturales-un-proyecto-de-miguel-angel-blanco\\\/#primaryimage\"},\"thumbnailUrl\":\"http:\\\/\\\/patrimonioactual.com\\\/page\\\/wp-content\\\/uploads\\\/2013\\\/11\\\/Museo-Nacional-del-Prado.-M.jpg\",\"keywords\":[\"Comunidad de Madrid\",\"CSIC\",\"exposici\u00f3n\",\"Museo del Prado\",\"naturaleza\"],\"articleSection\":[\"El Mundo al D\u00eda\",\"Patrimonio Actual\",\"\u00daltimas Noticias\"],\"inLanguage\":\"es\",\"potentialAction\":[{\"@type\":\"CommentAction\",\"name\":\"Comment\",\"target\":[\"https:\\\/\\\/patrimonioactual.com\\\/page\\\/el-museo-nacional-del-prado-presenta-la-exposicion-historias-naturales-un-proyecto-de-miguel-angel-blanco\\\/#respond\"]}]},{\"@type\":\"WebPage\",\"@id\":\"https:\\\/\\\/patrimonioactual.com\\\/page\\\/el-museo-nacional-del-prado-presenta-la-exposicion-historias-naturales-un-proyecto-de-miguel-angel-blanco\\\/\",\"url\":\"https:\\\/\\\/patrimonioactual.com\\\/page\\\/el-museo-nacional-del-prado-presenta-la-exposicion-historias-naturales-un-proyecto-de-miguel-angel-blanco\\\/\",\"name\":\"El Museo Nacional del Prado presenta la exposici\u00f3n \u201cHistorias Naturales. Un proyecto de Miguel \u00c1ngel Blanco\u201d\",\"isPartOf\":{\"@id\":\"https:\\\/\\\/patrimonioactual.com\\\/page\\\/#website\"},\"primaryImageOfPage\":{\"@id\":\"https:\\\/\\\/patrimonioactual.com\\\/page\\\/el-museo-nacional-del-prado-presenta-la-exposicion-historias-naturales-un-proyecto-de-miguel-angel-blanco\\\/#primaryimage\"},\"image\":{\"@id\":\"https:\\\/\\\/patrimonioactual.com\\\/page\\\/el-museo-nacional-del-prado-presenta-la-exposicion-historias-naturales-un-proyecto-de-miguel-angel-blanco\\\/#primaryimage\"},\"thumbnailUrl\":\"http:\\\/\\\/patrimonioactual.com\\\/page\\\/wp-content\\\/uploads\\\/2013\\\/11\\\/Museo-Nacional-del-Prado.-M.jpg\",\"datePublished\":\"2013-11-19T17:01:19+00:00\",\"author\":{\"@id\":\"https:\\\/\\\/patrimonioactual.com\\\/page\\\/#\\\/schema\\\/person\\\/76850d24a9bd508e8e44db1faeab630e\"},\"description\":\"El Museo del Prado ha presentado la exposici\u00f3n \u201cHistorias Naturales. Un proyecto de Miguel \u00c1ngel Blanco\u201d organizada con la colaboraci\u00f3n especial del Consejo Superior de Investigaciones Cient\u00edficas (CSIC) y el apoyo de la Comunidad de Madrid\",\"breadcrumb\":{\"@id\":\"https:\\\/\\\/patrimonioactual.com\\\/page\\\/el-museo-nacional-del-prado-presenta-la-exposicion-historias-naturales-un-proyecto-de-miguel-angel-blanco\\\/#breadcrumb\"},\"inLanguage\":\"es\",\"potentialAction\":[{\"@type\":\"ReadAction\",\"target\":[\"https:\\\/\\\/patrimonioactual.com\\\/page\\\/el-museo-nacional-del-prado-presenta-la-exposicion-historias-naturales-un-proyecto-de-miguel-angel-blanco\\\/\"]}]},{\"@type\":\"ImageObject\",\"inLanguage\":\"es\",\"@id\":\"https:\\\/\\\/patrimonioactual.com\\\/page\\\/el-museo-nacional-del-prado-presenta-la-exposicion-historias-naturales-un-proyecto-de-miguel-angel-blanco\\\/#primaryimage\",\"url\":\"http:\\\/\\\/patrimonioactual.com\\\/page\\\/wp-content\\\/uploads\\\/2013\\\/11\\\/Museo-Nacional-del-Prado.-M.jpg\",\"contentUrl\":\"http:\\\/\\\/patrimonioactual.com\\\/page\\\/wp-content\\\/uploads\\\/2013\\\/11\\\/Museo-Nacional-del-Prado.-M.jpg\"},{\"@type\":\"BreadcrumbList\",\"@id\":\"https:\\\/\\\/patrimonioactual.com\\\/page\\\/el-museo-nacional-del-prado-presenta-la-exposicion-historias-naturales-un-proyecto-de-miguel-angel-blanco\\\/#breadcrumb\",\"itemListElement\":[{\"@type\":\"ListItem\",\"position\":1,\"name\":\"Portada\",\"item\":\"https:\\\/\\\/patrimonioactual.com\\\/page\\\/\"},{\"@type\":\"ListItem\",\"position\":2,\"name\":\"El Museo Nacional del Prado presenta la exposici\u00f3n \u201cHistorias Naturales. Un proyecto de Miguel \u00c1ngel Blanco\u201d\"}]},{\"@type\":\"WebSite\",\"@id\":\"https:\\\/\\\/patrimonioactual.com\\\/page\\\/#website\",\"url\":\"https:\\\/\\\/patrimonioactual.com\\\/page\\\/\",\"name\":\"Patrimonio Actual, ciudades, sitios y espacios naturales declarados Patrimonio de la Humanidad por la UNESCO\",\"description\":\"Revista digital que busca informar a un p\u00fablico objetivo amplio, de los acontecimientos mundiales que se producen en torno a la informaci\u00f3n del patrimonio cultural, natural, inmaterial y tur\u00edstico-cultural de ciudades y espacios naturales, Patrimonio de la Humanidad declarados por la UNESCO.\",\"potentialAction\":[{\"@type\":\"SearchAction\",\"target\":{\"@type\":\"EntryPoint\",\"urlTemplate\":\"https:\\\/\\\/patrimonioactual.com\\\/page\\\/?s={search_term_string}\"},\"query-input\":{\"@type\":\"PropertyValueSpecification\",\"valueRequired\":true,\"valueName\":\"search_term_string\"}}],\"inLanguage\":\"es\"},{\"@type\":\"Person\",\"@id\":\"https:\\\/\\\/patrimonioactual.com\\\/page\\\/#\\\/schema\\\/person\\\/76850d24a9bd508e8e44db1faeab630e\",\"name\":\"admin\",\"image\":{\"@type\":\"ImageObject\",\"inLanguage\":\"es\",\"@id\":\"https:\\\/\\\/secure.gravatar.com\\\/avatar\\\/48168d7e7932867b9131639a989484f6c50ddc0e7a6d380e506072a10e5df39d?s=96&d=mm&r=g\",\"url\":\"https:\\\/\\\/secure.gravatar.com\\\/avatar\\\/48168d7e7932867b9131639a989484f6c50ddc0e7a6d380e506072a10e5df39d?s=96&d=mm&r=g\",\"contentUrl\":\"https:\\\/\\\/secure.gravatar.com\\\/avatar\\\/48168d7e7932867b9131639a989484f6c50ddc0e7a6d380e506072a10e5df39d?s=96&d=mm&r=g\",\"caption\":\"admin\"},\"sameAs\":[\"http:\\\/\\\/facebook.com\\\/patrimonio.actual\",\"https:\\\/\\\/x.com\\\/P_actual\"],\"url\":\"https:\\\/\\\/patrimonioactual.com\\\/page\\\/author\\\/juan\\\/\"}]}<\/script>\n<!-- \/ Yoast SEO plugin. -->","yoast_head_json":{"title":"El Museo Nacional del Prado presenta la exposici\u00f3n \u201cHistorias Naturales. Un proyecto de Miguel \u00c1ngel Blanco\u201d","description":"El Museo del Prado ha presentado la exposici\u00f3n \u201cHistorias Naturales. Un proyecto de Miguel \u00c1ngel Blanco\u201d organizada con la colaboraci\u00f3n especial del Consejo Superior de Investigaciones Cient\u00edficas (CSIC) y el apoyo de la Comunidad de Madrid","robots":{"index":"index","follow":"follow","max-snippet":"max-snippet:-1","max-image-preview":"max-image-preview:large","max-video-preview":"max-video-preview:-1"},"canonical":"https:\/\/patrimonioactual.com\/page\/el-museo-nacional-del-prado-presenta-la-exposicion-historias-naturales-un-proyecto-de-miguel-angel-blanco\/","og_locale":"es_ES","og_type":"article","og_title":"El Museo Nacional del Prado presenta la exposici\u00f3n \u201cHistorias Naturales. Un proyecto de Miguel \u00c1ngel Blanco\u201d","og_description":"El Museo del Prado ha presentado la exposici\u00f3n \u201cHistorias Naturales. Un proyecto de Miguel \u00c1ngel Blanco\u201d organizada con la colaboraci\u00f3n especial del Consejo Superior de Investigaciones Cient\u00edficas (CSIC) y el apoyo de la Comunidad de Madrid","og_url":"https:\/\/patrimonioactual.com\/page\/el-museo-nacional-del-prado-presenta-la-exposicion-historias-naturales-un-proyecto-de-miguel-angel-blanco\/","og_site_name":"Patrimonio Actual, ciudades, sitios y espacios naturales declarados Patrimonio de la Humanidad por la UNESCO","article_publisher":"https:\/\/www.facebook.com\/P.actual","article_author":"http:\/\/facebook.com\/patrimonio.actual","article_published_time":"2013-11-19T17:01:19+00:00","og_image":[{"url":"http:\/\/patrimonioactual.com\/page\/wp-content\/uploads\/2013\/11\/Museo-Nacional-del-Prado.-M.jpg","type":"","width":"","height":""}],"author":"admin","twitter_card":"summary_large_image","twitter_creator":"@P_actual","twitter_site":"@P_actual","twitter_misc":{"Escrito por":"admin","Tiempo de lectura":"3 minutos"},"schema":{"@context":"https:\/\/schema.org","@graph":[{"@type":"Article","@id":"https:\/\/patrimonioactual.com\/page\/el-museo-nacional-del-prado-presenta-la-exposicion-historias-naturales-un-proyecto-de-miguel-angel-blanco\/#article","isPartOf":{"@id":"https:\/\/patrimonioactual.com\/page\/el-museo-nacional-del-prado-presenta-la-exposicion-historias-naturales-un-proyecto-de-miguel-angel-blanco\/"},"author":{"name":"admin","@id":"https:\/\/patrimonioactual.com\/page\/#\/schema\/person\/76850d24a9bd508e8e44db1faeab630e"},"headline":"El Museo Nacional del Prado presenta la exposici\u00f3n \u201cHistorias Naturales. Un proyecto de Miguel \u00c1ngel Blanco\u201d","datePublished":"2013-11-19T17:01:19+00:00","mainEntityOfPage":{"@id":"https:\/\/patrimonioactual.com\/page\/el-museo-nacional-del-prado-presenta-la-exposicion-historias-naturales-un-proyecto-de-miguel-angel-blanco\/"},"wordCount":557,"commentCount":0,"image":{"@id":"https:\/\/patrimonioactual.com\/page\/el-museo-nacional-del-prado-presenta-la-exposicion-historias-naturales-un-proyecto-de-miguel-angel-blanco\/#primaryimage"},"thumbnailUrl":"http:\/\/patrimonioactual.com\/page\/wp-content\/uploads\/2013\/11\/Museo-Nacional-del-Prado.-M.jpg","keywords":["Comunidad de Madrid","CSIC","exposici\u00f3n","Museo del Prado","naturaleza"],"articleSection":["El Mundo al D\u00eda","Patrimonio Actual","\u00daltimas Noticias"],"inLanguage":"es","potentialAction":[{"@type":"CommentAction","name":"Comment","target":["https:\/\/patrimonioactual.com\/page\/el-museo-nacional-del-prado-presenta-la-exposicion-historias-naturales-un-proyecto-de-miguel-angel-blanco\/#respond"]}]},{"@type":"WebPage","@id":"https:\/\/patrimonioactual.com\/page\/el-museo-nacional-del-prado-presenta-la-exposicion-historias-naturales-un-proyecto-de-miguel-angel-blanco\/","url":"https:\/\/patrimonioactual.com\/page\/el-museo-nacional-del-prado-presenta-la-exposicion-historias-naturales-un-proyecto-de-miguel-angel-blanco\/","name":"El Museo Nacional del Prado presenta la exposici\u00f3n \u201cHistorias Naturales. Un proyecto de Miguel \u00c1ngel Blanco\u201d","isPartOf":{"@id":"https:\/\/patrimonioactual.com\/page\/#website"},"primaryImageOfPage":{"@id":"https:\/\/patrimonioactual.com\/page\/el-museo-nacional-del-prado-presenta-la-exposicion-historias-naturales-un-proyecto-de-miguel-angel-blanco\/#primaryimage"},"image":{"@id":"https:\/\/patrimonioactual.com\/page\/el-museo-nacional-del-prado-presenta-la-exposicion-historias-naturales-un-proyecto-de-miguel-angel-blanco\/#primaryimage"},"thumbnailUrl":"http:\/\/patrimonioactual.com\/page\/wp-content\/uploads\/2013\/11\/Museo-Nacional-del-Prado.-M.jpg","datePublished":"2013-11-19T17:01:19+00:00","author":{"@id":"https:\/\/patrimonioactual.com\/page\/#\/schema\/person\/76850d24a9bd508e8e44db1faeab630e"},"description":"El Museo del Prado ha presentado la exposici\u00f3n \u201cHistorias Naturales. Un proyecto de Miguel \u00c1ngel Blanco\u201d organizada con la colaboraci\u00f3n especial del Consejo Superior de Investigaciones Cient\u00edficas (CSIC) y el apoyo de la Comunidad de Madrid","breadcrumb":{"@id":"https:\/\/patrimonioactual.com\/page\/el-museo-nacional-del-prado-presenta-la-exposicion-historias-naturales-un-proyecto-de-miguel-angel-blanco\/#breadcrumb"},"inLanguage":"es","potentialAction":[{"@type":"ReadAction","target":["https:\/\/patrimonioactual.com\/page\/el-museo-nacional-del-prado-presenta-la-exposicion-historias-naturales-un-proyecto-de-miguel-angel-blanco\/"]}]},{"@type":"ImageObject","inLanguage":"es","@id":"https:\/\/patrimonioactual.com\/page\/el-museo-nacional-del-prado-presenta-la-exposicion-historias-naturales-un-proyecto-de-miguel-angel-blanco\/#primaryimage","url":"http:\/\/patrimonioactual.com\/page\/wp-content\/uploads\/2013\/11\/Museo-Nacional-del-Prado.-M.jpg","contentUrl":"http:\/\/patrimonioactual.com\/page\/wp-content\/uploads\/2013\/11\/Museo-Nacional-del-Prado.-M.jpg"},{"@type":"BreadcrumbList","@id":"https:\/\/patrimonioactual.com\/page\/el-museo-nacional-del-prado-presenta-la-exposicion-historias-naturales-un-proyecto-de-miguel-angel-blanco\/#breadcrumb","itemListElement":[{"@type":"ListItem","position":1,"name":"Portada","item":"https:\/\/patrimonioactual.com\/page\/"},{"@type":"ListItem","position":2,"name":"El Museo Nacional del Prado presenta la exposici\u00f3n \u201cHistorias Naturales. Un proyecto de Miguel \u00c1ngel Blanco\u201d"}]},{"@type":"WebSite","@id":"https:\/\/patrimonioactual.com\/page\/#website","url":"https:\/\/patrimonioactual.com\/page\/","name":"Patrimonio Actual, ciudades, sitios y espacios naturales declarados Patrimonio de la Humanidad por la UNESCO","description":"Revista digital que busca informar a un p\u00fablico objetivo amplio, de los acontecimientos mundiales que se producen en torno a la informaci\u00f3n del patrimonio cultural, natural, inmaterial y tur\u00edstico-cultural de ciudades y espacios naturales, Patrimonio de la Humanidad declarados por la UNESCO.","potentialAction":[{"@type":"SearchAction","target":{"@type":"EntryPoint","urlTemplate":"https:\/\/patrimonioactual.com\/page\/?s={search_term_string}"},"query-input":{"@type":"PropertyValueSpecification","valueRequired":true,"valueName":"search_term_string"}}],"inLanguage":"es"},{"@type":"Person","@id":"https:\/\/patrimonioactual.com\/page\/#\/schema\/person\/76850d24a9bd508e8e44db1faeab630e","name":"admin","image":{"@type":"ImageObject","inLanguage":"es","@id":"https:\/\/secure.gravatar.com\/avatar\/48168d7e7932867b9131639a989484f6c50ddc0e7a6d380e506072a10e5df39d?s=96&d=mm&r=g","url":"https:\/\/secure.gravatar.com\/avatar\/48168d7e7932867b9131639a989484f6c50ddc0e7a6d380e506072a10e5df39d?s=96&d=mm&r=g","contentUrl":"https:\/\/secure.gravatar.com\/avatar\/48168d7e7932867b9131639a989484f6c50ddc0e7a6d380e506072a10e5df39d?s=96&d=mm&r=g","caption":"admin"},"sameAs":["http:\/\/facebook.com\/patrimonio.actual","https:\/\/x.com\/P_actual"],"url":"https:\/\/patrimonioactual.com\/page\/author\/juan\/"}]}},"_links":{"self":[{"href":"https:\/\/patrimonioactual.com\/page\/wp-json\/wp\/v2\/posts\/5971","targetHints":{"allow":["GET"]}}],"collection":[{"href":"https:\/\/patrimonioactual.com\/page\/wp-json\/wp\/v2\/posts"}],"about":[{"href":"https:\/\/patrimonioactual.com\/page\/wp-json\/wp\/v2\/types\/post"}],"author":[{"embeddable":true,"href":"https:\/\/patrimonioactual.com\/page\/wp-json\/wp\/v2\/users\/1"}],"replies":[{"embeddable":true,"href":"https:\/\/patrimonioactual.com\/page\/wp-json\/wp\/v2\/comments?post=5971"}],"version-history":[{"count":1,"href":"https:\/\/patrimonioactual.com\/page\/wp-json\/wp\/v2\/posts\/5971\/revisions"}],"predecessor-version":[{"id":5973,"href":"https:\/\/patrimonioactual.com\/page\/wp-json\/wp\/v2\/posts\/5971\/revisions\/5973"}],"wp:attachment":[{"href":"https:\/\/patrimonioactual.com\/page\/wp-json\/wp\/v2\/media?parent=5971"}],"wp:term":[{"taxonomy":"category","embeddable":true,"href":"https:\/\/patrimonioactual.com\/page\/wp-json\/wp\/v2\/categories?post=5971"},{"taxonomy":"post_tag","embeddable":true,"href":"https:\/\/patrimonioactual.com\/page\/wp-json\/wp\/v2\/tags?post=5971"}],"curies":[{"name":"wp","href":"https:\/\/api.w.org\/{rel}","templated":true}]}}