{"id":5974,"date":"2013-11-19T19:07:27","date_gmt":"2013-11-19T17:07:27","guid":{"rendered":"http:\/\/patrimonioactual.com\/page\/?p=5974"},"modified":"2013-11-19T19:07:27","modified_gmt":"2013-11-19T17:07:27","slug":"la-escritora-mexicana-elena-poniatowska-premio-cervantes-2013","status":"publish","type":"post","link":"https:\/\/patrimonioactual.com\/page\/la-escritora-mexicana-elena-poniatowska-premio-cervantes-2013\/","title":{"rendered":"La escritora mexicana Elena Poniatowska, Premio Cervantes 2013"},"content":{"rendered":"<h2 style=\"text-align: justify;\"><a href=\"http:\/\/patrimonioactual.com\/page\/wp-content\/uploads\/2013\/11\/Elena-Poniatowska.jpg\"><img loading=\"lazy\" decoding=\"async\" class=\"alignleft  wp-image-5975\" title=\"Elena Poniatowska. Premio Cervantes 2013\" alt=\"Elena Poniatowska. Premio Cervantes 2013\" src=\"http:\/\/patrimonioactual.com\/page\/wp-content\/uploads\/2013\/11\/Elena-Poniatowska.jpg\" width=\"615\" height=\"461\" srcset=\"https:\/\/patrimonioactual.com\/page\/wp-content\/uploads\/2013\/11\/Elena-Poniatowska.jpg 615w, https:\/\/patrimonioactual.com\/page\/wp-content\/uploads\/2013\/11\/Elena-Poniatowska-300x224.jpg 300w\" sizes=\"auto, (max-width: 615px) 100vw, 615px\" \/><\/a><\/h2>\n<h2 style=\"text-align: justify;\"><b>El jurado, seg\u00fan recoge el acta, se lo ha otorgado a Elena Poniatowska \u201cpor una brillante trayectoria literaria en diversos g\u00e9neros, de manera particular en la narrativa y en su dedicaci\u00f3n ejemplar al periodismo<\/b><\/h2>\n<p align=\"left\">Elena Poniatowska ha sido galardonada hoy con el <a href=\"http:\/\/patrimonioactual.com\/page\/?s=Premio+de+Literatura+en+Lengua+Castellana+Miguel+de+Cervantes+\">Premio de Literatura en Lengua Castellana Miguel de Cervantes<\/a> 2013. El fallo del Jurado ha sido anunciado por el <a href=\"http:\/\/patrimonioactual.com\/page\/?s=ministro+de+Educaci%C3%B3n%2C+Cultura+y+Deporte+\">ministro de Educaci\u00f3n, Cultura y Deporte<\/a> de Espa\u00f1a, <a href=\"http:\/\/patrimonioactual.com\/page\/?s=Jos%C3%A9+Ignacio+Wert\">Jos\u00e9 Ignacio Wert<\/a>, en un acto celebrado en la sede de la <a href=\"http:\/\/patrimonioactual.com\/page\/?s=Secretar%C3%ADa+de+Estado+de+Cultura\">Secretar\u00eda de Estado de Cultura<\/a>.<\/p>\n<p align=\"left\">La obra de Poniatowska destaca por su firme compromiso con la historia contempor\u00e1nea. Autora de obras emblem\u00e1ticas que describen el siglo XX desde una proyecci\u00f3n internacional e integradora. Elena Poniatowska constituye una de las voces m\u00e1s poderosas de la literatura en espa\u00f1ol de estos d\u00edas\u201d.<\/p>\n<p><b><span style=\"text-decoration: underline;\">El jurado<\/span><\/b><\/p>\n<p>El jurado ha estado compuesto por <a href=\"http:\/\/patrimonioactual.com\/page\/?s=Jos%C3%A9+Manuel+Caballero+Bonald+\">Jos\u00e9 Manuel Caballero Bonald<\/a> galardonado en la edici\u00f3n de 2012; <a href=\"http:\/\/patrimonioactual.com\/page\/?s=Jos%C3%A9+Manuel+Blecua+\">Jos\u00e9 Manuel Blecua Perdices<\/a>, miembro designado por la <a href=\"http:\/\/patrimonioactual.com\/page\/?s=Real+Academia+Espa%C3%B1ola\">Real Academia Espa\u00f1ola<\/a>; Ren\u00e9e Ferrer a propuesta de la Academia Paraguaya de la Lengua Espa\u00f1ola; Mar\u00eda Pilar Celma Valero, por la <a href=\"http:\/\/patrimonioactual.com\/page\/?s=Conferencia+de+Rectores+de+las+Universidades+Espa%C3%B1olas+\">Conferencia de Rectores de las Universidades Espa\u00f1olas<\/a> (CRUE); Diego Valad\u00e9s R\u00edos por la Uni\u00f3n de Universidades de Am\u00e9rica Latina (UDUAL); Mar\u00eda Dolores L\u00f3pez Enamorado por el director del <a href=\"http:\/\/patrimonioactual.com\/page\/?s=Instituto+Cervantes+\">Instituto Cervantes<\/a>; Fernando Rodr\u00edguez Lafuente, por el ministro de Educaci\u00f3n, Cultura y Deporte; Jos\u00e9 Luis Rodr\u00edguez Garc\u00eda, por la <a href=\"http:\/\/patrimonioactual.com\/page\/?s=Federaci%C3%B3n+de+Asociaciones+de+Periodistas+de+Espa%C3%B1a\">Federaci\u00f3n de Asociaciones de Periodistas de Espa\u00f1a<\/a> (FAPE); Ana Mar\u00eda Hern\u00e1ndez Vallen, por la Federaci\u00f3n Latinoamericana de Periodistas (FELAP); y Nagwa Mehrez por la Asociaci\u00f3n Internacional de Hispanistas.<\/p>\n<p align=\"left\"><b><span style=\"text-decoration: underline;\">Datos biogr\u00e1ficos<\/span><\/b><\/p>\n<p>Elena Poniatowska Amor<b> (<\/b>Par\u00eds, Francia 1932) es hija de padre franc\u00e9s de origen polaco y madre mexicana. A la edad de 21 a\u00f1os se dio a conocer como la autora de un nuevo periodismo que mezcla la informaci\u00f3n con la literatura en el diario \u201cExc\u00e9lsior\u201d. Hasta el momento ejerce su profesi\u00f3n en el peri\u00f3dico \u201cLa Jornada\u201d. Fue la primera mujer en recibir el Premio Nacional de Periodismo en 1978 y es becaria em\u00e9rita del Fondo Nacional para la Cultura y las Artes.<\/p>\n<p>Autora de m\u00e1s de 40 libros (ensayos, cuentos y testimonios traducidos a m\u00e1s de veinte idiomas), entre ellos destaca \u00a0\u201cHasta no verte Jes\u00fas m\u00edo\u201d, sobre la vida de una soldadera mexicana, (Premio Mazatl\u00e1n de novela 1970)\u00a0 o \u201cLa piel del cielo\u201d, ganadora del Premio Alfaguara de novela 2001 y del premio que otorga <a href=\"http:\/\/patrimonioactual.com\/page\/?s=China\">China<\/a> a la mejor novela de habla hispana en 2002.<\/p>\n<p>\u201cLa noche de Tlatelolco\u201d (1971) considerada un cl\u00e1sico y traducida al ingl\u00e9s como \u201cMassacre in M\u00e9xico\u201d (1975) es una historia oral del Movimiento Estudiantil de 1968, una cr\u00f3nica de la masacre del 2 de octubre de 1968, en la plaza de las Tres Culturas, Tlatelolco. Este poderoso testimonio sigue siendo el libro m\u00e1s vendido sobre el tema. A ra\u00edz de su publicaci\u00f3n le fue otorgado el premio \u201cXavier Villaurrutia\u201d, pero Poniatowska lo rechaz\u00f3 en una carta abierta a \u201cExc\u00e9lsior\u201d pregunt\u00e1ndole al presidente Luis Echeverr\u00eda: \u00bfqui\u00e9n va a premiar a los muertos?<\/p>\n<p>En diciembre de 2002, obtuvo el Premio Nacional de Artes y Ciencias, el m\u00e1ximo galard\u00f3n que otorga <a href=\"http:\/\/patrimonioactual.com\/page\/?s=M%C3%A9xico\">M\u00e9xico<\/a>. En 2006 recibi\u00f3 el premio a la trayectoria de la International Women\u2019s Media Foundation por toda una vida dedicada al periodismo comprometido con los valores de honestidad y valent\u00eda que esa fundaci\u00f3n defiende.<\/p>\n<p>En 2007 publica \u201cAmanecer en el z\u00f3calo\u201d, cr\u00f3nica sobre el plant\u00f3n poselectoral en Avenida Reforma. En ese mismo a\u00f1o obtiene el Premio R\u00f3mulo Gallegos, m\u00e1ximo galard\u00f3n del gobierno de <a href=\"http:\/\/patrimonioactual.com\/page\/?s=Venezuela\">Venezuela<\/a> por su novela \u201cEl tren pasa primero\u201d que trata de la vida de los ferroviarios mexicanos durante un per\u00edodo cr\u00edtico de la historia sindical mexicana y denuncia la corrupci\u00f3n de los l\u00edderes vendidos al gobierno.<\/p>\n<p>El Gobierno del Distrito Federal instituy\u00f3 en 2007 el \u00abPremio Iberoamericano de Novela Elena Poniatowska\u00bb en su honor, y en 2012 bautiz\u00f3 con el nombre de Elena Poniatowska un tren de la l\u00ednea 12 del Sistema de Transporte Colectivo, Metro, en homenaje a la trayectoria de la escritora. Asimismo, en este a\u00f1o 2013 \u00a0el Gobierno del Distrito Federal inaugura la \u00abEscuela Elena Poniatowska\u00bb en el Centro de Asistencia e Integraci\u00f3n Social (CAIS) \u00abVilla Mujeres\u00bb en la Colonia Patera Vallejo de la Delegaci\u00f3n Gustavo I. Madero.<\/p>\n<p>En tanto que periodista y escritora, ha obtenido t\u00edtulos honorarios como la Legi\u00f3n de Honor, la m\u00e1s importante de las distinciones que otorga el gobierno de Francia (2004) y doctorados en humanidades de la New School of Social Research de <a href=\"http:\/\/patrimonioactual.com\/page\/?s=Nueva+York\">Nueva York<\/a>, de Manhattanville College y la Florida Atlantic University en los <a href=\"http:\/\/patrimonioactual.com\/page\/?s=Estados+Unidos\">Estados Unidos<\/a>, as\u00ed como el premio Mary Moors Cabot de periodismo en la Universidad de Columbia. En M\u00e9xico ha sido honrada con el doctorado por la <a href=\"http:\/\/patrimonioactual.com\/page\/?s=Universidad+Nacional+Aut%C3%B3noma+de+M%C3%A9xico\">Universidad Nacional Aut\u00f3noma de M\u00e9xico<\/a>, UNAM, la Universidad Aut\u00f3noma Metropolitana, UAM, la Universidad del Estado de M\u00e9xico, la Universidad Aut\u00f3noma de Puebla, la Universidad de Sinaloa y la de Cuautitl\u00e1n Izcalli. Asimismo ha sido conferencista y profesora invitada en universidades de Estados Unidos, <a href=\"http:\/\/patrimonioactual.com\/page\/?s=Europa\">Europa<\/a> y <a href=\"http:\/\/patrimonioactual.com\/page\/?s=Asia\">Asia<\/a>.<\/p>\n<p><b><span style=\"text-decoration: underline;\">Historia del Premio<\/span><\/b><\/p>\n<p>Mediante la concesi\u00f3n de este Premio, que est\u00e1 dotado con 125.000 euros, se rinde anualmente p\u00fablico testimonio de admiraci\u00f3n a la figura de un escritor que, con el conjunto de su obra, haya contribuido a enriquecer el legado\u00a0 literario hisp\u00e1nico.<\/p>\n<p>Puede ser galardonado con el Premio Cervantes cualquier autor cuya obra literaria est\u00e9 escrita totalmente, o en parte esencial, en castellano. Los candidatos al Premio los pueden presentar las Academias de la Lengua Espa\u00f1ola, los autores premiados en anteriores convocatorias, las instituciones que, por su naturaleza, fines o contenidos, est\u00e9n vinculadas a la literatura en lengua castellana y los miembros del Jurado.<\/p>\n<p>La relaci\u00f3n de los galardonados constituye una clara evidencia de la significaci\u00f3n del Premio para la cultura en lengua castellana:<\/p>\n<p>1976\u00a0\u00a0\u00a0\u00a0\u00a0\u00a0\u00a0\u00a0\u00a0\u00a0\u00a0\u00a0\u00a0\u00a0\u00a0\u00a0\u00a0\u00a0\u00a0 Jorge Guill\u00e9n<\/p>\n<p>1977\u00a0\u00a0\u00a0\u00a0\u00a0\u00a0\u00a0\u00a0\u00a0\u00a0\u00a0\u00a0\u00a0\u00a0\u00a0\u00a0\u00a0\u00a0\u00a0 Alejo Carpentier<\/p>\n<p>1978\u00a0\u00a0\u00a0\u00a0\u00a0\u00a0\u00a0\u00a0\u00a0\u00a0\u00a0\u00a0\u00a0\u00a0\u00a0\u00a0\u00a0\u00a0\u00a0 D\u00e1maso Alonso<\/p>\n<p>1979\u00a0\u00a0\u00a0\u00a0\u00a0\u00a0\u00a0\u00a0\u00a0\u00a0\u00a0\u00a0\u00a0\u00a0\u00a0\u00a0\u00a0\u00a0\u00a0 Jorge Luis Borges y Gerardo Diego<\/p>\n<p>1980\u00a0\u00a0\u00a0\u00a0\u00a0\u00a0\u00a0\u00a0\u00a0\u00a0\u00a0\u00a0\u00a0\u00a0\u00a0\u00a0\u00a0\u00a0\u00a0 Juan Carlos Onetti<\/p>\n<p>1981\u00a0\u00a0\u00a0\u00a0\u00a0\u00a0\u00a0\u00a0\u00a0\u00a0\u00a0\u00a0\u00a0\u00a0\u00a0\u00a0\u00a0\u00a0\u00a0 Octavio Paz<\/p>\n<p>1982\u00a0\u00a0\u00a0\u00a0\u00a0\u00a0\u00a0\u00a0\u00a0\u00a0\u00a0\u00a0\u00a0\u00a0\u00a0\u00a0\u00a0\u00a0\u00a0 Luis Rosales<\/p>\n<p>1983\u00a0\u00a0\u00a0\u00a0\u00a0\u00a0\u00a0\u00a0\u00a0\u00a0\u00a0\u00a0\u00a0\u00a0\u00a0\u00a0\u00a0\u00a0\u00a0 Rafael Alberti<\/p>\n<p>1984\u00a0\u00a0\u00a0\u00a0\u00a0\u00a0\u00a0\u00a0\u00a0\u00a0\u00a0\u00a0\u00a0\u00a0\u00a0\u00a0\u00a0\u00a0\u00a0 Ernesto S\u00e1bato<\/p>\n<p>1985\u00a0\u00a0\u00a0\u00a0\u00a0\u00a0\u00a0\u00a0\u00a0\u00a0\u00a0\u00a0\u00a0\u00a0\u00a0\u00a0\u00a0\u00a0\u00a0 Gonzalo Torrente Ballester<\/p>\n<p>1986\u00a0\u00a0\u00a0\u00a0\u00a0\u00a0\u00a0\u00a0\u00a0\u00a0\u00a0 \u00a0\u00a0\u00a0\u00a0\u00a0\u00a0\u00a0\u00a0\u00a0\u00a0 Antonio Buero Vallejo<\/p>\n<p>1987\u00a0\u00a0\u00a0\u00a0\u00a0\u00a0\u00a0\u00a0\u00a0\u00a0\u00a0 \u00a0\u00a0\u00a0\u00a0\u00a0\u00a0\u00a0\u00a0\u00a0\u00a0 Carlos Fuentes<\/p>\n<p>1988\u00a0\u00a0\u00a0\u00a0\u00a0\u00a0\u00a0\u00a0\u00a0\u00a0\u00a0 \u00a0\u00a0\u00a0\u00a0\u00a0\u00a0\u00a0\u00a0\u00a0\u00a0 Maria Zambrano<\/p>\n<p>1989\u00a0\u00a0\u00a0\u00a0\u00a0\u00a0\u00a0\u00a0\u00a0\u00a0\u00a0 \u00a0\u00a0\u00a0\u00a0\u00a0\u00a0\u00a0\u00a0\u00a0\u00a0 Augusto Roa Bastos<\/p>\n<p>1990\u00a0\u00a0\u00a0\u00a0\u00a0\u00a0\u00a0\u00a0\u00a0\u00a0\u00a0 \u00a0\u00a0\u00a0\u00a0\u00a0\u00a0\u00a0\u00a0\u00a0\u00a0 Adolfo Bioy Casares<\/p>\n<p>1991\u00a0\u00a0\u00a0\u00a0\u00a0\u00a0\u00a0\u00a0\u00a0\u00a0\u00a0 \u00a0\u00a0\u00a0\u00a0\u00a0\u00a0\u00a0\u00a0\u00a0\u00a0 Francisco Ayala<\/p>\n<p>1992\u00a0\u00a0\u00a0\u00a0\u00a0\u00a0\u00a0\u00a0\u00a0\u00a0\u00a0 \u00a0\u00a0\u00a0\u00a0\u00a0\u00a0\u00a0\u00a0\u00a0\u00a0 Dulce Mar\u00eda Loynaz<\/p>\n<p>1993\u00a0\u00a0\u00a0\u00a0\u00a0\u00a0\u00a0\u00a0\u00a0\u00a0\u00a0 \u00a0\u00a0\u00a0\u00a0\u00a0\u00a0\u00a0\u00a0\u00a0\u00a0 Miguel Delibes<\/p>\n<p>1994\u00a0\u00a0\u00a0\u00a0\u00a0\u00a0\u00a0\u00a0\u00a0\u00a0\u00a0 \u00a0\u00a0\u00a0\u00a0\u00a0\u00a0\u00a0\u00a0\u00a0\u00a0 Mario Vargas Llosa<\/p>\n<p>1995\u00a0\u00a0\u00a0\u00a0\u00a0\u00a0\u00a0\u00a0\u00a0\u00a0\u00a0 \u00a0\u00a0\u00a0\u00a0\u00a0\u00a0\u00a0\u00a0\u00a0\u00a0 Camilo Jos\u00e9 Cela<\/p>\n<p>1996\u00a0\u00a0\u00a0\u00a0\u00a0\u00a0\u00a0\u00a0\u00a0\u00a0\u00a0 \u00a0\u00a0\u00a0\u00a0\u00a0\u00a0\u00a0\u00a0\u00a0\u00a0 Jos\u00e9 Garc\u00eda Nieto<\/p>\n<p>1997\u00a0\u00a0\u00a0\u00a0\u00a0\u00a0\u00a0\u00a0\u00a0\u00a0\u00a0 \u00a0\u00a0\u00a0\u00a0\u00a0\u00a0\u00a0\u00a0\u00a0\u00a0 Guillermo Cabrera Infante<\/p>\n<p>1998\u00a0\u00a0\u00a0\u00a0\u00a0\u00a0\u00a0\u00a0\u00a0\u00a0\u00a0 \u00a0\u00a0\u00a0\u00a0\u00a0\u00a0\u00a0\u00a0\u00a0\u00a0 Jos\u00e9 Hierro<\/p>\n<p>1999\u00a0\u00a0\u00a0\u00a0\u00a0\u00a0\u00a0\u00a0\u00a0\u00a0\u00a0 \u00a0\u00a0\u00a0\u00a0\u00a0\u00a0\u00a0\u00a0\u00a0\u00a0 Jorge Edwards<\/p>\n<p>2000\u00a0\u00a0\u00a0\u00a0\u00a0\u00a0\u00a0\u00a0\u00a0\u00a0\u00a0 \u00a0\u00a0\u00a0\u00a0\u00a0\u00a0\u00a0\u00a0\u00a0\u00a0 Francisco Umbral<\/p>\n<p>2001\u00a0\u00a0\u00a0\u00a0\u00a0\u00a0\u00a0\u00a0\u00a0\u00a0\u00a0 \u00a0\u00a0\u00a0\u00a0\u00a0\u00a0\u00a0\u00a0\u00a0\u00a0 \u00c1lvaro Mutis<\/p>\n<p>2002\u00a0\u00a0\u00a0\u00a0\u00a0\u00a0\u00a0\u00a0\u00a0\u00a0\u00a0 \u00a0\u00a0\u00a0\u00a0\u00a0\u00a0\u00a0\u00a0\u00a0\u00a0 Jos\u00e9 Jim\u00e9nez Lozano<\/p>\n<p>2003\u00a0\u00a0\u00a0\u00a0\u00a0\u00a0\u00a0\u00a0\u00a0\u00a0\u00a0 \u00a0\u00a0\u00a0\u00a0\u00a0\u00a0\u00a0\u00a0\u00a0\u00a0 Gonzalo Rojas<\/p>\n<p>2004\u00a0\u00a0\u00a0\u00a0\u00a0\u00a0\u00a0\u00a0\u00a0\u00a0\u00a0 \u00a0\u00a0\u00a0\u00a0\u00a0\u00a0\u00a0\u00a0\u00a0\u00a0 Rafael S\u00e1nchez Ferlosio<\/p>\n<p>2005\u00a0\u00a0\u00a0\u00a0\u00a0\u00a0\u00a0\u00a0\u00a0\u00a0\u00a0 \u00a0\u00a0\u00a0\u00a0\u00a0\u00a0\u00a0\u00a0\u00a0\u00a0 Sergio Pitol<\/p>\n<p>2006\u00a0\u00a0\u00a0\u00a0\u00a0\u00a0\u00a0\u00a0\u00a0\u00a0\u00a0 \u00a0\u00a0\u00a0\u00a0\u00a0\u00a0\u00a0\u00a0\u00a0\u00a0Antonio Gamoneda<\/p>\n<p>2007\u00a0\u00a0\u00a0\u00a0\u00a0\u00a0\u00a0\u00a0\u00a0\u00a0\u00a0 \u00a0\u00a0\u00a0\u00a0\u00a0\u00a0\u00a0\u00a0\u00a0\u00a0Juan Gelman<\/p>\n<p>2008\u00a0\u00a0\u00a0\u00a0\u00a0\u00a0\u00a0\u00a0\u00a0\u00a0\u00a0 \u00a0\u00a0\u00a0\u00a0\u00a0\u00a0\u00a0\u00a0\u00a0\u00a0Juan Mars\u00e9<\/p>\n<p>2009\u00a0\u00a0\u00a0\u00a0\u00a0\u00a0\u00a0\u00a0\u00a0\u00a0\u00a0\u00a0\u00a0\u00a0\u00a0\u00a0\u00a0\u00a0\u00a0\u00a0\u00a0\u00a0\u00a0\u00a0\u00a0 Jos\u00e9 Emilio Pacheco<\/p>\n<p>2010\u00a0\u00a0\u00a0\u00a0\u00a0\u00a0\u00a0\u00a0\u00a0\u00a0\u00a0\u00a0\u00a0\u00a0\u00a0\u00a0\u00a0\u00a0\u00a0\u00a0\u00a0\u00a0\u00a0\u00a0\u00a0 Ana Mar\u00eda Matute<\/p>\n<p>2011\u00a0\u00a0\u00a0\u00a0\u00a0\u00a0\u00a0\u00a0\u00a0\u00a0\u00a0\u00a0\u00a0\u00a0\u00a0\u00a0\u00a0\u00a0\u00a0\u00a0\u00a0\u00a0\u00a0\u00a0\u00a0 Nicanor Parra<\/p>\n<p>2012\u00a0\u00a0\u00a0\u00a0\u00a0\u00a0\u00a0\u00a0\u00a0\u00a0\u00a0\u00a0\u00a0\u00a0\u00a0\u00a0\u00a0\u00a0\u00a0\u00a0\u00a0\u00a0\u00a0\u00a0\u00a0 Jos\u00e9 Manuel Caballero Bonald<\/p>\n","protected":false},"excerpt":{"rendered":"<p>El jurado, seg\u00fan recoge el acta, se lo ha otorgado a Elena Poniatowska \u201cpor una brillante trayectoria literaria en diversos g\u00e9neros, de manera particular en la narrativa y en su dedicaci\u00f3n ejemplar al periodismo Elena Poniatowska ha sido galardonada hoy con el Premio de Literatura en Lengua Castellana Miguel de Cervantes 2013. El fallo del [&hellip;]<\/p>\n","protected":false},"author":1,"featured_media":0,"comment_status":"open","ping_status":"open","sticky":false,"template":"","format":"standard","meta":{"footnotes":""},"categories":[1,11,39],"tags":[133,614,281],"class_list":["post-5974","post","type-post","status-publish","format-standard","category-patrimonio-cultural","category-personaje-ilustre","category-ultimas-noticias","tag-jose-ignacio-wert","tag-mexico","tag-premio-cervantes"],"yoast_head":"<!-- This site is optimized with the Yoast SEO plugin v27.4 - https:\/\/yoast.com\/product\/yoast-seo-wordpress\/ -->\n<title>La escritora mexicana Elena Poniatowska, Premio Cervantes 2013<\/title>\n<meta name=\"description\" content=\"El jurado, seg\u00fan recoge el acta, se lo ha otorgado a Elena Poniatowska \u201cpor una brillante trayectoria literaria en diversos g\u00e9neros, de manera particular en la narrativa y en su dedicaci\u00f3n ejemplar al periodismo\" \/>\n<meta name=\"robots\" content=\"index, follow, max-snippet:-1, max-image-preview:large, max-video-preview:-1\" \/>\n<link rel=\"canonical\" href=\"https:\/\/patrimonioactual.com\/page\/la-escritora-mexicana-elena-poniatowska-premio-cervantes-2013\/\" \/>\n<meta property=\"og:locale\" content=\"es_ES\" \/>\n<meta property=\"og:type\" content=\"article\" \/>\n<meta property=\"og:title\" content=\"La escritora mexicana Elena Poniatowska, Premio Cervantes 2013\" \/>\n<meta property=\"og:description\" content=\"El jurado, seg\u00fan recoge el acta, se lo ha otorgado a Elena Poniatowska \u201cpor una brillante trayectoria literaria en diversos g\u00e9neros, de manera particular en la narrativa y en su dedicaci\u00f3n ejemplar al periodismo\" \/>\n<meta property=\"og:url\" content=\"https:\/\/patrimonioactual.com\/page\/la-escritora-mexicana-elena-poniatowska-premio-cervantes-2013\/\" \/>\n<meta property=\"og:site_name\" content=\"Patrimonio Actual, ciudades, sitios y espacios naturales declarados Patrimonio de la Humanidad por la UNESCO\" \/>\n<meta property=\"article:publisher\" content=\"https:\/\/www.facebook.com\/P.actual\" \/>\n<meta property=\"article:author\" content=\"http:\/\/facebook.com\/patrimonio.actual\" \/>\n<meta property=\"article:published_time\" content=\"2013-11-19T17:07:27+00:00\" \/>\n<meta property=\"og:image\" content=\"http:\/\/patrimonioactual.com\/page\/wp-content\/uploads\/2013\/11\/Elena-Poniatowska.jpg\" \/>\n<meta name=\"author\" content=\"admin\" \/>\n<meta name=\"twitter:card\" content=\"summary_large_image\" \/>\n<meta name=\"twitter:creator\" content=\"@P_actual\" \/>\n<meta name=\"twitter:site\" content=\"@P_actual\" \/>\n<meta name=\"twitter:label1\" content=\"Escrito por\" \/>\n\t<meta name=\"twitter:data1\" content=\"admin\" \/>\n\t<meta name=\"twitter:label2\" content=\"Tiempo de lectura\" \/>\n\t<meta name=\"twitter:data2\" content=\"6 minutos\" \/>\n<script type=\"application\/ld+json\" class=\"yoast-schema-graph\">{\"@context\":\"https:\\\/\\\/schema.org\",\"@graph\":[{\"@type\":\"Article\",\"@id\":\"https:\\\/\\\/patrimonioactual.com\\\/page\\\/la-escritora-mexicana-elena-poniatowska-premio-cervantes-2013\\\/#article\",\"isPartOf\":{\"@id\":\"https:\\\/\\\/patrimonioactual.com\\\/page\\\/la-escritora-mexicana-elena-poniatowska-premio-cervantes-2013\\\/\"},\"author\":{\"name\":\"admin\",\"@id\":\"https:\\\/\\\/patrimonioactual.com\\\/page\\\/#\\\/schema\\\/person\\\/76850d24a9bd508e8e44db1faeab630e\"},\"headline\":\"La escritora mexicana Elena Poniatowska, Premio Cervantes 2013\",\"datePublished\":\"2013-11-19T17:07:27+00:00\",\"mainEntityOfPage\":{\"@id\":\"https:\\\/\\\/patrimonioactual.com\\\/page\\\/la-escritora-mexicana-elena-poniatowska-premio-cervantes-2013\\\/\"},\"wordCount\":1125,\"commentCount\":0,\"image\":{\"@id\":\"https:\\\/\\\/patrimonioactual.com\\\/page\\\/la-escritora-mexicana-elena-poniatowska-premio-cervantes-2013\\\/#primaryimage\"},\"thumbnailUrl\":\"http:\\\/\\\/patrimonioactual.com\\\/page\\\/wp-content\\\/uploads\\\/2013\\\/11\\\/Elena-Poniatowska.jpg\",\"keywords\":[\"Jos\u00e9 Ignacio Wert\",\"M\u00e9xico\",\"premio cervantes\"],\"articleSection\":[\"Patrimonio Cultural\",\"Personaje Ilustre\",\"\u00daltimas Noticias\"],\"inLanguage\":\"es\",\"potentialAction\":[{\"@type\":\"CommentAction\",\"name\":\"Comment\",\"target\":[\"https:\\\/\\\/patrimonioactual.com\\\/page\\\/la-escritora-mexicana-elena-poniatowska-premio-cervantes-2013\\\/#respond\"]}]},{\"@type\":\"WebPage\",\"@id\":\"https:\\\/\\\/patrimonioactual.com\\\/page\\\/la-escritora-mexicana-elena-poniatowska-premio-cervantes-2013\\\/\",\"url\":\"https:\\\/\\\/patrimonioactual.com\\\/page\\\/la-escritora-mexicana-elena-poniatowska-premio-cervantes-2013\\\/\",\"name\":\"La escritora mexicana Elena Poniatowska, Premio Cervantes 2013\",\"isPartOf\":{\"@id\":\"https:\\\/\\\/patrimonioactual.com\\\/page\\\/#website\"},\"primaryImageOfPage\":{\"@id\":\"https:\\\/\\\/patrimonioactual.com\\\/page\\\/la-escritora-mexicana-elena-poniatowska-premio-cervantes-2013\\\/#primaryimage\"},\"image\":{\"@id\":\"https:\\\/\\\/patrimonioactual.com\\\/page\\\/la-escritora-mexicana-elena-poniatowska-premio-cervantes-2013\\\/#primaryimage\"},\"thumbnailUrl\":\"http:\\\/\\\/patrimonioactual.com\\\/page\\\/wp-content\\\/uploads\\\/2013\\\/11\\\/Elena-Poniatowska.jpg\",\"datePublished\":\"2013-11-19T17:07:27+00:00\",\"author\":{\"@id\":\"https:\\\/\\\/patrimonioactual.com\\\/page\\\/#\\\/schema\\\/person\\\/76850d24a9bd508e8e44db1faeab630e\"},\"description\":\"El jurado, seg\u00fan recoge el acta, se lo ha otorgado a Elena Poniatowska \u201cpor una brillante trayectoria literaria en diversos g\u00e9neros, de manera particular en la narrativa y en su dedicaci\u00f3n ejemplar al periodismo\",\"breadcrumb\":{\"@id\":\"https:\\\/\\\/patrimonioactual.com\\\/page\\\/la-escritora-mexicana-elena-poniatowska-premio-cervantes-2013\\\/#breadcrumb\"},\"inLanguage\":\"es\",\"potentialAction\":[{\"@type\":\"ReadAction\",\"target\":[\"https:\\\/\\\/patrimonioactual.com\\\/page\\\/la-escritora-mexicana-elena-poniatowska-premio-cervantes-2013\\\/\"]}]},{\"@type\":\"ImageObject\",\"inLanguage\":\"es\",\"@id\":\"https:\\\/\\\/patrimonioactual.com\\\/page\\\/la-escritora-mexicana-elena-poniatowska-premio-cervantes-2013\\\/#primaryimage\",\"url\":\"http:\\\/\\\/patrimonioactual.com\\\/page\\\/wp-content\\\/uploads\\\/2013\\\/11\\\/Elena-Poniatowska.jpg\",\"contentUrl\":\"http:\\\/\\\/patrimonioactual.com\\\/page\\\/wp-content\\\/uploads\\\/2013\\\/11\\\/Elena-Poniatowska.jpg\"},{\"@type\":\"BreadcrumbList\",\"@id\":\"https:\\\/\\\/patrimonioactual.com\\\/page\\\/la-escritora-mexicana-elena-poniatowska-premio-cervantes-2013\\\/#breadcrumb\",\"itemListElement\":[{\"@type\":\"ListItem\",\"position\":1,\"name\":\"Portada\",\"item\":\"https:\\\/\\\/patrimonioactual.com\\\/page\\\/\"},{\"@type\":\"ListItem\",\"position\":2,\"name\":\"La escritora mexicana Elena Poniatowska, Premio Cervantes 2013\"}]},{\"@type\":\"WebSite\",\"@id\":\"https:\\\/\\\/patrimonioactual.com\\\/page\\\/#website\",\"url\":\"https:\\\/\\\/patrimonioactual.com\\\/page\\\/\",\"name\":\"Patrimonio Actual, ciudades, sitios y espacios naturales declarados Patrimonio de la Humanidad por la UNESCO\",\"description\":\"Revista digital que busca informar a un p\u00fablico objetivo amplio, de los acontecimientos mundiales que se producen en torno a la informaci\u00f3n del patrimonio cultural, natural, inmaterial y tur\u00edstico-cultural de ciudades y espacios naturales, Patrimonio de la Humanidad declarados por la UNESCO.\",\"potentialAction\":[{\"@type\":\"SearchAction\",\"target\":{\"@type\":\"EntryPoint\",\"urlTemplate\":\"https:\\\/\\\/patrimonioactual.com\\\/page\\\/?s={search_term_string}\"},\"query-input\":{\"@type\":\"PropertyValueSpecification\",\"valueRequired\":true,\"valueName\":\"search_term_string\"}}],\"inLanguage\":\"es\"},{\"@type\":\"Person\",\"@id\":\"https:\\\/\\\/patrimonioactual.com\\\/page\\\/#\\\/schema\\\/person\\\/76850d24a9bd508e8e44db1faeab630e\",\"name\":\"admin\",\"image\":{\"@type\":\"ImageObject\",\"inLanguage\":\"es\",\"@id\":\"https:\\\/\\\/secure.gravatar.com\\\/avatar\\\/48168d7e7932867b9131639a989484f6c50ddc0e7a6d380e506072a10e5df39d?s=96&d=mm&r=g\",\"url\":\"https:\\\/\\\/secure.gravatar.com\\\/avatar\\\/48168d7e7932867b9131639a989484f6c50ddc0e7a6d380e506072a10e5df39d?s=96&d=mm&r=g\",\"contentUrl\":\"https:\\\/\\\/secure.gravatar.com\\\/avatar\\\/48168d7e7932867b9131639a989484f6c50ddc0e7a6d380e506072a10e5df39d?s=96&d=mm&r=g\",\"caption\":\"admin\"},\"sameAs\":[\"http:\\\/\\\/facebook.com\\\/patrimonio.actual\",\"https:\\\/\\\/x.com\\\/P_actual\"],\"url\":\"https:\\\/\\\/patrimonioactual.com\\\/page\\\/author\\\/juan\\\/\"}]}<\/script>\n<!-- \/ Yoast SEO plugin. -->","yoast_head_json":{"title":"La escritora mexicana Elena Poniatowska, Premio Cervantes 2013","description":"El jurado, seg\u00fan recoge el acta, se lo ha otorgado a Elena Poniatowska \u201cpor una brillante trayectoria literaria en diversos g\u00e9neros, de manera particular en la narrativa y en su dedicaci\u00f3n ejemplar al periodismo","robots":{"index":"index","follow":"follow","max-snippet":"max-snippet:-1","max-image-preview":"max-image-preview:large","max-video-preview":"max-video-preview:-1"},"canonical":"https:\/\/patrimonioactual.com\/page\/la-escritora-mexicana-elena-poniatowska-premio-cervantes-2013\/","og_locale":"es_ES","og_type":"article","og_title":"La escritora mexicana Elena Poniatowska, Premio Cervantes 2013","og_description":"El jurado, seg\u00fan recoge el acta, se lo ha otorgado a Elena Poniatowska \u201cpor una brillante trayectoria literaria en diversos g\u00e9neros, de manera particular en la narrativa y en su dedicaci\u00f3n ejemplar al periodismo","og_url":"https:\/\/patrimonioactual.com\/page\/la-escritora-mexicana-elena-poniatowska-premio-cervantes-2013\/","og_site_name":"Patrimonio Actual, ciudades, sitios y espacios naturales declarados Patrimonio de la Humanidad por la UNESCO","article_publisher":"https:\/\/www.facebook.com\/P.actual","article_author":"http:\/\/facebook.com\/patrimonio.actual","article_published_time":"2013-11-19T17:07:27+00:00","og_image":[{"url":"http:\/\/patrimonioactual.com\/page\/wp-content\/uploads\/2013\/11\/Elena-Poniatowska.jpg","type":"","width":"","height":""}],"author":"admin","twitter_card":"summary_large_image","twitter_creator":"@P_actual","twitter_site":"@P_actual","twitter_misc":{"Escrito por":"admin","Tiempo de lectura":"6 minutos"},"schema":{"@context":"https:\/\/schema.org","@graph":[{"@type":"Article","@id":"https:\/\/patrimonioactual.com\/page\/la-escritora-mexicana-elena-poniatowska-premio-cervantes-2013\/#article","isPartOf":{"@id":"https:\/\/patrimonioactual.com\/page\/la-escritora-mexicana-elena-poniatowska-premio-cervantes-2013\/"},"author":{"name":"admin","@id":"https:\/\/patrimonioactual.com\/page\/#\/schema\/person\/76850d24a9bd508e8e44db1faeab630e"},"headline":"La escritora mexicana Elena Poniatowska, Premio Cervantes 2013","datePublished":"2013-11-19T17:07:27+00:00","mainEntityOfPage":{"@id":"https:\/\/patrimonioactual.com\/page\/la-escritora-mexicana-elena-poniatowska-premio-cervantes-2013\/"},"wordCount":1125,"commentCount":0,"image":{"@id":"https:\/\/patrimonioactual.com\/page\/la-escritora-mexicana-elena-poniatowska-premio-cervantes-2013\/#primaryimage"},"thumbnailUrl":"http:\/\/patrimonioactual.com\/page\/wp-content\/uploads\/2013\/11\/Elena-Poniatowska.jpg","keywords":["Jos\u00e9 Ignacio Wert","M\u00e9xico","premio cervantes"],"articleSection":["Patrimonio Cultural","Personaje Ilustre","\u00daltimas Noticias"],"inLanguage":"es","potentialAction":[{"@type":"CommentAction","name":"Comment","target":["https:\/\/patrimonioactual.com\/page\/la-escritora-mexicana-elena-poniatowska-premio-cervantes-2013\/#respond"]}]},{"@type":"WebPage","@id":"https:\/\/patrimonioactual.com\/page\/la-escritora-mexicana-elena-poniatowska-premio-cervantes-2013\/","url":"https:\/\/patrimonioactual.com\/page\/la-escritora-mexicana-elena-poniatowska-premio-cervantes-2013\/","name":"La escritora mexicana Elena Poniatowska, Premio Cervantes 2013","isPartOf":{"@id":"https:\/\/patrimonioactual.com\/page\/#website"},"primaryImageOfPage":{"@id":"https:\/\/patrimonioactual.com\/page\/la-escritora-mexicana-elena-poniatowska-premio-cervantes-2013\/#primaryimage"},"image":{"@id":"https:\/\/patrimonioactual.com\/page\/la-escritora-mexicana-elena-poniatowska-premio-cervantes-2013\/#primaryimage"},"thumbnailUrl":"http:\/\/patrimonioactual.com\/page\/wp-content\/uploads\/2013\/11\/Elena-Poniatowska.jpg","datePublished":"2013-11-19T17:07:27+00:00","author":{"@id":"https:\/\/patrimonioactual.com\/page\/#\/schema\/person\/76850d24a9bd508e8e44db1faeab630e"},"description":"El jurado, seg\u00fan recoge el acta, se lo ha otorgado a Elena Poniatowska \u201cpor una brillante trayectoria literaria en diversos g\u00e9neros, de manera particular en la narrativa y en su dedicaci\u00f3n ejemplar al periodismo","breadcrumb":{"@id":"https:\/\/patrimonioactual.com\/page\/la-escritora-mexicana-elena-poniatowska-premio-cervantes-2013\/#breadcrumb"},"inLanguage":"es","potentialAction":[{"@type":"ReadAction","target":["https:\/\/patrimonioactual.com\/page\/la-escritora-mexicana-elena-poniatowska-premio-cervantes-2013\/"]}]},{"@type":"ImageObject","inLanguage":"es","@id":"https:\/\/patrimonioactual.com\/page\/la-escritora-mexicana-elena-poniatowska-premio-cervantes-2013\/#primaryimage","url":"http:\/\/patrimonioactual.com\/page\/wp-content\/uploads\/2013\/11\/Elena-Poniatowska.jpg","contentUrl":"http:\/\/patrimonioactual.com\/page\/wp-content\/uploads\/2013\/11\/Elena-Poniatowska.jpg"},{"@type":"BreadcrumbList","@id":"https:\/\/patrimonioactual.com\/page\/la-escritora-mexicana-elena-poniatowska-premio-cervantes-2013\/#breadcrumb","itemListElement":[{"@type":"ListItem","position":1,"name":"Portada","item":"https:\/\/patrimonioactual.com\/page\/"},{"@type":"ListItem","position":2,"name":"La escritora mexicana Elena Poniatowska, Premio Cervantes 2013"}]},{"@type":"WebSite","@id":"https:\/\/patrimonioactual.com\/page\/#website","url":"https:\/\/patrimonioactual.com\/page\/","name":"Patrimonio Actual, ciudades, sitios y espacios naturales declarados Patrimonio de la Humanidad por la UNESCO","description":"Revista digital que busca informar a un p\u00fablico objetivo amplio, de los acontecimientos mundiales que se producen en torno a la informaci\u00f3n del patrimonio cultural, natural, inmaterial y tur\u00edstico-cultural de ciudades y espacios naturales, Patrimonio de la Humanidad declarados por la UNESCO.","potentialAction":[{"@type":"SearchAction","target":{"@type":"EntryPoint","urlTemplate":"https:\/\/patrimonioactual.com\/page\/?s={search_term_string}"},"query-input":{"@type":"PropertyValueSpecification","valueRequired":true,"valueName":"search_term_string"}}],"inLanguage":"es"},{"@type":"Person","@id":"https:\/\/patrimonioactual.com\/page\/#\/schema\/person\/76850d24a9bd508e8e44db1faeab630e","name":"admin","image":{"@type":"ImageObject","inLanguage":"es","@id":"https:\/\/secure.gravatar.com\/avatar\/48168d7e7932867b9131639a989484f6c50ddc0e7a6d380e506072a10e5df39d?s=96&d=mm&r=g","url":"https:\/\/secure.gravatar.com\/avatar\/48168d7e7932867b9131639a989484f6c50ddc0e7a6d380e506072a10e5df39d?s=96&d=mm&r=g","contentUrl":"https:\/\/secure.gravatar.com\/avatar\/48168d7e7932867b9131639a989484f6c50ddc0e7a6d380e506072a10e5df39d?s=96&d=mm&r=g","caption":"admin"},"sameAs":["http:\/\/facebook.com\/patrimonio.actual","https:\/\/x.com\/P_actual"],"url":"https:\/\/patrimonioactual.com\/page\/author\/juan\/"}]}},"_links":{"self":[{"href":"https:\/\/patrimonioactual.com\/page\/wp-json\/wp\/v2\/posts\/5974","targetHints":{"allow":["GET"]}}],"collection":[{"href":"https:\/\/patrimonioactual.com\/page\/wp-json\/wp\/v2\/posts"}],"about":[{"href":"https:\/\/patrimonioactual.com\/page\/wp-json\/wp\/v2\/types\/post"}],"author":[{"embeddable":true,"href":"https:\/\/patrimonioactual.com\/page\/wp-json\/wp\/v2\/users\/1"}],"replies":[{"embeddable":true,"href":"https:\/\/patrimonioactual.com\/page\/wp-json\/wp\/v2\/comments?post=5974"}],"version-history":[{"count":1,"href":"https:\/\/patrimonioactual.com\/page\/wp-json\/wp\/v2\/posts\/5974\/revisions"}],"predecessor-version":[{"id":5976,"href":"https:\/\/patrimonioactual.com\/page\/wp-json\/wp\/v2\/posts\/5974\/revisions\/5976"}],"wp:attachment":[{"href":"https:\/\/patrimonioactual.com\/page\/wp-json\/wp\/v2\/media?parent=5974"}],"wp:term":[{"taxonomy":"category","embeddable":true,"href":"https:\/\/patrimonioactual.com\/page\/wp-json\/wp\/v2\/categories?post=5974"},{"taxonomy":"post_tag","embeddable":true,"href":"https:\/\/patrimonioactual.com\/page\/wp-json\/wp\/v2\/tags?post=5974"}],"curies":[{"name":"wp","href":"https:\/\/api.w.org\/{rel}","templated":true}]}}