{"id":5977,"date":"2013-11-20T21:12:44","date_gmt":"2013-11-20T19:12:44","guid":{"rendered":"http:\/\/patrimonioactual.com\/page\/?p=5977"},"modified":"2013-11-20T21:12:44","modified_gmt":"2013-11-20T19:12:44","slug":"la-comision-acoge-con-satisfaccion-la-aprobacion-del-programa-europa-creativa-por-el-parlamento-europeo","status":"publish","type":"post","link":"https:\/\/patrimonioactual.com\/page\/la-comision-acoge-con-satisfaccion-la-aprobacion-del-programa-europa-creativa-por-el-parlamento-europeo\/","title":{"rendered":"La Comisi\u00f3n acoge con satisfacci\u00f3n la aprobaci\u00f3n del programa Europa Creativa por el Parlamento Europeo"},"content":{"rendered":"<p><b><a href=\"http:\/\/patrimonioactual.com\/page\/wp-content\/uploads\/2013\/11\/Comisi\u00f3n-Europea-Logotipo.jpg\"><img loading=\"lazy\" decoding=\"async\" class=\"alignleft  wp-image-5978\" title=\"Comisi\u00f3n Europea\" alt=\"Comisi\u00f3n Europea\" src=\"http:\/\/patrimonioactual.com\/page\/wp-content\/uploads\/2013\/11\/Comisi\u00f3n-Europea-Logotipo.jpg\" width=\"615\" height=\"423\" srcset=\"https:\/\/patrimonioactual.com\/page\/wp-content\/uploads\/2013\/11\/Comisi\u00f3n-Europea-Logotipo.jpg 615w, https:\/\/patrimonioactual.com\/page\/wp-content\/uploads\/2013\/11\/Comisi\u00f3n-Europea-Logotipo-300x206.jpg 300w\" sizes=\"auto, (max-width: 615px) 100vw, 615px\" \/><\/a><\/b><\/p>\n<h2 style=\"text-align: justify;\"><b>La cultura europea, el cine, la televisi\u00f3n, la m\u00fasica, la literatura, las artes esc\u00e9nicas, el patrimonio y las \u00e1reas relacionadas se beneficiar\u00e1n de un mayor apoyo con el nuevo programa Europa Creativa de la Comisi\u00f3n Europea, que fue aprobado por el Parlamento Europeo\u00a0<\/b><\/h2>\n<p>Con un presupuesto de 1.460.000.000 de \u20ac\u00a0durante los pr\u00f3ximos siete a\u00f1os &#8211; 9% m\u00e1s que los niveles actuales &#8211; el programa dar\u00e1 un impulso a los sectores culturales y creativos, que son una importante fuente de empleo y crecimiento.<\/p>\n<p>Europa Creativa proporcionar\u00e1 fondos por lo menos a 250.000 artistas y profesionales de la cultura, 2.000 cines, 800 pel\u00edculas y 4.500 traducciones de libros.\u00a0Tambi\u00e9n se pondr\u00e1 en marcha un nuevo mecanismo de garant\u00eda financiera permite a las peque\u00f1as empresas culturales y creativas para acceder hasta 750 millones de \u20ac en pr\u00e9stamos bancarios.<\/p>\n<p>Acogiendo con satisfacci\u00f3n la votaci\u00f3n realizada,\u00a0Androulla Vassiliou, Comisaria Europea de Educaci\u00f3n, Cultura, Multiling\u00fcismo y Juventud, ha declarado:\u00a0<i>\u00abEsta inversi\u00f3n es una gran noticia para la industria cinematogr\u00e1fica europea, para la cultura y las artes, y para el p\u00fablico, Europa Creativa permitir\u00e1 a nuestros sectores culturales dinamizar para crear nuevos puestos de trabajo y contribuir m\u00e1s a la econom\u00eda de la UE. Asimismo, permitir\u00e1 a miles de artistas con talento llegar a nuevos p\u00fablicos en Europa y m\u00e1s all\u00e1, a la vez que promover\u00e1 la diversidad cultural y ling\u00fc\u00edstica. Adem\u00e1s de ofrecer niveles considerables de subvenciones, el mecanismo de garant\u00eda es impulsar el acceso a la financiaci\u00f3n de cientos de peque\u00f1as empresas \u00ab,<\/i>\u00a0agreg\u00f3.<\/p>\n<p>Europa Creativa se basa en la experiencia y el \u00e9xito de los programas Cultura y MEDIA, que han apoyado a los sectores cultural y audiovisual durante m\u00e1s de 20 a\u00f1os.\u00a0El nuevo programa incluye\u00a0un sub-programa MEDIA subprograma cultura, el apoyo a las artes esc\u00e9nicas y visuales, el patrimonio y otras \u00e1reas, y que proporcionar\u00e1 fondos para el cine y el sector audiovisual.\u00a0Un nuevo cap\u00edtulo intersectorial\u00a0apoyar\u00e1 la cooperaci\u00f3n pol\u00edtica, medidas transversales y el nuevo mecanismo de garant\u00eda financiera, que estar\u00e1 operativa a partir de 2016.<\/p>\n<p>Las\u00a0<a href=\"http:\/\/patrimonioactual.com\/page\/?s=Capitales+Europeas+de+la+Cultura\">Capitales Europeas de la Cultura<\/a>,\u00a0Sello de Patrimonio Europeo,\u00a0Jornadas europeas del <a href=\"http:\/\/patrimonioactual.com\/page\/?s=patrimonio\">patrimonio<\/a>\u00a0y de los cinco premios europeos (Premio Uni\u00f3n Europea de <a href=\"http:\/\/patrimonioactual.com\/page\/?s=patrimonio+cultural+\">Patrimonio Cultural<\/a> \/ <a href=\"http:\/\/patrimonioactual.com\/page\/?s=Europa+Nostra+\">Europa Nostra Awards<\/a>, Premio de Arquitectura Contempor\u00e1nea de la <a href=\"http:\/\/patrimonioactual.com\/page\/?s=Uni%C3%B3n+Europea\">Uni\u00f3n Europea<\/a>, el Premio de Literatura de la Uni\u00f3n Europea, European Border Breakers Awards, y el Premio MEDIA de la UE) tambi\u00e9n recibir\u00e1n el apoyo de Europa Creativa.<\/p>\n<p>El programa asignar\u00e1 al menos el 56% de su presupuesto\u00a0para el sub-programa MEDIA\u00a0y al menos 31% para el sub-programa Cultura.\u00a0Esto refleja en t\u00e9rminos generales el porcentaje de financiaci\u00f3n que las dos \u00e1reas reciben actualmente.\u00a0Un\u00a0m\u00e1ximo del 13% del presupuesto se destinar\u00e1 a la cadena intersectorial, que incluye soporte para Escritorios Europa Creativa \u00bb\u00a0en cada pa\u00eds participante, el asesoramiento a los posibles beneficiarios.\u00a0Alrededor de \u00a060 millones de \u20ac se destinar\u00e1n a la cooperaci\u00f3n pol\u00edtica y para fomentar enfoques innovadores para la captaci\u00f3n de audiencia y de nuevos modelos de negocio.<\/p>\n<p><b>Europa Creativa: \u00bfqui\u00e9n se beneficia?<\/b><\/p>\n<p>Europa Creativa apoyar\u00e1:<\/p>\n<ul>\n<li>250.000 artistas y profesionales de la cultura y de su trabajo, lo que les permite llegar a nuevos p\u00fablicos fuera de sus pa\u00edses de origen;<\/li>\n<li>M\u00e1s de 800 pel\u00edculas europeas recibir\u00e1n apoyo de distribuci\u00f3n para que puedan ser vistos por el p\u00fablico en toda <a href=\"http:\/\/patrimonioactual.com\/page\/?s=Europa+Nostra+\">Europa<\/a> y el mundo;<\/li>\n<li>Al menos 2.000 cines europeos se beneficiar\u00e1n de la financiaci\u00f3n, siempre que al menos el 50% de las pel\u00edculas que la pantalla son europeos;<\/li>\n<li>M\u00e1s de 4.500 libros y otras obras literarias recibir\u00e1n apoyo a la traducci\u00f3n, lo que permite a los autores ganan acceso a nuevos mercados y lectores para disfrutar de ellos en su lengua materna;<\/li>\n<li>Miles de organizaciones y profesionales de la cultura y el audiovisual se beneficiar\u00e1n de la financiaci\u00f3n de la formaci\u00f3n para adquirir nuevas habilidades y fortalecer su capacidad para trabajar a nivel internacional.<\/li>\n<\/ul>\n<p>Los sectores cultural y creativo europeos representan hasta el 4,5% del PIB de la <a href=\"http:\/\/patrimonioactual.com\/page\/?s=UE\">UE<\/a> y emplean a m\u00e1s de 8 millones de personas.\u00a0Europa Creativa les ayudar\u00e1 a contribuir a\u00fan m\u00e1s a la econom\u00eda europea, aprovechando las oportunidades creadas por la globalizaci\u00f3n y el cambio digital.\u00a0Tambi\u00e9n permitir\u00e1 a superar retos como la fragmentaci\u00f3n del mercado y las dificultades para acceder a la financiaci\u00f3n, as\u00ed como contribuir a una mejor formulaci\u00f3n de pol\u00edticas por lo que es m\u00e1s f\u00e1cil de compartir conocimientos y experiencias.<\/p>\n<p><b>Pr\u00f3ximos pasos<\/b><\/p>\n<p>El programa Europa Creativa se aprobar\u00e1 definitivamente por el Consejo (28 Estados miembros) en las pr\u00f3ximas semanas y que entrar\u00e1 en vigor en enero de 2014.<\/p>\n","protected":false},"excerpt":{"rendered":"<p>La cultura europea, el cine, la televisi\u00f3n, la m\u00fasica, la literatura, las artes esc\u00e9nicas, el patrimonio y las \u00e1reas relacionadas se beneficiar\u00e1n de un mayor apoyo con el nuevo programa Europa Creativa de la Comisi\u00f3n Europea, que fue aprobado por el Parlamento Europeo\u00a0 Con un presupuesto de 1.460.000.000 de \u20ac\u00a0durante los pr\u00f3ximos siete a\u00f1os &#8211; [&hellip;]<\/p>\n","protected":false},"author":1,"featured_media":0,"comment_status":"open","ping_status":"open","sticky":false,"template":"","format":"standard","meta":{"footnotes":""},"categories":[29,6,39],"tags":[695,138,135,462,1471],"class_list":["post-5977","post","type-post","status-publish","format-standard","category-el-mundo-al-dia","category-patrimonio-actual","category-ultimas-noticias","tag-comision-europea","tag-cultura","tag-europa-creativa","tag-parlamento-europeo","tag-patrimonio"],"yoast_head":"<!-- This site is optimized with the Yoast SEO plugin v27.4 - https:\/\/yoast.com\/product\/yoast-seo-wordpress\/ -->\n<title>La Comisi\u00f3n acoge con satisfacci\u00f3n la aprobaci\u00f3n del programa Europa Creativa por el Parlamento Europeo<\/title>\n<meta name=\"description\" content=\"La cultura europea, el cine, la televisi\u00f3n, la m\u00fasica, la literatura, las artes esc\u00e9nicas, el patrimonio y las \u00e1reas relacionadas se beneficiar\u00e1n de un mayor apoyo con el nuevo programa Europa Creativa de la Comisi\u00f3n Europea, que fue aprobado por el Parlamento Europeo\" \/>\n<meta name=\"robots\" content=\"index, follow, max-snippet:-1, max-image-preview:large, max-video-preview:-1\" \/>\n<link rel=\"canonical\" href=\"https:\/\/patrimonioactual.com\/page\/la-comision-acoge-con-satisfaccion-la-aprobacion-del-programa-europa-creativa-por-el-parlamento-europeo\/\" \/>\n<meta property=\"og:locale\" content=\"es_ES\" \/>\n<meta property=\"og:type\" content=\"article\" \/>\n<meta property=\"og:title\" content=\"La Comisi\u00f3n acoge con satisfacci\u00f3n la aprobaci\u00f3n del programa Europa Creativa por el Parlamento Europeo\" \/>\n<meta property=\"og:description\" content=\"La cultura europea, el cine, la televisi\u00f3n, la m\u00fasica, la literatura, las artes esc\u00e9nicas, el patrimonio y las \u00e1reas relacionadas se beneficiar\u00e1n de un mayor apoyo con el nuevo programa Europa Creativa de la Comisi\u00f3n Europea, que fue aprobado por el Parlamento Europeo\" \/>\n<meta property=\"og:url\" content=\"https:\/\/patrimonioactual.com\/page\/la-comision-acoge-con-satisfaccion-la-aprobacion-del-programa-europa-creativa-por-el-parlamento-europeo\/\" \/>\n<meta property=\"og:site_name\" content=\"Patrimonio Actual, ciudades, sitios y espacios naturales declarados Patrimonio de la Humanidad por la UNESCO\" \/>\n<meta property=\"article:publisher\" content=\"https:\/\/www.facebook.com\/P.actual\" \/>\n<meta property=\"article:author\" content=\"http:\/\/facebook.com\/patrimonio.actual\" \/>\n<meta property=\"article:published_time\" content=\"2013-11-20T19:12:44+00:00\" \/>\n<meta property=\"og:image\" content=\"http:\/\/patrimonioactual.com\/page\/wp-content\/uploads\/2013\/11\/Comisi\u00f3n-Europea-Logotipo.jpg\" \/>\n<meta name=\"author\" content=\"admin\" \/>\n<meta name=\"twitter:card\" content=\"summary_large_image\" \/>\n<meta name=\"twitter:creator\" content=\"@P_actual\" \/>\n<meta name=\"twitter:site\" content=\"@P_actual\" \/>\n<meta name=\"twitter:label1\" content=\"Escrito por\" \/>\n\t<meta name=\"twitter:data1\" content=\"admin\" \/>\n\t<meta name=\"twitter:label2\" content=\"Tiempo de lectura\" \/>\n\t<meta name=\"twitter:data2\" content=\"4 minutos\" \/>\n<script type=\"application\/ld+json\" class=\"yoast-schema-graph\">{\"@context\":\"https:\\\/\\\/schema.org\",\"@graph\":[{\"@type\":\"Article\",\"@id\":\"https:\\\/\\\/patrimonioactual.com\\\/page\\\/la-comision-acoge-con-satisfaccion-la-aprobacion-del-programa-europa-creativa-por-el-parlamento-europeo\\\/#article\",\"isPartOf\":{\"@id\":\"https:\\\/\\\/patrimonioactual.com\\\/page\\\/la-comision-acoge-con-satisfaccion-la-aprobacion-del-programa-europa-creativa-por-el-parlamento-europeo\\\/\"},\"author\":{\"name\":\"admin\",\"@id\":\"https:\\\/\\\/patrimonioactual.com\\\/page\\\/#\\\/schema\\\/person\\\/76850d24a9bd508e8e44db1faeab630e\"},\"headline\":\"La Comisi\u00f3n acoge con satisfacci\u00f3n la aprobaci\u00f3n del programa Europa Creativa por el Parlamento Europeo\",\"datePublished\":\"2013-11-20T19:12:44+00:00\",\"mainEntityOfPage\":{\"@id\":\"https:\\\/\\\/patrimonioactual.com\\\/page\\\/la-comision-acoge-con-satisfaccion-la-aprobacion-del-programa-europa-creativa-por-el-parlamento-europeo\\\/\"},\"wordCount\":826,\"commentCount\":0,\"keywords\":[\"Comisi\u00f3n Europea\",\"cultura\",\"Europa Creativa\",\"Parlamento Europeo\",\"Patrimonio\"],\"articleSection\":[\"El Mundo al D\u00eda\",\"Patrimonio Actual\",\"\u00daltimas Noticias\"],\"inLanguage\":\"es\",\"potentialAction\":[{\"@type\":\"CommentAction\",\"name\":\"Comment\",\"target\":[\"https:\\\/\\\/patrimonioactual.com\\\/page\\\/la-comision-acoge-con-satisfaccion-la-aprobacion-del-programa-europa-creativa-por-el-parlamento-europeo\\\/#respond\"]}]},{\"@type\":\"WebPage\",\"@id\":\"https:\\\/\\\/patrimonioactual.com\\\/page\\\/la-comision-acoge-con-satisfaccion-la-aprobacion-del-programa-europa-creativa-por-el-parlamento-europeo\\\/\",\"url\":\"https:\\\/\\\/patrimonioactual.com\\\/page\\\/la-comision-acoge-con-satisfaccion-la-aprobacion-del-programa-europa-creativa-por-el-parlamento-europeo\\\/\",\"name\":\"La Comisi\u00f3n acoge con satisfacci\u00f3n la aprobaci\u00f3n del programa Europa Creativa por el Parlamento Europeo\",\"isPartOf\":{\"@id\":\"https:\\\/\\\/patrimonioactual.com\\\/page\\\/#website\"},\"datePublished\":\"2013-11-20T19:12:44+00:00\",\"author\":{\"@id\":\"https:\\\/\\\/patrimonioactual.com\\\/page\\\/#\\\/schema\\\/person\\\/76850d24a9bd508e8e44db1faeab630e\"},\"description\":\"La cultura europea, el cine, la televisi\u00f3n, la m\u00fasica, la literatura, las artes esc\u00e9nicas, el patrimonio y las \u00e1reas relacionadas se beneficiar\u00e1n de un mayor apoyo con el nuevo programa Europa Creativa de la Comisi\u00f3n Europea, que fue aprobado por el Parlamento Europeo\",\"breadcrumb\":{\"@id\":\"https:\\\/\\\/patrimonioactual.com\\\/page\\\/la-comision-acoge-con-satisfaccion-la-aprobacion-del-programa-europa-creativa-por-el-parlamento-europeo\\\/#breadcrumb\"},\"inLanguage\":\"es\",\"potentialAction\":[{\"@type\":\"ReadAction\",\"target\":[\"https:\\\/\\\/patrimonioactual.com\\\/page\\\/la-comision-acoge-con-satisfaccion-la-aprobacion-del-programa-europa-creativa-por-el-parlamento-europeo\\\/\"]}]},{\"@type\":\"BreadcrumbList\",\"@id\":\"https:\\\/\\\/patrimonioactual.com\\\/page\\\/la-comision-acoge-con-satisfaccion-la-aprobacion-del-programa-europa-creativa-por-el-parlamento-europeo\\\/#breadcrumb\",\"itemListElement\":[{\"@type\":\"ListItem\",\"position\":1,\"name\":\"Portada\",\"item\":\"https:\\\/\\\/patrimonioactual.com\\\/page\\\/\"},{\"@type\":\"ListItem\",\"position\":2,\"name\":\"La Comisi\u00f3n acoge con satisfacci\u00f3n la aprobaci\u00f3n del programa Europa Creativa por el Parlamento Europeo\"}]},{\"@type\":\"WebSite\",\"@id\":\"https:\\\/\\\/patrimonioactual.com\\\/page\\\/#website\",\"url\":\"https:\\\/\\\/patrimonioactual.com\\\/page\\\/\",\"name\":\"Patrimonio Actual, ciudades, sitios y espacios naturales declarados Patrimonio de la Humanidad por la UNESCO\",\"description\":\"Revista digital que busca informar a un p\u00fablico objetivo amplio, de los acontecimientos mundiales que se producen en torno a la informaci\u00f3n del patrimonio cultural, natural, inmaterial y tur\u00edstico-cultural de ciudades y espacios naturales, Patrimonio de la Humanidad declarados por la UNESCO.\",\"potentialAction\":[{\"@type\":\"SearchAction\",\"target\":{\"@type\":\"EntryPoint\",\"urlTemplate\":\"https:\\\/\\\/patrimonioactual.com\\\/page\\\/?s={search_term_string}\"},\"query-input\":{\"@type\":\"PropertyValueSpecification\",\"valueRequired\":true,\"valueName\":\"search_term_string\"}}],\"inLanguage\":\"es\"},{\"@type\":\"Person\",\"@id\":\"https:\\\/\\\/patrimonioactual.com\\\/page\\\/#\\\/schema\\\/person\\\/76850d24a9bd508e8e44db1faeab630e\",\"name\":\"admin\",\"image\":{\"@type\":\"ImageObject\",\"inLanguage\":\"es\",\"@id\":\"https:\\\/\\\/secure.gravatar.com\\\/avatar\\\/48168d7e7932867b9131639a989484f6c50ddc0e7a6d380e506072a10e5df39d?s=96&d=mm&r=g\",\"url\":\"https:\\\/\\\/secure.gravatar.com\\\/avatar\\\/48168d7e7932867b9131639a989484f6c50ddc0e7a6d380e506072a10e5df39d?s=96&d=mm&r=g\",\"contentUrl\":\"https:\\\/\\\/secure.gravatar.com\\\/avatar\\\/48168d7e7932867b9131639a989484f6c50ddc0e7a6d380e506072a10e5df39d?s=96&d=mm&r=g\",\"caption\":\"admin\"},\"sameAs\":[\"http:\\\/\\\/facebook.com\\\/patrimonio.actual\",\"https:\\\/\\\/x.com\\\/P_actual\"],\"url\":\"https:\\\/\\\/patrimonioactual.com\\\/page\\\/author\\\/juan\\\/\"}]}<\/script>\n<!-- \/ Yoast SEO plugin. -->","yoast_head_json":{"title":"La Comisi\u00f3n acoge con satisfacci\u00f3n la aprobaci\u00f3n del programa Europa Creativa por el Parlamento Europeo","description":"La cultura europea, el cine, la televisi\u00f3n, la m\u00fasica, la literatura, las artes esc\u00e9nicas, el patrimonio y las \u00e1reas relacionadas se beneficiar\u00e1n de un mayor apoyo con el nuevo programa Europa Creativa de la Comisi\u00f3n Europea, que fue aprobado por el Parlamento Europeo","robots":{"index":"index","follow":"follow","max-snippet":"max-snippet:-1","max-image-preview":"max-image-preview:large","max-video-preview":"max-video-preview:-1"},"canonical":"https:\/\/patrimonioactual.com\/page\/la-comision-acoge-con-satisfaccion-la-aprobacion-del-programa-europa-creativa-por-el-parlamento-europeo\/","og_locale":"es_ES","og_type":"article","og_title":"La Comisi\u00f3n acoge con satisfacci\u00f3n la aprobaci\u00f3n del programa Europa Creativa por el Parlamento Europeo","og_description":"La cultura europea, el cine, la televisi\u00f3n, la m\u00fasica, la literatura, las artes esc\u00e9nicas, el patrimonio y las \u00e1reas relacionadas se beneficiar\u00e1n de un mayor apoyo con el nuevo programa Europa Creativa de la Comisi\u00f3n Europea, que fue aprobado por el Parlamento Europeo","og_url":"https:\/\/patrimonioactual.com\/page\/la-comision-acoge-con-satisfaccion-la-aprobacion-del-programa-europa-creativa-por-el-parlamento-europeo\/","og_site_name":"Patrimonio Actual, ciudades, sitios y espacios naturales declarados Patrimonio de la Humanidad por la UNESCO","article_publisher":"https:\/\/www.facebook.com\/P.actual","article_author":"http:\/\/facebook.com\/patrimonio.actual","article_published_time":"2013-11-20T19:12:44+00:00","og_image":[{"url":"http:\/\/patrimonioactual.com\/page\/wp-content\/uploads\/2013\/11\/Comisi\u00f3n-Europea-Logotipo.jpg","type":"","width":"","height":""}],"author":"admin","twitter_card":"summary_large_image","twitter_creator":"@P_actual","twitter_site":"@P_actual","twitter_misc":{"Escrito por":"admin","Tiempo de lectura":"4 minutos"},"schema":{"@context":"https:\/\/schema.org","@graph":[{"@type":"Article","@id":"https:\/\/patrimonioactual.com\/page\/la-comision-acoge-con-satisfaccion-la-aprobacion-del-programa-europa-creativa-por-el-parlamento-europeo\/#article","isPartOf":{"@id":"https:\/\/patrimonioactual.com\/page\/la-comision-acoge-con-satisfaccion-la-aprobacion-del-programa-europa-creativa-por-el-parlamento-europeo\/"},"author":{"name":"admin","@id":"https:\/\/patrimonioactual.com\/page\/#\/schema\/person\/76850d24a9bd508e8e44db1faeab630e"},"headline":"La Comisi\u00f3n acoge con satisfacci\u00f3n la aprobaci\u00f3n del programa Europa Creativa por el Parlamento Europeo","datePublished":"2013-11-20T19:12:44+00:00","mainEntityOfPage":{"@id":"https:\/\/patrimonioactual.com\/page\/la-comision-acoge-con-satisfaccion-la-aprobacion-del-programa-europa-creativa-por-el-parlamento-europeo\/"},"wordCount":826,"commentCount":0,"keywords":["Comisi\u00f3n Europea","cultura","Europa Creativa","Parlamento Europeo","Patrimonio"],"articleSection":["El Mundo al D\u00eda","Patrimonio Actual","\u00daltimas Noticias"],"inLanguage":"es","potentialAction":[{"@type":"CommentAction","name":"Comment","target":["https:\/\/patrimonioactual.com\/page\/la-comision-acoge-con-satisfaccion-la-aprobacion-del-programa-europa-creativa-por-el-parlamento-europeo\/#respond"]}]},{"@type":"WebPage","@id":"https:\/\/patrimonioactual.com\/page\/la-comision-acoge-con-satisfaccion-la-aprobacion-del-programa-europa-creativa-por-el-parlamento-europeo\/","url":"https:\/\/patrimonioactual.com\/page\/la-comision-acoge-con-satisfaccion-la-aprobacion-del-programa-europa-creativa-por-el-parlamento-europeo\/","name":"La Comisi\u00f3n acoge con satisfacci\u00f3n la aprobaci\u00f3n del programa Europa Creativa por el Parlamento Europeo","isPartOf":{"@id":"https:\/\/patrimonioactual.com\/page\/#website"},"datePublished":"2013-11-20T19:12:44+00:00","author":{"@id":"https:\/\/patrimonioactual.com\/page\/#\/schema\/person\/76850d24a9bd508e8e44db1faeab630e"},"description":"La cultura europea, el cine, la televisi\u00f3n, la m\u00fasica, la literatura, las artes esc\u00e9nicas, el patrimonio y las \u00e1reas relacionadas se beneficiar\u00e1n de un mayor apoyo con el nuevo programa Europa Creativa de la Comisi\u00f3n Europea, que fue aprobado por el Parlamento Europeo","breadcrumb":{"@id":"https:\/\/patrimonioactual.com\/page\/la-comision-acoge-con-satisfaccion-la-aprobacion-del-programa-europa-creativa-por-el-parlamento-europeo\/#breadcrumb"},"inLanguage":"es","potentialAction":[{"@type":"ReadAction","target":["https:\/\/patrimonioactual.com\/page\/la-comision-acoge-con-satisfaccion-la-aprobacion-del-programa-europa-creativa-por-el-parlamento-europeo\/"]}]},{"@type":"BreadcrumbList","@id":"https:\/\/patrimonioactual.com\/page\/la-comision-acoge-con-satisfaccion-la-aprobacion-del-programa-europa-creativa-por-el-parlamento-europeo\/#breadcrumb","itemListElement":[{"@type":"ListItem","position":1,"name":"Portada","item":"https:\/\/patrimonioactual.com\/page\/"},{"@type":"ListItem","position":2,"name":"La Comisi\u00f3n acoge con satisfacci\u00f3n la aprobaci\u00f3n del programa Europa Creativa por el Parlamento Europeo"}]},{"@type":"WebSite","@id":"https:\/\/patrimonioactual.com\/page\/#website","url":"https:\/\/patrimonioactual.com\/page\/","name":"Patrimonio Actual, ciudades, sitios y espacios naturales declarados Patrimonio de la Humanidad por la UNESCO","description":"Revista digital que busca informar a un p\u00fablico objetivo amplio, de los acontecimientos mundiales que se producen en torno a la informaci\u00f3n del patrimonio cultural, natural, inmaterial y tur\u00edstico-cultural de ciudades y espacios naturales, Patrimonio de la Humanidad declarados por la UNESCO.","potentialAction":[{"@type":"SearchAction","target":{"@type":"EntryPoint","urlTemplate":"https:\/\/patrimonioactual.com\/page\/?s={search_term_string}"},"query-input":{"@type":"PropertyValueSpecification","valueRequired":true,"valueName":"search_term_string"}}],"inLanguage":"es"},{"@type":"Person","@id":"https:\/\/patrimonioactual.com\/page\/#\/schema\/person\/76850d24a9bd508e8e44db1faeab630e","name":"admin","image":{"@type":"ImageObject","inLanguage":"es","@id":"https:\/\/secure.gravatar.com\/avatar\/48168d7e7932867b9131639a989484f6c50ddc0e7a6d380e506072a10e5df39d?s=96&d=mm&r=g","url":"https:\/\/secure.gravatar.com\/avatar\/48168d7e7932867b9131639a989484f6c50ddc0e7a6d380e506072a10e5df39d?s=96&d=mm&r=g","contentUrl":"https:\/\/secure.gravatar.com\/avatar\/48168d7e7932867b9131639a989484f6c50ddc0e7a6d380e506072a10e5df39d?s=96&d=mm&r=g","caption":"admin"},"sameAs":["http:\/\/facebook.com\/patrimonio.actual","https:\/\/x.com\/P_actual"],"url":"https:\/\/patrimonioactual.com\/page\/author\/juan\/"}]}},"_links":{"self":[{"href":"https:\/\/patrimonioactual.com\/page\/wp-json\/wp\/v2\/posts\/5977","targetHints":{"allow":["GET"]}}],"collection":[{"href":"https:\/\/patrimonioactual.com\/page\/wp-json\/wp\/v2\/posts"}],"about":[{"href":"https:\/\/patrimonioactual.com\/page\/wp-json\/wp\/v2\/types\/post"}],"author":[{"embeddable":true,"href":"https:\/\/patrimonioactual.com\/page\/wp-json\/wp\/v2\/users\/1"}],"replies":[{"embeddable":true,"href":"https:\/\/patrimonioactual.com\/page\/wp-json\/wp\/v2\/comments?post=5977"}],"version-history":[{"count":1,"href":"https:\/\/patrimonioactual.com\/page\/wp-json\/wp\/v2\/posts\/5977\/revisions"}],"predecessor-version":[{"id":5979,"href":"https:\/\/patrimonioactual.com\/page\/wp-json\/wp\/v2\/posts\/5977\/revisions\/5979"}],"wp:attachment":[{"href":"https:\/\/patrimonioactual.com\/page\/wp-json\/wp\/v2\/media?parent=5977"}],"wp:term":[{"taxonomy":"category","embeddable":true,"href":"https:\/\/patrimonioactual.com\/page\/wp-json\/wp\/v2\/categories?post=5977"},{"taxonomy":"post_tag","embeddable":true,"href":"https:\/\/patrimonioactual.com\/page\/wp-json\/wp\/v2\/tags?post=5977"}],"curies":[{"name":"wp","href":"https:\/\/api.w.org\/{rel}","templated":true}]}}