{"id":8667,"date":"2015-07-01T14:17:25","date_gmt":"2015-07-01T12:17:25","guid":{"rendered":"http:\/\/patrimonioactual.com\/page\/?p=8667"},"modified":"2015-07-01T14:19:01","modified_gmt":"2015-07-01T12:19:01","slug":"la-coleccion-carlos-roson-en-centrocentro-cibeles","status":"publish","type":"post","link":"https:\/\/patrimonioactual.com\/page\/la-coleccion-carlos-roson-en-centrocentro-cibeles\/","title":{"rendered":"La Colecci\u00f3n Carlos Ros\u00f3n, en CentroCentro Cibeles"},"content":{"rendered":"<table>\n<tbody>\n<tr>\n<td>\n<h2 style=\"text-align: justify;\"><a href=\"http:\/\/patrimonioactual.com\/page\/wp-content\/uploads\/2015\/07\/CentroCentro.Colecci\u00f3n-Carl.jpg\"><img loading=\"lazy\" decoding=\"async\" class=\"aligncenter wp-image-8668 size-full\" title=\"CentroCentro Cibeles. Exposici\u00f3n: Arquitecturas y espacios en la Colecci\u00f3n Rac . Foto: \u00a9 patrimonioactual.com\" src=\"http:\/\/patrimonioactual.com\/page\/wp-content\/uploads\/2015\/07\/CentroCentro.Colecci\u00f3n-Carl.jpg\" alt=\"CentroCentro Cibeles. Exposici\u00f3n: Arquitecturas y espacios en la Colecci\u00f3n Rac . Foto: \u00a9 patrimonioactual.com\" width=\"615\" height=\"461\" srcset=\"https:\/\/patrimonioactual.com\/page\/wp-content\/uploads\/2015\/07\/CentroCentro.Colecci\u00f3n-Carl.jpg 615w, https:\/\/patrimonioactual.com\/page\/wp-content\/uploads\/2015\/07\/CentroCentro.Colecci\u00f3n-Carl-300x225.jpg 300w\" sizes=\"auto, (max-width: 615px) 100vw, 615px\" \/><\/a><\/h2>\n<h2 style=\"text-align: justify;\"><strong><em>Arquitecturas y espacios en la Colecci\u00f3n Rac<\/em><\/strong> <strong>presenta 51 piezas de la colecci\u00f3n de arte contempor\u00e1neo del arquitecto espa\u00f1ol Carlos Ros\u00f3n. La muestra se articula en torno a tres temas principales: arquitectura, espacio urbano y espacio dom\u00e9stico <\/strong><\/h2>\n<\/td>\n<\/tr>\n<\/tbody>\n<\/table>\n<p><a href=\"http:\/\/patrimonioactual.com\/page\/?s=CentroCentro+Cibeles+\">CentroCentro Cibeles<\/a> acoge la exposici\u00f3n\u00a0<em>Arquitecturas\u00a0y espacios en la Colecci\u00f3n Rac<\/em>, una muestra de la colecci\u00f3n del arquitecto espa\u00f1ol Carlos Ros\u00f3n que se enmarca en la l\u00ednea expositiva que el centro dedica al mecenazgo y el coleccionismo. Se podr\u00e1 ver en la planta 4, hasta el 8 de noviembre, con acceso gratuito.<\/p>\n<p>La Colecci\u00f3n Rac\u00a0est\u00e1 compuesta por m\u00e1s de 300 obras de 170 artistas contempor\u00e1neos espa\u00f1oles e internacionales, y ha sido reunida por Carlos Ros\u00f3n (Santiago de Compostela, 1955) a lo largo de las \u00faltimas d\u00e9cadas.<\/p>\n<p>La muestra que ahora se presenta descubre a los visitantes las caracter\u00edsticas de una colecci\u00f3n cuyos fundamentos -como sucede en la mayor\u00eda de las ocasiones- est\u00e1n muy cercanos a las inquietudes, preguntas y respuestas de la persona que la ha creado. Una selecci\u00f3n de 51 piezas ilustra la sinton\u00eda entre la creaci\u00f3n contempor\u00e1nea y la experiencia e interpretaci\u00f3n del espacio y la arquitectura.<\/p>\n<p>Para <a href=\"http:\/\/patrimonioactual.com\/page\/centrocentro-cibeles-inaugura-la-exposicion-de-la-temporada-en-madrid-coleccion-abello\/\">Jos\u00e9 Tono Mart\u00ednez<\/a>, director de CentroCentro Cibeles, \u201cmostrar la colecci\u00f3n de la Fundaci\u00f3n Rac permite profundizar en nuestro trabajo dedicado a los coleccionistas de arte contempor\u00e1neo, algunos de ellos vinculados a la Asociaci\u00f3n 9915. Gracias al trabajo de todos ellos podemos seguir investigando proyectos de micro-colecciones o de colecciones menos cl\u00e1sicas, que apoyan a los artistas m\u00e1s emergentes, respondiendo a un gusto est\u00e9tico vinculado no tanto al mercado como a las \u00faltimas tendencias de la expresi\u00f3n art\u00edstica\u201d.<\/p>\n<p><strong>Arquitectura, espacio y arte contempor\u00e1neo<\/strong><\/p>\n<p><em>Arquitectura y espacios en la Colecci\u00f3n Rac<\/em>\u00a0se articula en torno a tres temas principales: la arquitectura, el espacio urbano y el espacio dom\u00e9stico.<\/p>\n<p>Conceptos sobre los que han trabajado los 37 artistas presentes en la muestra, a trav\u00e9s de diferentes soportes como la pintura, dibujo, fotograf\u00eda, escultura, instalaci\u00f3n, v\u00eddeo y luz.<\/p>\n<p>Como explica la comisaria de la muestra, Pia Ogea, \u201cel inter\u00e9s por la representaci\u00f3n del espacio existe en la historia del arte desde la Antig\u00fcedad. El creador actual se acerca al estudio de los espacios y de la arquitectura con motivaciones y soportes muy diversos. Frecuentemente el artista aborda estos temas para hablar del hombre de su tiempo, de s\u00ed mismo o de sus coet\u00e1neos, y de las cuestiones y problem\u00e1ticas que acontecen en el entorno urbano. Al fin y al cabo el espacio urbano es el h\u00e1bitat en el que una parte importante de la poblaci\u00f3n desarrolla su vida y como tal, es el mejor medio para analizar los modos de conducta del hombre contempor\u00e1neo. En otras ocasiones se trata \u2018simplemente\u2019 de una invitaci\u00f3n por parte del artista a experimentar nuevas sensaciones espaciales a trav\u00e9s del arte\u201d.<\/p>\n<p>Los artistas presentes en la muestra son: Ignasi Aball\u00ed, Helena Almeida, Juan Araujo, Txomin Badiola, Isidro Blasco, Nathan Carter, Rochelle Costi, Stephen Dean, Roland Fischer, Liam Gillick, Fernanda Gomes, Cynthia Guti\u00e9rrez, Aino Kannisto, Candida H\u00f6fer, Stephan Kurten, Marlena Kudlicka, Luisa Lambri, I\u00f1igo Manglano-Ovalle, Esko Manniko, Ana Mazzei, Sarah Morris, Carlos Motta, Zwelethu Mthethwa, Antoni Muntadas, Miquel Navarro, Tobias Rehberger, Ugo Rondinone, Thomas Ruff, Ping Qiu, Diego Santom\u00e9, Frank Thiel, Jorg Sasse, Gregor Schneider, Elisa Sighicelli, Roman Signer, Juan Ugalde y Eulalia Valldosera.<\/p>\n<p>La exposici\u00f3n ha procurado tambi\u00e9n incorporar al desarrollo expositivo la singularidad de las salas del antiguo Palacio de Comunicaciones del arquitecto gallego Antonio Palacios, hoy sede de CentroCentro Cibeles.<\/p>\n<p>El proyecto tiene como objetivo aportar al p\u00fablico algunas claves para entender, criticar y disfrutar de manera m\u00e1s activa, la arquitectura y los espacios que la rodean.<\/p>\n<p><strong>Fundaci\u00f3n Ros\u00f3n Arte Contempor\u00e1neo<\/strong><\/p>\n<p>La <a href=\"http:\/\/www.fundacionrac.org\/\">Fundaci\u00f3n Ros\u00f3n Arte Contempor\u00e1neo<\/a>, con sede en Pontevedra (Espa\u00f1a), tiene como finalidad principal el apoyo al arte y la cultura mediante la realizaci\u00f3n de proyectos y actividades que incentiven la creaci\u00f3n art\u00edstica y su difusi\u00f3n, tanto en el contexto gallego como en el marco nacional e internacional.<\/p>\n<p>La fundaci\u00f3n es depositaria de una colecci\u00f3n privada, que se exhibe parcialmente tanto en las instalaciones de la Fundaci\u00f3n como en diversas exposiciones en forma de pr\u00e9stamo. Asimismo, la instituci\u00f3n mantiene un importante compromiso con la creaci\u00f3n contempor\u00e1nea mediante un programa de residencias art\u00edsticas. Paralelamente lleva a cabo una importante labor de difusi\u00f3n, con la publicaci\u00f3n de cat\u00e1logos y ediciones, y una labor pedag\u00f3gica y formativa con visitas guiadas a la colecci\u00f3n, encuentros con estudiantes y actividades relacionadas con la literatura.<\/p>\n<p><strong>CentroCentro, mecenazgo y el coleccionismo<\/strong><\/p>\n<p>CentroCentro Cibeles no tiene colecci\u00f3n propia, y por ello recurre a otras colecciones y conjuntos art\u00edsticos, realizando producciones propias o en colaboraci\u00f3n con instituciones y fundaciones, ofreciendo por primera vez al p\u00fablico conjuntos de obras de arte singulares, que hasta ahora s\u00f3lo pod\u00edan ser contempladas, de una forma muy minoritaria.<\/p>\n<p>Desde diciembre de 2012, apuesta por una l\u00ednea expositiva titulada \u201cMecenazgo al servicio del arte\u201d, que pretende acercar al p\u00fablico algunas de las colecciones de arte m\u00e1s relevantes de nuestro pa\u00eds. Estas exposiciones han sido:\u00a0<em><a href=\"http:\/\/patrimonioactual.com\/page\/?s=El+Legado+Casa+de+Alba\">El Legado Casa de Alba<\/a><\/em>, comisariada por Pablo\u00a0Melendo, con m\u00e1s de 150.000 visitantes;\u00a0<em><a href=\"http:\/\/patrimonioactual.com\/page\/?s=Colecci%C3%B3n+Helga+de+Alvear\">Colecci\u00f3n Helga de Alvear<\/a><\/em>, comisariada por Mar\u00eda del Corral, con m\u00e1s de 11.800 visitantes;\u00a0<em><a href=\"http:\/\/patrimonioactual.com\/page\/?s=Colecci%C3%B3n+Masaveu\">Colecci\u00f3n Masaveu<\/a>: Del Rom\u00e1nico a la Ilustraci\u00f3n. Imagen y materia<\/em>, comisariada por \u00c1ngel Aterido, que recibi\u00f3 m\u00e1s de 45.000 visitantes;\u00a0<em><a href=\"http:\/\/patrimonioactual.com\/page\/?s=Colecci%C3%B3n+Abell%C3%B3\">Colecci\u00f3n Abell\u00f3<\/a><\/em>, comisariada por Felipe Gar\u00edn Llombart, con m\u00e1s de 106.000 visitantes; y, actualmente,\u00a0<em>Latin Fire. Otras fotograf\u00edas de un continente<\/em>, de la Colecci\u00f3n <a href=\"http:\/\/patrimonioactual.com\/page\/?s=Anna+Gamazo+de+Abell%C3%B3\">Anna Gamazo de Abell\u00f3<\/a>, dentro del Festival <a href=\"http:\/\/patrimonioactual.com\/page\/?s=PHotoEspa%C3%B1a\">PHotoEspa\u00f1a<\/a> 2015. Todos ellos son proyectos que suponen un reto y un enorme trabajo cient\u00edfico, de difusi\u00f3n y de realizaci\u00f3n t\u00e9cnica y de dise\u00f1o muse\u00edstico.<\/p>\n<p>En 2015 ha comenzado asimismo una l\u00ednea de programaci\u00f3n adicional en la que ha incorporado las colecciones corporativas, como las de la Fundaci\u00f3n Barri\u00e9 y la Colecci\u00f3n Iberdrola.<\/p>\n<p><strong>CentroCentro Cibeles de Cultura y Ciudadan\u00eda<\/strong><\/p>\n<p>Plaza de Cibeles, 1. Madrid (Espa\u00f1a)<\/p>\n<p>Martes a domingo, de 10:00 a 20:00 horas. Entrada gratuita<\/p>\n","protected":false},"excerpt":{"rendered":"<p>Arquitecturas y espacios en la Colecci\u00f3n Rac presenta 51 piezas de la colecci\u00f3n de arte contempor\u00e1neo del arquitecto espa\u00f1ol Carlos Ros\u00f3n. La muestra se articula en torno a tres temas principales: arquitectura, espacio urbano y espacio dom\u00e9stico CentroCentro Cibeles acoge la exposici\u00f3n\u00a0Arquitecturas\u00a0y espacios en la Colecci\u00f3n Rac, una muestra de la colecci\u00f3n del arquitecto espa\u00f1ol [&hellip;]<\/p>\n","protected":false},"author":1,"featured_media":0,"comment_status":"open","ping_status":"open","sticky":false,"template":"","format":"standard","meta":{"footnotes":""},"categories":[16,4,39],"tags":[2726,3899,3900,262,3901],"class_list":["post-8667","post","type-post","status-publish","format-standard","category-arte-y-museos","category-patrimonio-turistico-cultural","category-ultimas-noticias","tag-arte-contemporaneo","tag-centrocentro-cibeles","tag-cibeles","tag-exposicion","tag-fundacion-coleccion"],"yoast_head":"<!-- This site is optimized with the Yoast SEO plugin v27.4 - https:\/\/yoast.com\/product\/yoast-seo-wordpress\/ -->\n<title>La Colecci\u00f3n Carlos Ros\u00f3n, en CentroCentro Cibeles<\/title>\n<meta name=\"description\" content=\"Arquitecturas y espacios en la Colecci\u00f3n Rac presenta 51 piezas de la colecci\u00f3n de arte contempor\u00e1neo del arquitecto espa\u00f1ol Carlos Ros\u00f3n. La muestra se articula en torno a tres temas principales: arquitectura, espacio urbano y espacio dom\u00e9stico\" \/>\n<meta name=\"robots\" content=\"index, follow, max-snippet:-1, max-image-preview:large, max-video-preview:-1\" \/>\n<link rel=\"canonical\" href=\"https:\/\/patrimonioactual.com\/page\/la-coleccion-carlos-roson-en-centrocentro-cibeles\/\" \/>\n<meta property=\"og:locale\" content=\"es_ES\" \/>\n<meta property=\"og:type\" content=\"article\" \/>\n<meta property=\"og:title\" content=\"La Colecci\u00f3n Carlos Ros\u00f3n, en CentroCentro Cibeles\" \/>\n<meta property=\"og:description\" content=\"Arquitecturas y espacios en la Colecci\u00f3n Rac presenta 51 piezas de la colecci\u00f3n de arte contempor\u00e1neo del arquitecto espa\u00f1ol Carlos Ros\u00f3n. La muestra se articula en torno a tres temas principales: arquitectura, espacio urbano y espacio dom\u00e9stico\" \/>\n<meta property=\"og:url\" content=\"https:\/\/patrimonioactual.com\/page\/la-coleccion-carlos-roson-en-centrocentro-cibeles\/\" \/>\n<meta property=\"og:site_name\" content=\"Patrimonio Actual, ciudades, sitios y espacios naturales declarados Patrimonio de la Humanidad por la UNESCO\" \/>\n<meta property=\"article:publisher\" content=\"https:\/\/www.facebook.com\/P.actual\" \/>\n<meta property=\"article:author\" content=\"http:\/\/facebook.com\/patrimonio.actual\" \/>\n<meta property=\"article:published_time\" content=\"2015-07-01T12:17:25+00:00\" \/>\n<meta property=\"article:modified_time\" content=\"2015-07-01T12:19:01+00:00\" \/>\n<meta property=\"og:image\" content=\"http:\/\/patrimonioactual.com\/page\/wp-content\/uploads\/2015\/07\/CentroCentro.Colecci\u00f3n-Carl.jpg\" \/>\n<meta name=\"author\" content=\"admin\" \/>\n<meta name=\"twitter:card\" content=\"summary_large_image\" \/>\n<meta name=\"twitter:creator\" content=\"@P_actual\" \/>\n<meta name=\"twitter:site\" content=\"@P_actual\" \/>\n<meta name=\"twitter:label1\" content=\"Escrito por\" \/>\n\t<meta name=\"twitter:data1\" content=\"admin\" \/>\n\t<meta name=\"twitter:label2\" content=\"Tiempo de lectura\" \/>\n\t<meta name=\"twitter:data2\" content=\"5 minutos\" \/>\n<script type=\"application\/ld+json\" class=\"yoast-schema-graph\">{\"@context\":\"https:\\\/\\\/schema.org\",\"@graph\":[{\"@type\":\"Article\",\"@id\":\"https:\\\/\\\/patrimonioactual.com\\\/page\\\/la-coleccion-carlos-roson-en-centrocentro-cibeles\\\/#article\",\"isPartOf\":{\"@id\":\"https:\\\/\\\/patrimonioactual.com\\\/page\\\/la-coleccion-carlos-roson-en-centrocentro-cibeles\\\/\"},\"author\":{\"name\":\"admin\",\"@id\":\"https:\\\/\\\/patrimonioactual.com\\\/page\\\/#\\\/schema\\\/person\\\/76850d24a9bd508e8e44db1faeab630e\"},\"headline\":\"La Colecci\u00f3n Carlos Ros\u00f3n, en CentroCentro Cibeles\",\"datePublished\":\"2015-07-01T12:17:25+00:00\",\"dateModified\":\"2015-07-01T12:19:01+00:00\",\"mainEntityOfPage\":{\"@id\":\"https:\\\/\\\/patrimonioactual.com\\\/page\\\/la-coleccion-carlos-roson-en-centrocentro-cibeles\\\/\"},\"wordCount\":1087,\"commentCount\":0,\"keywords\":[\"Arte Contempor\u00e1neo\",\"CentroCentro Cibeles\",\"Cibeles\",\"exposici\u00f3n\",\"Fundaci\u00f3n Colecci\u00f3n\"],\"articleSection\":[\"Arte y Museos\",\"Patrimonio Turistico Cultural\",\"\u00daltimas Noticias\"],\"inLanguage\":\"es\",\"potentialAction\":[{\"@type\":\"CommentAction\",\"name\":\"Comment\",\"target\":[\"https:\\\/\\\/patrimonioactual.com\\\/page\\\/la-coleccion-carlos-roson-en-centrocentro-cibeles\\\/#respond\"]}]},{\"@type\":\"WebPage\",\"@id\":\"https:\\\/\\\/patrimonioactual.com\\\/page\\\/la-coleccion-carlos-roson-en-centrocentro-cibeles\\\/\",\"url\":\"https:\\\/\\\/patrimonioactual.com\\\/page\\\/la-coleccion-carlos-roson-en-centrocentro-cibeles\\\/\",\"name\":\"La Colecci\u00f3n Carlos Ros\u00f3n, en CentroCentro Cibeles\",\"isPartOf\":{\"@id\":\"https:\\\/\\\/patrimonioactual.com\\\/page\\\/#website\"},\"datePublished\":\"2015-07-01T12:17:25+00:00\",\"dateModified\":\"2015-07-01T12:19:01+00:00\",\"author\":{\"@id\":\"https:\\\/\\\/patrimonioactual.com\\\/page\\\/#\\\/schema\\\/person\\\/76850d24a9bd508e8e44db1faeab630e\"},\"description\":\"Arquitecturas y espacios en la Colecci\u00f3n Rac presenta 51 piezas de la colecci\u00f3n de arte contempor\u00e1neo del arquitecto espa\u00f1ol Carlos Ros\u00f3n. La muestra se articula en torno a tres temas principales: arquitectura, espacio urbano y espacio dom\u00e9stico\",\"breadcrumb\":{\"@id\":\"https:\\\/\\\/patrimonioactual.com\\\/page\\\/la-coleccion-carlos-roson-en-centrocentro-cibeles\\\/#breadcrumb\"},\"inLanguage\":\"es\",\"potentialAction\":[{\"@type\":\"ReadAction\",\"target\":[\"https:\\\/\\\/patrimonioactual.com\\\/page\\\/la-coleccion-carlos-roson-en-centrocentro-cibeles\\\/\"]}]},{\"@type\":\"BreadcrumbList\",\"@id\":\"https:\\\/\\\/patrimonioactual.com\\\/page\\\/la-coleccion-carlos-roson-en-centrocentro-cibeles\\\/#breadcrumb\",\"itemListElement\":[{\"@type\":\"ListItem\",\"position\":1,\"name\":\"Portada\",\"item\":\"https:\\\/\\\/patrimonioactual.com\\\/page\\\/\"},{\"@type\":\"ListItem\",\"position\":2,\"name\":\"La Colecci\u00f3n Carlos Ros\u00f3n, en CentroCentro Cibeles\"}]},{\"@type\":\"WebSite\",\"@id\":\"https:\\\/\\\/patrimonioactual.com\\\/page\\\/#website\",\"url\":\"https:\\\/\\\/patrimonioactual.com\\\/page\\\/\",\"name\":\"Patrimonio Actual, ciudades, sitios y espacios naturales declarados Patrimonio de la Humanidad por la UNESCO\",\"description\":\"Revista digital que busca informar a un p\u00fablico objetivo amplio, de los acontecimientos mundiales que se producen en torno a la informaci\u00f3n del patrimonio cultural, natural, inmaterial y tur\u00edstico-cultural de ciudades y espacios naturales, Patrimonio de la Humanidad declarados por la UNESCO.\",\"potentialAction\":[{\"@type\":\"SearchAction\",\"target\":{\"@type\":\"EntryPoint\",\"urlTemplate\":\"https:\\\/\\\/patrimonioactual.com\\\/page\\\/?s={search_term_string}\"},\"query-input\":{\"@type\":\"PropertyValueSpecification\",\"valueRequired\":true,\"valueName\":\"search_term_string\"}}],\"inLanguage\":\"es\"},{\"@type\":\"Person\",\"@id\":\"https:\\\/\\\/patrimonioactual.com\\\/page\\\/#\\\/schema\\\/person\\\/76850d24a9bd508e8e44db1faeab630e\",\"name\":\"admin\",\"image\":{\"@type\":\"ImageObject\",\"inLanguage\":\"es\",\"@id\":\"https:\\\/\\\/secure.gravatar.com\\\/avatar\\\/48168d7e7932867b9131639a989484f6c50ddc0e7a6d380e506072a10e5df39d?s=96&d=mm&r=g\",\"url\":\"https:\\\/\\\/secure.gravatar.com\\\/avatar\\\/48168d7e7932867b9131639a989484f6c50ddc0e7a6d380e506072a10e5df39d?s=96&d=mm&r=g\",\"contentUrl\":\"https:\\\/\\\/secure.gravatar.com\\\/avatar\\\/48168d7e7932867b9131639a989484f6c50ddc0e7a6d380e506072a10e5df39d?s=96&d=mm&r=g\",\"caption\":\"admin\"},\"sameAs\":[\"http:\\\/\\\/facebook.com\\\/patrimonio.actual\",\"https:\\\/\\\/x.com\\\/P_actual\"],\"url\":\"https:\\\/\\\/patrimonioactual.com\\\/page\\\/author\\\/juan\\\/\"}]}<\/script>\n<!-- \/ Yoast SEO plugin. -->","yoast_head_json":{"title":"La Colecci\u00f3n Carlos Ros\u00f3n, en CentroCentro Cibeles","description":"Arquitecturas y espacios en la Colecci\u00f3n Rac presenta 51 piezas de la colecci\u00f3n de arte contempor\u00e1neo del arquitecto espa\u00f1ol Carlos Ros\u00f3n. La muestra se articula en torno a tres temas principales: arquitectura, espacio urbano y espacio dom\u00e9stico","robots":{"index":"index","follow":"follow","max-snippet":"max-snippet:-1","max-image-preview":"max-image-preview:large","max-video-preview":"max-video-preview:-1"},"canonical":"https:\/\/patrimonioactual.com\/page\/la-coleccion-carlos-roson-en-centrocentro-cibeles\/","og_locale":"es_ES","og_type":"article","og_title":"La Colecci\u00f3n Carlos Ros\u00f3n, en CentroCentro Cibeles","og_description":"Arquitecturas y espacios en la Colecci\u00f3n Rac presenta 51 piezas de la colecci\u00f3n de arte contempor\u00e1neo del arquitecto espa\u00f1ol Carlos Ros\u00f3n. La muestra se articula en torno a tres temas principales: arquitectura, espacio urbano y espacio dom\u00e9stico","og_url":"https:\/\/patrimonioactual.com\/page\/la-coleccion-carlos-roson-en-centrocentro-cibeles\/","og_site_name":"Patrimonio Actual, ciudades, sitios y espacios naturales declarados Patrimonio de la Humanidad por la UNESCO","article_publisher":"https:\/\/www.facebook.com\/P.actual","article_author":"http:\/\/facebook.com\/patrimonio.actual","article_published_time":"2015-07-01T12:17:25+00:00","article_modified_time":"2015-07-01T12:19:01+00:00","og_image":[{"url":"http:\/\/patrimonioactual.com\/page\/wp-content\/uploads\/2015\/07\/CentroCentro.Colecci\u00f3n-Carl.jpg","type":"","width":"","height":""}],"author":"admin","twitter_card":"summary_large_image","twitter_creator":"@P_actual","twitter_site":"@P_actual","twitter_misc":{"Escrito por":"admin","Tiempo de lectura":"5 minutos"},"schema":{"@context":"https:\/\/schema.org","@graph":[{"@type":"Article","@id":"https:\/\/patrimonioactual.com\/page\/la-coleccion-carlos-roson-en-centrocentro-cibeles\/#article","isPartOf":{"@id":"https:\/\/patrimonioactual.com\/page\/la-coleccion-carlos-roson-en-centrocentro-cibeles\/"},"author":{"name":"admin","@id":"https:\/\/patrimonioactual.com\/page\/#\/schema\/person\/76850d24a9bd508e8e44db1faeab630e"},"headline":"La Colecci\u00f3n Carlos Ros\u00f3n, en CentroCentro Cibeles","datePublished":"2015-07-01T12:17:25+00:00","dateModified":"2015-07-01T12:19:01+00:00","mainEntityOfPage":{"@id":"https:\/\/patrimonioactual.com\/page\/la-coleccion-carlos-roson-en-centrocentro-cibeles\/"},"wordCount":1087,"commentCount":0,"keywords":["Arte Contempor\u00e1neo","CentroCentro Cibeles","Cibeles","exposici\u00f3n","Fundaci\u00f3n Colecci\u00f3n"],"articleSection":["Arte y Museos","Patrimonio Turistico Cultural","\u00daltimas Noticias"],"inLanguage":"es","potentialAction":[{"@type":"CommentAction","name":"Comment","target":["https:\/\/patrimonioactual.com\/page\/la-coleccion-carlos-roson-en-centrocentro-cibeles\/#respond"]}]},{"@type":"WebPage","@id":"https:\/\/patrimonioactual.com\/page\/la-coleccion-carlos-roson-en-centrocentro-cibeles\/","url":"https:\/\/patrimonioactual.com\/page\/la-coleccion-carlos-roson-en-centrocentro-cibeles\/","name":"La Colecci\u00f3n Carlos Ros\u00f3n, en CentroCentro Cibeles","isPartOf":{"@id":"https:\/\/patrimonioactual.com\/page\/#website"},"datePublished":"2015-07-01T12:17:25+00:00","dateModified":"2015-07-01T12:19:01+00:00","author":{"@id":"https:\/\/patrimonioactual.com\/page\/#\/schema\/person\/76850d24a9bd508e8e44db1faeab630e"},"description":"Arquitecturas y espacios en la Colecci\u00f3n Rac presenta 51 piezas de la colecci\u00f3n de arte contempor\u00e1neo del arquitecto espa\u00f1ol Carlos Ros\u00f3n. La muestra se articula en torno a tres temas principales: arquitectura, espacio urbano y espacio dom\u00e9stico","breadcrumb":{"@id":"https:\/\/patrimonioactual.com\/page\/la-coleccion-carlos-roson-en-centrocentro-cibeles\/#breadcrumb"},"inLanguage":"es","potentialAction":[{"@type":"ReadAction","target":["https:\/\/patrimonioactual.com\/page\/la-coleccion-carlos-roson-en-centrocentro-cibeles\/"]}]},{"@type":"BreadcrumbList","@id":"https:\/\/patrimonioactual.com\/page\/la-coleccion-carlos-roson-en-centrocentro-cibeles\/#breadcrumb","itemListElement":[{"@type":"ListItem","position":1,"name":"Portada","item":"https:\/\/patrimonioactual.com\/page\/"},{"@type":"ListItem","position":2,"name":"La Colecci\u00f3n Carlos Ros\u00f3n, en CentroCentro Cibeles"}]},{"@type":"WebSite","@id":"https:\/\/patrimonioactual.com\/page\/#website","url":"https:\/\/patrimonioactual.com\/page\/","name":"Patrimonio Actual, ciudades, sitios y espacios naturales declarados Patrimonio de la Humanidad por la UNESCO","description":"Revista digital que busca informar a un p\u00fablico objetivo amplio, de los acontecimientos mundiales que se producen en torno a la informaci\u00f3n del patrimonio cultural, natural, inmaterial y tur\u00edstico-cultural de ciudades y espacios naturales, Patrimonio de la Humanidad declarados por la UNESCO.","potentialAction":[{"@type":"SearchAction","target":{"@type":"EntryPoint","urlTemplate":"https:\/\/patrimonioactual.com\/page\/?s={search_term_string}"},"query-input":{"@type":"PropertyValueSpecification","valueRequired":true,"valueName":"search_term_string"}}],"inLanguage":"es"},{"@type":"Person","@id":"https:\/\/patrimonioactual.com\/page\/#\/schema\/person\/76850d24a9bd508e8e44db1faeab630e","name":"admin","image":{"@type":"ImageObject","inLanguage":"es","@id":"https:\/\/secure.gravatar.com\/avatar\/48168d7e7932867b9131639a989484f6c50ddc0e7a6d380e506072a10e5df39d?s=96&d=mm&r=g","url":"https:\/\/secure.gravatar.com\/avatar\/48168d7e7932867b9131639a989484f6c50ddc0e7a6d380e506072a10e5df39d?s=96&d=mm&r=g","contentUrl":"https:\/\/secure.gravatar.com\/avatar\/48168d7e7932867b9131639a989484f6c50ddc0e7a6d380e506072a10e5df39d?s=96&d=mm&r=g","caption":"admin"},"sameAs":["http:\/\/facebook.com\/patrimonio.actual","https:\/\/x.com\/P_actual"],"url":"https:\/\/patrimonioactual.com\/page\/author\/juan\/"}]}},"_links":{"self":[{"href":"https:\/\/patrimonioactual.com\/page\/wp-json\/wp\/v2\/posts\/8667","targetHints":{"allow":["GET"]}}],"collection":[{"href":"https:\/\/patrimonioactual.com\/page\/wp-json\/wp\/v2\/posts"}],"about":[{"href":"https:\/\/patrimonioactual.com\/page\/wp-json\/wp\/v2\/types\/post"}],"author":[{"embeddable":true,"href":"https:\/\/patrimonioactual.com\/page\/wp-json\/wp\/v2\/users\/1"}],"replies":[{"embeddable":true,"href":"https:\/\/patrimonioactual.com\/page\/wp-json\/wp\/v2\/comments?post=8667"}],"version-history":[{"count":1,"href":"https:\/\/patrimonioactual.com\/page\/wp-json\/wp\/v2\/posts\/8667\/revisions"}],"predecessor-version":[{"id":8669,"href":"https:\/\/patrimonioactual.com\/page\/wp-json\/wp\/v2\/posts\/8667\/revisions\/8669"}],"wp:attachment":[{"href":"https:\/\/patrimonioactual.com\/page\/wp-json\/wp\/v2\/media?parent=8667"}],"wp:term":[{"taxonomy":"category","embeddable":true,"href":"https:\/\/patrimonioactual.com\/page\/wp-json\/wp\/v2\/categories?post=8667"},{"taxonomy":"post_tag","embeddable":true,"href":"https:\/\/patrimonioactual.com\/page\/wp-json\/wp\/v2\/tags?post=8667"}],"curies":[{"name":"wp","href":"https:\/\/api.w.org\/{rel}","templated":true}]}}